{"id":147714,"date":"2017-12-17T00:09:18","date_gmt":"2017-12-17T02:09:18","guid":{"rendered":"http:\/\/franciscanos.org.br\/?p=147714"},"modified":"2023-01-10T09:34:08","modified_gmt":"2023-01-10T12:34:08","slug":"d-bosco-pastor-segundo-o-coracao-do-bom-pastor","status":"publish","type":"post","link":"https:\/\/franciscanos.org.br\/noticias\/d-bosco-pastor-segundo-o-coracao-do-bom-pastor.html","title":{"rendered":"D. Bosco: \u2018Pastor segundo o cora\u00e7\u00e3o do Bom Pastor\u2019"},"content":{"rendered":"<p><img loading=\"lazy\" class=\"size-full wp-image-213278 aligncenter\" src=\"https:\/\/franciscanos.org.br\/noticias\/wp-content\/uploads\/2017\/12\/vanderlei_ordenacao_m.jpg\" alt=\"\" width=\"890\" height=\"592\" srcset=\"https:\/\/franciscanos.org.br\/noticias\/wp-content\/uploads\/2017\/12\/vanderlei_ordenacao_m.jpg 890w, https:\/\/franciscanos.org.br\/noticias\/wp-content\/uploads\/2017\/12\/vanderlei_ordenacao_m-450x299.jpg 450w, https:\/\/franciscanos.org.br\/noticias\/wp-content\/uploads\/2017\/12\/vanderlei_ordenacao_m-768x511.jpg 768w, https:\/\/franciscanos.org.br\/noticias\/wp-content\/uploads\/2017\/12\/vanderlei_ordenacao_m-150x100.jpg 150w\" sizes=\"(max-width: 890px) 100vw, 890px\" \/><\/p>\n<p><strong>S\u00e3o Paulo (SP)<\/strong> \u2013 Frei Vanderlei da Silva Neves foi ordenado presb\u00edtero pelo bispo diocesano de Osasco e seu confrade, Dom Jo\u00e3o Bosco Barbosa de Souza, durante Celebra\u00e7\u00e3o Eucar\u00edstica, \u00e0s 18 horas deste s\u00e1bado (16\/12), no Santu\u00e1rio e Convento S\u00e3o Francisco, no centro de S\u00e3o Paulo.\u00a0 A celebra\u00e7\u00e3o, que durou duas horas, foi s\u00f3bria, fraternal e bem franciscana.<\/p>\n<p>O hist\u00f3rico convento, que neste ano celebrou 370 anos de funda\u00e7\u00e3o, n\u00e3o via uma ordena\u00e7\u00e3o presbiteral h\u00e1 muitos anos, segundo o seu p\u00e1roco Frei Alvaci Mendes da Luz. Era vis\u00edvel a alegria nos rostos de seus confrades, familiares, e amigos, especialmente a caravana que veio de Xaxim, onde Frei Vanderlei reside. N\u00e3o faltou emo\u00e7\u00e3o tamb\u00e9m. Frei Vanderlei disse que n\u00e3o choraria nos agradecimentos finais porque j\u00e1 o tinha feito durante a ordena\u00e7\u00e3o diaconal, em Xaxim, e que se manteria firme. Mas n\u00e3o segurou a emo\u00e7\u00e3o e, por tabela, emocionou a todos. \u00c9 sempre assim. O rito da ordena\u00e7\u00e3o \u00e9 muito intenso e poucos conseguem n\u00e3o se envolver, como os pais Maria do Socorro e Valdecy Pereira Neves e irm\u00e3o de Wagner.<\/p>\n<p><img loading=\"lazy\" class=\"alignleft size-full wp-image-147717\" src=\"http:\/\/franciscanos.org.br\/wp-content\/uploads\/2017\/12\/vanderlei_161217_2.jpg\" alt=\"vanderlei_161217_2\" width=\"300\" height=\"400\" \/>No altar com Dom Bosco, o Ministro Provincial, Frei Fid\u00eancio Vanboemmel, o p\u00e1roco Frei Alvaci Mendes e o di\u00e1cono Frei Marcos Vin\u00edcius Motta Brugger. Muitos frades das cidades vizinhas e de toda a Prov\u00edncia, como o Vig\u00e1rio Provincial, Frei C\u00e9sar K\u00fclkamp, \u00a0estiveram presentes, al\u00e9m dos familiares, paroquianos e amigos de Frei Vanderlei.<\/p>\n<p>Na sua homilia, Dom Bosco partiu das leituras b\u00edblicas para ressaltar que o chamado, que a voca\u00e7\u00e3o \u00e0 vida religiosa, n\u00e3o \u00e9 fruto do esfor\u00e7o do consagrado, mas \u00e9, de fato, escolha de Deus. &#8220;Por isso, o profeta acentua muito essa express\u00e3o &#8216;desde o seio da m\u00e3e fomos escolhidos&#8217;. Quer dizer, n\u00e3o t\u00ednhamos condi\u00e7\u00f5es nem de racionar e nem de escolher por n\u00f3s mesmos. \u00c9 presente de Deus. \u00c9 dom de Deus&#8221;, enfatizou o bispo.<\/p>\n<p>Segundo Dom Bosco, esse presente foi muito cultivado durante a vida religiosa. &#8220;Com quanto gosto a gente esperou este momento da nossa escolha chegar, e, de fato, chegou. E a gente agradece a Deus porque nos deu esse dom. E no nosso caso, especialmente como religiosos, essa escolha \u00e9 feita por caminhos t\u00e3o bonitos. Primeiro, a escolha da vida religiosa franciscana. Fomos escolhidos para sermos franciscanos e passamos a viver dentro da fraternidade essa voca\u00e7\u00e3o especial que nos fez consagrados a Deus. Dentre os consagrados, h\u00e1 aqueles que receberam esse chamado da escolha para o minist\u00e9rio ordenado. \u00c9 capricho de Deus. \u00c9 uma escolha feita com muito cuidado e que s\u00f3 podemos agradecer num dia como hoje, todos n\u00f3s &#8211; com mais ou menos tempo como consagrados ou ordenados &#8211; devemos ir l\u00e1 no fundo do cora\u00e7\u00e3o e agradecer. N\u00e3o \u00e9 m\u00e9rito nosso&#8221;, acrescentou o bispo.<\/p>\n<p>Mas ele tamb\u00e9m lembrou que esse chamado, certamente, n\u00e3o \u00e9 para uma vida c\u00f4moda, mas \u00e9 muito desafiador. &#8220;N\u00e3o tenha medo, mas voc\u00ea vai enfrentar situa\u00e7\u00f5es que s\u00e3o dif\u00edceis. &#8216;Eu vou estar contigo&#8217;, diz a Palavra, mas n\u00e3o significa que n\u00e3o tenha esses desafios. Tem. Ser chamado para ser profeta significa, de alguma maneira, estar pronto para encontrar situa\u00e7\u00f5es diversas, como oposi\u00e7\u00e3o, zombaria, persegui\u00e7\u00e3o, quem sabe a morte. Quem sabe, n\u00e3o! Est\u00e1 bem presente nesse chamado nosso morrer por Aquele que morreu por n\u00f3s. A forma como isso deve acontecer na nossa vida n\u00f3s n\u00e3o sabemos, mas \u00e9 morrer. E para a gente ter certeza disso, o Evangelho vai dizer depois que &#8216;o bom pastor \u00e9 aquele que d\u00e1 a vida por suas ovelhas&#8217; ou por seu rebanho. A regra que n\u00f3s temos para seguir no nosso caminho, na nossa vida, no nosso chamado, \u00e9 o mart\u00edrio&#8221;, exortou Dom Bosco.<\/p>\n<p>&nbsp;<\/p>\n<p><img loading=\"lazy\" src=\"http:\/\/franciscanos.org.br\/wp-content\/uploads\/2017\/12\/vanderlei_161217_4.jpg\" alt=\"vanderlei_161217_4\" width=\"830\" height=\"419\" \/><\/p>\n<p>O bispo franciscano lembrou que o minist\u00e9rio diaconal \u00e9 a base, o fundamento da vida presbiteral e n\u00e3o apenas um est\u00e1gio. &#8220;Servir \u00e9 o fundamento do nosso minist\u00e9rio ordenado&#8221;, disse. &#8220;Que bonito sermos chamados dentre as fileiras dos frades para servir \u00e0 Igreja. S\u00e3o Francisco n\u00e3o chegou a esse minist\u00e9rio presbiteral, era di\u00e1cono. Mas o seu amor \u00e0 Igreja, o seu respeito pela Igreja &#8211; e uma Igreja numa \u00e9poca n\u00e3o t\u00e3o recomend\u00e1vel, vamos dizer assim -, era absoluto e ele queria que os frades a servissem de toda a maneira&#8221;, destacou, lembrando grandes presb\u00edteros da Ordem Franciscana como Santo Ant\u00f4nio e S\u00e3o Boaventura. &#8220;Eles e outros entenderam que servir \u00e0 Igreja era uma forma especialmente querida por S\u00e3o Francisco para se realizar a nossa voca\u00e7\u00e3o primordial, que \u00e9 a nossa voca\u00e7\u00e3o religiosa, a voca\u00e7\u00e3o franciscana. E eu me sinto muito feliz de estar aqui como franciscano, de tamb\u00e9m ter tido essa gra\u00e7a, essa escolha para servir \u00e0 Igreja, podendo estar exercendo esse minist\u00e9rio presbiteral como o nosso querido Frei Vanderlei. N\u00f3s servimos \u00e0 Igreja como sacerdotes franciscanos&#8221;, ressaltou.<\/p>\n<p>Segundo o bispo, pelo fato de estar a servi\u00e7o da Igreja, os sacerdotes n\u00e3o perdem o carisma franciscano. \u00c9 uma marca que vai carregar sempre, como ele mesmo testemunha isso na sua Diocese de Osasco. &#8220;Pelo contr\u00e1rio, esse carisma se acentua tamb\u00e9m porque \u00e9 a consagra\u00e7\u00e3o \u00e9 uma forma de morrer, de entregar, de sermos inteiramente de Deus, a servi\u00e7o do povo, a quem devemos pastorear. E a imagem do bom pastor escolhida para o dia de hoje nos mostra isso de maneira muito delineada: Pastores segundo o cora\u00e7\u00e3o do Bom Pastor&#8221;, explicou.<\/p>\n<p><img loading=\"lazy\" src=\"http:\/\/franciscanos.org.br\/wp-content\/uploads\/2017\/12\/vanderlei_161217_6.jpg\" alt=\"vanderlei_161217_6\" width=\"830\" height=\"623\" \/><\/p>\n<p>Para o bispo, vivemos um momento no Brasil e no mundo carente de pastoreio, de verdade. &#8220;Acho que a gente pode repetir aquela mesma express\u00e3o que Jesus disse quando viu aquele povo desencontrado, abandonado, triste, doente, sequioso por ouvir sua Palavra, e ele teve aquela express\u00e3o de compaix\u00e3o t\u00e3o bonita, olhando para aquele povo: &#8216;Nossa, eles parecem ovelhas sem pastor!&#8217;. Olha, o tempo que a gente est\u00e1 vivendo hoje \u00e9 muito parecido. E n\u00f3s encontramos &#8211; voc\u00eas que est\u00e3o aqui no centr\u00e3o da cidade &#8211; essas ovelhas sem pastor o tempo todo e eu l\u00e1 na periferia de Osasco. Imaginem aquela imensid\u00e3o de gente que tem ali, uma diocese t\u00e3o numerosa!&#8221;, disse, criticando o desmonte do Estado brasileiro, que sacrifica os mais pobres. &#8220;S\u00e3o ovelhas sem pastor. Ent\u00e3o, a voc\u00ea especialmente, e aqueles entre n\u00f3s que foi dado esse chamado para sermos religiosos franciscanos tamb\u00e9m ordenados, que imenso campo, que minist\u00e9rio bonito, que necessidade intensa de termos bons pastores segundo o cora\u00e7\u00e3o do Bom Pastor&#8221;, disse, explicando que as ovelhas especialmente queridas por Cristo podem estar em S\u00e3o Paulo, em Santa Catarina ou qualquer outro lugar.<\/p>\n<p>&#8220;Vanderlei, que o Senhor lhe d\u00ea a clareza para perceber que o que temos n\u00e3o \u00e9 nada nosso, mas \u00e9 dom de Deus. Que esse dom foi caprichado por Deus atrav\u00e9s do carisma que cultivamos na nossa vida religiosa e que colocamos a servi\u00e7o da igreja; e que a gente saiba ter &#8216;faro&#8217; do pastor para encontrar exatamente essas ovelhas que necessitam desse pastoreio. Que bonito! Vamos abra\u00e7ar com carinho esse dom de Deus! Abra\u00e7ar e viver essa nossa vida, esse nosso chamado, com paix\u00e3o e alegria, aquela alegria que s\u00f3 um profundo encontro com Cristo, como fez Francisco, pode nos dar&#8221;, convidou Dom Bosco.<\/p>\n<p><img loading=\"lazy\" src=\"http:\/\/franciscanos.org.br\/wp-content\/uploads\/2017\/12\/vanderlei_161217_7.jpg\" alt=\"vanderlei_161217_7\" width=\"830\" height=\"575\" \/><\/p>\n<p>Ap\u00f3s a homilia, o rito continuou com o prop\u00f3sito do eleito.\u00a0\u00a0Em seguida, foi cantada a Ladainha de todos os Santos, quando o ordenando prostrou-se, como sinal de sua total entrega a Deus. Veio, ent\u00e3o, o momento central da ordena\u00e7\u00e3o com a imposi\u00e7\u00e3o das m\u00e3os e a Prece de Ordena\u00e7\u00e3o. Na sequ\u00eancia, a \u00faltima parte do rito: un\u00e7\u00e3o das m\u00e3os, vesti\u00e7\u00e3o do eleito com a casula e a estola. Frei Nazareno L\u00fcdke e Frei Ant\u00f4nio Mazzuco ajudaram o novo presb\u00edtero com as vestes sagradas.<\/p>\n<p>Depois, com a un\u00e7\u00e3o das m\u00e3os com o \u00f3leo do santo Crisma, D. Bosco atou as m\u00e3os de Frei Vanderlei e seus pais desataram a fita e receberam a primeira b\u00ean\u00e7\u00e3o do neopresb\u00edtero. Dois paroquianos de Xaxim carregaram em prociss\u00e3o o c\u00e1lice e a patena para serem entregues a Frei Vanderlei. O rito terminou com o abra\u00e7o do bispo, dos sacerdotes e religiosos e da fam\u00edlia. Na sequ\u00eancia, teve in\u00edcio da liturgia eucar\u00edstica.<\/p>\n<p><img loading=\"lazy\" src=\"http:\/\/franciscanos.org.br\/wp-content\/uploads\/2017\/12\/vanderlei_161217_5.jpg\" alt=\"vanderlei_161217_5\" width=\"830\" height=\"501\" \/><\/p>\n<p><strong>AGRADECIMENTOS<\/strong><\/p>\n<p><img loading=\"lazy\" class=\"alignleft wp-image-147723 \" src=\"http:\/\/franciscanos.org.br\/wp-content\/uploads\/2017\/12\/vanderlei_161217_P.jpg\" alt=\"vanderlei_161217_P\" width=\"311\" height=\"255\" \/>\u00a0Frei Fid\u00eancio, em nome de toda a Prov\u00edncia, agradeceu ao seu confrade, Dom Frei Jo\u00e3o Bosco, que presidiu a celebra\u00e7\u00e3o de &#8220;uma maneira franciscana, fraterna&#8221;. Agradeceu aos confrades do Regional, especialmente a guardi\u00e3o Frei M\u00e1rio Tagliari, e ao p\u00e1roco Frei Alvaci. Destacou a presen\u00e7a da caravana de Xaxim e, recordou, que a m\u00e3e de Frei Vanderlei dizia, antes da celebra\u00e7\u00e3o, que o tempo passou depressa enquanto ele esteve na forma\u00e7\u00e3o e estudos. Agradeceu a fam\u00edlia do neopresb\u00edtero: &#8220;Obrigado pelo irm\u00e3o que voc\u00eas nos deram!&#8221;.<\/p>\n<p>Frei Alan Maia, em nome da turma dos anos de forma\u00e7\u00e3o, deu um presente a Frei Vanderlei, que, por sua vez, agradeceu a todos pela dedica\u00e7\u00e3o, carinho e ajuda para realizar este momento t\u00e3o importante na sua vida. Recordou especialmente a forma carinhosa com que foi acolhido no Convento S\u00e3o Francisco e que s\u00f3 refor\u00e7ou a sua escolha.<\/p>\n<p>Frei Vanderlei celebra sua primeira Missa neste domingo, \u00e0s 10h30 horas, no mesmo Convento S\u00e3o Francisco, no centro de S\u00e3o Paulo.<\/p>\n<hr \/>\n<p><em>Comunica\u00e7\u00e3o da Prov\u00edncia da Imaculada Concei\u00e7\u00e3o<\/em><\/p>\n","protected":false},"excerpt":{"rendered":"<p>Ordena\u00e7\u00e3o presbiteral de Frei Vanderlei<\/p>\n","protected":false},"author":1,"featured_media":213279,"comment_status":"open","ping_status":"open","sticky":false,"template":"","format":"standard","meta":[],"categories":[1],"tags":[157],"acf":[],"yoast_head":"<!-- This site is optimized with the Yoast SEO plugin v19.2 - https:\/\/yoast.com\/wordpress\/plugins\/seo\/ -->\n<title>D. Bosco: \u2018Pastor segundo o cora\u00e7\u00e3o do Bom Pastor\u2019 - Not\u00edcias - Franciscanos<\/title>\n<meta name=\"robots\" content=\"index, follow, max-snippet:-1, max-image-preview:large, max-video-preview:-1\" \/>\n<link rel=\"canonical\" href=\"https:\/\/franciscanos.org.br\/noticias\/d-bosco-pastor-segundo-o-coracao-do-bom-pastor.html\" \/>\n<meta property=\"og:locale\" content=\"pt_BR\" \/>\n<meta property=\"og:type\" content=\"article\" \/>\n<meta property=\"og:title\" content=\"D. Bosco: \u2018Pastor segundo o cora\u00e7\u00e3o do Bom Pastor\u2019 - Not\u00edcias - Franciscanos\" \/>\n<meta property=\"og:description\" content=\"Ordena\u00e7\u00e3o presbiteral de Frei Vanderlei\" \/>\n<meta property=\"og:url\" content=\"https:\/\/franciscanos.org.br\/noticias\/d-bosco-pastor-segundo-o-coracao-do-bom-pastor.html\" \/>\n<meta property=\"og:site_name\" content=\"Not\u00edcias - Franciscanos\" \/>\n<meta property=\"article:published_time\" content=\"2017-12-17T02:09:18+00:00\" \/>\n<meta property=\"article:modified_time\" content=\"2023-01-10T12:34:08+00:00\" \/>\n<meta property=\"og:image\" content=\"https:\/\/franciscanos.org.br\/noticias\/wp-content\/uploads\/2017\/12\/vanderlei_ordenacao_p.jpg\" \/>\n\t<meta property=\"og:image:width\" content=\"273\" \/>\n\t<meta property=\"og:image:height\" content=\"181\" \/>\n\t<meta property=\"og:image:type\" content=\"image\/jpeg\" \/>\n<meta name=\"author\" content=\"admin\" \/>\n<meta name=\"twitter:card\" content=\"summary_large_image\" \/>\n<meta name=\"twitter:label1\" content=\"Escrito por\" \/>\n\t<meta name=\"twitter:data1\" content=\"admin\" \/>\n\t<meta name=\"twitter:label2\" content=\"Est. tempo de leitura\" \/>\n\t<meta name=\"twitter:data2\" content=\"8 minutos\" \/>\n<script type=\"application\/ld+json\" class=\"yoast-schema-graph\">{\"@context\":\"https:\/\/schema.org\",\"@graph\":[{\"@type\":\"WebSite\",\"@id\":\"https:\/\/franciscanos.org.br\/noticias\/#website\",\"url\":\"https:\/\/franciscanos.org.br\/noticias\/\",\"name\":\"Not\u00edcias - Franciscanos\",\"description\":\"Prov\u00edncia Franciscana da Imaculada Concei\u00e7\u00e3o do Brasil - Ordem dos Frades Menores - OFM\",\"potentialAction\":[{\"@type\":\"SearchAction\",\"target\":{\"@type\":\"EntryPoint\",\"urlTemplate\":\"https:\/\/franciscanos.org.br\/noticias\/?s={search_term_string}\"},\"query-input\":\"required name=search_term_string\"}],\"inLanguage\":\"pt-BR\"},{\"@type\":\"ImageObject\",\"inLanguage\":\"pt-BR\",\"@id\":\"https:\/\/franciscanos.org.br\/noticias\/d-bosco-pastor-segundo-o-coracao-do-bom-pastor.html#primaryimage\",\"url\":\"https:\/\/franciscanos.org.br\/noticias\/wp-content\/uploads\/2017\/12\/vanderlei_ordenacao_p.jpg\",\"contentUrl\":\"https:\/\/franciscanos.org.br\/noticias\/wp-content\/uploads\/2017\/12\/vanderlei_ordenacao_p.jpg\",\"width\":273,\"height\":181},{\"@type\":\"WebPage\",\"@id\":\"https:\/\/franciscanos.org.br\/noticias\/d-bosco-pastor-segundo-o-coracao-do-bom-pastor.html#webpage\",\"url\":\"https:\/\/franciscanos.org.br\/noticias\/d-bosco-pastor-segundo-o-coracao-do-bom-pastor.html\",\"name\":\"D. Bosco: \u2018Pastor segundo o cora\u00e7\u00e3o do Bom Pastor\u2019 - Not\u00edcias - Franciscanos\",\"isPartOf\":{\"@id\":\"https:\/\/franciscanos.org.br\/noticias\/#website\"},\"primaryImageOfPage\":{\"@id\":\"https:\/\/franciscanos.org.br\/noticias\/d-bosco-pastor-segundo-o-coracao-do-bom-pastor.html#primaryimage\"},\"datePublished\":\"2017-12-17T02:09:18+00:00\",\"dateModified\":\"2023-01-10T12:34:08+00:00\",\"author\":{\"@id\":\"https:\/\/franciscanos.org.br\/noticias\/#\/schema\/person\/b38fbf43118f02820bd932f2e4b14ad3\"},\"breadcrumb\":{\"@id\":\"https:\/\/franciscanos.org.br\/noticias\/d-bosco-pastor-segundo-o-coracao-do-bom-pastor.html#breadcrumb\"},\"inLanguage\":\"pt-BR\",\"potentialAction\":[{\"@type\":\"ReadAction\",\"target\":[\"https:\/\/franciscanos.org.br\/noticias\/d-bosco-pastor-segundo-o-coracao-do-bom-pastor.html\"]}]},{\"@type\":\"BreadcrumbList\",\"@id\":\"https:\/\/franciscanos.org.br\/noticias\/d-bosco-pastor-segundo-o-coracao-do-bom-pastor.html#breadcrumb\",\"itemListElement\":[{\"@type\":\"ListItem\",\"position\":1,\"name\":\"Home\",\"item\":\"https:\/\/franciscanos.org.br\/noticias\"},{\"@type\":\"ListItem\",\"position\":2,\"name\":\"D. Bosco: \u2018Pastor segundo o cora\u00e7\u00e3o do Bom Pastor\u2019\"}]},{\"@type\":\"Person\",\"@id\":\"https:\/\/franciscanos.org.br\/noticias\/#\/schema\/person\/b38fbf43118f02820bd932f2e4b14ad3\",\"name\":\"admin\",\"image\":{\"@type\":\"ImageObject\",\"inLanguage\":\"pt-BR\",\"@id\":\"https:\/\/franciscanos.org.br\/noticias\/#\/schema\/person\/image\/\",\"url\":\"https:\/\/secure.gravatar.com\/avatar\/e8495742d34d0ba6448ea1c628263b3e?s=96&d=mm&r=g\",\"contentUrl\":\"https:\/\/secure.gravatar.com\/avatar\/e8495742d34d0ba6448ea1c628263b3e?s=96&d=mm&r=g\",\"caption\":\"admin\"},\"url\":\"https:\/\/franciscanos.org.br\/noticias\/author\/admin\"}]}<\/script>\n<!-- \/ Yoast SEO plugin. -->","yoast_head_json":{"title":"D. Bosco: \u2018Pastor segundo o cora\u00e7\u00e3o do Bom Pastor\u2019 - Not\u00edcias - Franciscanos","robots":{"index":"index","follow":"follow","max-snippet":"max-snippet:-1","max-image-preview":"max-image-preview:large","max-video-preview":"max-video-preview:-1"},"canonical":"https:\/\/franciscanos.org.br\/noticias\/d-bosco-pastor-segundo-o-coracao-do-bom-pastor.html","og_locale":"pt_BR","og_type":"article","og_title":"D. Bosco: \u2018Pastor segundo o cora\u00e7\u00e3o do Bom Pastor\u2019 - Not\u00edcias - Franciscanos","og_description":"Ordena\u00e7\u00e3o presbiteral de Frei Vanderlei","og_url":"https:\/\/franciscanos.org.br\/noticias\/d-bosco-pastor-segundo-o-coracao-do-bom-pastor.html","og_site_name":"Not\u00edcias - Franciscanos","article_published_time":"2017-12-17T02:09:18+00:00","article_modified_time":"2023-01-10T12:34:08+00:00","og_image":[{"width":273,"height":181,"url":"https:\/\/franciscanos.org.br\/noticias\/wp-content\/uploads\/2017\/12\/vanderlei_ordenacao_p.jpg","type":"image\/jpeg"}],"author":"admin","twitter_card":"summary_large_image","twitter_misc":{"Escrito por":"admin","Est. tempo de leitura":"8 minutos"},"schema":{"@context":"https:\/\/schema.org","@graph":[{"@type":"WebSite","@id":"https:\/\/franciscanos.org.br\/noticias\/#website","url":"https:\/\/franciscanos.org.br\/noticias\/","name":"Not\u00edcias - Franciscanos","description":"Prov\u00edncia Franciscana da Imaculada Concei\u00e7\u00e3o do Brasil - Ordem dos Frades Menores - OFM","potentialAction":[{"@type":"SearchAction","target":{"@type":"EntryPoint","urlTemplate":"https:\/\/franciscanos.org.br\/noticias\/?s={search_term_string}"},"query-input":"required name=search_term_string"}],"inLanguage":"pt-BR"},{"@type":"ImageObject","inLanguage":"pt-BR","@id":"https:\/\/franciscanos.org.br\/noticias\/d-bosco-pastor-segundo-o-coracao-do-bom-pastor.html#primaryimage","url":"https:\/\/franciscanos.org.br\/noticias\/wp-content\/uploads\/2017\/12\/vanderlei_ordenacao_p.jpg","contentUrl":"https:\/\/franciscanos.org.br\/noticias\/wp-content\/uploads\/2017\/12\/vanderlei_ordenacao_p.jpg","width":273,"height":181},{"@type":"WebPage","@id":"https:\/\/franciscanos.org.br\/noticias\/d-bosco-pastor-segundo-o-coracao-do-bom-pastor.html#webpage","url":"https:\/\/franciscanos.org.br\/noticias\/d-bosco-pastor-segundo-o-coracao-do-bom-pastor.html","name":"D. Bosco: \u2018Pastor segundo o cora\u00e7\u00e3o do Bom Pastor\u2019 - Not\u00edcias - Franciscanos","isPartOf":{"@id":"https:\/\/franciscanos.org.br\/noticias\/#website"},"primaryImageOfPage":{"@id":"https:\/\/franciscanos.org.br\/noticias\/d-bosco-pastor-segundo-o-coracao-do-bom-pastor.html#primaryimage"},"datePublished":"2017-12-17T02:09:18+00:00","dateModified":"2023-01-10T12:34:08+00:00","author":{"@id":"https:\/\/franciscanos.org.br\/noticias\/#\/schema\/person\/b38fbf43118f02820bd932f2e4b14ad3"},"breadcrumb":{"@id":"https:\/\/franciscanos.org.br\/noticias\/d-bosco-pastor-segundo-o-coracao-do-bom-pastor.html#breadcrumb"},"inLanguage":"pt-BR","potentialAction":[{"@type":"ReadAction","target":["https:\/\/franciscanos.org.br\/noticias\/d-bosco-pastor-segundo-o-coracao-do-bom-pastor.html"]}]},{"@type":"BreadcrumbList","@id":"https:\/\/franciscanos.org.br\/noticias\/d-bosco-pastor-segundo-o-coracao-do-bom-pastor.html#breadcrumb","itemListElement":[{"@type":"ListItem","position":1,"name":"Home","item":"https:\/\/franciscanos.org.br\/noticias"},{"@type":"ListItem","position":2,"name":"D. Bosco: \u2018Pastor segundo o cora\u00e7\u00e3o do Bom Pastor\u2019"}]},{"@type":"Person","@id":"https:\/\/franciscanos.org.br\/noticias\/#\/schema\/person\/b38fbf43118f02820bd932f2e4b14ad3","name":"admin","image":{"@type":"ImageObject","inLanguage":"pt-BR","@id":"https:\/\/franciscanos.org.br\/noticias\/#\/schema\/person\/image\/","url":"https:\/\/secure.gravatar.com\/avatar\/e8495742d34d0ba6448ea1c628263b3e?s=96&d=mm&r=g","contentUrl":"https:\/\/secure.gravatar.com\/avatar\/e8495742d34d0ba6448ea1c628263b3e?s=96&d=mm&r=g","caption":"admin"},"url":"https:\/\/franciscanos.org.br\/noticias\/author\/admin"}]}},"_links":{"self":[{"href":"https:\/\/franciscanos.org.br\/noticias\/wp-json\/wp\/v2\/posts\/147714"}],"collection":[{"href":"https:\/\/franciscanos.org.br\/noticias\/wp-json\/wp\/v2\/posts"}],"about":[{"href":"https:\/\/franciscanos.org.br\/noticias\/wp-json\/wp\/v2\/types\/post"}],"author":[{"embeddable":true,"href":"https:\/\/franciscanos.org.br\/noticias\/wp-json\/wp\/v2\/users\/1"}],"replies":[{"embeddable":true,"href":"https:\/\/franciscanos.org.br\/noticias\/wp-json\/wp\/v2\/comments?post=147714"}],"version-history":[{"count":1,"href":"https:\/\/franciscanos.org.br\/noticias\/wp-json\/wp\/v2\/posts\/147714\/revisions"}],"predecessor-version":[{"id":241663,"href":"https:\/\/franciscanos.org.br\/noticias\/wp-json\/wp\/v2\/posts\/147714\/revisions\/241663"}],"wp:featuredmedia":[{"embeddable":true,"href":"https:\/\/franciscanos.org.br\/noticias\/wp-json\/wp\/v2\/media\/213279"}],"wp:attachment":[{"href":"https:\/\/franciscanos.org.br\/noticias\/wp-json\/wp\/v2\/media?parent=147714"}],"wp:term":[{"taxonomy":"category","embeddable":true,"href":"https:\/\/franciscanos.org.br\/noticias\/wp-json\/wp\/v2\/categories?post=147714"},{"taxonomy":"post_tag","embeddable":true,"href":"https:\/\/franciscanos.org.br\/noticias\/wp-json\/wp\/v2\/tags?post=147714"}],"curies":[{"name":"wp","href":"https:\/\/api.w.org\/{rel}","templated":true}]}}