{"id":147541,"date":"2017-12-14T19:47:17","date_gmt":"2017-12-14T21:47:17","guid":{"rendered":"http:\/\/franciscanos.org.br\/?p=147541"},"modified":"2019-10-31T14:26:11","modified_gmt":"2019-10-31T17:26:11","slug":"frei-vanderlei-recorda-sua-profissao-religiosa","status":"publish","type":"post","link":"https:\/\/franciscanos.org.br\/noticias\/frei-vanderlei-recorda-sua-profissao-religiosa.html","title":{"rendered":"Frei Vanderlei recorda sua Profiss\u00e3o Religiosa"},"content":{"rendered":"<p><img loading=\"lazy\" class=\"size-full wp-image-213285 aligncenter\" src=\"https:\/\/franciscanos.org.br\/noticias\/wp-content\/uploads\/2017\/12\/vanderlei-12.jpg\" alt=\"\" width=\"890\" height=\"591\" srcset=\"https:\/\/franciscanos.org.br\/noticias\/wp-content\/uploads\/2017\/12\/vanderlei-12.jpg 890w, https:\/\/franciscanos.org.br\/noticias\/wp-content\/uploads\/2017\/12\/vanderlei-12-450x299.jpg 450w, https:\/\/franciscanos.org.br\/noticias\/wp-content\/uploads\/2017\/12\/vanderlei-12-768x510.jpg 768w, https:\/\/franciscanos.org.br\/noticias\/wp-content\/uploads\/2017\/12\/vanderlei-12-150x100.jpg 150w\" sizes=\"(max-width: 890px) 100vw, 890px\" \/><\/p>\n<p><strong>Frei Gabriel Dellandrea<\/strong><\/p>\n<p><strong>S\u00e3o Paulo (SP) &#8211;<\/strong> Na ensolarada tarde desta quinta-feira, 14, na Par\u00f3quia e Santu\u00e1rio S\u00e3o Francisco de Assis, no centro de S\u00e3o Paulo, celebrou-se o segundo dia do tr\u00edduo em prepara\u00e7\u00e3o para a Ordena\u00e7\u00e3o Presbiteral de Frei Vanderlei da Silva Neves, na missa das 15h. Esta celebra\u00e7\u00e3o contou com a presen\u00e7a de alguns frades da turma do frade que ser\u00e1 ordenado, que j\u00e1 chegaram para vivenciar este bonito momento na vida deste irm\u00e3o.<\/p>\n<p>Os cantos franciscanos, uma grande presen\u00e7a de freis, a reflex\u00e3o ap\u00f3s o Evangelho sobre os valores de simplicidade, despojamento e alegria nas pequenas coisas a partir da \u00f3tica franciscana e a espontaneidade pr\u00f3pria dos seguidores de S\u00e3o Francisco de Assis j\u00e1 acenava: era preciso reafirmar os compromissos de religioso franciscano consagrado. E assim Frei Vanderlei o fez, mais uma vez, por\u00e9m agora prometendo assumir ainda com mais intensidade os votos de sem nada de pr\u00f3prio, castidade e obedi\u00eancia como sacerdote franciscano.<\/p>\n<p>Ap\u00f3s a comunh\u00e3o, ele fez um breve relato de sua primeira visita ao Convento do Largo S\u00e3o Francisco e a inseguran\u00e7a que sentiu em dar aquele passo. Mas ao chegar na casa dos frades, foi acolhido com alegria e espontaneidade e sentiu-se seguro para iniciar a sua caminhada vocacional. Em seguida, os frades conduziram um belo momento de adora\u00e7\u00e3o ao Sant\u00edssimo Sacramento, agradecendo a Cristo o dom da voca\u00e7\u00e3o de tantos homens e mulheres que dedicam-se inteiramente ao Reino.<\/p>\n<p><img loading=\"lazy\" src=\"http:\/\/franciscanos.org.br\/wp-content\/uploads\/2017\/12\/vanderlei_141217.jpg\" alt=\"vanderlei_141217\" width=\"830\" height=\"475\" \/><\/p>\n","protected":false},"excerpt":{"rendered":"<p>Ordena\u00e7\u00e3o Presbiteral <\/p>\n","protected":false},"author":1,"featured_media":187122,"comment_status":"open","ping_status":"open","sticky":false,"template":"","format":"standard","meta":[],"categories":[1],"tags":[157],"acf":[],"yoast_head":"<!-- This site is optimized with the Yoast SEO plugin v19.2 - https:\/\/yoast.com\/wordpress\/plugins\/seo\/ -->\n<title>Frei Vanderlei recorda sua Profiss\u00e3o Religiosa - Not\u00edcias - Franciscanos<\/title>\n<meta name=\"robots\" content=\"index, follow, max-snippet:-1, max-image-preview:large, max-video-preview:-1\" \/>\n<link rel=\"canonical\" href=\"https:\/\/franciscanos.org.br\/noticias\/frei-vanderlei-recorda-sua-profissao-religiosa.html\" \/>\n<meta property=\"og:locale\" content=\"pt_BR\" \/>\n<meta property=\"og:type\" content=\"article\" \/>\n<meta property=\"og:title\" content=\"Frei Vanderlei recorda sua Profiss\u00e3o Religiosa - Not\u00edcias - Franciscanos\" \/>\n<meta property=\"og:description\" content=\"Ordena\u00e7\u00e3o Presbiteral\" \/>\n<meta property=\"og:url\" content=\"https:\/\/franciscanos.org.br\/noticias\/frei-vanderlei-recorda-sua-profissao-religiosa.html\" \/>\n<meta property=\"og:site_name\" content=\"Not\u00edcias - Franciscanos\" \/>\n<meta property=\"article:published_time\" content=\"2017-12-14T21:47:17+00:00\" \/>\n<meta property=\"article:modified_time\" content=\"2019-10-31T17:26:11+00:00\" \/>\n<meta property=\"og:image\" content=\"https:\/\/franciscanos.org.br\/noticias\/wp-content\/uploads\/2018\/11\/vanderlei_141217-1.jpg\" \/>\n\t<meta property=\"og:image:width\" content=\"830\" \/>\n\t<meta property=\"og:image:height\" content=\"475\" \/>\n\t<meta property=\"og:image:type\" content=\"image\/jpeg\" \/>\n<meta name=\"author\" content=\"admin\" \/>\n<meta name=\"twitter:card\" content=\"summary_large_image\" \/>\n<meta name=\"twitter:label1\" content=\"Escrito por\" \/>\n\t<meta name=\"twitter:data1\" content=\"admin\" \/>\n\t<meta name=\"twitter:label2\" content=\"Est. tempo de leitura\" \/>\n\t<meta name=\"twitter:data2\" content=\"1 minuto\" \/>\n<script type=\"application\/ld+json\" class=\"yoast-schema-graph\">{\"@context\":\"https:\/\/schema.org\",\"@graph\":[{\"@type\":\"WebSite\",\"@id\":\"https:\/\/franciscanos.org.br\/noticias\/#website\",\"url\":\"https:\/\/franciscanos.org.br\/noticias\/\",\"name\":\"Not\u00edcias - Franciscanos\",\"description\":\"Prov\u00edncia Franciscana da Imaculada Concei\u00e7\u00e3o do Brasil - Ordem dos Frades Menores - OFM\",\"potentialAction\":[{\"@type\":\"SearchAction\",\"target\":{\"@type\":\"EntryPoint\",\"urlTemplate\":\"https:\/\/franciscanos.org.br\/noticias\/?s={search_term_string}\"},\"query-input\":\"required name=search_term_string\"}],\"inLanguage\":\"pt-BR\"},{\"@type\":\"ImageObject\",\"inLanguage\":\"pt-BR\",\"@id\":\"https:\/\/franciscanos.org.br\/noticias\/frei-vanderlei-recorda-sua-profissao-religiosa.html#primaryimage\",\"url\":\"https:\/\/franciscanos.org.br\/noticias\/wp-content\/uploads\/2018\/11\/vanderlei_141217-1.jpg\",\"contentUrl\":\"https:\/\/franciscanos.org.br\/noticias\/wp-content\/uploads\/2018\/11\/vanderlei_141217-1.jpg\",\"width\":830,\"height\":475},{\"@type\":\"WebPage\",\"@id\":\"https:\/\/franciscanos.org.br\/noticias\/frei-vanderlei-recorda-sua-profissao-religiosa.html#webpage\",\"url\":\"https:\/\/franciscanos.org.br\/noticias\/frei-vanderlei-recorda-sua-profissao-religiosa.html\",\"name\":\"Frei Vanderlei recorda sua Profiss\u00e3o Religiosa - Not\u00edcias - Franciscanos\",\"isPartOf\":{\"@id\":\"https:\/\/franciscanos.org.br\/noticias\/#website\"},\"primaryImageOfPage\":{\"@id\":\"https:\/\/franciscanos.org.br\/noticias\/frei-vanderlei-recorda-sua-profissao-religiosa.html#primaryimage\"},\"datePublished\":\"2017-12-14T21:47:17+00:00\",\"dateModified\":\"2019-10-31T17:26:11+00:00\",\"author\":{\"@id\":\"https:\/\/franciscanos.org.br\/noticias\/#\/schema\/person\/b38fbf43118f02820bd932f2e4b14ad3\"},\"breadcrumb\":{\"@id\":\"https:\/\/franciscanos.org.br\/noticias\/frei-vanderlei-recorda-sua-profissao-religiosa.html#breadcrumb\"},\"inLanguage\":\"pt-BR\",\"potentialAction\":[{\"@type\":\"ReadAction\",\"target\":[\"https:\/\/franciscanos.org.br\/noticias\/frei-vanderlei-recorda-sua-profissao-religiosa.html\"]}]},{\"@type\":\"BreadcrumbList\",\"@id\":\"https:\/\/franciscanos.org.br\/noticias\/frei-vanderlei-recorda-sua-profissao-religiosa.html#breadcrumb\",\"itemListElement\":[{\"@type\":\"ListItem\",\"position\":1,\"name\":\"Home\",\"item\":\"https:\/\/franciscanos.org.br\/noticias\"},{\"@type\":\"ListItem\",\"position\":2,\"name\":\"Frei Vanderlei recorda sua Profiss\u00e3o Religiosa\"}]},{\"@type\":\"Person\",\"@id\":\"https:\/\/franciscanos.org.br\/noticias\/#\/schema\/person\/b38fbf43118f02820bd932f2e4b14ad3\",\"name\":\"admin\",\"image\":{\"@type\":\"ImageObject\",\"inLanguage\":\"pt-BR\",\"@id\":\"https:\/\/franciscanos.org.br\/noticias\/#\/schema\/person\/image\/\",\"url\":\"https:\/\/secure.gravatar.com\/avatar\/e8495742d34d0ba6448ea1c628263b3e?s=96&d=mm&r=g\",\"contentUrl\":\"https:\/\/secure.gravatar.com\/avatar\/e8495742d34d0ba6448ea1c628263b3e?s=96&d=mm&r=g\",\"caption\":\"admin\"},\"url\":\"https:\/\/franciscanos.org.br\/noticias\/author\/admin\"}]}<\/script>\n<!-- \/ Yoast SEO plugin. -->","yoast_head_json":{"title":"Frei Vanderlei recorda sua Profiss\u00e3o Religiosa - Not\u00edcias - Franciscanos","robots":{"index":"index","follow":"follow","max-snippet":"max-snippet:-1","max-image-preview":"max-image-preview:large","max-video-preview":"max-video-preview:-1"},"canonical":"https:\/\/franciscanos.org.br\/noticias\/frei-vanderlei-recorda-sua-profissao-religiosa.html","og_locale":"pt_BR","og_type":"article","og_title":"Frei Vanderlei recorda sua Profiss\u00e3o Religiosa - Not\u00edcias - Franciscanos","og_description":"Ordena\u00e7\u00e3o Presbiteral","og_url":"https:\/\/franciscanos.org.br\/noticias\/frei-vanderlei-recorda-sua-profissao-religiosa.html","og_site_name":"Not\u00edcias - Franciscanos","article_published_time":"2017-12-14T21:47:17+00:00","article_modified_time":"2019-10-31T17:26:11+00:00","og_image":[{"width":830,"height":475,"url":"https:\/\/franciscanos.org.br\/noticias\/wp-content\/uploads\/2018\/11\/vanderlei_141217-1.jpg","type":"image\/jpeg"}],"author":"admin","twitter_card":"summary_large_image","twitter_misc":{"Escrito por":"admin","Est. tempo de leitura":"1 minuto"},"schema":{"@context":"https:\/\/schema.org","@graph":[{"@type":"WebSite","@id":"https:\/\/franciscanos.org.br\/noticias\/#website","url":"https:\/\/franciscanos.org.br\/noticias\/","name":"Not\u00edcias - Franciscanos","description":"Prov\u00edncia Franciscana da Imaculada Concei\u00e7\u00e3o do Brasil - Ordem dos Frades Menores - OFM","potentialAction":[{"@type":"SearchAction","target":{"@type":"EntryPoint","urlTemplate":"https:\/\/franciscanos.org.br\/noticias\/?s={search_term_string}"},"query-input":"required name=search_term_string"}],"inLanguage":"pt-BR"},{"@type":"ImageObject","inLanguage":"pt-BR","@id":"https:\/\/franciscanos.org.br\/noticias\/frei-vanderlei-recorda-sua-profissao-religiosa.html#primaryimage","url":"https:\/\/franciscanos.org.br\/noticias\/wp-content\/uploads\/2018\/11\/vanderlei_141217-1.jpg","contentUrl":"https:\/\/franciscanos.org.br\/noticias\/wp-content\/uploads\/2018\/11\/vanderlei_141217-1.jpg","width":830,"height":475},{"@type":"WebPage","@id":"https:\/\/franciscanos.org.br\/noticias\/frei-vanderlei-recorda-sua-profissao-religiosa.html#webpage","url":"https:\/\/franciscanos.org.br\/noticias\/frei-vanderlei-recorda-sua-profissao-religiosa.html","name":"Frei Vanderlei recorda sua Profiss\u00e3o Religiosa - Not\u00edcias - Franciscanos","isPartOf":{"@id":"https:\/\/franciscanos.org.br\/noticias\/#website"},"primaryImageOfPage":{"@id":"https:\/\/franciscanos.org.br\/noticias\/frei-vanderlei-recorda-sua-profissao-religiosa.html#primaryimage"},"datePublished":"2017-12-14T21:47:17+00:00","dateModified":"2019-10-31T17:26:11+00:00","author":{"@id":"https:\/\/franciscanos.org.br\/noticias\/#\/schema\/person\/b38fbf43118f02820bd932f2e4b14ad3"},"breadcrumb":{"@id":"https:\/\/franciscanos.org.br\/noticias\/frei-vanderlei-recorda-sua-profissao-religiosa.html#breadcrumb"},"inLanguage":"pt-BR","potentialAction":[{"@type":"ReadAction","target":["https:\/\/franciscanos.org.br\/noticias\/frei-vanderlei-recorda-sua-profissao-religiosa.html"]}]},{"@type":"BreadcrumbList","@id":"https:\/\/franciscanos.org.br\/noticias\/frei-vanderlei-recorda-sua-profissao-religiosa.html#breadcrumb","itemListElement":[{"@type":"ListItem","position":1,"name":"Home","item":"https:\/\/franciscanos.org.br\/noticias"},{"@type":"ListItem","position":2,"name":"Frei Vanderlei recorda sua Profiss\u00e3o Religiosa"}]},{"@type":"Person","@id":"https:\/\/franciscanos.org.br\/noticias\/#\/schema\/person\/b38fbf43118f02820bd932f2e4b14ad3","name":"admin","image":{"@type":"ImageObject","inLanguage":"pt-BR","@id":"https:\/\/franciscanos.org.br\/noticias\/#\/schema\/person\/image\/","url":"https:\/\/secure.gravatar.com\/avatar\/e8495742d34d0ba6448ea1c628263b3e?s=96&d=mm&r=g","contentUrl":"https:\/\/secure.gravatar.com\/avatar\/e8495742d34d0ba6448ea1c628263b3e?s=96&d=mm&r=g","caption":"admin"},"url":"https:\/\/franciscanos.org.br\/noticias\/author\/admin"}]}},"_links":{"self":[{"href":"https:\/\/franciscanos.org.br\/noticias\/wp-json\/wp\/v2\/posts\/147541"}],"collection":[{"href":"https:\/\/franciscanos.org.br\/noticias\/wp-json\/wp\/v2\/posts"}],"about":[{"href":"https:\/\/franciscanos.org.br\/noticias\/wp-json\/wp\/v2\/types\/post"}],"author":[{"embeddable":true,"href":"https:\/\/franciscanos.org.br\/noticias\/wp-json\/wp\/v2\/users\/1"}],"replies":[{"embeddable":true,"href":"https:\/\/franciscanos.org.br\/noticias\/wp-json\/wp\/v2\/comments?post=147541"}],"version-history":[{"count":0,"href":"https:\/\/franciscanos.org.br\/noticias\/wp-json\/wp\/v2\/posts\/147541\/revisions"}],"wp:featuredmedia":[{"embeddable":true,"href":"https:\/\/franciscanos.org.br\/noticias\/wp-json\/wp\/v2\/media\/187122"}],"wp:attachment":[{"href":"https:\/\/franciscanos.org.br\/noticias\/wp-json\/wp\/v2\/media?parent=147541"}],"wp:term":[{"taxonomy":"category","embeddable":true,"href":"https:\/\/franciscanos.org.br\/noticias\/wp-json\/wp\/v2\/categories?post=147541"},{"taxonomy":"post_tag","embeddable":true,"href":"https:\/\/franciscanos.org.br\/noticias\/wp-json\/wp\/v2\/tags?post=147541"}],"curies":[{"name":"wp","href":"https:\/\/api.w.org\/{rel}","templated":true}]}}