{"id":147519,"date":"2017-12-14T11:10:00","date_gmt":"2017-12-14T13:10:00","guid":{"rendered":"http:\/\/franciscanos.org.br\/?p=147519"},"modified":"2019-01-16T11:27:38","modified_gmt":"2019-01-16T13:27:38","slug":"frei-vanderlei-reacende-a-sua-fe-no-primeiro-dia-do-triduo","status":"publish","type":"post","link":"https:\/\/franciscanos.org.br\/noticias\/frei-vanderlei-reacende-a-sua-fe-no-primeiro-dia-do-triduo.html","title":{"rendered":"Frei Vanderlei reacende a sua f\u00e9 no primeiro dia do tr\u00edduo"},"content":{"rendered":"<p><strong>Frei Gabriel Dellandrea<\/strong><\/p>\n<p><strong>S\u00e3o Paulo (SP)<\/strong> &#8211; Na noite de quarta-feira (13\/12\/2017), dia em que a Igreja fez mem\u00f3ria da m\u00e1rtir Santa Luzia, Frei Vanderlei da Silva Neves renovou os seus compromissos de crist\u00e3o batizado, realizando assim o primeiro dia do Tr\u00edduo em prepara\u00e7\u00e3o para a sua ordena\u00e7\u00e3o presbiteral. A comunidade escolhida para este momento forte em sua vida foi a Par\u00f3quia Santo Ant\u00f4nio, no bairro do Pari, em S\u00e3o Paulo. A Celebra\u00e7\u00e3o Eucar\u00edstica foi presidida por Frei Edvaldo Batista Soares e contou tamb\u00e9m com a presen\u00e7a de mais outros frades que, juntamente com a comunidade paroquial, renovaram sua f\u00e9 com o futuro sacerdote.<\/p>\n<p><img loading=\"lazy\" class=\"alignleft size-full wp-image-147524\" src=\"http:\/\/franciscanos.org.br\/wp-content\/uploads\/2017\/12\/triduo_141217_2.jpg\" alt=\"triduo_141217_2\" width=\"300\" height=\"400\" \/>O Evangelho do dia lembrava o convite de Jesus: \u201cVinde a mim todos v\u00f3s que estais cansados e fatigados sob o peso dos vossos fardos, e eu vos darei descanso\u201d (Mt 11, 28). Sendo assim, Frei Gustavo Wayand Medella, durante a homilia, lembrou que ap\u00f3s uma jornada de trabalho cansativa durante um dia, uma pessoa procura logo um banho para recuperar as for\u00e7as e um local confort\u00e1vel para descansar.<\/p>\n<p>Desta forma, ele observou que, na vida espiritual, o crist\u00e3o tamb\u00e9m pode passar por momentos de cansa\u00e7o, de des\u00e2nimo&#8230; por\u00e9m \u00e9 preciso recuperar as for\u00e7as. E para reanimar a vida espiritual o homem e a mulher de f\u00e9 podem recordar o banho que receberam ao serem batizados. Ou seja, recordar o momento do batismo \u00e9 trazer para a mem\u00f3ria a constante certeza de que cada um \u00e9 amado e amada por Deus. \u00c9 ter a clareza que n\u00e3o se est\u00e1 caminhando sozinho, mas Jesus se faz companheiro de caminhada. O amor de Deus \u00e9 capaz de dar novo \u00e2nimo na caminhada de f\u00e9, mesmo se vierem os percal\u00e7os.<\/p>\n<p>Com esta inspira\u00e7\u00e3o, Frei Vanderlei foi convidado a renovar a sua f\u00e9, recordando os compromissos que foram assumidos no seu batizado. Para tal, o frade acendeu uma vela no C\u00edrio Pascal, simbolizando que o crist\u00e3o precisa ser luz no mundo. E toda a comunidade tamb\u00e9m reacendeu a sua f\u00e9 com o mesmo gesto, ouvindo atentamente a Profiss\u00e3o de F\u00e9 que Frei Vanderlei recordou em seu cora\u00e7\u00e3o atrav\u00e9s das palavras do &#8220;Creio&#8221;.<\/p>\n<p>Ao final da Celebra\u00e7\u00e3o, a comunidade local agradeceu a oportunidade de estar com Frei Vanderlei nesta prepara\u00e7\u00e3o para sua ordena\u00e7\u00e3o. Que o Esp\u00edrito Santo conduza Frei Vanderlei neste santo e especial compromisso com a vida da Igreja que o acolhe para constru\u00e7\u00e3o do Reino por meio do minist\u00e9rio ordenado.<\/p>\n<p><strong>ACOMPANHE O TR\u00cdDUO<\/strong><\/p>\n<p><strong>Neste dia 14<\/strong>, o segundo dia do tr\u00edduo para a ordena\u00e7\u00e3o presbiteral de Frei Vanderlei ser\u00e1 celebrado \u00e0s 15 horas, no Convento S\u00e3o Francisco, no Largo S\u00e3o Francisco, 133, no Centro de S\u00e3o Paulo.<\/p>\n<p><strong>No dia 15 de dezembro<\/strong>, sexta-feira, o terceiro dia ser\u00e1 celebrado ao meio-dia na Igreja S\u00e3o Francisco de Assis, na Vila Clementino (rua Borges Lagoa, 1209).<\/p>\n","protected":false},"excerpt":{"rendered":"<p>Ordena\u00e7\u00e3o presbiteral<\/p>\n","protected":false},"author":1,"featured_media":194558,"comment_status":"open","ping_status":"open","sticky":false,"template":"","format":"standard","meta":[],"categories":[1],"tags":[157],"acf":[],"yoast_head":"<!-- This site is optimized with the Yoast SEO plugin v19.2 - https:\/\/yoast.com\/wordpress\/plugins\/seo\/ -->\n<title>Frei Vanderlei reacende a sua f\u00e9 no primeiro dia do tr\u00edduo - Not\u00edcias - Franciscanos<\/title>\n<meta name=\"robots\" content=\"index, follow, max-snippet:-1, max-image-preview:large, max-video-preview:-1\" \/>\n<link rel=\"canonical\" href=\"https:\/\/franciscanos.org.br\/noticias\/frei-vanderlei-reacende-a-sua-fe-no-primeiro-dia-do-triduo.html\" \/>\n<meta property=\"og:locale\" content=\"pt_BR\" \/>\n<meta property=\"og:type\" content=\"article\" \/>\n<meta property=\"og:title\" content=\"Frei Vanderlei reacende a sua f\u00e9 no primeiro dia do tr\u00edduo - Not\u00edcias - Franciscanos\" \/>\n<meta property=\"og:description\" content=\"Ordena\u00e7\u00e3o presbiteral\" \/>\n<meta property=\"og:url\" content=\"https:\/\/franciscanos.org.br\/noticias\/frei-vanderlei-reacende-a-sua-fe-no-primeiro-dia-do-triduo.html\" \/>\n<meta property=\"og:site_name\" content=\"Not\u00edcias - Franciscanos\" \/>\n<meta property=\"article:published_time\" content=\"2017-12-14T13:10:00+00:00\" \/>\n<meta property=\"article:modified_time\" content=\"2019-01-16T13:27:38+00:00\" \/>\n<meta property=\"og:image\" content=\"https:\/\/franciscanos.org.br\/noticias\/wp-content\/uploads\/2017\/12\/triduo_141217d.jpg\" \/>\n\t<meta property=\"og:image:width\" content=\"273\" \/>\n\t<meta property=\"og:image:height\" content=\"181\" \/>\n\t<meta property=\"og:image:type\" content=\"image\/jpeg\" \/>\n<meta name=\"author\" content=\"admin\" \/>\n<meta name=\"twitter:card\" content=\"summary_large_image\" \/>\n<meta name=\"twitter:label1\" content=\"Escrito por\" \/>\n\t<meta name=\"twitter:data1\" content=\"admin\" \/>\n\t<meta name=\"twitter:label2\" content=\"Est. tempo de leitura\" \/>\n\t<meta name=\"twitter:data2\" content=\"2 minutos\" \/>\n<script type=\"application\/ld+json\" class=\"yoast-schema-graph\">{\"@context\":\"https:\/\/schema.org\",\"@graph\":[{\"@type\":\"WebSite\",\"@id\":\"https:\/\/franciscanos.org.br\/noticias\/#website\",\"url\":\"https:\/\/franciscanos.org.br\/noticias\/\",\"name\":\"Not\u00edcias - Franciscanos\",\"description\":\"Prov\u00edncia Franciscana da Imaculada Concei\u00e7\u00e3o do Brasil - Ordem dos Frades Menores - OFM\",\"potentialAction\":[{\"@type\":\"SearchAction\",\"target\":{\"@type\":\"EntryPoint\",\"urlTemplate\":\"https:\/\/franciscanos.org.br\/noticias\/?s={search_term_string}\"},\"query-input\":\"required name=search_term_string\"}],\"inLanguage\":\"pt-BR\"},{\"@type\":\"ImageObject\",\"inLanguage\":\"pt-BR\",\"@id\":\"https:\/\/franciscanos.org.br\/noticias\/frei-vanderlei-reacende-a-sua-fe-no-primeiro-dia-do-triduo.html#primaryimage\",\"url\":\"https:\/\/franciscanos.org.br\/noticias\/wp-content\/uploads\/2017\/12\/triduo_141217d.jpg\",\"contentUrl\":\"https:\/\/franciscanos.org.br\/noticias\/wp-content\/uploads\/2017\/12\/triduo_141217d.jpg\",\"width\":273,\"height\":181},{\"@type\":\"WebPage\",\"@id\":\"https:\/\/franciscanos.org.br\/noticias\/frei-vanderlei-reacende-a-sua-fe-no-primeiro-dia-do-triduo.html#webpage\",\"url\":\"https:\/\/franciscanos.org.br\/noticias\/frei-vanderlei-reacende-a-sua-fe-no-primeiro-dia-do-triduo.html\",\"name\":\"Frei Vanderlei reacende a sua f\u00e9 no primeiro dia do tr\u00edduo - Not\u00edcias - Franciscanos\",\"isPartOf\":{\"@id\":\"https:\/\/franciscanos.org.br\/noticias\/#website\"},\"primaryImageOfPage\":{\"@id\":\"https:\/\/franciscanos.org.br\/noticias\/frei-vanderlei-reacende-a-sua-fe-no-primeiro-dia-do-triduo.html#primaryimage\"},\"datePublished\":\"2017-12-14T13:10:00+00:00\",\"dateModified\":\"2019-01-16T13:27:38+00:00\",\"author\":{\"@id\":\"https:\/\/franciscanos.org.br\/noticias\/#\/schema\/person\/b38fbf43118f02820bd932f2e4b14ad3\"},\"breadcrumb\":{\"@id\":\"https:\/\/franciscanos.org.br\/noticias\/frei-vanderlei-reacende-a-sua-fe-no-primeiro-dia-do-triduo.html#breadcrumb\"},\"inLanguage\":\"pt-BR\",\"potentialAction\":[{\"@type\":\"ReadAction\",\"target\":[\"https:\/\/franciscanos.org.br\/noticias\/frei-vanderlei-reacende-a-sua-fe-no-primeiro-dia-do-triduo.html\"]}]},{\"@type\":\"BreadcrumbList\",\"@id\":\"https:\/\/franciscanos.org.br\/noticias\/frei-vanderlei-reacende-a-sua-fe-no-primeiro-dia-do-triduo.html#breadcrumb\",\"itemListElement\":[{\"@type\":\"ListItem\",\"position\":1,\"name\":\"Home\",\"item\":\"https:\/\/franciscanos.org.br\/noticias\"},{\"@type\":\"ListItem\",\"position\":2,\"name\":\"Frei Vanderlei reacende a sua f\u00e9 no primeiro dia do tr\u00edduo\"}]},{\"@type\":\"Person\",\"@id\":\"https:\/\/franciscanos.org.br\/noticias\/#\/schema\/person\/b38fbf43118f02820bd932f2e4b14ad3\",\"name\":\"admin\",\"image\":{\"@type\":\"ImageObject\",\"inLanguage\":\"pt-BR\",\"@id\":\"https:\/\/franciscanos.org.br\/noticias\/#\/schema\/person\/image\/\",\"url\":\"https:\/\/secure.gravatar.com\/avatar\/e8495742d34d0ba6448ea1c628263b3e?s=96&d=mm&r=g\",\"contentUrl\":\"https:\/\/secure.gravatar.com\/avatar\/e8495742d34d0ba6448ea1c628263b3e?s=96&d=mm&r=g\",\"caption\":\"admin\"},\"url\":\"https:\/\/franciscanos.org.br\/noticias\/author\/admin\"}]}<\/script>\n<!-- \/ Yoast SEO plugin. -->","yoast_head_json":{"title":"Frei Vanderlei reacende a sua f\u00e9 no primeiro dia do tr\u00edduo - Not\u00edcias - Franciscanos","robots":{"index":"index","follow":"follow","max-snippet":"max-snippet:-1","max-image-preview":"max-image-preview:large","max-video-preview":"max-video-preview:-1"},"canonical":"https:\/\/franciscanos.org.br\/noticias\/frei-vanderlei-reacende-a-sua-fe-no-primeiro-dia-do-triduo.html","og_locale":"pt_BR","og_type":"article","og_title":"Frei Vanderlei reacende a sua f\u00e9 no primeiro dia do tr\u00edduo - Not\u00edcias - Franciscanos","og_description":"Ordena\u00e7\u00e3o presbiteral","og_url":"https:\/\/franciscanos.org.br\/noticias\/frei-vanderlei-reacende-a-sua-fe-no-primeiro-dia-do-triduo.html","og_site_name":"Not\u00edcias - Franciscanos","article_published_time":"2017-12-14T13:10:00+00:00","article_modified_time":"2019-01-16T13:27:38+00:00","og_image":[{"width":273,"height":181,"url":"https:\/\/franciscanos.org.br\/noticias\/wp-content\/uploads\/2017\/12\/triduo_141217d.jpg","type":"image\/jpeg"}],"author":"admin","twitter_card":"summary_large_image","twitter_misc":{"Escrito por":"admin","Est. tempo de leitura":"2 minutos"},"schema":{"@context":"https:\/\/schema.org","@graph":[{"@type":"WebSite","@id":"https:\/\/franciscanos.org.br\/noticias\/#website","url":"https:\/\/franciscanos.org.br\/noticias\/","name":"Not\u00edcias - Franciscanos","description":"Prov\u00edncia Franciscana da Imaculada Concei\u00e7\u00e3o do Brasil - Ordem dos Frades Menores - OFM","potentialAction":[{"@type":"SearchAction","target":{"@type":"EntryPoint","urlTemplate":"https:\/\/franciscanos.org.br\/noticias\/?s={search_term_string}"},"query-input":"required name=search_term_string"}],"inLanguage":"pt-BR"},{"@type":"ImageObject","inLanguage":"pt-BR","@id":"https:\/\/franciscanos.org.br\/noticias\/frei-vanderlei-reacende-a-sua-fe-no-primeiro-dia-do-triduo.html#primaryimage","url":"https:\/\/franciscanos.org.br\/noticias\/wp-content\/uploads\/2017\/12\/triduo_141217d.jpg","contentUrl":"https:\/\/franciscanos.org.br\/noticias\/wp-content\/uploads\/2017\/12\/triduo_141217d.jpg","width":273,"height":181},{"@type":"WebPage","@id":"https:\/\/franciscanos.org.br\/noticias\/frei-vanderlei-reacende-a-sua-fe-no-primeiro-dia-do-triduo.html#webpage","url":"https:\/\/franciscanos.org.br\/noticias\/frei-vanderlei-reacende-a-sua-fe-no-primeiro-dia-do-triduo.html","name":"Frei Vanderlei reacende a sua f\u00e9 no primeiro dia do tr\u00edduo - Not\u00edcias - Franciscanos","isPartOf":{"@id":"https:\/\/franciscanos.org.br\/noticias\/#website"},"primaryImageOfPage":{"@id":"https:\/\/franciscanos.org.br\/noticias\/frei-vanderlei-reacende-a-sua-fe-no-primeiro-dia-do-triduo.html#primaryimage"},"datePublished":"2017-12-14T13:10:00+00:00","dateModified":"2019-01-16T13:27:38+00:00","author":{"@id":"https:\/\/franciscanos.org.br\/noticias\/#\/schema\/person\/b38fbf43118f02820bd932f2e4b14ad3"},"breadcrumb":{"@id":"https:\/\/franciscanos.org.br\/noticias\/frei-vanderlei-reacende-a-sua-fe-no-primeiro-dia-do-triduo.html#breadcrumb"},"inLanguage":"pt-BR","potentialAction":[{"@type":"ReadAction","target":["https:\/\/franciscanos.org.br\/noticias\/frei-vanderlei-reacende-a-sua-fe-no-primeiro-dia-do-triduo.html"]}]},{"@type":"BreadcrumbList","@id":"https:\/\/franciscanos.org.br\/noticias\/frei-vanderlei-reacende-a-sua-fe-no-primeiro-dia-do-triduo.html#breadcrumb","itemListElement":[{"@type":"ListItem","position":1,"name":"Home","item":"https:\/\/franciscanos.org.br\/noticias"},{"@type":"ListItem","position":2,"name":"Frei Vanderlei reacende a sua f\u00e9 no primeiro dia do tr\u00edduo"}]},{"@type":"Person","@id":"https:\/\/franciscanos.org.br\/noticias\/#\/schema\/person\/b38fbf43118f02820bd932f2e4b14ad3","name":"admin","image":{"@type":"ImageObject","inLanguage":"pt-BR","@id":"https:\/\/franciscanos.org.br\/noticias\/#\/schema\/person\/image\/","url":"https:\/\/secure.gravatar.com\/avatar\/e8495742d34d0ba6448ea1c628263b3e?s=96&d=mm&r=g","contentUrl":"https:\/\/secure.gravatar.com\/avatar\/e8495742d34d0ba6448ea1c628263b3e?s=96&d=mm&r=g","caption":"admin"},"url":"https:\/\/franciscanos.org.br\/noticias\/author\/admin"}]}},"_links":{"self":[{"href":"https:\/\/franciscanos.org.br\/noticias\/wp-json\/wp\/v2\/posts\/147519"}],"collection":[{"href":"https:\/\/franciscanos.org.br\/noticias\/wp-json\/wp\/v2\/posts"}],"about":[{"href":"https:\/\/franciscanos.org.br\/noticias\/wp-json\/wp\/v2\/types\/post"}],"author":[{"embeddable":true,"href":"https:\/\/franciscanos.org.br\/noticias\/wp-json\/wp\/v2\/users\/1"}],"replies":[{"embeddable":true,"href":"https:\/\/franciscanos.org.br\/noticias\/wp-json\/wp\/v2\/comments?post=147519"}],"version-history":[{"count":0,"href":"https:\/\/franciscanos.org.br\/noticias\/wp-json\/wp\/v2\/posts\/147519\/revisions"}],"wp:featuredmedia":[{"embeddable":true,"href":"https:\/\/franciscanos.org.br\/noticias\/wp-json\/wp\/v2\/media\/194558"}],"wp:attachment":[{"href":"https:\/\/franciscanos.org.br\/noticias\/wp-json\/wp\/v2\/media?parent=147519"}],"wp:term":[{"taxonomy":"category","embeddable":true,"href":"https:\/\/franciscanos.org.br\/noticias\/wp-json\/wp\/v2\/categories?post=147519"},{"taxonomy":"post_tag","embeddable":true,"href":"https:\/\/franciscanos.org.br\/noticias\/wp-json\/wp\/v2\/tags?post=147519"}],"curies":[{"name":"wp","href":"https:\/\/api.w.org\/{rel}","templated":true}]}}