{"id":147306,"date":"2017-12-23T13:17:36","date_gmt":"2017-12-23T15:17:36","guid":{"rendered":"http:\/\/franciscanos.org.br\/?p=147306"},"modified":"2023-01-10T09:32:15","modified_gmt":"2023-01-10T12:32:15","slug":"24a-exposicao-franciscana-de-presepios-no-valongo","status":"publish","type":"post","link":"https:\/\/franciscanos.org.br\/noticias\/24a-exposicao-franciscana-de-presepios-no-valongo.html","title":{"rendered":"24\u00aa Exposi\u00e7\u00e3o de Pres\u00e9pios no Valongo vai at\u00e9 dia 28"},"content":{"rendered":"<p><img loading=\"lazy\" src=\"http:\/\/franciscanos.org.br\/wp-content\/uploads\/2017\/12\/presepio_131217.jpg\" alt=\"presepio_131217\" width=\"830\" height=\"400\" \/><br \/>\n<strong>Santos (SP) &#8211;<\/strong> Quem entra pelo corredor lateral do Santu\u00e1rio Santo Ant\u00f4nio do Valongo, em Santos (SP), \u00e9 recebido por uma representa\u00e7\u00e3o de S\u00e3o Francisco de Assis em tamanho original, feita em MDF. Ao lado dele, dezenas de p\u00e1ssaros. Mais adiante, aparecem os reis magos que conduzem \u00e0 manjedoura, onde est\u00e1 o Menino Jesus, Maria, Jos\u00e9 e o anjo.<\/p>\n<p>Assim os visitantes da 24\u00aa Exposi\u00e7\u00e3o Franciscana de Pres\u00e9pios s\u00e3o recebidos. \u201c\u00c9 S\u00e3o Francisco que nos conduz ao pres\u00e9pio\u201d, afirma Frei Jo\u00e3o Pereira Lopes, reitor do Santu\u00e1rio e curador da exposi\u00e7\u00e3o. A ideia de colocar as 16 pe\u00e7as de MDF na entrada foi dele e idealizada pelo artista Anderson Camargo, da cidade de Santos.<\/p>\n<p><img loading=\"lazy\" class=\"alignleft wp-image-147364\" src=\"http:\/\/franciscanos.org.br\/wp-content\/uploads\/2017\/12\/presepio_131217-30.jpg\" alt=\"presepio_131217-30\" width=\"400\" height=\"266\" \/>Na sala de exposi\u00e7\u00f5es, est\u00e3o os 35 pres\u00e9pios, de 27 expositores. Este \u00e9 o primeiro ano que o Santu\u00e1rio conta com o acervo pr\u00f3prio e de artistas convidados. A 1\u00aa Exposi\u00e7\u00e3o no Santu\u00e1rio Santo Ant\u00f4nio do Valongo aconteceu em 1993, com a curadoria de Frei Pedro Pinheiro. Desde ent\u00e3o, a tradi\u00e7\u00e3o ganhou for\u00e7a e visibilidade. No ano passado, cerca de 15 mil pessoas visitaram a mostra.<\/p>\n<p>Entre os pres\u00e9pios, est\u00e3o pe\u00e7as vindas da Bol\u00edvia, Panam\u00e1, Rep\u00fablica Theca, Portugal e Angola. Al\u00e9m das esculturas tradicionais, destaca-se o pres\u00e9pio feito todo em chocolate, o pres\u00e9pio com a maquete do Aqu\u00e1rio de Santos e o da escola de samba X9. Os materiais tamb\u00e9m s\u00e3o variados: resina, argila, tecido, arame, espuma, vidro e origami.<\/p>\n<p>A 24\u00aa Exposi\u00e7\u00e3o Franciscana de Pres\u00e9pios vai at\u00e9 o dia 28 de janeiro e funciona de ter\u00e7a a domingo, das 10h \u00e0s 18h30, com entrada franca. Ao final, ser\u00e1 sorteado um pres\u00e9pio para os visitantes.<\/p>\n<p>O Santu\u00e1rio Santo Ant\u00f4nio do Valongo fica no Largo Marqu\u00eas de Monte Alegre, 133, Santos (SP).<\/p>\n<hr \/>\n<p><em>Comunica\u00e7\u00e3o da Prov\u00edncia da Imaculada Concei\u00e7\u00e3o<\/em><\/p>\n","protected":false},"excerpt":{"rendered":"<p>Santos (SP)<\/p>\n","protected":false},"author":1,"featured_media":192799,"comment_status":"open","ping_status":"open","sticky":false,"template":"","format":"standard","meta":[],"categories":[1],"tags":[333],"acf":[],"yoast_head":"<!-- This site is optimized with the Yoast SEO plugin v19.2 - https:\/\/yoast.com\/wordpress\/plugins\/seo\/ -->\n<title>24\u00aa Exposi\u00e7\u00e3o de Pres\u00e9pios no Valongo vai at\u00e9 dia 28 - Not\u00edcias - Franciscanos<\/title>\n<meta name=\"robots\" content=\"index, follow, max-snippet:-1, max-image-preview:large, max-video-preview:-1\" \/>\n<link rel=\"canonical\" href=\"https:\/\/franciscanos.org.br\/noticias\/24a-exposicao-franciscana-de-presepios-no-valongo.html\" \/>\n<meta property=\"og:locale\" content=\"pt_BR\" \/>\n<meta property=\"og:type\" content=\"article\" \/>\n<meta property=\"og:title\" content=\"24\u00aa Exposi\u00e7\u00e3o de Pres\u00e9pios no Valongo vai at\u00e9 dia 28 - Not\u00edcias - Franciscanos\" \/>\n<meta property=\"og:description\" content=\"Santos (SP)\" \/>\n<meta property=\"og:url\" content=\"https:\/\/franciscanos.org.br\/noticias\/24a-exposicao-franciscana-de-presepios-no-valongo.html\" \/>\n<meta property=\"og:site_name\" content=\"Not\u00edcias - Franciscanos\" \/>\n<meta property=\"article:published_time\" content=\"2017-12-23T15:17:36+00:00\" \/>\n<meta property=\"article:modified_time\" content=\"2023-01-10T12:32:15+00:00\" \/>\n<meta property=\"og:image\" content=\"https:\/\/franciscanos.org.br\/noticias\/wp-content\/uploads\/2017\/12\/presepio_131217.jpg\" \/>\n\t<meta property=\"og:image:width\" content=\"273\" \/>\n\t<meta property=\"og:image:height\" content=\"181\" \/>\n\t<meta property=\"og:image:type\" content=\"image\/jpeg\" \/>\n<meta name=\"author\" content=\"admin\" \/>\n<meta name=\"twitter:card\" content=\"summary_large_image\" \/>\n<meta name=\"twitter:label1\" content=\"Escrito por\" \/>\n\t<meta name=\"twitter:data1\" content=\"admin\" \/>\n\t<meta name=\"twitter:label2\" content=\"Est. tempo de leitura\" \/>\n\t<meta name=\"twitter:data2\" content=\"2 minutos\" \/>\n<script type=\"application\/ld+json\" class=\"yoast-schema-graph\">{\"@context\":\"https:\/\/schema.org\",\"@graph\":[{\"@type\":\"WebSite\",\"@id\":\"https:\/\/franciscanos.org.br\/noticias\/#website\",\"url\":\"https:\/\/franciscanos.org.br\/noticias\/\",\"name\":\"Not\u00edcias - Franciscanos\",\"description\":\"Prov\u00edncia Franciscana da Imaculada Concei\u00e7\u00e3o do Brasil - Ordem dos Frades Menores - OFM\",\"potentialAction\":[{\"@type\":\"SearchAction\",\"target\":{\"@type\":\"EntryPoint\",\"urlTemplate\":\"https:\/\/franciscanos.org.br\/noticias\/?s={search_term_string}\"},\"query-input\":\"required name=search_term_string\"}],\"inLanguage\":\"pt-BR\"},{\"@type\":\"ImageObject\",\"inLanguage\":\"pt-BR\",\"@id\":\"https:\/\/franciscanos.org.br\/noticias\/24a-exposicao-franciscana-de-presepios-no-valongo.html#primaryimage\",\"url\":\"https:\/\/franciscanos.org.br\/noticias\/wp-content\/uploads\/2017\/12\/presepio_131217.jpg\",\"contentUrl\":\"https:\/\/franciscanos.org.br\/noticias\/wp-content\/uploads\/2017\/12\/presepio_131217.jpg\",\"width\":273,\"height\":181},{\"@type\":\"WebPage\",\"@id\":\"https:\/\/franciscanos.org.br\/noticias\/24a-exposicao-franciscana-de-presepios-no-valongo.html#webpage\",\"url\":\"https:\/\/franciscanos.org.br\/noticias\/24a-exposicao-franciscana-de-presepios-no-valongo.html\",\"name\":\"24\u00aa Exposi\u00e7\u00e3o de Pres\u00e9pios no Valongo vai at\u00e9 dia 28 - Not\u00edcias - Franciscanos\",\"isPartOf\":{\"@id\":\"https:\/\/franciscanos.org.br\/noticias\/#website\"},\"primaryImageOfPage\":{\"@id\":\"https:\/\/franciscanos.org.br\/noticias\/24a-exposicao-franciscana-de-presepios-no-valongo.html#primaryimage\"},\"datePublished\":\"2017-12-23T15:17:36+00:00\",\"dateModified\":\"2023-01-10T12:32:15+00:00\",\"author\":{\"@id\":\"https:\/\/franciscanos.org.br\/noticias\/#\/schema\/person\/b38fbf43118f02820bd932f2e4b14ad3\"},\"breadcrumb\":{\"@id\":\"https:\/\/franciscanos.org.br\/noticias\/24a-exposicao-franciscana-de-presepios-no-valongo.html#breadcrumb\"},\"inLanguage\":\"pt-BR\",\"potentialAction\":[{\"@type\":\"ReadAction\",\"target\":[\"https:\/\/franciscanos.org.br\/noticias\/24a-exposicao-franciscana-de-presepios-no-valongo.html\"]}]},{\"@type\":\"BreadcrumbList\",\"@id\":\"https:\/\/franciscanos.org.br\/noticias\/24a-exposicao-franciscana-de-presepios-no-valongo.html#breadcrumb\",\"itemListElement\":[{\"@type\":\"ListItem\",\"position\":1,\"name\":\"Home\",\"item\":\"https:\/\/franciscanos.org.br\/noticias\"},{\"@type\":\"ListItem\",\"position\":2,\"name\":\"24\u00aa Exposi\u00e7\u00e3o de Pres\u00e9pios no Valongo vai at\u00e9 dia 28\"}]},{\"@type\":\"Person\",\"@id\":\"https:\/\/franciscanos.org.br\/noticias\/#\/schema\/person\/b38fbf43118f02820bd932f2e4b14ad3\",\"name\":\"admin\",\"image\":{\"@type\":\"ImageObject\",\"inLanguage\":\"pt-BR\",\"@id\":\"https:\/\/franciscanos.org.br\/noticias\/#\/schema\/person\/image\/\",\"url\":\"https:\/\/secure.gravatar.com\/avatar\/e8495742d34d0ba6448ea1c628263b3e?s=96&d=mm&r=g\",\"contentUrl\":\"https:\/\/secure.gravatar.com\/avatar\/e8495742d34d0ba6448ea1c628263b3e?s=96&d=mm&r=g\",\"caption\":\"admin\"},\"url\":\"https:\/\/franciscanos.org.br\/noticias\/author\/admin\"}]}<\/script>\n<!-- \/ Yoast SEO plugin. -->","yoast_head_json":{"title":"24\u00aa Exposi\u00e7\u00e3o de Pres\u00e9pios no Valongo vai at\u00e9 dia 28 - Not\u00edcias - Franciscanos","robots":{"index":"index","follow":"follow","max-snippet":"max-snippet:-1","max-image-preview":"max-image-preview:large","max-video-preview":"max-video-preview:-1"},"canonical":"https:\/\/franciscanos.org.br\/noticias\/24a-exposicao-franciscana-de-presepios-no-valongo.html","og_locale":"pt_BR","og_type":"article","og_title":"24\u00aa Exposi\u00e7\u00e3o de Pres\u00e9pios no Valongo vai at\u00e9 dia 28 - Not\u00edcias - Franciscanos","og_description":"Santos (SP)","og_url":"https:\/\/franciscanos.org.br\/noticias\/24a-exposicao-franciscana-de-presepios-no-valongo.html","og_site_name":"Not\u00edcias - Franciscanos","article_published_time":"2017-12-23T15:17:36+00:00","article_modified_time":"2023-01-10T12:32:15+00:00","og_image":[{"width":273,"height":181,"url":"https:\/\/franciscanos.org.br\/noticias\/wp-content\/uploads\/2017\/12\/presepio_131217.jpg","type":"image\/jpeg"}],"author":"admin","twitter_card":"summary_large_image","twitter_misc":{"Escrito por":"admin","Est. tempo de leitura":"2 minutos"},"schema":{"@context":"https:\/\/schema.org","@graph":[{"@type":"WebSite","@id":"https:\/\/franciscanos.org.br\/noticias\/#website","url":"https:\/\/franciscanos.org.br\/noticias\/","name":"Not\u00edcias - Franciscanos","description":"Prov\u00edncia Franciscana da Imaculada Concei\u00e7\u00e3o do Brasil - Ordem dos Frades Menores - OFM","potentialAction":[{"@type":"SearchAction","target":{"@type":"EntryPoint","urlTemplate":"https:\/\/franciscanos.org.br\/noticias\/?s={search_term_string}"},"query-input":"required name=search_term_string"}],"inLanguage":"pt-BR"},{"@type":"ImageObject","inLanguage":"pt-BR","@id":"https:\/\/franciscanos.org.br\/noticias\/24a-exposicao-franciscana-de-presepios-no-valongo.html#primaryimage","url":"https:\/\/franciscanos.org.br\/noticias\/wp-content\/uploads\/2017\/12\/presepio_131217.jpg","contentUrl":"https:\/\/franciscanos.org.br\/noticias\/wp-content\/uploads\/2017\/12\/presepio_131217.jpg","width":273,"height":181},{"@type":"WebPage","@id":"https:\/\/franciscanos.org.br\/noticias\/24a-exposicao-franciscana-de-presepios-no-valongo.html#webpage","url":"https:\/\/franciscanos.org.br\/noticias\/24a-exposicao-franciscana-de-presepios-no-valongo.html","name":"24\u00aa Exposi\u00e7\u00e3o de Pres\u00e9pios no Valongo vai at\u00e9 dia 28 - Not\u00edcias - Franciscanos","isPartOf":{"@id":"https:\/\/franciscanos.org.br\/noticias\/#website"},"primaryImageOfPage":{"@id":"https:\/\/franciscanos.org.br\/noticias\/24a-exposicao-franciscana-de-presepios-no-valongo.html#primaryimage"},"datePublished":"2017-12-23T15:17:36+00:00","dateModified":"2023-01-10T12:32:15+00:00","author":{"@id":"https:\/\/franciscanos.org.br\/noticias\/#\/schema\/person\/b38fbf43118f02820bd932f2e4b14ad3"},"breadcrumb":{"@id":"https:\/\/franciscanos.org.br\/noticias\/24a-exposicao-franciscana-de-presepios-no-valongo.html#breadcrumb"},"inLanguage":"pt-BR","potentialAction":[{"@type":"ReadAction","target":["https:\/\/franciscanos.org.br\/noticias\/24a-exposicao-franciscana-de-presepios-no-valongo.html"]}]},{"@type":"BreadcrumbList","@id":"https:\/\/franciscanos.org.br\/noticias\/24a-exposicao-franciscana-de-presepios-no-valongo.html#breadcrumb","itemListElement":[{"@type":"ListItem","position":1,"name":"Home","item":"https:\/\/franciscanos.org.br\/noticias"},{"@type":"ListItem","position":2,"name":"24\u00aa Exposi\u00e7\u00e3o de Pres\u00e9pios no Valongo vai at\u00e9 dia 28"}]},{"@type":"Person","@id":"https:\/\/franciscanos.org.br\/noticias\/#\/schema\/person\/b38fbf43118f02820bd932f2e4b14ad3","name":"admin","image":{"@type":"ImageObject","inLanguage":"pt-BR","@id":"https:\/\/franciscanos.org.br\/noticias\/#\/schema\/person\/image\/","url":"https:\/\/secure.gravatar.com\/avatar\/e8495742d34d0ba6448ea1c628263b3e?s=96&d=mm&r=g","contentUrl":"https:\/\/secure.gravatar.com\/avatar\/e8495742d34d0ba6448ea1c628263b3e?s=96&d=mm&r=g","caption":"admin"},"url":"https:\/\/franciscanos.org.br\/noticias\/author\/admin"}]}},"_links":{"self":[{"href":"https:\/\/franciscanos.org.br\/noticias\/wp-json\/wp\/v2\/posts\/147306"}],"collection":[{"href":"https:\/\/franciscanos.org.br\/noticias\/wp-json\/wp\/v2\/posts"}],"about":[{"href":"https:\/\/franciscanos.org.br\/noticias\/wp-json\/wp\/v2\/types\/post"}],"author":[{"embeddable":true,"href":"https:\/\/franciscanos.org.br\/noticias\/wp-json\/wp\/v2\/users\/1"}],"replies":[{"embeddable":true,"href":"https:\/\/franciscanos.org.br\/noticias\/wp-json\/wp\/v2\/comments?post=147306"}],"version-history":[{"count":1,"href":"https:\/\/franciscanos.org.br\/noticias\/wp-json\/wp\/v2\/posts\/147306\/revisions"}],"predecessor-version":[{"id":241661,"href":"https:\/\/franciscanos.org.br\/noticias\/wp-json\/wp\/v2\/posts\/147306\/revisions\/241661"}],"wp:featuredmedia":[{"embeddable":true,"href":"https:\/\/franciscanos.org.br\/noticias\/wp-json\/wp\/v2\/media\/192799"}],"wp:attachment":[{"href":"https:\/\/franciscanos.org.br\/noticias\/wp-json\/wp\/v2\/media?parent=147306"}],"wp:term":[{"taxonomy":"category","embeddable":true,"href":"https:\/\/franciscanos.org.br\/noticias\/wp-json\/wp\/v2\/categories?post=147306"},{"taxonomy":"post_tag","embeddable":true,"href":"https:\/\/franciscanos.org.br\/noticias\/wp-json\/wp\/v2\/tags?post=147306"}],"curies":[{"name":"wp","href":"https:\/\/api.w.org\/{rel}","templated":true}]}}