{"id":147257,"date":"2017-12-16T08:40:30","date_gmt":"2017-12-16T10:40:30","guid":{"rendered":"http:\/\/franciscanos.org.br\/?p=147257"},"modified":"2023-01-10T09:34:39","modified_gmt":"2023-01-10T12:34:39","slug":"frei-vanderlei-sera-ordenado-neste-sabado","status":"publish","type":"post","link":"https:\/\/franciscanos.org.br\/noticias\/frei-vanderlei-sera-ordenado-neste-sabado.html","title":{"rendered":"Frei Vanderlei ser\u00e1 ordenado presb\u00edtero \u00e0s 18 hs"},"content":{"rendered":"<p>Com o lema \u201cNingu\u00e9m tem maior amor do que aquele que d\u00e1 a vida por seus amigos\u201d (Jo 15,13), Frei Vanderlei da Silva Neves ser\u00e1 ordenado presb\u00edtero neste\u00a016 de dezembro, no Convento e Santu\u00e1rio S\u00e3o Francisco, no centro de S\u00e3o Paulo. Ele ser\u00e1 ordenado pelo bispo diocesano de Osasco e seu confrade, Dom Jo\u00e3o Bosco Barbosa de Souza.<\/p>\n<p>Frei Vanderlei \u00e9 natural de S\u00e3o Paulo (SP), onde nasceu no dia 20 de agosto de 1982. Com 34 anos, \u00e9 filho de Maria do Socorro da Silva e Valdecy Pereira Neves e irm\u00e3o de Wagner. \u201cNa minha inf\u00e2ncia sempre fui incentivado, sobretudo pela minha m\u00e3e, a participar das missas. Na \u00e9poca, t\u00ednhamos um padre que destacava-se pelo seu jeito simples e acolhedor (Padre Nicolau), o que despertou minha admira\u00e7\u00e3o. Tamb\u00e9m tive a gra\u00e7a de ter dois catequistas que marcaram minha vida: Geraldo e Rafael. Os dois trabalhavam em equipe e falavam da Igreja e de Cristo de uma maneira que despertava o interesse dos catequizandos. Lembro-me de que era muito dif\u00edcil algu\u00e9m faltar \u00e0 catequese, tamanha a capacidade destes dois de fomentar a f\u00e9\u201d, conta Frei Vanderlei.<\/p>\n<p><img loading=\"lazy\" class=\"alignright size-full wp-image-147258\" src=\"http:\/\/franciscanos.org.br\/wp-content\/uploads\/2017\/12\/vanderlei-450.jpg\" alt=\"vanderlei-450\" width=\"450\" height=\"581\" \/>Segundo o frade, atrav\u00e9s de livros e artigos que pesquisava na Internet, conheceu a vida de S\u00e3o Francisco e \u201cquanto mais lia mais queria conhec\u00ea-la\u201d. \u201cH\u00e1 pouco mais de dez anos entrei para vida religiosa franciscana. Lembro-me de que senti muito medo em abra\u00e7ar definitivamente esta nova forma de vida. Tinha meu trabalho de que gostava muito\u201d, confessa o frade, que iniciou o acompanhamento vocacional no Convento S\u00e3o Francisco, em S\u00e3o Paulo, quando foi orientado por Frei Nazareno L\u00fcdtke.<\/p>\n<p>Frei Vanderlei ingressou no Aspirantado de Ituporanga em 2007 e no Postulantado em 2008, vestindo o h\u00e1bito franciscano em 2009. Cursou Filosofia de 2010 a 2012 em Rondinha e Teologia em Petr\u00f3polis, de 2013 a 2015, no Convento do Sagrado. \u201cEm 2016 fui transferido para Fraternidade S\u00e3o Francisco, em Campos El\u00edseos. Professei solenemente na Ordem dos Frades Menores em 6 de dezembro de 2014. Ap\u00f3s a conclus\u00e3o do curso de Teologia, fui transferido para Fraternidade S\u00e3o Lu\u00eds Gonzaga, em Xaxim, SC, onde fui ordenado di\u00e1cono no dia 23 de abril deste ano\u201d.<\/p>\n<p><strong>Site Franciscanos<\/strong> \u2013 <em>Como voc\u00ea define o minist\u00e9rio sacerdotal?<\/em><\/p>\n<p><strong>Frei Vanderlei<\/strong> &#8211; O sacerdote \u00e9 o ministro das a\u00e7\u00f5es salv\u00edficas. Pelo dom de oferecer o sacrif\u00edcio eucar\u00edstico do corpo e sangue do Senhor e pelo dom de anunciar o Evangelho, ele \u00e9 um canal da gra\u00e7a de Deus. O sacerdote \u00e9 aquele cuja miss\u00e3o consiste em doar-se a Cristo, \u00e0 Igreja, ao pr\u00f3ximo e, enquanto frade menor, doar-se \u00e0 Prov\u00edncia. Livremente ele encontra a raz\u00e3o do viver configurando o seu modo de ser e estar no mundo com Cristo, o Bom Pastor, modelo da caridade pastoral.<\/p>\n<p>Assim como Cristo assumiu nossa condi\u00e7\u00e3o humana para compadecer-se de n\u00f3s, aquele que \u00e9 chamado e aceita a miss\u00e3o de ser sacerdote entre seus irm\u00e3os deve fazer de sua vida um caminho de miseric\u00f3rdia que o leva a acolher o outro, como seu pr\u00f3ximo, e viver a experi\u00eancia do samaritano que se p\u00f5e em atitude de solidariedade diante do irm\u00e3o.<\/p>\n<p>O sacerdote, participante da a\u00e7\u00e3o de Cristo, \u00e9 convidado a revestir-se dele e tornar-se sinal vis\u00edvel do amor de Deus, na comunidade paroquial e na fraternidade em que est\u00e1 inserido; portador do amor bondoso, caridoso para com todos aqueles que dele se aproximarem.<\/p>\n<p><strong>Site Franciscanos<\/strong><em>\u00a0\u2013 Quais as suas expectativas como presb\u00edtero no Pontificado do Papa Francisco?<\/em><\/p>\n<p><strong>Frei Vanderlei<\/strong> &#8211; O Papa Francisco, com seu modo de ser, nos apresenta o Cristo como sendo o Bom Pastor, cabe\u00e7a da Igreja e modelo de sacerdote. A meu ver ,prop\u00f5e uma espiritualidade sacerdotal com dupla dimens\u00e3o, ativa e contemplativa, centrada na dedica\u00e7\u00e3o ao minist\u00e9rio, como Jesus, que, antes de manifestar seu amor e vida na Cruz, multiplicou e serviu os p\u00e3es para o povo faminto, chamando todos ao banquete da vida; saiu pelas ruas, convidando coxos, cegos, doentes, leprosos da sociedade para a grande festa do Reino, em um movimento que proclama em alta voz: \u201cMiseric\u00f3rdia \u00e9 o que Eu quero\u201d, cingiu-se de toalha e lavou os p\u00e9s daqueles que outrora estavam \u00e0s margens do mar da vida. Portanto, penso que uma das minhas expectativas enquanto presb\u00edtero \u00e9 sempre estar atento aos clamores do Cristo e em como encontrar a justa medida para anunciar na sociedade vigente o Cristo misericordioso a partir da espiritualidade e carisma franciscanos.<\/p>\n<p><a href=\"http:\/\/franciscanos.org.br\/wp-content\/uploads\/2017\/12\/vanderlei-830.jpg\"><img loading=\"lazy\" src=\"http:\/\/franciscanos.org.br\/wp-content\/uploads\/2017\/12\/vanderlei-830.jpg\" alt=\"vanderlei-830\" width=\"830\" height=\"515\" \/><\/a><\/p>\n","protected":false},"excerpt":{"rendered":"<p>Ordena\u00e7\u00e3o presbiteral<\/p>\n","protected":false},"author":1,"featured_media":207334,"comment_status":"open","ping_status":"open","sticky":false,"template":"","format":"standard","meta":[],"categories":[1],"tags":[1492,157],"acf":[],"yoast_head":"<!-- This site is optimized with the Yoast SEO plugin v19.2 - https:\/\/yoast.com\/wordpress\/plugins\/seo\/ -->\n<title>Frei Vanderlei ser\u00e1 ordenado presb\u00edtero \u00e0s 18 hs - Not\u00edcias - Franciscanos<\/title>\n<meta name=\"robots\" content=\"index, follow, max-snippet:-1, max-image-preview:large, max-video-preview:-1\" \/>\n<link rel=\"canonical\" href=\"https:\/\/franciscanos.org.br\/noticias\/frei-vanderlei-sera-ordenado-neste-sabado.html\" \/>\n<meta property=\"og:locale\" content=\"pt_BR\" \/>\n<meta property=\"og:type\" content=\"article\" \/>\n<meta property=\"og:title\" content=\"Frei Vanderlei ser\u00e1 ordenado presb\u00edtero \u00e0s 18 hs - Not\u00edcias - Franciscanos\" \/>\n<meta property=\"og:description\" content=\"Ordena\u00e7\u00e3o presbiteral\" \/>\n<meta property=\"og:url\" content=\"https:\/\/franciscanos.org.br\/noticias\/frei-vanderlei-sera-ordenado-neste-sabado.html\" \/>\n<meta property=\"og:site_name\" content=\"Not\u00edcias - Franciscanos\" \/>\n<meta property=\"article:published_time\" content=\"2017-12-16T10:40:30+00:00\" \/>\n<meta property=\"article:modified_time\" content=\"2023-01-10T12:34:39+00:00\" \/>\n<meta property=\"og:image\" content=\"https:\/\/franciscanos.org.br\/noticias\/wp-content\/uploads\/2017\/12\/vanderlei-450.jpg\" \/>\n\t<meta property=\"og:image:width\" content=\"273\" \/>\n\t<meta property=\"og:image:height\" content=\"181\" \/>\n\t<meta property=\"og:image:type\" content=\"image\/jpeg\" \/>\n<meta name=\"author\" content=\"admin\" \/>\n<meta name=\"twitter:card\" content=\"summary_large_image\" \/>\n<meta name=\"twitter:label1\" content=\"Escrito por\" \/>\n\t<meta name=\"twitter:data1\" content=\"admin\" \/>\n\t<meta name=\"twitter:label2\" content=\"Est. tempo de leitura\" \/>\n\t<meta name=\"twitter:data2\" content=\"4 minutos\" \/>\n<script type=\"application\/ld+json\" class=\"yoast-schema-graph\">{\"@context\":\"https:\/\/schema.org\",\"@graph\":[{\"@type\":\"WebSite\",\"@id\":\"https:\/\/franciscanos.org.br\/noticias\/#website\",\"url\":\"https:\/\/franciscanos.org.br\/noticias\/\",\"name\":\"Not\u00edcias - Franciscanos\",\"description\":\"Prov\u00edncia Franciscana da Imaculada Concei\u00e7\u00e3o do Brasil - Ordem dos Frades Menores - OFM\",\"potentialAction\":[{\"@type\":\"SearchAction\",\"target\":{\"@type\":\"EntryPoint\",\"urlTemplate\":\"https:\/\/franciscanos.org.br\/noticias\/?s={search_term_string}\"},\"query-input\":\"required name=search_term_string\"}],\"inLanguage\":\"pt-BR\"},{\"@type\":\"ImageObject\",\"inLanguage\":\"pt-BR\",\"@id\":\"https:\/\/franciscanos.org.br\/noticias\/frei-vanderlei-sera-ordenado-neste-sabado.html#primaryimage\",\"url\":\"https:\/\/franciscanos.org.br\/noticias\/wp-content\/uploads\/2017\/12\/vanderlei-450.jpg\",\"contentUrl\":\"https:\/\/franciscanos.org.br\/noticias\/wp-content\/uploads\/2017\/12\/vanderlei-450.jpg\",\"width\":273,\"height\":181},{\"@type\":\"WebPage\",\"@id\":\"https:\/\/franciscanos.org.br\/noticias\/frei-vanderlei-sera-ordenado-neste-sabado.html#webpage\",\"url\":\"https:\/\/franciscanos.org.br\/noticias\/frei-vanderlei-sera-ordenado-neste-sabado.html\",\"name\":\"Frei Vanderlei ser\u00e1 ordenado presb\u00edtero \u00e0s 18 hs - Not\u00edcias - Franciscanos\",\"isPartOf\":{\"@id\":\"https:\/\/franciscanos.org.br\/noticias\/#website\"},\"primaryImageOfPage\":{\"@id\":\"https:\/\/franciscanos.org.br\/noticias\/frei-vanderlei-sera-ordenado-neste-sabado.html#primaryimage\"},\"datePublished\":\"2017-12-16T10:40:30+00:00\",\"dateModified\":\"2023-01-10T12:34:39+00:00\",\"author\":{\"@id\":\"https:\/\/franciscanos.org.br\/noticias\/#\/schema\/person\/b38fbf43118f02820bd932f2e4b14ad3\"},\"breadcrumb\":{\"@id\":\"https:\/\/franciscanos.org.br\/noticias\/frei-vanderlei-sera-ordenado-neste-sabado.html#breadcrumb\"},\"inLanguage\":\"pt-BR\",\"potentialAction\":[{\"@type\":\"ReadAction\",\"target\":[\"https:\/\/franciscanos.org.br\/noticias\/frei-vanderlei-sera-ordenado-neste-sabado.html\"]}]},{\"@type\":\"BreadcrumbList\",\"@id\":\"https:\/\/franciscanos.org.br\/noticias\/frei-vanderlei-sera-ordenado-neste-sabado.html#breadcrumb\",\"itemListElement\":[{\"@type\":\"ListItem\",\"position\":1,\"name\":\"Home\",\"item\":\"https:\/\/franciscanos.org.br\/noticias\"},{\"@type\":\"ListItem\",\"position\":2,\"name\":\"Frei Vanderlei ser\u00e1 ordenado presb\u00edtero \u00e0s 18 hs\"}]},{\"@type\":\"Person\",\"@id\":\"https:\/\/franciscanos.org.br\/noticias\/#\/schema\/person\/b38fbf43118f02820bd932f2e4b14ad3\",\"name\":\"admin\",\"image\":{\"@type\":\"ImageObject\",\"inLanguage\":\"pt-BR\",\"@id\":\"https:\/\/franciscanos.org.br\/noticias\/#\/schema\/person\/image\/\",\"url\":\"https:\/\/secure.gravatar.com\/avatar\/e8495742d34d0ba6448ea1c628263b3e?s=96&d=mm&r=g\",\"contentUrl\":\"https:\/\/secure.gravatar.com\/avatar\/e8495742d34d0ba6448ea1c628263b3e?s=96&d=mm&r=g\",\"caption\":\"admin\"},\"url\":\"https:\/\/franciscanos.org.br\/noticias\/author\/admin\"}]}<\/script>\n<!-- \/ Yoast SEO plugin. -->","yoast_head_json":{"title":"Frei Vanderlei ser\u00e1 ordenado presb\u00edtero \u00e0s 18 hs - Not\u00edcias - Franciscanos","robots":{"index":"index","follow":"follow","max-snippet":"max-snippet:-1","max-image-preview":"max-image-preview:large","max-video-preview":"max-video-preview:-1"},"canonical":"https:\/\/franciscanos.org.br\/noticias\/frei-vanderlei-sera-ordenado-neste-sabado.html","og_locale":"pt_BR","og_type":"article","og_title":"Frei Vanderlei ser\u00e1 ordenado presb\u00edtero \u00e0s 18 hs - Not\u00edcias - Franciscanos","og_description":"Ordena\u00e7\u00e3o presbiteral","og_url":"https:\/\/franciscanos.org.br\/noticias\/frei-vanderlei-sera-ordenado-neste-sabado.html","og_site_name":"Not\u00edcias - Franciscanos","article_published_time":"2017-12-16T10:40:30+00:00","article_modified_time":"2023-01-10T12:34:39+00:00","og_image":[{"width":273,"height":181,"url":"https:\/\/franciscanos.org.br\/noticias\/wp-content\/uploads\/2017\/12\/vanderlei-450.jpg","type":"image\/jpeg"}],"author":"admin","twitter_card":"summary_large_image","twitter_misc":{"Escrito por":"admin","Est. tempo de leitura":"4 minutos"},"schema":{"@context":"https:\/\/schema.org","@graph":[{"@type":"WebSite","@id":"https:\/\/franciscanos.org.br\/noticias\/#website","url":"https:\/\/franciscanos.org.br\/noticias\/","name":"Not\u00edcias - Franciscanos","description":"Prov\u00edncia Franciscana da Imaculada Concei\u00e7\u00e3o do Brasil - Ordem dos Frades Menores - OFM","potentialAction":[{"@type":"SearchAction","target":{"@type":"EntryPoint","urlTemplate":"https:\/\/franciscanos.org.br\/noticias\/?s={search_term_string}"},"query-input":"required name=search_term_string"}],"inLanguage":"pt-BR"},{"@type":"ImageObject","inLanguage":"pt-BR","@id":"https:\/\/franciscanos.org.br\/noticias\/frei-vanderlei-sera-ordenado-neste-sabado.html#primaryimage","url":"https:\/\/franciscanos.org.br\/noticias\/wp-content\/uploads\/2017\/12\/vanderlei-450.jpg","contentUrl":"https:\/\/franciscanos.org.br\/noticias\/wp-content\/uploads\/2017\/12\/vanderlei-450.jpg","width":273,"height":181},{"@type":"WebPage","@id":"https:\/\/franciscanos.org.br\/noticias\/frei-vanderlei-sera-ordenado-neste-sabado.html#webpage","url":"https:\/\/franciscanos.org.br\/noticias\/frei-vanderlei-sera-ordenado-neste-sabado.html","name":"Frei Vanderlei ser\u00e1 ordenado presb\u00edtero \u00e0s 18 hs - Not\u00edcias - Franciscanos","isPartOf":{"@id":"https:\/\/franciscanos.org.br\/noticias\/#website"},"primaryImageOfPage":{"@id":"https:\/\/franciscanos.org.br\/noticias\/frei-vanderlei-sera-ordenado-neste-sabado.html#primaryimage"},"datePublished":"2017-12-16T10:40:30+00:00","dateModified":"2023-01-10T12:34:39+00:00","author":{"@id":"https:\/\/franciscanos.org.br\/noticias\/#\/schema\/person\/b38fbf43118f02820bd932f2e4b14ad3"},"breadcrumb":{"@id":"https:\/\/franciscanos.org.br\/noticias\/frei-vanderlei-sera-ordenado-neste-sabado.html#breadcrumb"},"inLanguage":"pt-BR","potentialAction":[{"@type":"ReadAction","target":["https:\/\/franciscanos.org.br\/noticias\/frei-vanderlei-sera-ordenado-neste-sabado.html"]}]},{"@type":"BreadcrumbList","@id":"https:\/\/franciscanos.org.br\/noticias\/frei-vanderlei-sera-ordenado-neste-sabado.html#breadcrumb","itemListElement":[{"@type":"ListItem","position":1,"name":"Home","item":"https:\/\/franciscanos.org.br\/noticias"},{"@type":"ListItem","position":2,"name":"Frei Vanderlei ser\u00e1 ordenado presb\u00edtero \u00e0s 18 hs"}]},{"@type":"Person","@id":"https:\/\/franciscanos.org.br\/noticias\/#\/schema\/person\/b38fbf43118f02820bd932f2e4b14ad3","name":"admin","image":{"@type":"ImageObject","inLanguage":"pt-BR","@id":"https:\/\/franciscanos.org.br\/noticias\/#\/schema\/person\/image\/","url":"https:\/\/secure.gravatar.com\/avatar\/e8495742d34d0ba6448ea1c628263b3e?s=96&d=mm&r=g","contentUrl":"https:\/\/secure.gravatar.com\/avatar\/e8495742d34d0ba6448ea1c628263b3e?s=96&d=mm&r=g","caption":"admin"},"url":"https:\/\/franciscanos.org.br\/noticias\/author\/admin"}]}},"_links":{"self":[{"href":"https:\/\/franciscanos.org.br\/noticias\/wp-json\/wp\/v2\/posts\/147257"}],"collection":[{"href":"https:\/\/franciscanos.org.br\/noticias\/wp-json\/wp\/v2\/posts"}],"about":[{"href":"https:\/\/franciscanos.org.br\/noticias\/wp-json\/wp\/v2\/types\/post"}],"author":[{"embeddable":true,"href":"https:\/\/franciscanos.org.br\/noticias\/wp-json\/wp\/v2\/users\/1"}],"replies":[{"embeddable":true,"href":"https:\/\/franciscanos.org.br\/noticias\/wp-json\/wp\/v2\/comments?post=147257"}],"version-history":[{"count":1,"href":"https:\/\/franciscanos.org.br\/noticias\/wp-json\/wp\/v2\/posts\/147257\/revisions"}],"predecessor-version":[{"id":241664,"href":"https:\/\/franciscanos.org.br\/noticias\/wp-json\/wp\/v2\/posts\/147257\/revisions\/241664"}],"wp:featuredmedia":[{"embeddable":true,"href":"https:\/\/franciscanos.org.br\/noticias\/wp-json\/wp\/v2\/media\/207334"}],"wp:attachment":[{"href":"https:\/\/franciscanos.org.br\/noticias\/wp-json\/wp\/v2\/media?parent=147257"}],"wp:term":[{"taxonomy":"category","embeddable":true,"href":"https:\/\/franciscanos.org.br\/noticias\/wp-json\/wp\/v2\/categories?post=147257"},{"taxonomy":"post_tag","embeddable":true,"href":"https:\/\/franciscanos.org.br\/noticias\/wp-json\/wp\/v2\/tags?post=147257"}],"curies":[{"name":"wp","href":"https:\/\/api.w.org\/{rel}","templated":true}]}}