{"id":147201,"date":"2017-12-11T09:48:25","date_gmt":"2017-12-11T11:48:25","guid":{"rendered":"http:\/\/franciscanos.org.br\/?p=147201"},"modified":"2020-06-08T15:37:27","modified_gmt":"2020-06-08T18:37:27","slug":"e-preciso-deixar-se-consolar-pelo-senhor","status":"publish","type":"post","link":"https:\/\/franciscanos.org.br\/noticias\/e-preciso-deixar-se-consolar-pelo-senhor.html","title":{"rendered":"\u00c9 preciso deixar-se consolar pelo Senhor"},"content":{"rendered":"<p><img loading=\"lazy\" src=\"http:\/\/franciscanos.org.br\/wp-content\/uploads\/2017\/12\/papa_111217.jpg\" alt=\"papa_111217\" width=\"830\" height=\"401\" \/><br \/>\n<strong>Cidade do Vaticano<\/strong> \u2013 O Papa iniciou a segunda-feira (11\/12) presidindo a missa na capela de sua resid\u00eancia, a Casa Santa Marta. Em sua homilia, Francisco comentou a primeira leitura, extra\u00edda do Profeta Isa\u00edas (Is 35,1-10), na qual o Senhor promete ao seu povo a consola\u00e7\u00e3o. \u201cO Senhor veio para nos consolar\u201d, afirmou o Papa, acrescentando que \u201cmuitas vezes a consola\u00e7\u00e3o do Senhor nos parece uma maravilha\u201d.<\/p>\n<p>\u201cMas n\u00e3o \u00e9 f\u00e1cil deixar-se consolar; \u00e9 mais f\u00e1cil consolar os outros do que deixar-se consolar. Porque, muitas vezes, n\u00f3s ficamos presos ao negativo, ficamos presos \u00e0 ferida do pecado dentro de n\u00f3s e, muitas vezes, h\u00e1 a prefer\u00eancia por permanecer ali, sozinho, ou seja, na cama, como aquele do Evangelho, isolado, ali, e n\u00e3o levantar-se. \u201cLevante-se\u201d \u00e9 a palavra de Jesus, sempre: \u2018Levante-se\u201d.<br \/>\nO problema \u00e9 que no \u201cnegativo somos donos\u201d , porque temos dentro a ferida do pecado, enquanto \u201cno positivo somos mendicantes\u201d e n\u00e3o gostamos de mendigar a consola\u00e7\u00e3o.<\/p>\n<p>Francisco usou dois exemplos: quando se prefere \u201co rancor\u201d e \u201ccozinhamos os nossos sentimentos\u201d na canja do ressentimento, quando h\u00e1 um cora\u00e7\u00e3o amargo\u201d, quando o nosso tesouro \u00e9 a nossa amargura. Ele citou o paral\u00edtico da piscina de Silo\u00e9: 38 anos com a sua amargura dizendo que quando as \u00e1guas se mexiam ningu\u00e9m o ajudava. \u201cPara esses cora\u00e7\u00f5es amargos, \u00e9 mais belo o amargo do que o doce\u201d, muitas pessoas preferem isso: \u201craiz amarga\u201d, \u201cque nos leva com a mem\u00f3ria ao pecado original. E este \u00e9 justamente um modo para n\u00e3o deixar-se consolar.<\/p>\n<p>E depois a amargura \u201csempre nos leva a express\u00f5es de lamenta\u00e7\u00e3o\u201d: os homens que se lamentam diante de Deus ao inv\u00e9s de louv\u00e1-lo: lamenta\u00e7\u00f5es como m\u00fasica que acompanha a vida.<br \/>\nO Papa cita o Profeta Jonas, \u201cpr\u00eamio Nobel das lamenta\u00e7\u00f5es\u201d , que fugiu de Deus porque se queixava que o Senhor lhe faria algo, mas acabou afogando e engolido pelo peixe e, depois, voltou para a miss\u00e3o. E ao inv\u00e9s de alegrar-se pela convers\u00e3o das pessoas, se lamentava porque Deus as salvava. \u201cTamb\u00e9m nas lamenta\u00e7\u00f5es h\u00e1 coisas contradit\u00f3rias\u201d, evidenciou o Pont\u00edfice, contando que conheceu um bom sacerdote que, por\u00e9m, se lamentava de tudo: \u201ctinha a qualidade de encontrar a mosca no leite\u201d ou o pelo no ovo, como dir\u00edamos em portugu\u00eas: \u201cEra um bom sacerdote, no confession\u00e1rio diziam que era muito misericordioso, era idoso e os seus companheiros de presbit\u00e9rio imaginavam como seria a sua morte e sua chegada ao c\u00e9u: \u2018A primeira coisa que diria a S\u00e3o Pedro, ao inv\u00e9s de saud\u00e1-lo, seria: \u2018Onde est\u00e1 o inferno?\u2019, sempre o negativo. E S\u00e3o Pedro lhe mostraria o inferno. E depois\u2026: \u2018Mas quantos condenados existem? &#8211; \u2018Somente um\u2019- \u2018Ah, que desastre a reden\u00e7\u00e3o\u2026\u201d. Sempre&#8230; isso acontece. E diante da amargura, do rancor, das lamenta\u00e7\u00f5es, a palavra da Igreja de hoje \u00e9 &#8216;coragem&#8217;, &#8216;coragem&#8217;\u201d.<\/p>\n<p>Isa\u00edas convida \u00e0 coragem, porque Deus \u2018vem te salvar\u2019, recorda. Em seguida, o Papa dirige seu pensamento ao Evangelho do dia: quando algumas pessoas v\u00e3o ao teto porque havia muita gente e descem o paral\u00edtico para coloc\u00e1-lo diante de Jesus. N\u00e3o tinham pensado que ali estavam os escribas ou outros, queriam somente a cura daquele homem.<\/p>\n<p>A mensagem da Liturgia de hoje \u2013 conclui o Papa \u2013 \u00e9 o de se deixar consolar pelo Senhor. \u201cE n\u00e3o \u00e9 f\u00e1cil porque para deixar-se consolar pelo Senhor \u00e9 preciso despojar-se de nossos ego\u00edsmos, daquelas coisas que s\u00e3o o pr\u00f3prio tesouro, como as amarguras, as reclama\u00e7\u00f5es, tantas coisas. Faria bem hoje se cada um de n\u00f3s fizesse um exame de consci\u00eancia: como est\u00e1 o meu cora\u00e7\u00e3o? Tem amarguras? Alguma tristeza? Como vai a minha linguagem? \u00c9 de louvor a Deus, de beleza, ou sempre de lamenta\u00e7\u00f5es? E depois, pedir ao Senhor a gra\u00e7a da coragem &#8211; porque na coragem Ele vem nos consolar \u2013 e pedir-Lhe: Senhor: venha nos consolar\u201d.<\/p>\n<hr \/>\n<p><em>Fonte: Vatican News<\/em><\/p>\n","protected":false},"excerpt":{"rendered":"<p>Missa em Santa Marta<\/p>\n","protected":false},"author":1,"featured_media":221548,"comment_status":"open","ping_status":"open","sticky":false,"template":"","format":"standard","meta":[],"categories":[1428],"tags":[1586],"acf":[],"yoast_head":"<!-- This site is optimized with the Yoast SEO plugin v19.2 - https:\/\/yoast.com\/wordpress\/plugins\/seo\/ -->\n<title>\u00c9 preciso deixar-se consolar pelo Senhor - Not\u00edcias - Franciscanos<\/title>\n<meta name=\"robots\" content=\"index, follow, max-snippet:-1, max-image-preview:large, max-video-preview:-1\" \/>\n<link rel=\"canonical\" href=\"https:\/\/franciscanos.org.br\/noticias\/e-preciso-deixar-se-consolar-pelo-senhor.html\" \/>\n<meta property=\"og:locale\" content=\"pt_BR\" \/>\n<meta property=\"og:type\" content=\"article\" \/>\n<meta property=\"og:title\" content=\"\u00c9 preciso deixar-se consolar pelo Senhor - Not\u00edcias - Franciscanos\" \/>\n<meta property=\"og:description\" content=\"Missa em Santa Marta\" \/>\n<meta property=\"og:url\" content=\"https:\/\/franciscanos.org.br\/noticias\/e-preciso-deixar-se-consolar-pelo-senhor.html\" \/>\n<meta property=\"og:site_name\" content=\"Not\u00edcias - Franciscanos\" \/>\n<meta property=\"article:published_time\" content=\"2017-12-11T11:48:25+00:00\" \/>\n<meta property=\"article:modified_time\" content=\"2020-06-08T18:37:27+00:00\" \/>\n<meta property=\"og:image\" content=\"https:\/\/franciscanos.org.br\/noticias\/wp-content\/uploads\/2017\/12\/papa_marta_0503.jpg\" \/>\n\t<meta property=\"og:image:width\" content=\"273\" \/>\n\t<meta property=\"og:image:height\" content=\"181\" \/>\n\t<meta property=\"og:image:type\" content=\"image\/jpeg\" \/>\n<meta name=\"author\" content=\"admin\" \/>\n<meta name=\"twitter:card\" content=\"summary_large_image\" \/>\n<meta name=\"twitter:label1\" content=\"Escrito por\" \/>\n\t<meta name=\"twitter:data1\" content=\"admin\" \/>\n\t<meta name=\"twitter:label2\" content=\"Est. tempo de leitura\" \/>\n\t<meta name=\"twitter:data2\" content=\"3 minutos\" \/>\n<script type=\"application\/ld+json\" class=\"yoast-schema-graph\">{\"@context\":\"https:\/\/schema.org\",\"@graph\":[{\"@type\":\"WebSite\",\"@id\":\"https:\/\/franciscanos.org.br\/noticias\/#website\",\"url\":\"https:\/\/franciscanos.org.br\/noticias\/\",\"name\":\"Not\u00edcias - Franciscanos\",\"description\":\"Prov\u00edncia Franciscana da Imaculada Concei\u00e7\u00e3o do Brasil - Ordem dos Frades Menores - OFM\",\"potentialAction\":[{\"@type\":\"SearchAction\",\"target\":{\"@type\":\"EntryPoint\",\"urlTemplate\":\"https:\/\/franciscanos.org.br\/noticias\/?s={search_term_string}\"},\"query-input\":\"required name=search_term_string\"}],\"inLanguage\":\"pt-BR\"},{\"@type\":\"ImageObject\",\"inLanguage\":\"pt-BR\",\"@id\":\"https:\/\/franciscanos.org.br\/noticias\/e-preciso-deixar-se-consolar-pelo-senhor.html#primaryimage\",\"url\":\"https:\/\/franciscanos.org.br\/noticias\/wp-content\/uploads\/2017\/12\/papa_marta_0503.jpg\",\"contentUrl\":\"https:\/\/franciscanos.org.br\/noticias\/wp-content\/uploads\/2017\/12\/papa_marta_0503.jpg\",\"width\":273,\"height\":181},{\"@type\":\"WebPage\",\"@id\":\"https:\/\/franciscanos.org.br\/noticias\/e-preciso-deixar-se-consolar-pelo-senhor.html#webpage\",\"url\":\"https:\/\/franciscanos.org.br\/noticias\/e-preciso-deixar-se-consolar-pelo-senhor.html\",\"name\":\"\u00c9 preciso deixar-se consolar pelo Senhor - Not\u00edcias - Franciscanos\",\"isPartOf\":{\"@id\":\"https:\/\/franciscanos.org.br\/noticias\/#website\"},\"primaryImageOfPage\":{\"@id\":\"https:\/\/franciscanos.org.br\/noticias\/e-preciso-deixar-se-consolar-pelo-senhor.html#primaryimage\"},\"datePublished\":\"2017-12-11T11:48:25+00:00\",\"dateModified\":\"2020-06-08T18:37:27+00:00\",\"author\":{\"@id\":\"https:\/\/franciscanos.org.br\/noticias\/#\/schema\/person\/b38fbf43118f02820bd932f2e4b14ad3\"},\"breadcrumb\":{\"@id\":\"https:\/\/franciscanos.org.br\/noticias\/e-preciso-deixar-se-consolar-pelo-senhor.html#breadcrumb\"},\"inLanguage\":\"pt-BR\",\"potentialAction\":[{\"@type\":\"ReadAction\",\"target\":[\"https:\/\/franciscanos.org.br\/noticias\/e-preciso-deixar-se-consolar-pelo-senhor.html\"]}]},{\"@type\":\"BreadcrumbList\",\"@id\":\"https:\/\/franciscanos.org.br\/noticias\/e-preciso-deixar-se-consolar-pelo-senhor.html#breadcrumb\",\"itemListElement\":[{\"@type\":\"ListItem\",\"position\":1,\"name\":\"Home\",\"item\":\"https:\/\/franciscanos.org.br\/noticias\"},{\"@type\":\"ListItem\",\"position\":2,\"name\":\"\u00c9 preciso deixar-se consolar pelo Senhor\"}]},{\"@type\":\"Person\",\"@id\":\"https:\/\/franciscanos.org.br\/noticias\/#\/schema\/person\/b38fbf43118f02820bd932f2e4b14ad3\",\"name\":\"admin\",\"image\":{\"@type\":\"ImageObject\",\"inLanguage\":\"pt-BR\",\"@id\":\"https:\/\/franciscanos.org.br\/noticias\/#\/schema\/person\/image\/\",\"url\":\"https:\/\/secure.gravatar.com\/avatar\/e8495742d34d0ba6448ea1c628263b3e?s=96&d=mm&r=g\",\"contentUrl\":\"https:\/\/secure.gravatar.com\/avatar\/e8495742d34d0ba6448ea1c628263b3e?s=96&d=mm&r=g\",\"caption\":\"admin\"},\"url\":\"https:\/\/franciscanos.org.br\/noticias\/author\/admin\"}]}<\/script>\n<!-- \/ Yoast SEO plugin. -->","yoast_head_json":{"title":"\u00c9 preciso deixar-se consolar pelo Senhor - Not\u00edcias - Franciscanos","robots":{"index":"index","follow":"follow","max-snippet":"max-snippet:-1","max-image-preview":"max-image-preview:large","max-video-preview":"max-video-preview:-1"},"canonical":"https:\/\/franciscanos.org.br\/noticias\/e-preciso-deixar-se-consolar-pelo-senhor.html","og_locale":"pt_BR","og_type":"article","og_title":"\u00c9 preciso deixar-se consolar pelo Senhor - Not\u00edcias - Franciscanos","og_description":"Missa em Santa Marta","og_url":"https:\/\/franciscanos.org.br\/noticias\/e-preciso-deixar-se-consolar-pelo-senhor.html","og_site_name":"Not\u00edcias - Franciscanos","article_published_time":"2017-12-11T11:48:25+00:00","article_modified_time":"2020-06-08T18:37:27+00:00","og_image":[{"width":273,"height":181,"url":"https:\/\/franciscanos.org.br\/noticias\/wp-content\/uploads\/2017\/12\/papa_marta_0503.jpg","type":"image\/jpeg"}],"author":"admin","twitter_card":"summary_large_image","twitter_misc":{"Escrito por":"admin","Est. tempo de leitura":"3 minutos"},"schema":{"@context":"https:\/\/schema.org","@graph":[{"@type":"WebSite","@id":"https:\/\/franciscanos.org.br\/noticias\/#website","url":"https:\/\/franciscanos.org.br\/noticias\/","name":"Not\u00edcias - Franciscanos","description":"Prov\u00edncia Franciscana da Imaculada Concei\u00e7\u00e3o do Brasil - Ordem dos Frades Menores - OFM","potentialAction":[{"@type":"SearchAction","target":{"@type":"EntryPoint","urlTemplate":"https:\/\/franciscanos.org.br\/noticias\/?s={search_term_string}"},"query-input":"required name=search_term_string"}],"inLanguage":"pt-BR"},{"@type":"ImageObject","inLanguage":"pt-BR","@id":"https:\/\/franciscanos.org.br\/noticias\/e-preciso-deixar-se-consolar-pelo-senhor.html#primaryimage","url":"https:\/\/franciscanos.org.br\/noticias\/wp-content\/uploads\/2017\/12\/papa_marta_0503.jpg","contentUrl":"https:\/\/franciscanos.org.br\/noticias\/wp-content\/uploads\/2017\/12\/papa_marta_0503.jpg","width":273,"height":181},{"@type":"WebPage","@id":"https:\/\/franciscanos.org.br\/noticias\/e-preciso-deixar-se-consolar-pelo-senhor.html#webpage","url":"https:\/\/franciscanos.org.br\/noticias\/e-preciso-deixar-se-consolar-pelo-senhor.html","name":"\u00c9 preciso deixar-se consolar pelo Senhor - Not\u00edcias - Franciscanos","isPartOf":{"@id":"https:\/\/franciscanos.org.br\/noticias\/#website"},"primaryImageOfPage":{"@id":"https:\/\/franciscanos.org.br\/noticias\/e-preciso-deixar-se-consolar-pelo-senhor.html#primaryimage"},"datePublished":"2017-12-11T11:48:25+00:00","dateModified":"2020-06-08T18:37:27+00:00","author":{"@id":"https:\/\/franciscanos.org.br\/noticias\/#\/schema\/person\/b38fbf43118f02820bd932f2e4b14ad3"},"breadcrumb":{"@id":"https:\/\/franciscanos.org.br\/noticias\/e-preciso-deixar-se-consolar-pelo-senhor.html#breadcrumb"},"inLanguage":"pt-BR","potentialAction":[{"@type":"ReadAction","target":["https:\/\/franciscanos.org.br\/noticias\/e-preciso-deixar-se-consolar-pelo-senhor.html"]}]},{"@type":"BreadcrumbList","@id":"https:\/\/franciscanos.org.br\/noticias\/e-preciso-deixar-se-consolar-pelo-senhor.html#breadcrumb","itemListElement":[{"@type":"ListItem","position":1,"name":"Home","item":"https:\/\/franciscanos.org.br\/noticias"},{"@type":"ListItem","position":2,"name":"\u00c9 preciso deixar-se consolar pelo Senhor"}]},{"@type":"Person","@id":"https:\/\/franciscanos.org.br\/noticias\/#\/schema\/person\/b38fbf43118f02820bd932f2e4b14ad3","name":"admin","image":{"@type":"ImageObject","inLanguage":"pt-BR","@id":"https:\/\/franciscanos.org.br\/noticias\/#\/schema\/person\/image\/","url":"https:\/\/secure.gravatar.com\/avatar\/e8495742d34d0ba6448ea1c628263b3e?s=96&d=mm&r=g","contentUrl":"https:\/\/secure.gravatar.com\/avatar\/e8495742d34d0ba6448ea1c628263b3e?s=96&d=mm&r=g","caption":"admin"},"url":"https:\/\/franciscanos.org.br\/noticias\/author\/admin"}]}},"_links":{"self":[{"href":"https:\/\/franciscanos.org.br\/noticias\/wp-json\/wp\/v2\/posts\/147201"}],"collection":[{"href":"https:\/\/franciscanos.org.br\/noticias\/wp-json\/wp\/v2\/posts"}],"about":[{"href":"https:\/\/franciscanos.org.br\/noticias\/wp-json\/wp\/v2\/types\/post"}],"author":[{"embeddable":true,"href":"https:\/\/franciscanos.org.br\/noticias\/wp-json\/wp\/v2\/users\/1"}],"replies":[{"embeddable":true,"href":"https:\/\/franciscanos.org.br\/noticias\/wp-json\/wp\/v2\/comments?post=147201"}],"version-history":[{"count":1,"href":"https:\/\/franciscanos.org.br\/noticias\/wp-json\/wp\/v2\/posts\/147201\/revisions"}],"predecessor-version":[{"id":225161,"href":"https:\/\/franciscanos.org.br\/noticias\/wp-json\/wp\/v2\/posts\/147201\/revisions\/225161"}],"wp:featuredmedia":[{"embeddable":true,"href":"https:\/\/franciscanos.org.br\/noticias\/wp-json\/wp\/v2\/media\/221548"}],"wp:attachment":[{"href":"https:\/\/franciscanos.org.br\/noticias\/wp-json\/wp\/v2\/media?parent=147201"}],"wp:term":[{"taxonomy":"category","embeddable":true,"href":"https:\/\/franciscanos.org.br\/noticias\/wp-json\/wp\/v2\/categories?post=147201"},{"taxonomy":"post_tag","embeddable":true,"href":"https:\/\/franciscanos.org.br\/noticias\/wp-json\/wp\/v2\/tags?post=147201"}],"curies":[{"name":"wp","href":"https:\/\/api.w.org\/{rel}","templated":true}]}}