{"id":147028,"date":"2017-12-08T10:00:50","date_gmt":"2017-12-08T12:00:50","guid":{"rendered":"http:\/\/franciscanos.org.br\/?p=147028"},"modified":"2020-06-08T15:38:50","modified_gmt":"2020-06-08T18:38:50","slug":"maria-unico-oasis-sempre-verde-da-humanidade","status":"publish","type":"post","link":"https:\/\/franciscanos.org.br\/noticias\/maria-unico-oasis-sempre-verde-da-humanidade.html","title":{"rendered":"Maria, \u00fanico \u201co\u00e1sis sempre verde\u201d da humanidade"},"content":{"rendered":"<p><img loading=\"lazy\" src=\"http:\/\/franciscanos.org.br\/wp-content\/uploads\/2017\/12\/angelus_081217.jpg\" alt=\"angelus_081217\" width=\"830\" height=\"401\" \/><br \/>\n<strong>Cidade do Vaticano<\/strong> \u2013 Que Maria nos ajude \u201ca permanecer jovens, dizendo \u201cn\u00e3o\u201d ao pecado, e a viver uma vida bela, dizendo \u201csim a Deus\u201d\u201d. Intimidade com a Palavra de Deus, \u201cpr\u00f3xima ao seu cora\u00e7\u00e3o\u201d e que depois \u201cfez-se carne em seu ventre\u201d. Este \u00e9 o segredo de Maria para ter uma vida bela, apesar dos medos e preocupa\u00e7\u00f5es, disse o Papa em sua alocu\u00e7\u00e3o, que precedeu a ora\u00e7\u00e3o do Angelus na Solenidade da Imaculada Concei\u00e7\u00e3o.<\/p>\n<p>\u201cCheia de gra\u00e7a\u201d, \u201ccriada pela gra\u00e7a\u201d, uma palavra dif\u00edcil de traduzir \u2013 disse Francisco \u2013 ao comentar a anuncia\u00e7\u00e3o do anjo a Maria narrada no Evangelho de Lucas.<\/p>\n<p>\u201cAntes de cham\u00e1-la Maria, a chama cheia de gra\u00e7a \u2013 disse o Papa aos fi\u00e9is reunidos na grande Pra\u00e7a S\u00e3o Pedro &#8211; e assim revela o novo nome que Deus deu a ela e que se adapta melhor do que o nome dado pelos seus pais. Tamb\u00e9m n\u00f3s a chamamos assim, em cada Ave Maria\u201d.<\/p>\n<p>Mas, o que quer dizer cheia de gra\u00e7a? \u201cQue Maria \u00e9 repleta da presen\u00e7a de Deus. E se \u00e9 totalmente habitada por Deus, nela n\u00e3o h\u00e1 lugar para o pecado. \u00c9 uma coisa extraordin\u00e1ria, porque tudo no mundo, infelizmente, \u00e9 contaminado pelo mal. Cada um de n\u00f3s, olhando-se dentro, v\u00ea lados obscuros. Tamb\u00e9m os maiores santos eram pecadores e todas as realidades, at\u00e9 mesmo as mais belas, s\u00e3o atingidas pelo mal: todas, exceto Maria\u201d.<\/p>\n<p>Ela \u00e9 o \u00fanico \u201co\u00e1sis sempre verde\u201d da humanidade \u2013 completou o Papa &#8211; \u201ca \u00fanica incontaminada, criada imaculada para acolher plenamente, com o seu \u201csim\u201d, Deus que vem ao mundo e come\u00e7ar assim uma hist\u00f3ria nova\u201d.<\/p>\n<p>Ao dizer a Maria \u201ccheia de gra\u00e7a\u201d, tamb\u00e9m estamos fazendo a ela de forma elegante um elogio \u00e0 tenra idade que aparenta ter, pois ela \u201cnunca envelheceu pelo pecado\u201d, disse o Santo Padre, que acrescentou: \u201cExiste uma \u00fanica coisa que faz realmente envelhecer: n\u00e3o a idade, mas o pecado. O pecado torna velhos, porque atrofia o cora\u00e7\u00e3o. Fecha-o, torna-o inerte, o faz murchar. Mas a cheia de gra\u00e7a \u00e9 vazia de pecado. Ent\u00e3o \u00e9 sempre jovem, \u00e9 \u201cmais jovem do que pecado\u201d, \u00e9 \u201ca mais jovem do g\u00eanero humano\u201d.<\/p>\n<p>A Igreja hoje se regozija em Maria, chamando-a toda bela, <em>tota pulchra<\/em>: \u201cComo a sua juventude n\u00e3o est\u00e1 na idade, assim a sua beleza n\u00e3o consiste na apar\u00eancia. Maria, como mostra o Evangelho de hoje, n\u00e3o se sobressai em apar\u00eancia: de fam\u00edlia simples, vivia humildemente em Nazar\u00e9, uma cidadezinha quase desconhecida\u201d.<\/p>\n<p>&#8220;Maria n\u00e3o era uma mulher famosa&#8221;, ningu\u00e9m soube quando o anjo a visitou, \u201cnaquele dia n\u00e3o estava ali nenhum rep\u00f3rter\u201d, observou Francisco. Ela teve preocupa\u00e7\u00f5es e temor, mas sua vida era bela. E qual era o seu segredo?, pergunta-se o Papa, que explicou: \u201cA Palavra de Deus era o seu segredo: pr\u00f3xima ao seu cora\u00e7\u00e3o, fez-se depois carne em seu ventre. Permanecendo com Deus, dialogando com Ele em toda circunst\u00e2ncia, Maria tornou bela a sua vida. N\u00e3o a apar\u00eancia, n\u00e3o aquilo que passa, mas o cora\u00e7\u00e3o voltado para Deus faz a vida bela\u201d.<\/p>\n<p>Ao concluir, o Papa pediu que olh\u00e1ssemos hoje \u201ccom alegria para a \u201ccheia de gra\u00e7a\u201d. Pe\u00e7amos a ela para ajudar-nos a permanecer jovens, dizendo \u201cn\u00e3o\u201d ao pecado, e a viver uma vida bela, dizendo \u201csim a Deus\u201d\u201d.<\/p>\n<p>Ao saudar os peregrinos presentes na Pra\u00e7a S\u00e3o Pedro, \u201cespecialmente as fam\u00edlias e os grupos paroquiais\u201d, Francisco recordou que na tarde desta sexta-feira, vai \u00e0 Pra\u00e7a de Espanha, \u201cpara renovar o tradicional ato de homenagem e de ora\u00e7\u00e3o aos p\u00e9s do monumento \u00e0 Imaculada. Pe\u00e7o a voc\u00eas para unirem-se espiritualmente a mim neste gesto, que expressa a devo\u00e7\u00e3o filial a nossa M\u00e3e celeste\u201d.<\/p>\n<hr \/>\n<p><em>Fonte: Vatican News<\/em><\/p>\n","protected":false},"excerpt":{"rendered":"<p>Angelus<\/p>\n","protected":false},"author":1,"featured_media":213303,"comment_status":"open","ping_status":"open","sticky":false,"template":"","format":"standard","meta":[],"categories":[1428],"tags":[403],"acf":[],"yoast_head":"<!-- This site is optimized with the Yoast SEO plugin v19.2 - https:\/\/yoast.com\/wordpress\/plugins\/seo\/ -->\n<title>Maria, \u00fanico \u201co\u00e1sis sempre verde\u201d da humanidade - Not\u00edcias - Franciscanos<\/title>\n<meta name=\"robots\" content=\"index, follow, max-snippet:-1, max-image-preview:large, max-video-preview:-1\" \/>\n<link rel=\"canonical\" href=\"https:\/\/franciscanos.org.br\/noticias\/maria-unico-oasis-sempre-verde-da-humanidade.html\" \/>\n<meta property=\"og:locale\" content=\"pt_BR\" \/>\n<meta property=\"og:type\" content=\"article\" \/>\n<meta property=\"og:title\" content=\"Maria, \u00fanico \u201co\u00e1sis sempre verde\u201d da humanidade - Not\u00edcias - Franciscanos\" \/>\n<meta property=\"og:description\" content=\"Angelus\" \/>\n<meta property=\"og:url\" content=\"https:\/\/franciscanos.org.br\/noticias\/maria-unico-oasis-sempre-verde-da-humanidade.html\" \/>\n<meta property=\"og:site_name\" content=\"Not\u00edcias - Franciscanos\" \/>\n<meta property=\"article:published_time\" content=\"2017-12-08T12:00:50+00:00\" \/>\n<meta property=\"article:modified_time\" content=\"2020-06-08T18:38:50+00:00\" \/>\n<meta property=\"og:image\" content=\"https:\/\/franciscanos.org.br\/noticias\/wp-content\/uploads\/2017\/12\/angelus_081217.jpg\" \/>\n\t<meta property=\"og:image:width\" content=\"273\" \/>\n\t<meta property=\"og:image:height\" content=\"181\" \/>\n\t<meta property=\"og:image:type\" content=\"image\/jpeg\" \/>\n<meta name=\"author\" content=\"admin\" \/>\n<meta name=\"twitter:card\" content=\"summary_large_image\" \/>\n<meta name=\"twitter:label1\" content=\"Escrito por\" \/>\n\t<meta name=\"twitter:data1\" content=\"admin\" \/>\n\t<meta name=\"twitter:label2\" content=\"Est. tempo de leitura\" \/>\n\t<meta name=\"twitter:data2\" content=\"3 minutos\" \/>\n<script type=\"application\/ld+json\" class=\"yoast-schema-graph\">{\"@context\":\"https:\/\/schema.org\",\"@graph\":[{\"@type\":\"WebSite\",\"@id\":\"https:\/\/franciscanos.org.br\/noticias\/#website\",\"url\":\"https:\/\/franciscanos.org.br\/noticias\/\",\"name\":\"Not\u00edcias - Franciscanos\",\"description\":\"Prov\u00edncia Franciscana da Imaculada Concei\u00e7\u00e3o do Brasil - Ordem dos Frades Menores - OFM\",\"potentialAction\":[{\"@type\":\"SearchAction\",\"target\":{\"@type\":\"EntryPoint\",\"urlTemplate\":\"https:\/\/franciscanos.org.br\/noticias\/?s={search_term_string}\"},\"query-input\":\"required name=search_term_string\"}],\"inLanguage\":\"pt-BR\"},{\"@type\":\"ImageObject\",\"inLanguage\":\"pt-BR\",\"@id\":\"https:\/\/franciscanos.org.br\/noticias\/maria-unico-oasis-sempre-verde-da-humanidade.html#primaryimage\",\"url\":\"https:\/\/franciscanos.org.br\/noticias\/wp-content\/uploads\/2017\/12\/angelus_081217.jpg\",\"contentUrl\":\"https:\/\/franciscanos.org.br\/noticias\/wp-content\/uploads\/2017\/12\/angelus_081217.jpg\",\"width\":273,\"height\":181},{\"@type\":\"WebPage\",\"@id\":\"https:\/\/franciscanos.org.br\/noticias\/maria-unico-oasis-sempre-verde-da-humanidade.html#webpage\",\"url\":\"https:\/\/franciscanos.org.br\/noticias\/maria-unico-oasis-sempre-verde-da-humanidade.html\",\"name\":\"Maria, \u00fanico \u201co\u00e1sis sempre verde\u201d da humanidade - Not\u00edcias - Franciscanos\",\"isPartOf\":{\"@id\":\"https:\/\/franciscanos.org.br\/noticias\/#website\"},\"primaryImageOfPage\":{\"@id\":\"https:\/\/franciscanos.org.br\/noticias\/maria-unico-oasis-sempre-verde-da-humanidade.html#primaryimage\"},\"datePublished\":\"2017-12-08T12:00:50+00:00\",\"dateModified\":\"2020-06-08T18:38:50+00:00\",\"author\":{\"@id\":\"https:\/\/franciscanos.org.br\/noticias\/#\/schema\/person\/b38fbf43118f02820bd932f2e4b14ad3\"},\"breadcrumb\":{\"@id\":\"https:\/\/franciscanos.org.br\/noticias\/maria-unico-oasis-sempre-verde-da-humanidade.html#breadcrumb\"},\"inLanguage\":\"pt-BR\",\"potentialAction\":[{\"@type\":\"ReadAction\",\"target\":[\"https:\/\/franciscanos.org.br\/noticias\/maria-unico-oasis-sempre-verde-da-humanidade.html\"]}]},{\"@type\":\"BreadcrumbList\",\"@id\":\"https:\/\/franciscanos.org.br\/noticias\/maria-unico-oasis-sempre-verde-da-humanidade.html#breadcrumb\",\"itemListElement\":[{\"@type\":\"ListItem\",\"position\":1,\"name\":\"Home\",\"item\":\"https:\/\/franciscanos.org.br\/noticias\"},{\"@type\":\"ListItem\",\"position\":2,\"name\":\"Maria, \u00fanico \u201co\u00e1sis sempre verde\u201d da humanidade\"}]},{\"@type\":\"Person\",\"@id\":\"https:\/\/franciscanos.org.br\/noticias\/#\/schema\/person\/b38fbf43118f02820bd932f2e4b14ad3\",\"name\":\"admin\",\"image\":{\"@type\":\"ImageObject\",\"inLanguage\":\"pt-BR\",\"@id\":\"https:\/\/franciscanos.org.br\/noticias\/#\/schema\/person\/image\/\",\"url\":\"https:\/\/secure.gravatar.com\/avatar\/e8495742d34d0ba6448ea1c628263b3e?s=96&d=mm&r=g\",\"contentUrl\":\"https:\/\/secure.gravatar.com\/avatar\/e8495742d34d0ba6448ea1c628263b3e?s=96&d=mm&r=g\",\"caption\":\"admin\"},\"url\":\"https:\/\/franciscanos.org.br\/noticias\/author\/admin\"}]}<\/script>\n<!-- \/ Yoast SEO plugin. -->","yoast_head_json":{"title":"Maria, \u00fanico \u201co\u00e1sis sempre verde\u201d da humanidade - Not\u00edcias - Franciscanos","robots":{"index":"index","follow":"follow","max-snippet":"max-snippet:-1","max-image-preview":"max-image-preview:large","max-video-preview":"max-video-preview:-1"},"canonical":"https:\/\/franciscanos.org.br\/noticias\/maria-unico-oasis-sempre-verde-da-humanidade.html","og_locale":"pt_BR","og_type":"article","og_title":"Maria, \u00fanico \u201co\u00e1sis sempre verde\u201d da humanidade - Not\u00edcias - Franciscanos","og_description":"Angelus","og_url":"https:\/\/franciscanos.org.br\/noticias\/maria-unico-oasis-sempre-verde-da-humanidade.html","og_site_name":"Not\u00edcias - Franciscanos","article_published_time":"2017-12-08T12:00:50+00:00","article_modified_time":"2020-06-08T18:38:50+00:00","og_image":[{"width":273,"height":181,"url":"https:\/\/franciscanos.org.br\/noticias\/wp-content\/uploads\/2017\/12\/angelus_081217.jpg","type":"image\/jpeg"}],"author":"admin","twitter_card":"summary_large_image","twitter_misc":{"Escrito por":"admin","Est. tempo de leitura":"3 minutos"},"schema":{"@context":"https:\/\/schema.org","@graph":[{"@type":"WebSite","@id":"https:\/\/franciscanos.org.br\/noticias\/#website","url":"https:\/\/franciscanos.org.br\/noticias\/","name":"Not\u00edcias - Franciscanos","description":"Prov\u00edncia Franciscana da Imaculada Concei\u00e7\u00e3o do Brasil - Ordem dos Frades Menores - OFM","potentialAction":[{"@type":"SearchAction","target":{"@type":"EntryPoint","urlTemplate":"https:\/\/franciscanos.org.br\/noticias\/?s={search_term_string}"},"query-input":"required name=search_term_string"}],"inLanguage":"pt-BR"},{"@type":"ImageObject","inLanguage":"pt-BR","@id":"https:\/\/franciscanos.org.br\/noticias\/maria-unico-oasis-sempre-verde-da-humanidade.html#primaryimage","url":"https:\/\/franciscanos.org.br\/noticias\/wp-content\/uploads\/2017\/12\/angelus_081217.jpg","contentUrl":"https:\/\/franciscanos.org.br\/noticias\/wp-content\/uploads\/2017\/12\/angelus_081217.jpg","width":273,"height":181},{"@type":"WebPage","@id":"https:\/\/franciscanos.org.br\/noticias\/maria-unico-oasis-sempre-verde-da-humanidade.html#webpage","url":"https:\/\/franciscanos.org.br\/noticias\/maria-unico-oasis-sempre-verde-da-humanidade.html","name":"Maria, \u00fanico \u201co\u00e1sis sempre verde\u201d da humanidade - Not\u00edcias - Franciscanos","isPartOf":{"@id":"https:\/\/franciscanos.org.br\/noticias\/#website"},"primaryImageOfPage":{"@id":"https:\/\/franciscanos.org.br\/noticias\/maria-unico-oasis-sempre-verde-da-humanidade.html#primaryimage"},"datePublished":"2017-12-08T12:00:50+00:00","dateModified":"2020-06-08T18:38:50+00:00","author":{"@id":"https:\/\/franciscanos.org.br\/noticias\/#\/schema\/person\/b38fbf43118f02820bd932f2e4b14ad3"},"breadcrumb":{"@id":"https:\/\/franciscanos.org.br\/noticias\/maria-unico-oasis-sempre-verde-da-humanidade.html#breadcrumb"},"inLanguage":"pt-BR","potentialAction":[{"@type":"ReadAction","target":["https:\/\/franciscanos.org.br\/noticias\/maria-unico-oasis-sempre-verde-da-humanidade.html"]}]},{"@type":"BreadcrumbList","@id":"https:\/\/franciscanos.org.br\/noticias\/maria-unico-oasis-sempre-verde-da-humanidade.html#breadcrumb","itemListElement":[{"@type":"ListItem","position":1,"name":"Home","item":"https:\/\/franciscanos.org.br\/noticias"},{"@type":"ListItem","position":2,"name":"Maria, \u00fanico \u201co\u00e1sis sempre verde\u201d da humanidade"}]},{"@type":"Person","@id":"https:\/\/franciscanos.org.br\/noticias\/#\/schema\/person\/b38fbf43118f02820bd932f2e4b14ad3","name":"admin","image":{"@type":"ImageObject","inLanguage":"pt-BR","@id":"https:\/\/franciscanos.org.br\/noticias\/#\/schema\/person\/image\/","url":"https:\/\/secure.gravatar.com\/avatar\/e8495742d34d0ba6448ea1c628263b3e?s=96&d=mm&r=g","contentUrl":"https:\/\/secure.gravatar.com\/avatar\/e8495742d34d0ba6448ea1c628263b3e?s=96&d=mm&r=g","caption":"admin"},"url":"https:\/\/franciscanos.org.br\/noticias\/author\/admin"}]}},"_links":{"self":[{"href":"https:\/\/franciscanos.org.br\/noticias\/wp-json\/wp\/v2\/posts\/147028"}],"collection":[{"href":"https:\/\/franciscanos.org.br\/noticias\/wp-json\/wp\/v2\/posts"}],"about":[{"href":"https:\/\/franciscanos.org.br\/noticias\/wp-json\/wp\/v2\/types\/post"}],"author":[{"embeddable":true,"href":"https:\/\/franciscanos.org.br\/noticias\/wp-json\/wp\/v2\/users\/1"}],"replies":[{"embeddable":true,"href":"https:\/\/franciscanos.org.br\/noticias\/wp-json\/wp\/v2\/comments?post=147028"}],"version-history":[{"count":1,"href":"https:\/\/franciscanos.org.br\/noticias\/wp-json\/wp\/v2\/posts\/147028\/revisions"}],"predecessor-version":[{"id":225163,"href":"https:\/\/franciscanos.org.br\/noticias\/wp-json\/wp\/v2\/posts\/147028\/revisions\/225163"}],"wp:featuredmedia":[{"embeddable":true,"href":"https:\/\/franciscanos.org.br\/noticias\/wp-json\/wp\/v2\/media\/213303"}],"wp:attachment":[{"href":"https:\/\/franciscanos.org.br\/noticias\/wp-json\/wp\/v2\/media?parent=147028"}],"wp:term":[{"taxonomy":"category","embeddable":true,"href":"https:\/\/franciscanos.org.br\/noticias\/wp-json\/wp\/v2\/categories?post=147028"},{"taxonomy":"post_tag","embeddable":true,"href":"https:\/\/franciscanos.org.br\/noticias\/wp-json\/wp\/v2\/tags?post=147028"}],"curies":[{"name":"wp","href":"https:\/\/api.w.org\/{rel}","templated":true}]}}