{"id":146940,"date":"2017-12-07T09:49:59","date_gmt":"2017-12-07T11:49:59","guid":{"rendered":"http:\/\/franciscanos.org.br\/?p=146940"},"modified":"2020-03-05T09:27:57","modified_gmt":"2020-03-05T12:27:57","slug":"maria-a-bela-e-transparente","status":"publish","type":"post","link":"https:\/\/franciscanos.org.br\/noticias\/maria-a-bela-e-transparente.html","title":{"rendered":"Maria, a bela e transparente"},"content":{"rendered":"<p><img loading=\"lazy\" src=\"http:\/\/franciscanos.org.br\/wp-content\/uploads\/2017\/12\/mesa_071217G.jpg\" alt=\"mesa_071217G\" width=\"830\" height=\"400\" \/><\/p>\n<p>\u2666 Que podemos acrescentar a tudo aquilo que j\u00e1 se escreveu e se disse a respeito de Maria da Nazar\u00e9, de Maria Imaculada. Filha de uma terra do Oriente foi visitada de modo particular pelo Alto. Mulher pura e transparente, cheia de ordem e tecida de harmonia. Sem mancha. Nada nela se opunha a Deus. Fazia parte do resto santo, do resto dos pobres de Jav\u00e9. Nela quis o Alt\u00edssimo operar maravilhas insuspeitadas. Fazer nela seu ninho. Na festa da Imaculada, nossos olhos se voltam para uma obra de arte da bondade de Deus: uma mulher imaculada desde o seu nascimento. Harmonia, beleza, transpar\u00eancia.<\/p>\n<p>\u2666 \u201c\u00d3 Virgem sant\u00edssima, que encheste de espanto os ex\u00e9rcitos ang\u00e9licos. Prod\u00edgio estupendo nos c\u00e9us: uma mulher revestida de sol, trazendo nos bra\u00e7os a luz! Profundo estupendo nos c\u00e9us: o leito virginal acolhendo o Filho de Deus! Prod\u00edgio estupendo nos c\u00e9us: o Senhor dos anjos se tornou o Filho da Virgem. Os anjos acusavam Eva; agora cobrem Maria de gl\u00f3ria, pois ergueu Eva de sua queda e fez entrar no c\u00e9u Ad\u00e3o que fora expulso do para\u00edso. \u00c9 ela a medianeira do c\u00e9u e da terra, nela se realizou a sua uni\u00e3o\u201d (Santo Epif\u00e2nio).<\/p>\n<p>\u2666 \u201cDeus deu a Maria o seu pr\u00f3prio Filho, \u00fanico gerado de seu cora\u00e7\u00e3o, igual a si, a quem amava como a si mesmo. No seio de Maria, formou seu Filho, n\u00e3o outro qualquer, mas o mesmo, para que, por natureza, fosse realmente um s\u00f3 e o mesmo Filho de Deus e de Maria. Toda a cria\u00e7\u00e3o \u00e9 obra de Deus e Deus nasceu de Maria. Deus criou todas as coisas, e Maria deu \u00e0 luz Deus. Deus que tudo fez, formou-se a si pr\u00f3prio no seio de Maria. E deste modo refez tudo o que tinha feito. Ele que pode fazer tudo do nada, n\u00e3o quis refazer sem Maria o que fora profanado. Por conseguinte, Deus \u00e9 o Pai de todas as coisas criadas e Maria a m\u00e3e de todas as coisas recriadas. Deus \u00e9 o Pai da cria\u00e7\u00e3o universal, e Maria a m\u00e3e da reden\u00e7\u00e3o universal. Pois Deus gerou aquele por quem tudo foi feito, e Maria deu \u00e0 luz aquele por quem tudo foi salvo. Deus gerou aquele sem o qual nada absolutamente existe, e Maria deu \u00e0 luz aquele sem o qual nada absolutamente \u00e9 bom\u201d (Santo Anselmo).<\/p>\n<p><strong>\u2022 Uma pequena ladainha a Nossa Senhora:<\/strong><\/p>\n<p>Maria amor<br \/>\nMaria de nossa terra<br \/>\nMaria do mar<br \/>\nMaria dos caminhos<br \/>\nMaria das encruzilhadas<br \/>\nMaria da cruz<br \/>\nMaria da afli\u00e7\u00e3o<br \/>\nM\u00e3e da ternura<br \/>\nM\u00e3e do amor<br \/>\nM\u00e3e do c\u00e9u<br \/>\nM\u00e3e toda bela<br \/>\nM\u00e3e dos vitrais<br \/>\nM\u00e3e do sol<br \/>\nM\u00e3e das estrelas<br \/>\nM\u00e3e do Alt\u00edssimo.<\/p>\n<p><strong>Frei Almir Guimar\u00e3es<\/strong><\/p>\n","protected":false},"excerpt":{"rendered":"<p>Solenidade da Imaculada Concei\u00e7\u00e3o de Maria<\/p>\n","protected":false},"author":1,"featured_media":221557,"comment_status":"open","ping_status":"open","sticky":false,"template":"","format":"standard","meta":[],"categories":[1],"tags":[58],"acf":[],"yoast_head":"<!-- This site is optimized with the Yoast SEO plugin v19.2 - https:\/\/yoast.com\/wordpress\/plugins\/seo\/ -->\n<title>Maria, a bela e transparente - Not\u00edcias - Franciscanos<\/title>\n<meta name=\"robots\" content=\"index, follow, max-snippet:-1, max-image-preview:large, max-video-preview:-1\" \/>\n<link rel=\"canonical\" href=\"https:\/\/franciscanos.org.br\/noticias\/maria-a-bela-e-transparente.html\" \/>\n<meta property=\"og:locale\" content=\"pt_BR\" \/>\n<meta property=\"og:type\" content=\"article\" \/>\n<meta property=\"og:title\" content=\"Maria, a bela e transparente - Not\u00edcias - Franciscanos\" \/>\n<meta property=\"og:description\" content=\"Solenidade da Imaculada Concei\u00e7\u00e3o de Maria\" \/>\n<meta property=\"og:url\" content=\"https:\/\/franciscanos.org.br\/noticias\/maria-a-bela-e-transparente.html\" \/>\n<meta property=\"og:site_name\" content=\"Not\u00edcias - Franciscanos\" \/>\n<meta property=\"article:published_time\" content=\"2017-12-07T11:49:59+00:00\" \/>\n<meta property=\"article:modified_time\" content=\"2020-03-05T12:27:57+00:00\" \/>\n<meta property=\"og:image\" content=\"https:\/\/franciscanos.org.br\/noticias\/wp-content\/uploads\/2017\/12\/imaculada_0503.jpg\" \/>\n\t<meta property=\"og:image:width\" content=\"273\" \/>\n\t<meta property=\"og:image:height\" content=\"181\" \/>\n\t<meta property=\"og:image:type\" content=\"image\/jpeg\" \/>\n<meta name=\"author\" content=\"admin\" \/>\n<meta name=\"twitter:card\" content=\"summary_large_image\" \/>\n<meta name=\"twitter:label1\" content=\"Escrito por\" \/>\n\t<meta name=\"twitter:data1\" content=\"admin\" \/>\n\t<meta name=\"twitter:label2\" content=\"Est. tempo de leitura\" \/>\n\t<meta name=\"twitter:data2\" content=\"2 minutos\" \/>\n<script type=\"application\/ld+json\" class=\"yoast-schema-graph\">{\"@context\":\"https:\/\/schema.org\",\"@graph\":[{\"@type\":\"WebSite\",\"@id\":\"https:\/\/franciscanos.org.br\/noticias\/#website\",\"url\":\"https:\/\/franciscanos.org.br\/noticias\/\",\"name\":\"Not\u00edcias - Franciscanos\",\"description\":\"Prov\u00edncia Franciscana da Imaculada Concei\u00e7\u00e3o do Brasil - Ordem dos Frades Menores - OFM\",\"potentialAction\":[{\"@type\":\"SearchAction\",\"target\":{\"@type\":\"EntryPoint\",\"urlTemplate\":\"https:\/\/franciscanos.org.br\/noticias\/?s={search_term_string}\"},\"query-input\":\"required name=search_term_string\"}],\"inLanguage\":\"pt-BR\"},{\"@type\":\"ImageObject\",\"inLanguage\":\"pt-BR\",\"@id\":\"https:\/\/franciscanos.org.br\/noticias\/maria-a-bela-e-transparente.html#primaryimage\",\"url\":\"https:\/\/franciscanos.org.br\/noticias\/wp-content\/uploads\/2017\/12\/imaculada_0503.jpg\",\"contentUrl\":\"https:\/\/franciscanos.org.br\/noticias\/wp-content\/uploads\/2017\/12\/imaculada_0503.jpg\",\"width\":273,\"height\":181},{\"@type\":\"WebPage\",\"@id\":\"https:\/\/franciscanos.org.br\/noticias\/maria-a-bela-e-transparente.html#webpage\",\"url\":\"https:\/\/franciscanos.org.br\/noticias\/maria-a-bela-e-transparente.html\",\"name\":\"Maria, a bela e transparente - Not\u00edcias - Franciscanos\",\"isPartOf\":{\"@id\":\"https:\/\/franciscanos.org.br\/noticias\/#website\"},\"primaryImageOfPage\":{\"@id\":\"https:\/\/franciscanos.org.br\/noticias\/maria-a-bela-e-transparente.html#primaryimage\"},\"datePublished\":\"2017-12-07T11:49:59+00:00\",\"dateModified\":\"2020-03-05T12:27:57+00:00\",\"author\":{\"@id\":\"https:\/\/franciscanos.org.br\/noticias\/#\/schema\/person\/b38fbf43118f02820bd932f2e4b14ad3\"},\"breadcrumb\":{\"@id\":\"https:\/\/franciscanos.org.br\/noticias\/maria-a-bela-e-transparente.html#breadcrumb\"},\"inLanguage\":\"pt-BR\",\"potentialAction\":[{\"@type\":\"ReadAction\",\"target\":[\"https:\/\/franciscanos.org.br\/noticias\/maria-a-bela-e-transparente.html\"]}]},{\"@type\":\"BreadcrumbList\",\"@id\":\"https:\/\/franciscanos.org.br\/noticias\/maria-a-bela-e-transparente.html#breadcrumb\",\"itemListElement\":[{\"@type\":\"ListItem\",\"position\":1,\"name\":\"Home\",\"item\":\"https:\/\/franciscanos.org.br\/noticias\"},{\"@type\":\"ListItem\",\"position\":2,\"name\":\"Maria, a bela e transparente\"}]},{\"@type\":\"Person\",\"@id\":\"https:\/\/franciscanos.org.br\/noticias\/#\/schema\/person\/b38fbf43118f02820bd932f2e4b14ad3\",\"name\":\"admin\",\"image\":{\"@type\":\"ImageObject\",\"inLanguage\":\"pt-BR\",\"@id\":\"https:\/\/franciscanos.org.br\/noticias\/#\/schema\/person\/image\/\",\"url\":\"https:\/\/secure.gravatar.com\/avatar\/e8495742d34d0ba6448ea1c628263b3e?s=96&d=mm&r=g\",\"contentUrl\":\"https:\/\/secure.gravatar.com\/avatar\/e8495742d34d0ba6448ea1c628263b3e?s=96&d=mm&r=g\",\"caption\":\"admin\"},\"url\":\"https:\/\/franciscanos.org.br\/noticias\/author\/admin\"}]}<\/script>\n<!-- \/ Yoast SEO plugin. -->","yoast_head_json":{"title":"Maria, a bela e transparente - Not\u00edcias - Franciscanos","robots":{"index":"index","follow":"follow","max-snippet":"max-snippet:-1","max-image-preview":"max-image-preview:large","max-video-preview":"max-video-preview:-1"},"canonical":"https:\/\/franciscanos.org.br\/noticias\/maria-a-bela-e-transparente.html","og_locale":"pt_BR","og_type":"article","og_title":"Maria, a bela e transparente - Not\u00edcias - Franciscanos","og_description":"Solenidade da Imaculada Concei\u00e7\u00e3o de Maria","og_url":"https:\/\/franciscanos.org.br\/noticias\/maria-a-bela-e-transparente.html","og_site_name":"Not\u00edcias - Franciscanos","article_published_time":"2017-12-07T11:49:59+00:00","article_modified_time":"2020-03-05T12:27:57+00:00","og_image":[{"width":273,"height":181,"url":"https:\/\/franciscanos.org.br\/noticias\/wp-content\/uploads\/2017\/12\/imaculada_0503.jpg","type":"image\/jpeg"}],"author":"admin","twitter_card":"summary_large_image","twitter_misc":{"Escrito por":"admin","Est. tempo de leitura":"2 minutos"},"schema":{"@context":"https:\/\/schema.org","@graph":[{"@type":"WebSite","@id":"https:\/\/franciscanos.org.br\/noticias\/#website","url":"https:\/\/franciscanos.org.br\/noticias\/","name":"Not\u00edcias - Franciscanos","description":"Prov\u00edncia Franciscana da Imaculada Concei\u00e7\u00e3o do Brasil - Ordem dos Frades Menores - OFM","potentialAction":[{"@type":"SearchAction","target":{"@type":"EntryPoint","urlTemplate":"https:\/\/franciscanos.org.br\/noticias\/?s={search_term_string}"},"query-input":"required name=search_term_string"}],"inLanguage":"pt-BR"},{"@type":"ImageObject","inLanguage":"pt-BR","@id":"https:\/\/franciscanos.org.br\/noticias\/maria-a-bela-e-transparente.html#primaryimage","url":"https:\/\/franciscanos.org.br\/noticias\/wp-content\/uploads\/2017\/12\/imaculada_0503.jpg","contentUrl":"https:\/\/franciscanos.org.br\/noticias\/wp-content\/uploads\/2017\/12\/imaculada_0503.jpg","width":273,"height":181},{"@type":"WebPage","@id":"https:\/\/franciscanos.org.br\/noticias\/maria-a-bela-e-transparente.html#webpage","url":"https:\/\/franciscanos.org.br\/noticias\/maria-a-bela-e-transparente.html","name":"Maria, a bela e transparente - Not\u00edcias - Franciscanos","isPartOf":{"@id":"https:\/\/franciscanos.org.br\/noticias\/#website"},"primaryImageOfPage":{"@id":"https:\/\/franciscanos.org.br\/noticias\/maria-a-bela-e-transparente.html#primaryimage"},"datePublished":"2017-12-07T11:49:59+00:00","dateModified":"2020-03-05T12:27:57+00:00","author":{"@id":"https:\/\/franciscanos.org.br\/noticias\/#\/schema\/person\/b38fbf43118f02820bd932f2e4b14ad3"},"breadcrumb":{"@id":"https:\/\/franciscanos.org.br\/noticias\/maria-a-bela-e-transparente.html#breadcrumb"},"inLanguage":"pt-BR","potentialAction":[{"@type":"ReadAction","target":["https:\/\/franciscanos.org.br\/noticias\/maria-a-bela-e-transparente.html"]}]},{"@type":"BreadcrumbList","@id":"https:\/\/franciscanos.org.br\/noticias\/maria-a-bela-e-transparente.html#breadcrumb","itemListElement":[{"@type":"ListItem","position":1,"name":"Home","item":"https:\/\/franciscanos.org.br\/noticias"},{"@type":"ListItem","position":2,"name":"Maria, a bela e transparente"}]},{"@type":"Person","@id":"https:\/\/franciscanos.org.br\/noticias\/#\/schema\/person\/b38fbf43118f02820bd932f2e4b14ad3","name":"admin","image":{"@type":"ImageObject","inLanguage":"pt-BR","@id":"https:\/\/franciscanos.org.br\/noticias\/#\/schema\/person\/image\/","url":"https:\/\/secure.gravatar.com\/avatar\/e8495742d34d0ba6448ea1c628263b3e?s=96&d=mm&r=g","contentUrl":"https:\/\/secure.gravatar.com\/avatar\/e8495742d34d0ba6448ea1c628263b3e?s=96&d=mm&r=g","caption":"admin"},"url":"https:\/\/franciscanos.org.br\/noticias\/author\/admin"}]}},"_links":{"self":[{"href":"https:\/\/franciscanos.org.br\/noticias\/wp-json\/wp\/v2\/posts\/146940"}],"collection":[{"href":"https:\/\/franciscanos.org.br\/noticias\/wp-json\/wp\/v2\/posts"}],"about":[{"href":"https:\/\/franciscanos.org.br\/noticias\/wp-json\/wp\/v2\/types\/post"}],"author":[{"embeddable":true,"href":"https:\/\/franciscanos.org.br\/noticias\/wp-json\/wp\/v2\/users\/1"}],"replies":[{"embeddable":true,"href":"https:\/\/franciscanos.org.br\/noticias\/wp-json\/wp\/v2\/comments?post=146940"}],"version-history":[{"count":0,"href":"https:\/\/franciscanos.org.br\/noticias\/wp-json\/wp\/v2\/posts\/146940\/revisions"}],"wp:featuredmedia":[{"embeddable":true,"href":"https:\/\/franciscanos.org.br\/noticias\/wp-json\/wp\/v2\/media\/221557"}],"wp:attachment":[{"href":"https:\/\/franciscanos.org.br\/noticias\/wp-json\/wp\/v2\/media?parent=146940"}],"wp:term":[{"taxonomy":"category","embeddable":true,"href":"https:\/\/franciscanos.org.br\/noticias\/wp-json\/wp\/v2\/categories?post=146940"},{"taxonomy":"post_tag","embeddable":true,"href":"https:\/\/franciscanos.org.br\/noticias\/wp-json\/wp\/v2\/tags?post=146940"}],"curies":[{"name":"wp","href":"https:\/\/api.w.org\/{rel}","templated":true}]}}