{"id":146672,"date":"2017-12-06T08:05:42","date_gmt":"2017-12-06T10:05:42","guid":{"rendered":"http:\/\/franciscanos.org.br\/?p=146672"},"modified":"2020-06-08T15:40:00","modified_gmt":"2020-06-08T18:40:00","slug":"papa-pede-sabedoria-e-prudencia-sobre-jerusalem","status":"publish","type":"post","link":"https:\/\/franciscanos.org.br\/noticias\/papa-pede-sabedoria-e-prudencia-sobre-jerusalem.html","title":{"rendered":"Papa pede sabedoria e prud\u00eancia sobre Jerusal\u00e9m"},"content":{"rendered":"<p><img loading=\"lazy\" src=\"http:\/\/franciscanos.org.br\/wp-content\/uploads\/2017\/12\/papa_061217.jpg\" alt=\"papa_061217\" width=\"820\" height=\"440\" \/><\/p>\n<p><strong>Cidade do Vaticano<\/strong> &#8211; Ao final da Audi\u00eancia Geral desta quarta-feira (06\/12), na Sala Paulo VI, o Papa fez um apelo em prol da cidade de Jerusal\u00e9m: \u201cN\u00e3o posso silenciar a minha profunda preocupa\u00e7\u00e3o pela situa\u00e7\u00e3o que se criou nos \u00faltimos dias e, ao mesmo tempo, dirigir um forte apelo para que seja compromisso de todos respeitar o status quo da cidade, em conformidade com as pertinentes Resolu\u00e7\u00f5es das Na\u00e7\u00f5es Unidas. Jerusal\u00e9m \u00e9 uma cidade \u00fanica, sagrada para os judeus, os crist\u00e3os e os mu\u00e7ulmanos, que nela veneram os Locais Santos das respectivas religi\u00f5es, e tem uma voca\u00e7\u00e3o especial \u00e0 paz. Pe\u00e7o ao Senhor que esta identidade seja preservada e refor\u00e7ada em benef\u00edcios da Terra Santa, do Oriente M\u00e9dio e do mundo inteiro e que prevale\u00e7am sabedoria e prud\u00eancia, para evitar acrescentar novos elementos de tens\u00e3o num panorama mundial j\u00e1 turbulento e marcado por in\u00fameros e cru\u00e9is conflitos\u201d.<\/p>\n<p>O apelo do Pont\u00edfice foi motivado pela decis\u00e3o do Presidente dos Estados Unidos, Donald Trump, de anunciar esta quarta-feira a mudan\u00e7a da embaixada estadunidense de Tel Aviv para Jerusal\u00e9m. A Cidade Santa \u00e9 disputada como capital tamb\u00e9m pelos palestinos. O Presidente palestino Mahmoud Abbas manifestou a Trump a preocupa\u00e7\u00e3o de que esta mudan\u00e7a da pol\u00edtica dos EUA possa ter consequ\u00eancias perigosas para o processo de paz em todo o Oriente M\u00e9dio. Abbas fez um apelo ao Papa Francisco e aos presidentes de R\u00fassia, Fran\u00e7a e Jord\u00e2nia para que tentem dissuadir Trump.<\/p>\n<p>Israel considera Jerusal\u00e9m a capital do pa\u00eds. O lado oeste pertence a Israel desde que o pa\u00eds foi criado em 1948. Mas a parte leste, onde a popula\u00e7\u00e3o \u00e9 predominantemente \u00e1rabe, foi ocupada por tropas israelenses durante a guerra de 1967. E os palestinos querem estabelecer ali a futura capital do pa\u00eds que pretendem criar.<\/p>\n<p>O porta-voz do presidente da Autoridade Palestina disse que a decis\u00e3o fere a lei internacional e pode significar o fim do processo de paz na regi\u00e3o. O presidente da Turquia, Recep Tayyip Erdogan, alertou que o pa\u00eds pode romper rela\u00e7\u00f5es diplom\u00e1ticas com Israel se os Estados Unidos reconhecerem Jerusal\u00e9m como capital israelense.<\/p>\n<p>A representante da Uni\u00e3o Europeia para Rela\u00e7\u00f5es Exteriores afirmou que qualquer a\u00e7\u00e3o que ameace a cria\u00e7\u00e3o de dois estados independentes para israelenses e palestinos deve ser completamente evitada.<\/p>\n<p>Grupos militantes palestinos na Faixa de Gaza e na Cisjord\u00e2nia convocaram protestos que chamaram de \u201cDia de F\u00faria\u201d.<\/p>\n<p>Mudar a embaixada americana foi uma promessa de campanha feita por Donald Trump, principalmente para agradar grandes doadores pol\u00edticos americanos. Para esses doadores, o risco de alienar os palestinos ou provocar novos conflitos, como tantos no passado, \u00e9 menos importante do que promover a expans\u00e3o territorial de Israel.<\/p>\n<p><img loading=\"lazy\" src=\"http:\/\/franciscanos.org.br\/wp-content\/uploads\/2017\/12\/papa_061217_2.jpg\" alt=\"papa_061217_2\" width=\"820\" height=\"432\" \/><\/p>\n<p><strong>AUDI\u00caNCIA<\/strong><\/p>\n<p>Quarta-feira \u00e9 de dia de Audi\u00eancia Geral no Vaticano. Devido ao frio, os cerca de 8 mil peregrinos foram acomodados na Sala Paulo VI, e do corredor central Francisco saudou os fi\u00e9is. O Papa dedicou a catequese \u00e0 sua recente viagem a Mianmar e Bangladesh, que definiu como um \u201cgrande dom de Deus\u201d. E agradeceu \u00e0s autoridades e bispos dos dois pa\u00edses que permitiram esta visita.<\/p>\n<p><strong>Mianmar<\/strong><br \/>\nA primeira etapa da 21\u00b0 viagem apost\u00f3lica foi Mianmar, que pela primeira vez recebeu o sucessor de Pedro. \u201cQuis expressar a proximidade de Cristo e da Igreja a um povo que sofreu por causa de conflitos e repress\u00f5es, e que agora est\u00e1 lentamente caminhando rumo a uma nova condi\u00e7\u00e3o de paz e liberdade\u201d, disse o Papa. Num pa\u00eds de maioria budista, os crist\u00e3os est\u00e3o presentes como pequeno rebanho e fermento do Reino de Deus. Francisco recordou o encontro com os Bispos e as suas celebra\u00e7\u00f5es eucar\u00edsticas. A primeira foi no campo esportivo no centro de Yangun, e o Evangelho daquele dia recordou que as persegui\u00e7\u00f5es por causa da f\u00e9 em Jesus s\u00e3o normais para os seus disc\u00edpulos. J\u00e1 a segunda missa foi dedicada aos jovens. \u201cNos rostos daqueles jovens vi o futuro da \u00c1sia: um futuro que n\u00e3o ser\u00e1 de quem constr\u00f3i armas, mas de quem semeia fraternidade\u201d.<\/p>\n<p>Francisco comentou ainda os encontros com as autoridades de Mianmar, \u00e0s quais encorajou os esfor\u00e7os de pacifica\u00e7\u00e3o e auspiciando que todos os membros da na\u00e7\u00e3o, ningu\u00e9m exclu\u00eddo, possam cooperar neste processo no respeito rec\u00edproco. O Papa mencionou ainda o di\u00e1logo inter-religioso, de modo especial quando se reuniu com o Conselho Supremo dos monges, ao qual manifestou a confian\u00e7a de que crist\u00e3os e budistas possam juntos ajudar as pessoas a amar Deus e o pr\u00f3ximo, rejeitando toda viol\u00eancia e opondo-se ao mal com o bem.<\/p>\n<p><img loading=\"lazy\" src=\"http:\/\/franciscanos.org.br\/wp-content\/uploads\/2017\/12\/papa_061217_3.jpg\" alt=\"papa_061217_3\" width=\"820\" height=\"431\" \/><\/p>\n<p><strong>Bangladesh<\/strong><br \/>\nAo deixar Mianmar, o Pont\u00edfice visitou Bangladesh, pa\u00eds de maioria mu\u00e7ulmana. \u201cNas pegadas do Beato Paulo VI e de S\u00e3o Jo\u00e3o Paulo II, a minha visita marcou um passo ulterior em favor do respeito e do di\u00e1logo entre o cristianismos e o islamismo&#8221;. \u00c0s autoridades, Francisco expressou em particular a solidariedade ao pa\u00eds em seu empenho em socorrer os refugiados Rohingya, que conflu\u00edram em massa ao territ\u00f3rio bengal\u00eas, onde a densidade da popula\u00e7\u00e3o j\u00e1 \u00e9 uma das mais altas do mundo.<\/p>\n<p>O Papa voltou a falar dos Rohingya na sauda\u00e7\u00e3o em \u00e1rabe, acrescentando que pediu a eles &#8220;que nos perdoem pelas nossas faltas e pelo nosso sil\u00eancio, pedindo \u00e0 comunidade internacional que os ajude e socorra todos os grupos oprimidos e perseguidos no mundo&#8221;. Com a comunidade cat\u00f3lica, o Papa recordou a missa, com a ordena\u00e7\u00e3o de 16 sacerdotes, \u201conde gra\u00e7as a Deus n\u00e3o faltam voca\u00e7\u00f5es\u201d, o encontro com os bispos, sacerdotes, consagradas e consagrados, e tamb\u00e9m com os seminaristas, as novi\u00e7as e os novi\u00e7os. Francisco citou ainda a visita \u00e0 \u201cCasa Madre Teresa\u201d, onde a santa residia quando se encontrava em Daca e que acolhe in\u00fameros \u00f3rf\u00e3os e pessoas com defici\u00eancia. O Pont\u00edfice fez uma homenagem especial \u00e0s irm\u00e3s \u201cque est\u00e3o sempre com o sorriso no rosto. Sempre: um belo testemunho\u201d.<\/p>\n<p>Assim como em Mianmar, o \u00faltimo evento foi em Bangladesh foi com os jovens bengaleses, rico de testemunhos, cantos e dan\u00e7as, \u201ce como dan\u00e7am bem os bengaleses\u201d. \u201cNo encontro estavam presentes tamb\u00e9m jovens mu\u00e7ulmanos e de outras religi\u00f5es: um sinal de esperan\u00e7a para Bangladesh, para a \u00c1sia e para o mundo.\u201d<\/p>\n<hr \/>\n<p><em>Fonte: Vatican News<\/em><\/p>\n","protected":false},"excerpt":{"rendered":"<p>Audi\u00eancia Geral<\/p>\n","protected":false},"author":1,"featured_media":192250,"comment_status":"open","ping_status":"open","sticky":false,"template":"","format":"standard","meta":[],"categories":[1428],"tags":[487],"acf":[],"yoast_head":"<!-- This site is optimized with the Yoast SEO plugin v19.2 - https:\/\/yoast.com\/wordpress\/plugins\/seo\/ -->\n<title>Papa pede sabedoria e prud\u00eancia sobre Jerusal\u00e9m - Not\u00edcias - Franciscanos<\/title>\n<meta name=\"robots\" content=\"index, follow, max-snippet:-1, max-image-preview:large, max-video-preview:-1\" \/>\n<link rel=\"canonical\" href=\"https:\/\/franciscanos.org.br\/noticias\/papa-pede-sabedoria-e-prudencia-sobre-jerusalem.html\" \/>\n<meta property=\"og:locale\" content=\"pt_BR\" \/>\n<meta property=\"og:type\" content=\"article\" \/>\n<meta property=\"og:title\" content=\"Papa pede sabedoria e prud\u00eancia sobre Jerusal\u00e9m - Not\u00edcias - Franciscanos\" \/>\n<meta property=\"og:description\" content=\"Audi\u00eancia Geral\" \/>\n<meta property=\"og:url\" content=\"https:\/\/franciscanos.org.br\/noticias\/papa-pede-sabedoria-e-prudencia-sobre-jerusalem.html\" \/>\n<meta property=\"og:site_name\" content=\"Not\u00edcias - Franciscanos\" \/>\n<meta property=\"article:published_time\" content=\"2017-12-06T10:05:42+00:00\" \/>\n<meta property=\"article:modified_time\" content=\"2020-06-08T18:40:00+00:00\" \/>\n<meta property=\"og:image\" content=\"https:\/\/franciscanos.org.br\/noticias\/wp-content\/uploads\/2017\/12\/papa_061217.jpg\" \/>\n\t<meta property=\"og:image:width\" content=\"273\" \/>\n\t<meta property=\"og:image:height\" content=\"181\" \/>\n\t<meta property=\"og:image:type\" content=\"image\/jpeg\" \/>\n<meta name=\"author\" content=\"admin\" \/>\n<meta name=\"twitter:card\" content=\"summary_large_image\" \/>\n<meta name=\"twitter:label1\" content=\"Escrito por\" \/>\n\t<meta name=\"twitter:data1\" content=\"admin\" \/>\n\t<meta name=\"twitter:label2\" content=\"Est. tempo de leitura\" \/>\n\t<meta name=\"twitter:data2\" content=\"6 minutos\" \/>\n<script type=\"application\/ld+json\" class=\"yoast-schema-graph\">{\"@context\":\"https:\/\/schema.org\",\"@graph\":[{\"@type\":\"WebSite\",\"@id\":\"https:\/\/franciscanos.org.br\/noticias\/#website\",\"url\":\"https:\/\/franciscanos.org.br\/noticias\/\",\"name\":\"Not\u00edcias - Franciscanos\",\"description\":\"Prov\u00edncia Franciscana da Imaculada Concei\u00e7\u00e3o do Brasil - Ordem dos Frades Menores - OFM\",\"potentialAction\":[{\"@type\":\"SearchAction\",\"target\":{\"@type\":\"EntryPoint\",\"urlTemplate\":\"https:\/\/franciscanos.org.br\/noticias\/?s={search_term_string}\"},\"query-input\":\"required name=search_term_string\"}],\"inLanguage\":\"pt-BR\"},{\"@type\":\"ImageObject\",\"inLanguage\":\"pt-BR\",\"@id\":\"https:\/\/franciscanos.org.br\/noticias\/papa-pede-sabedoria-e-prudencia-sobre-jerusalem.html#primaryimage\",\"url\":\"https:\/\/franciscanos.org.br\/noticias\/wp-content\/uploads\/2017\/12\/papa_061217.jpg\",\"contentUrl\":\"https:\/\/franciscanos.org.br\/noticias\/wp-content\/uploads\/2017\/12\/papa_061217.jpg\",\"width\":273,\"height\":181},{\"@type\":\"WebPage\",\"@id\":\"https:\/\/franciscanos.org.br\/noticias\/papa-pede-sabedoria-e-prudencia-sobre-jerusalem.html#webpage\",\"url\":\"https:\/\/franciscanos.org.br\/noticias\/papa-pede-sabedoria-e-prudencia-sobre-jerusalem.html\",\"name\":\"Papa pede sabedoria e prud\u00eancia sobre Jerusal\u00e9m - Not\u00edcias - Franciscanos\",\"isPartOf\":{\"@id\":\"https:\/\/franciscanos.org.br\/noticias\/#website\"},\"primaryImageOfPage\":{\"@id\":\"https:\/\/franciscanos.org.br\/noticias\/papa-pede-sabedoria-e-prudencia-sobre-jerusalem.html#primaryimage\"},\"datePublished\":\"2017-12-06T10:05:42+00:00\",\"dateModified\":\"2020-06-08T18:40:00+00:00\",\"author\":{\"@id\":\"https:\/\/franciscanos.org.br\/noticias\/#\/schema\/person\/b38fbf43118f02820bd932f2e4b14ad3\"},\"breadcrumb\":{\"@id\":\"https:\/\/franciscanos.org.br\/noticias\/papa-pede-sabedoria-e-prudencia-sobre-jerusalem.html#breadcrumb\"},\"inLanguage\":\"pt-BR\",\"potentialAction\":[{\"@type\":\"ReadAction\",\"target\":[\"https:\/\/franciscanos.org.br\/noticias\/papa-pede-sabedoria-e-prudencia-sobre-jerusalem.html\"]}]},{\"@type\":\"BreadcrumbList\",\"@id\":\"https:\/\/franciscanos.org.br\/noticias\/papa-pede-sabedoria-e-prudencia-sobre-jerusalem.html#breadcrumb\",\"itemListElement\":[{\"@type\":\"ListItem\",\"position\":1,\"name\":\"Home\",\"item\":\"https:\/\/franciscanos.org.br\/noticias\"},{\"@type\":\"ListItem\",\"position\":2,\"name\":\"Papa pede sabedoria e prud\u00eancia sobre Jerusal\u00e9m\"}]},{\"@type\":\"Person\",\"@id\":\"https:\/\/franciscanos.org.br\/noticias\/#\/schema\/person\/b38fbf43118f02820bd932f2e4b14ad3\",\"name\":\"admin\",\"image\":{\"@type\":\"ImageObject\",\"inLanguage\":\"pt-BR\",\"@id\":\"https:\/\/franciscanos.org.br\/noticias\/#\/schema\/person\/image\/\",\"url\":\"https:\/\/secure.gravatar.com\/avatar\/e8495742d34d0ba6448ea1c628263b3e?s=96&d=mm&r=g\",\"contentUrl\":\"https:\/\/secure.gravatar.com\/avatar\/e8495742d34d0ba6448ea1c628263b3e?s=96&d=mm&r=g\",\"caption\":\"admin\"},\"url\":\"https:\/\/franciscanos.org.br\/noticias\/author\/admin\"}]}<\/script>\n<!-- \/ Yoast SEO plugin. -->","yoast_head_json":{"title":"Papa pede sabedoria e prud\u00eancia sobre Jerusal\u00e9m - Not\u00edcias - Franciscanos","robots":{"index":"index","follow":"follow","max-snippet":"max-snippet:-1","max-image-preview":"max-image-preview:large","max-video-preview":"max-video-preview:-1"},"canonical":"https:\/\/franciscanos.org.br\/noticias\/papa-pede-sabedoria-e-prudencia-sobre-jerusalem.html","og_locale":"pt_BR","og_type":"article","og_title":"Papa pede sabedoria e prud\u00eancia sobre Jerusal\u00e9m - Not\u00edcias - Franciscanos","og_description":"Audi\u00eancia Geral","og_url":"https:\/\/franciscanos.org.br\/noticias\/papa-pede-sabedoria-e-prudencia-sobre-jerusalem.html","og_site_name":"Not\u00edcias - Franciscanos","article_published_time":"2017-12-06T10:05:42+00:00","article_modified_time":"2020-06-08T18:40:00+00:00","og_image":[{"width":273,"height":181,"url":"https:\/\/franciscanos.org.br\/noticias\/wp-content\/uploads\/2017\/12\/papa_061217.jpg","type":"image\/jpeg"}],"author":"admin","twitter_card":"summary_large_image","twitter_misc":{"Escrito por":"admin","Est. tempo de leitura":"6 minutos"},"schema":{"@context":"https:\/\/schema.org","@graph":[{"@type":"WebSite","@id":"https:\/\/franciscanos.org.br\/noticias\/#website","url":"https:\/\/franciscanos.org.br\/noticias\/","name":"Not\u00edcias - Franciscanos","description":"Prov\u00edncia Franciscana da Imaculada Concei\u00e7\u00e3o do Brasil - Ordem dos Frades Menores - OFM","potentialAction":[{"@type":"SearchAction","target":{"@type":"EntryPoint","urlTemplate":"https:\/\/franciscanos.org.br\/noticias\/?s={search_term_string}"},"query-input":"required name=search_term_string"}],"inLanguage":"pt-BR"},{"@type":"ImageObject","inLanguage":"pt-BR","@id":"https:\/\/franciscanos.org.br\/noticias\/papa-pede-sabedoria-e-prudencia-sobre-jerusalem.html#primaryimage","url":"https:\/\/franciscanos.org.br\/noticias\/wp-content\/uploads\/2017\/12\/papa_061217.jpg","contentUrl":"https:\/\/franciscanos.org.br\/noticias\/wp-content\/uploads\/2017\/12\/papa_061217.jpg","width":273,"height":181},{"@type":"WebPage","@id":"https:\/\/franciscanos.org.br\/noticias\/papa-pede-sabedoria-e-prudencia-sobre-jerusalem.html#webpage","url":"https:\/\/franciscanos.org.br\/noticias\/papa-pede-sabedoria-e-prudencia-sobre-jerusalem.html","name":"Papa pede sabedoria e prud\u00eancia sobre Jerusal\u00e9m - Not\u00edcias - Franciscanos","isPartOf":{"@id":"https:\/\/franciscanos.org.br\/noticias\/#website"},"primaryImageOfPage":{"@id":"https:\/\/franciscanos.org.br\/noticias\/papa-pede-sabedoria-e-prudencia-sobre-jerusalem.html#primaryimage"},"datePublished":"2017-12-06T10:05:42+00:00","dateModified":"2020-06-08T18:40:00+00:00","author":{"@id":"https:\/\/franciscanos.org.br\/noticias\/#\/schema\/person\/b38fbf43118f02820bd932f2e4b14ad3"},"breadcrumb":{"@id":"https:\/\/franciscanos.org.br\/noticias\/papa-pede-sabedoria-e-prudencia-sobre-jerusalem.html#breadcrumb"},"inLanguage":"pt-BR","potentialAction":[{"@type":"ReadAction","target":["https:\/\/franciscanos.org.br\/noticias\/papa-pede-sabedoria-e-prudencia-sobre-jerusalem.html"]}]},{"@type":"BreadcrumbList","@id":"https:\/\/franciscanos.org.br\/noticias\/papa-pede-sabedoria-e-prudencia-sobre-jerusalem.html#breadcrumb","itemListElement":[{"@type":"ListItem","position":1,"name":"Home","item":"https:\/\/franciscanos.org.br\/noticias"},{"@type":"ListItem","position":2,"name":"Papa pede sabedoria e prud\u00eancia sobre Jerusal\u00e9m"}]},{"@type":"Person","@id":"https:\/\/franciscanos.org.br\/noticias\/#\/schema\/person\/b38fbf43118f02820bd932f2e4b14ad3","name":"admin","image":{"@type":"ImageObject","inLanguage":"pt-BR","@id":"https:\/\/franciscanos.org.br\/noticias\/#\/schema\/person\/image\/","url":"https:\/\/secure.gravatar.com\/avatar\/e8495742d34d0ba6448ea1c628263b3e?s=96&d=mm&r=g","contentUrl":"https:\/\/secure.gravatar.com\/avatar\/e8495742d34d0ba6448ea1c628263b3e?s=96&d=mm&r=g","caption":"admin"},"url":"https:\/\/franciscanos.org.br\/noticias\/author\/admin"}]}},"_links":{"self":[{"href":"https:\/\/franciscanos.org.br\/noticias\/wp-json\/wp\/v2\/posts\/146672"}],"collection":[{"href":"https:\/\/franciscanos.org.br\/noticias\/wp-json\/wp\/v2\/posts"}],"about":[{"href":"https:\/\/franciscanos.org.br\/noticias\/wp-json\/wp\/v2\/types\/post"}],"author":[{"embeddable":true,"href":"https:\/\/franciscanos.org.br\/noticias\/wp-json\/wp\/v2\/users\/1"}],"replies":[{"embeddable":true,"href":"https:\/\/franciscanos.org.br\/noticias\/wp-json\/wp\/v2\/comments?post=146672"}],"version-history":[{"count":1,"href":"https:\/\/franciscanos.org.br\/noticias\/wp-json\/wp\/v2\/posts\/146672\/revisions"}],"predecessor-version":[{"id":225165,"href":"https:\/\/franciscanos.org.br\/noticias\/wp-json\/wp\/v2\/posts\/146672\/revisions\/225165"}],"wp:featuredmedia":[{"embeddable":true,"href":"https:\/\/franciscanos.org.br\/noticias\/wp-json\/wp\/v2\/media\/192250"}],"wp:attachment":[{"href":"https:\/\/franciscanos.org.br\/noticias\/wp-json\/wp\/v2\/media?parent=146672"}],"wp:term":[{"taxonomy":"category","embeddable":true,"href":"https:\/\/franciscanos.org.br\/noticias\/wp-json\/wp\/v2\/categories?post=146672"},{"taxonomy":"post_tag","embeddable":true,"href":"https:\/\/franciscanos.org.br\/noticias\/wp-json\/wp\/v2\/tags?post=146672"}],"curies":[{"name":"wp","href":"https:\/\/api.w.org\/{rel}","templated":true}]}}