{"id":146629,"date":"2017-12-05T09:09:36","date_gmt":"2017-12-05T11:09:36","guid":{"rendered":"http:\/\/franciscanos.org.br\/?p=146629"},"modified":"2020-06-08T15:40:37","modified_gmt":"2020-06-08T18:40:37","slug":"aceitar-as-humilhacoes-para-se-assemelhar-a-jesus","status":"publish","type":"post","link":"https:\/\/franciscanos.org.br\/noticias\/aceitar-as-humilhacoes-para-se-assemelhar-a-jesus.html","title":{"rendered":"Aceitar as humilha\u00e7\u00f5es para se assemelhar a Jesus"},"content":{"rendered":"<p><img loading=\"lazy\" src=\"http:\/\/franciscanos.org.br\/wp-content\/uploads\/2017\/04\/marta_060417.jpg\" alt=\"marta_060417\" width=\"820\" height=\"409\" \/><\/p>\n<p><strong>Cidade do Vaticano<\/strong> \u2013 Depois de sua viagem a Mianmar e Bangladesh, o Papa Francisco retomou nesta ter\u00e7a-feira (05\/12) a celebra\u00e7\u00e3o da missa na capela da Casa Santa Marta.<br \/>\nA humildade \u00e9 um dom indispens\u00e1vel na vida de um crist\u00e3o: foi o que disse o Papa na sua homilia. Inspirado por uma passagem do profeta Isa\u00edas, Francisco recordou que todo crist\u00e3o \u00e9 como \u201cum pequeno broto onde se pousar\u00e1 o esp\u00edrito do Senhor, esp\u00edrito de sabedoria e de intelig\u00eancia, esp\u00edrito de conselho e fortaleza, esp\u00edrito de conhecimento e temor do Senhor\u201d.<\/p>\n<p>\u201cEsses s\u00e3o os dons do Esp\u00edrito Santo. Da pequenez do broto \u00e0 plenitude do Esp\u00edrito. Esta \u00e9 a promessa, este \u00e9 o Reino de Deus\u201d. Esta \u00e9 \u201ca vida do crist\u00e3o\u201d, recomendou o Papa:<br \/>\nSer consciente que cada um de n\u00f3s \u00e9 um broto daquela raiz que deve crescer, crescer com a for\u00e7a do Esp\u00edrito Santo, at\u00e9 a plenitude do Esp\u00edrito Santo em n\u00f3s. E qual seria a tarefa do crist\u00e3o? Simplesmente proteger o broto que cresce em n\u00f3s, proteger o crescimento, proteger o Esp\u00edrito.<\/p>\n<p>E, qual \u00e9 o estilo de vida crist\u00e3o? \u201cUm estilo como o de Jesus, de humildade\u201d, explicou Francisco:\u00a0\u201c\u00c9 preciso f\u00e9 e humildade para acreditar que este broto, este dom assim t\u00e3o pequeno chegar\u00e1 \u00e0 plenitude dos dons do Esp\u00edrito Santo. \u00c9 preciso humildade para acreditar que o Pai, Senhor do C\u00e9u e da Terra, como diz o Evangelho de hoje, escondeu essas coisas aos s\u00e1bios, aos doutos e as revelou aos pequeninos. Humildade \u00e9 ser pequeno, como o broto, pequeno que cresce todos os dias, pequeno que necessita do Esp\u00edrito Santo para poder ir avante, rumo \u00e0 plenitude da pr\u00f3pria vida\u201d.<\/p>\n<p>\u201cAlgu\u00e9m acredita que ser humilde &#8211; observou o Papa &#8211; \u00e9 ser educado, cort\u00eas, fechar os olhos em ora\u00e7\u00e3o &#8230;\u201d. \u201cN\u00e3o, ser humilde n\u00e3o \u00e9 isso\u201d. Ent\u00e3o, \u201ccomo posso saber se sou humilde?\u201d, perguntou Francisco:\u00a0\u201cH\u00e1 um sinal, um sinal, o \u00fanico: aceitar as humilha\u00e7\u00f5es. A humildade sem humilha\u00e7\u00f5es n\u00e3o \u00e9 humildade. Humilde \u00e9 aquele homem, aquela mulher que \u00e9 capaz de suportar as humilha\u00e7\u00f5es como Jesus as suportou, o humilhado, o grande humilhado\u201d.<\/p>\n<p>Francisco recordou o exemplo de tantos santos \u201cque n\u00e3o s\u00f3 aceitaram as humilha\u00e7\u00f5es, mas as solicitaram para se assemelharem a Jesus\u201d. Que o Senhor &#8211; concluiu sua homilia o Papa &#8211; nos conceda essa gra\u00e7a de proteger o pequeno em dire\u00e7\u00e3o da plenitude do Esp\u00edrito, de n\u00e3o esquecer a raiz e aceitar as humilha\u00e7\u00f5es\u201d.<\/p>\n<hr \/>\n<p><em>Fonte: Vatican News<\/em><\/p>\n","protected":false},"excerpt":{"rendered":"<p>Missa em Santa Marta<\/p>\n","protected":false},"author":1,"featured_media":204041,"comment_status":"open","ping_status":"open","sticky":false,"template":"","format":"standard","meta":[],"categories":[1428],"tags":[1586],"acf":[],"yoast_head":"<!-- This site is optimized with the Yoast SEO plugin v19.2 - https:\/\/yoast.com\/wordpress\/plugins\/seo\/ -->\n<title>Aceitar as humilha\u00e7\u00f5es para se assemelhar a Jesus - Not\u00edcias - Franciscanos<\/title>\n<meta name=\"robots\" content=\"index, follow, max-snippet:-1, max-image-preview:large, max-video-preview:-1\" \/>\n<link rel=\"canonical\" href=\"https:\/\/franciscanos.org.br\/noticias\/aceitar-as-humilhacoes-para-se-assemelhar-a-jesus.html\" \/>\n<meta property=\"og:locale\" content=\"pt_BR\" \/>\n<meta property=\"og:type\" content=\"article\" \/>\n<meta property=\"og:title\" content=\"Aceitar as humilha\u00e7\u00f5es para se assemelhar a Jesus - Not\u00edcias - Franciscanos\" \/>\n<meta property=\"og:description\" content=\"Missa em Santa Marta\" \/>\n<meta property=\"og:url\" content=\"https:\/\/franciscanos.org.br\/noticias\/aceitar-as-humilhacoes-para-se-assemelhar-a-jesus.html\" \/>\n<meta property=\"og:site_name\" content=\"Not\u00edcias - Franciscanos\" \/>\n<meta property=\"article:published_time\" content=\"2017-12-05T11:09:36+00:00\" \/>\n<meta property=\"article:modified_time\" content=\"2020-06-08T18:40:37+00:00\" \/>\n<meta property=\"og:image\" content=\"https:\/\/franciscanos.org.br\/noticias\/wp-content\/uploads\/2017\/12\/marta_060417.jpg\" \/>\n\t<meta property=\"og:image:width\" content=\"273\" \/>\n\t<meta property=\"og:image:height\" content=\"181\" \/>\n\t<meta property=\"og:image:type\" content=\"image\/jpeg\" \/>\n<meta name=\"author\" content=\"admin\" \/>\n<meta name=\"twitter:card\" content=\"summary_large_image\" \/>\n<meta name=\"twitter:label1\" content=\"Escrito por\" \/>\n\t<meta name=\"twitter:data1\" content=\"admin\" \/>\n\t<meta name=\"twitter:label2\" content=\"Est. tempo de leitura\" \/>\n\t<meta name=\"twitter:data2\" content=\"2 minutos\" \/>\n<script type=\"application\/ld+json\" class=\"yoast-schema-graph\">{\"@context\":\"https:\/\/schema.org\",\"@graph\":[{\"@type\":\"WebSite\",\"@id\":\"https:\/\/franciscanos.org.br\/noticias\/#website\",\"url\":\"https:\/\/franciscanos.org.br\/noticias\/\",\"name\":\"Not\u00edcias - Franciscanos\",\"description\":\"Prov\u00edncia Franciscana da Imaculada Concei\u00e7\u00e3o do Brasil - Ordem dos Frades Menores - OFM\",\"potentialAction\":[{\"@type\":\"SearchAction\",\"target\":{\"@type\":\"EntryPoint\",\"urlTemplate\":\"https:\/\/franciscanos.org.br\/noticias\/?s={search_term_string}\"},\"query-input\":\"required name=search_term_string\"}],\"inLanguage\":\"pt-BR\"},{\"@type\":\"ImageObject\",\"inLanguage\":\"pt-BR\",\"@id\":\"https:\/\/franciscanos.org.br\/noticias\/aceitar-as-humilhacoes-para-se-assemelhar-a-jesus.html#primaryimage\",\"url\":\"https:\/\/franciscanos.org.br\/noticias\/wp-content\/uploads\/2017\/12\/marta_060417.jpg\",\"contentUrl\":\"https:\/\/franciscanos.org.br\/noticias\/wp-content\/uploads\/2017\/12\/marta_060417.jpg\",\"width\":273,\"height\":181},{\"@type\":\"WebPage\",\"@id\":\"https:\/\/franciscanos.org.br\/noticias\/aceitar-as-humilhacoes-para-se-assemelhar-a-jesus.html#webpage\",\"url\":\"https:\/\/franciscanos.org.br\/noticias\/aceitar-as-humilhacoes-para-se-assemelhar-a-jesus.html\",\"name\":\"Aceitar as humilha\u00e7\u00f5es para se assemelhar a Jesus - Not\u00edcias - Franciscanos\",\"isPartOf\":{\"@id\":\"https:\/\/franciscanos.org.br\/noticias\/#website\"},\"primaryImageOfPage\":{\"@id\":\"https:\/\/franciscanos.org.br\/noticias\/aceitar-as-humilhacoes-para-se-assemelhar-a-jesus.html#primaryimage\"},\"datePublished\":\"2017-12-05T11:09:36+00:00\",\"dateModified\":\"2020-06-08T18:40:37+00:00\",\"author\":{\"@id\":\"https:\/\/franciscanos.org.br\/noticias\/#\/schema\/person\/b38fbf43118f02820bd932f2e4b14ad3\"},\"breadcrumb\":{\"@id\":\"https:\/\/franciscanos.org.br\/noticias\/aceitar-as-humilhacoes-para-se-assemelhar-a-jesus.html#breadcrumb\"},\"inLanguage\":\"pt-BR\",\"potentialAction\":[{\"@type\":\"ReadAction\",\"target\":[\"https:\/\/franciscanos.org.br\/noticias\/aceitar-as-humilhacoes-para-se-assemelhar-a-jesus.html\"]}]},{\"@type\":\"BreadcrumbList\",\"@id\":\"https:\/\/franciscanos.org.br\/noticias\/aceitar-as-humilhacoes-para-se-assemelhar-a-jesus.html#breadcrumb\",\"itemListElement\":[{\"@type\":\"ListItem\",\"position\":1,\"name\":\"Home\",\"item\":\"https:\/\/franciscanos.org.br\/noticias\"},{\"@type\":\"ListItem\",\"position\":2,\"name\":\"Aceitar as humilha\u00e7\u00f5es para se assemelhar a Jesus\"}]},{\"@type\":\"Person\",\"@id\":\"https:\/\/franciscanos.org.br\/noticias\/#\/schema\/person\/b38fbf43118f02820bd932f2e4b14ad3\",\"name\":\"admin\",\"image\":{\"@type\":\"ImageObject\",\"inLanguage\":\"pt-BR\",\"@id\":\"https:\/\/franciscanos.org.br\/noticias\/#\/schema\/person\/image\/\",\"url\":\"https:\/\/secure.gravatar.com\/avatar\/e8495742d34d0ba6448ea1c628263b3e?s=96&d=mm&r=g\",\"contentUrl\":\"https:\/\/secure.gravatar.com\/avatar\/e8495742d34d0ba6448ea1c628263b3e?s=96&d=mm&r=g\",\"caption\":\"admin\"},\"url\":\"https:\/\/franciscanos.org.br\/noticias\/author\/admin\"}]}<\/script>\n<!-- \/ Yoast SEO plugin. -->","yoast_head_json":{"title":"Aceitar as humilha\u00e7\u00f5es para se assemelhar a Jesus - Not\u00edcias - Franciscanos","robots":{"index":"index","follow":"follow","max-snippet":"max-snippet:-1","max-image-preview":"max-image-preview:large","max-video-preview":"max-video-preview:-1"},"canonical":"https:\/\/franciscanos.org.br\/noticias\/aceitar-as-humilhacoes-para-se-assemelhar-a-jesus.html","og_locale":"pt_BR","og_type":"article","og_title":"Aceitar as humilha\u00e7\u00f5es para se assemelhar a Jesus - Not\u00edcias - Franciscanos","og_description":"Missa em Santa Marta","og_url":"https:\/\/franciscanos.org.br\/noticias\/aceitar-as-humilhacoes-para-se-assemelhar-a-jesus.html","og_site_name":"Not\u00edcias - Franciscanos","article_published_time":"2017-12-05T11:09:36+00:00","article_modified_time":"2020-06-08T18:40:37+00:00","og_image":[{"width":273,"height":181,"url":"https:\/\/franciscanos.org.br\/noticias\/wp-content\/uploads\/2017\/12\/marta_060417.jpg","type":"image\/jpeg"}],"author":"admin","twitter_card":"summary_large_image","twitter_misc":{"Escrito por":"admin","Est. tempo de leitura":"2 minutos"},"schema":{"@context":"https:\/\/schema.org","@graph":[{"@type":"WebSite","@id":"https:\/\/franciscanos.org.br\/noticias\/#website","url":"https:\/\/franciscanos.org.br\/noticias\/","name":"Not\u00edcias - Franciscanos","description":"Prov\u00edncia Franciscana da Imaculada Concei\u00e7\u00e3o do Brasil - Ordem dos Frades Menores - OFM","potentialAction":[{"@type":"SearchAction","target":{"@type":"EntryPoint","urlTemplate":"https:\/\/franciscanos.org.br\/noticias\/?s={search_term_string}"},"query-input":"required name=search_term_string"}],"inLanguage":"pt-BR"},{"@type":"ImageObject","inLanguage":"pt-BR","@id":"https:\/\/franciscanos.org.br\/noticias\/aceitar-as-humilhacoes-para-se-assemelhar-a-jesus.html#primaryimage","url":"https:\/\/franciscanos.org.br\/noticias\/wp-content\/uploads\/2017\/12\/marta_060417.jpg","contentUrl":"https:\/\/franciscanos.org.br\/noticias\/wp-content\/uploads\/2017\/12\/marta_060417.jpg","width":273,"height":181},{"@type":"WebPage","@id":"https:\/\/franciscanos.org.br\/noticias\/aceitar-as-humilhacoes-para-se-assemelhar-a-jesus.html#webpage","url":"https:\/\/franciscanos.org.br\/noticias\/aceitar-as-humilhacoes-para-se-assemelhar-a-jesus.html","name":"Aceitar as humilha\u00e7\u00f5es para se assemelhar a Jesus - Not\u00edcias - Franciscanos","isPartOf":{"@id":"https:\/\/franciscanos.org.br\/noticias\/#website"},"primaryImageOfPage":{"@id":"https:\/\/franciscanos.org.br\/noticias\/aceitar-as-humilhacoes-para-se-assemelhar-a-jesus.html#primaryimage"},"datePublished":"2017-12-05T11:09:36+00:00","dateModified":"2020-06-08T18:40:37+00:00","author":{"@id":"https:\/\/franciscanos.org.br\/noticias\/#\/schema\/person\/b38fbf43118f02820bd932f2e4b14ad3"},"breadcrumb":{"@id":"https:\/\/franciscanos.org.br\/noticias\/aceitar-as-humilhacoes-para-se-assemelhar-a-jesus.html#breadcrumb"},"inLanguage":"pt-BR","potentialAction":[{"@type":"ReadAction","target":["https:\/\/franciscanos.org.br\/noticias\/aceitar-as-humilhacoes-para-se-assemelhar-a-jesus.html"]}]},{"@type":"BreadcrumbList","@id":"https:\/\/franciscanos.org.br\/noticias\/aceitar-as-humilhacoes-para-se-assemelhar-a-jesus.html#breadcrumb","itemListElement":[{"@type":"ListItem","position":1,"name":"Home","item":"https:\/\/franciscanos.org.br\/noticias"},{"@type":"ListItem","position":2,"name":"Aceitar as humilha\u00e7\u00f5es para se assemelhar a Jesus"}]},{"@type":"Person","@id":"https:\/\/franciscanos.org.br\/noticias\/#\/schema\/person\/b38fbf43118f02820bd932f2e4b14ad3","name":"admin","image":{"@type":"ImageObject","inLanguage":"pt-BR","@id":"https:\/\/franciscanos.org.br\/noticias\/#\/schema\/person\/image\/","url":"https:\/\/secure.gravatar.com\/avatar\/e8495742d34d0ba6448ea1c628263b3e?s=96&d=mm&r=g","contentUrl":"https:\/\/secure.gravatar.com\/avatar\/e8495742d34d0ba6448ea1c628263b3e?s=96&d=mm&r=g","caption":"admin"},"url":"https:\/\/franciscanos.org.br\/noticias\/author\/admin"}]}},"_links":{"self":[{"href":"https:\/\/franciscanos.org.br\/noticias\/wp-json\/wp\/v2\/posts\/146629"}],"collection":[{"href":"https:\/\/franciscanos.org.br\/noticias\/wp-json\/wp\/v2\/posts"}],"about":[{"href":"https:\/\/franciscanos.org.br\/noticias\/wp-json\/wp\/v2\/types\/post"}],"author":[{"embeddable":true,"href":"https:\/\/franciscanos.org.br\/noticias\/wp-json\/wp\/v2\/users\/1"}],"replies":[{"embeddable":true,"href":"https:\/\/franciscanos.org.br\/noticias\/wp-json\/wp\/v2\/comments?post=146629"}],"version-history":[{"count":1,"href":"https:\/\/franciscanos.org.br\/noticias\/wp-json\/wp\/v2\/posts\/146629\/revisions"}],"predecessor-version":[{"id":225166,"href":"https:\/\/franciscanos.org.br\/noticias\/wp-json\/wp\/v2\/posts\/146629\/revisions\/225166"}],"wp:featuredmedia":[{"embeddable":true,"href":"https:\/\/franciscanos.org.br\/noticias\/wp-json\/wp\/v2\/media\/204041"}],"wp:attachment":[{"href":"https:\/\/franciscanos.org.br\/noticias\/wp-json\/wp\/v2\/media?parent=146629"}],"wp:term":[{"taxonomy":"category","embeddable":true,"href":"https:\/\/franciscanos.org.br\/noticias\/wp-json\/wp\/v2\/categories?post=146629"},{"taxonomy":"post_tag","embeddable":true,"href":"https:\/\/franciscanos.org.br\/noticias\/wp-json\/wp\/v2\/tags?post=146629"}],"curies":[{"name":"wp","href":"https:\/\/api.w.org\/{rel}","templated":true}]}}