{"id":146568,"date":"2017-12-04T18:20:37","date_gmt":"2017-12-04T20:20:37","guid":{"rendered":"http:\/\/franciscanos.org.br\/?p=146568"},"modified":"2023-01-10T09:37:30","modified_gmt":"2023-01-10T12:37:30","slug":"na-celebracao-dos-regionais-e-jubileus-frei-fidencio-deixa-uma-pergunta-onde-estas","status":"publish","type":"post","link":"https:\/\/franciscanos.org.br\/noticias\/na-celebracao-dos-regionais-e-jubileus-frei-fidencio-deixa-uma-pergunta-onde-estas.html","title":{"rendered":"Frei Fid\u00eancio deixa uma pergunta: &#8220;Onde est\u00e1s?&#8221;"},"content":{"rendered":"<p><img loading=\"lazy\" src=\"http:\/\/franciscanos.org.br\/wp-content\/uploads\/2017\/12\/braganca_041217_3.jpg\" alt=\"braganca_041217_3\" width=\"830\" height=\"545\" \/><\/p>\n<p><strong>Bragan\u00e7a Paulista (SP)<\/strong> &#8211; O Ministro Provincial, Frei Fid\u00eancio Vanboemmel, presidiu nesta segunda-feira, 4 de dezembro, a Celebra\u00e7\u00e3o Eucar\u00edstica que marcou o encerramento festivo das atividades do Regional S\u00e3o Paulo da Prov\u00edncia da Imaculada Concei\u00e7\u00e3o. Este momento de A\u00e7\u00e3o de Gra\u00e7as, na Fraternidade S\u00e3o Francisco de Assis, em Bragan\u00e7a Paulista (ES), foi tamb\u00e9m pelos Jubileus dos frades da Prov\u00edncia, a exemplo da <strong>Missa no \u00faltimo s\u00e1bado no Convento S\u00e3o Francisco <\/strong>em S\u00e3o Paulo.<\/p>\n<p>Ao redor do altar estavam: Frei Olavo Seifert, 76 anos de vida religiosa; Frei Cir\u00edaco Tokarski, 73 anos; Frei Anselmo M\u00fcnchen, 70 anos; Frei Raul Budal e Frei Euclydes Pezzamiglio, 65 anos de vida consagrada. Frei Olavo tamb\u00e9m celebrou 71 anos de minist\u00e9rio sacerdotal, assim como Frei Euclydes Pezzamiglio e Frei Raul Budal festejaram 60 anos de vida sacerdotal.<\/p>\n<p>Frei Carlos K\u00f6rber, o guardi\u00e3o da Fraternidade, fez a acolhida e sugeriu ao Ministro Provincial que se tomasse, liturgicamente, a Missa da Imaculada Concei\u00e7\u00e3o neste dia festivo, tendo em vista a proximidade da solenidade no dia 8 de dezembro. &#8220;Creio que \u00e9 mais do que expressiva esta celebra\u00e7\u00e3o lembrar a Imaculada M\u00e3e de Deus, Padroeira da Nossa Prov\u00edncia. Que ela interceda junto a Deus pela nossa vida, pela nossa voca\u00e7\u00e3o e que ela acolha a vida e a hist\u00f3ria dos nossos irm\u00e3os jubilandos, o nosso Regional, os nosso irm\u00e3os e irm\u00e3s da Universidade S\u00e3o Francisco, uma das Frentes bonitas da nossa a\u00e7\u00e3o evangelizadora e o sentido da nossa maior presen\u00e7a aqui em Bragan\u00e7a, junto a esta Casa Cuidadora dos nossos irm\u00e3os&#8221;, saudou Frei Fid\u00eancio. Nesta Casa Cuidadora vivem os frades idosos e em tratamento da Prov\u00edncia. Frei Fid\u00eancio tamb\u00e9m fez mem\u00f3ria de Valter Luciano, que faleceu na semana passada e foi colaborador na contabilidade da Fraternidade de Bragan\u00e7a.<\/p>\n<p><img loading=\"lazy\" src=\"http:\/\/franciscanos.org.br\/wp-content\/uploads\/2017\/12\/braganca_041217_2.jpg\" alt=\"braganca_041217_2\" width=\"830\" height=\"411\" \/><\/p>\n<p>Al\u00e9m das Fraternidades que comp\u00f5em o Regional S\u00e3o Paulo (Amparo, Santos, Pari, Largo S\u00e3o Francisco e Vila Clementino), participou deste dia festivo a Fraternidade e Postulantado de Guaratinguet\u00e1 com os 13 postulantes que ingressar\u00e3o no Noviciado no dia 15 de janeiro.<\/p>\n<p>Frei Fid\u00eancio fez sua reflex\u00e3o tendo como base a primeira leitura, tirada do G\u00eanesis, quando o Senhor Deus chamou Ad\u00e3o e perguntou: &#8220;Onde est\u00e1s?&#8221;<\/p>\n<p>&#8220;Ad\u00e3o, na linguagem b\u00edblica, foi criado \u00e0 imagem e semelhan\u00e7a de Deus, mas como criatura humana desobedece a Deus e perde esse encanto e beleza. Ent\u00e3o, Deus lhe pergunta: Onde estas? Onde voc\u00ea foi parar, Ad\u00e3o? Em que situa\u00e7\u00e3o voc\u00ea se encontra agora? Perdeu o encanto, perdeu a beleza, e agora se encontra desordenado. Foge da responsabilidade, inculpa os outros, encontra mecanismos para se explicar, jogando problemas fora de si. Mas a pergunta continua: Onde est\u00e1s?&#8221;, destacou.<\/p>\n<p><img loading=\"lazy\" src=\"http:\/\/franciscanos.org.br\/wp-content\/uploads\/2017\/12\/braganca_041217_1.jpg\" alt=\"braganca_041217_1\" width=\"830\" height=\"501\" \/><\/p>\n<p>Frei Fid\u00eancio depois, nesta mesma linguagem, recordou S\u00e3o Francisco: &#8220;Considera, \u00f3 homem, em que grande excel\u00eancia te p\u00f4s o Senhor Deus, porque te criou e formou \u00e0 imagem de seu dileto Filho segundo o corpo e \u00e0 sua semelhan\u00e7a segundo o esp\u00edrito&#8221;. Segundo o Ministro Provincial, \u00e9 a mesma pergunta que Deus vai nos fazer no dia de hoje: &#8220;Irm\u00e3o, onde est\u00e1s a partir da grandeza da imagem e semelhan\u00e7a de Deus que carregamos dentro de n\u00f3s, a partir da obedi\u00eancia que n\u00f3s queremos prestar e viver em conformidade com este mandato divino&#8221;, disse.<\/p>\n<p>&#8220;Ent\u00e3o, encerrando nossos encontros regionais, em comunh\u00e3o com a Fraternidade de Guaratinguet\u00e1 e a Universidade S\u00e3o Francisco, n\u00f3s queremos deixar que Deus nos pergunte: Onde n\u00f3s estamos? E, ao mesmo tempo que nos perguntamos e nos deixamos questionar, fomos tamb\u00e9m lembrados na segunda leitura da Carta de S\u00e3o Paulo aos Ef\u00e9sios que Deus nos aben\u00e7oou, nos escolheu e nos predestinou. Fomos aben\u00e7oados por Deus, escolhidos por Deus, predestinados por Deus para a miss\u00e3o que desempenhamos n\u00e3o importa o lugar: aqui nesta casa, na Universidade, em uma Casa de Forma\u00e7\u00e3o, nas nossas Par\u00f3quias, na Sede da Prov\u00edncia, n\u00e3o importa. N\u00f3s fomos aben\u00e7oados por Deus, mas tamb\u00e9m predestinados por Deus para vivermos exatamente da esperan\u00e7a em Jesus Cristo. Se n\u00f3s vivemos num mundo de muito conflito, muito confuso, n\u00e3o muito diferente da confus\u00e3o que Ad\u00e3o armou para si mesmo, somos chamados por Deus, aben\u00e7oados por Deus e predestinados por Deus a darmos a nossa resposta aos homens e \u00e0s mulheres dos tempos de hoje&#8221;, sublinhou.<\/p>\n<p><img loading=\"lazy\" src=\"http:\/\/franciscanos.org.br\/wp-content\/uploads\/2017\/12\/braganca_041217_4.jpg\" alt=\"braganca_041217_4\" width=\"830\" height=\"445\" \/><\/p>\n<p>Essa voca\u00e7\u00e3o encontra um modelo bel\u00edssimo no Evangelho: Maria Sant\u00edssima. &#8220;Maria, onde voc\u00ea est\u00e1? Onde est\u00e1s? E \u00e9 t\u00e3o bonito quando o anjo se aproxima de Maria e diz: &#8216;Ave Cheia de gra\u00e7a!&#8217; Voc\u00ea, Maria, est\u00e1 cheia de gra\u00e7a, n\u00e3o est\u00e1 na desordem, n\u00e3o est\u00e1 na confus\u00e3o, est\u00e1 \u00edntegra, inteira, na obedi\u00eancia. Voc\u00ea, Maria, tamb\u00e9m foi aben\u00e7oada como n\u00f3s tamb\u00e9m fomos aben\u00e7oados. Foi chamada, como n\u00f3s fomos chamados, ela foi predestinada como n\u00f3s fomos predestinados. E assim, cheia de gra\u00e7a, ela se colocou na atitude da escuta, da obedi\u00eancia para cumprir a vontade de Deus. Ela n\u00e3o foge, n\u00e3o procura outros caminhos. Deixa Deus tra\u00e7ar dentro dela o seu plano de amor. Maria onde est\u00e1s? A mulher cheia de gra\u00e7a, \u00edntegra, verdadeira, acolhe o mist\u00e9rio do amor de Deus e termina dizendo: &#8216;Eis aqui a serva do Senhor; fa\u00e7a-se em mim segundo a tua palavra!&#8217;\u201d, refletiu Frei Fid\u00eancio, concluindo: &#8220;Queridos irm\u00e3os e irm\u00e3s, ao celebrarmos hoje tamb\u00e9m os Jubileus de nossos confrades, n\u00f3s queremos olhar para Maria Sant\u00edssima e descobrir nela a resposta que n\u00f3s queremos dar a nosso Deus. Que Deus, assim, nos encontre neste final de ano j\u00e1 nessa espera do Natal do Senhor. Que Deus nos encontre cheios de gra\u00e7as, para que possamos dar a resposta, mais uma vez, como a Virgem Maria: &#8216;Eis aqui a serva do Senhor; fa\u00e7a-se em mim segundo a tua palavra!&#8217;. E \u00e9 essa resposta que nossos confrades jubilandos v\u00e3o dizer neste momento na renova\u00e7\u00e3o de seu compromisso de vida religiosa e no seu compromisso sacerdotal&#8221;, completou.<\/p>\n<p>No final da celebra\u00e7\u00e3o, Frei Germano Guesser, coordenador do Regional, sugeriu e recebeu aprova\u00e7\u00e3o total para a data do dia 5 de mar\u00e7o tendo em vista o primeiro encontro regional de 2018. Frades, postulantes e colaboradores participaram de um almo\u00e7o festivo na Fraternidade.<\/p>\n<p><img loading=\"lazy\" src=\"http:\/\/franciscanos.org.br\/wp-content\/uploads\/2017\/12\/braganca_041217_5.jpg\" alt=\"braganca_041217_5\" width=\"830\" height=\"469\" \/><\/p>\n<hr \/>\n<p><em>Comunica\u00e7\u00e3o da Prov\u00edncia da Imaculada Concei\u00e7\u00e3o<\/em><\/p>\n","protected":false},"excerpt":{"rendered":"<p>Regionais e Jubileus<\/p>\n","protected":false},"author":1,"featured_media":209041,"comment_status":"open","ping_status":"open","sticky":false,"template":"","format":"standard","meta":[],"categories":[1],"tags":[332],"acf":[],"yoast_head":"<!-- This site is optimized with the Yoast SEO plugin v19.2 - https:\/\/yoast.com\/wordpress\/plugins\/seo\/ -->\n<title>Frei Fid\u00eancio deixa uma pergunta: &quot;Onde est\u00e1s?&quot; - Not\u00edcias - Franciscanos<\/title>\n<meta name=\"robots\" content=\"index, follow, max-snippet:-1, max-image-preview:large, max-video-preview:-1\" \/>\n<link rel=\"canonical\" href=\"https:\/\/franciscanos.org.br\/noticias\/na-celebracao-dos-regionais-e-jubileus-frei-fidencio-deixa-uma-pergunta-onde-estas.html\" \/>\n<meta property=\"og:locale\" content=\"pt_BR\" \/>\n<meta property=\"og:type\" content=\"article\" \/>\n<meta property=\"og:title\" content=\"Frei Fid\u00eancio deixa uma pergunta: &quot;Onde est\u00e1s?&quot; - Not\u00edcias - Franciscanos\" \/>\n<meta property=\"og:description\" content=\"Regionais e Jubileus\" \/>\n<meta property=\"og:url\" content=\"https:\/\/franciscanos.org.br\/noticias\/na-celebracao-dos-regionais-e-jubileus-frei-fidencio-deixa-uma-pergunta-onde-estas.html\" \/>\n<meta property=\"og:site_name\" content=\"Not\u00edcias - Franciscanos\" \/>\n<meta property=\"article:published_time\" content=\"2017-12-04T20:20:37+00:00\" \/>\n<meta property=\"article:modified_time\" content=\"2023-01-10T12:37:30+00:00\" \/>\n<meta property=\"og:image\" content=\"https:\/\/franciscanos.org.br\/noticias\/wp-content\/uploads\/2017\/12\/braganca_041217_3.jpg\" \/>\n\t<meta property=\"og:image:width\" content=\"273\" \/>\n\t<meta property=\"og:image:height\" content=\"181\" \/>\n\t<meta property=\"og:image:type\" content=\"image\/jpeg\" \/>\n<meta name=\"author\" content=\"admin\" \/>\n<meta name=\"twitter:card\" content=\"summary_large_image\" \/>\n<meta name=\"twitter:label1\" content=\"Escrito por\" \/>\n\t<meta name=\"twitter:data1\" content=\"admin\" \/>\n\t<meta name=\"twitter:label2\" content=\"Est. tempo de leitura\" \/>\n\t<meta name=\"twitter:data2\" content=\"6 minutos\" \/>\n<script type=\"application\/ld+json\" class=\"yoast-schema-graph\">{\"@context\":\"https:\/\/schema.org\",\"@graph\":[{\"@type\":\"WebSite\",\"@id\":\"https:\/\/franciscanos.org.br\/noticias\/#website\",\"url\":\"https:\/\/franciscanos.org.br\/noticias\/\",\"name\":\"Not\u00edcias - Franciscanos\",\"description\":\"Prov\u00edncia Franciscana da Imaculada Concei\u00e7\u00e3o do Brasil - Ordem dos Frades Menores - OFM\",\"potentialAction\":[{\"@type\":\"SearchAction\",\"target\":{\"@type\":\"EntryPoint\",\"urlTemplate\":\"https:\/\/franciscanos.org.br\/noticias\/?s={search_term_string}\"},\"query-input\":\"required name=search_term_string\"}],\"inLanguage\":\"pt-BR\"},{\"@type\":\"ImageObject\",\"inLanguage\":\"pt-BR\",\"@id\":\"https:\/\/franciscanos.org.br\/noticias\/na-celebracao-dos-regionais-e-jubileus-frei-fidencio-deixa-uma-pergunta-onde-estas.html#primaryimage\",\"url\":\"https:\/\/franciscanos.org.br\/noticias\/wp-content\/uploads\/2017\/12\/braganca_041217_3.jpg\",\"contentUrl\":\"https:\/\/franciscanos.org.br\/noticias\/wp-content\/uploads\/2017\/12\/braganca_041217_3.jpg\",\"width\":273,\"height\":181},{\"@type\":\"WebPage\",\"@id\":\"https:\/\/franciscanos.org.br\/noticias\/na-celebracao-dos-regionais-e-jubileus-frei-fidencio-deixa-uma-pergunta-onde-estas.html#webpage\",\"url\":\"https:\/\/franciscanos.org.br\/noticias\/na-celebracao-dos-regionais-e-jubileus-frei-fidencio-deixa-uma-pergunta-onde-estas.html\",\"name\":\"Frei Fid\u00eancio deixa uma pergunta: \\\"Onde est\u00e1s?\\\" - Not\u00edcias - Franciscanos\",\"isPartOf\":{\"@id\":\"https:\/\/franciscanos.org.br\/noticias\/#website\"},\"primaryImageOfPage\":{\"@id\":\"https:\/\/franciscanos.org.br\/noticias\/na-celebracao-dos-regionais-e-jubileus-frei-fidencio-deixa-uma-pergunta-onde-estas.html#primaryimage\"},\"datePublished\":\"2017-12-04T20:20:37+00:00\",\"dateModified\":\"2023-01-10T12:37:30+00:00\",\"author\":{\"@id\":\"https:\/\/franciscanos.org.br\/noticias\/#\/schema\/person\/b38fbf43118f02820bd932f2e4b14ad3\"},\"breadcrumb\":{\"@id\":\"https:\/\/franciscanos.org.br\/noticias\/na-celebracao-dos-regionais-e-jubileus-frei-fidencio-deixa-uma-pergunta-onde-estas.html#breadcrumb\"},\"inLanguage\":\"pt-BR\",\"potentialAction\":[{\"@type\":\"ReadAction\",\"target\":[\"https:\/\/franciscanos.org.br\/noticias\/na-celebracao-dos-regionais-e-jubileus-frei-fidencio-deixa-uma-pergunta-onde-estas.html\"]}]},{\"@type\":\"BreadcrumbList\",\"@id\":\"https:\/\/franciscanos.org.br\/noticias\/na-celebracao-dos-regionais-e-jubileus-frei-fidencio-deixa-uma-pergunta-onde-estas.html#breadcrumb\",\"itemListElement\":[{\"@type\":\"ListItem\",\"position\":1,\"name\":\"Home\",\"item\":\"https:\/\/franciscanos.org.br\/noticias\"},{\"@type\":\"ListItem\",\"position\":2,\"name\":\"Frei Fid\u00eancio deixa uma pergunta: &#8220;Onde est\u00e1s?&#8221;\"}]},{\"@type\":\"Person\",\"@id\":\"https:\/\/franciscanos.org.br\/noticias\/#\/schema\/person\/b38fbf43118f02820bd932f2e4b14ad3\",\"name\":\"admin\",\"image\":{\"@type\":\"ImageObject\",\"inLanguage\":\"pt-BR\",\"@id\":\"https:\/\/franciscanos.org.br\/noticias\/#\/schema\/person\/image\/\",\"url\":\"https:\/\/secure.gravatar.com\/avatar\/e8495742d34d0ba6448ea1c628263b3e?s=96&d=mm&r=g\",\"contentUrl\":\"https:\/\/secure.gravatar.com\/avatar\/e8495742d34d0ba6448ea1c628263b3e?s=96&d=mm&r=g\",\"caption\":\"admin\"},\"url\":\"https:\/\/franciscanos.org.br\/noticias\/author\/admin\"}]}<\/script>\n<!-- \/ Yoast SEO plugin. -->","yoast_head_json":{"title":"Frei Fid\u00eancio deixa uma pergunta: \"Onde est\u00e1s?\" - Not\u00edcias - Franciscanos","robots":{"index":"index","follow":"follow","max-snippet":"max-snippet:-1","max-image-preview":"max-image-preview:large","max-video-preview":"max-video-preview:-1"},"canonical":"https:\/\/franciscanos.org.br\/noticias\/na-celebracao-dos-regionais-e-jubileus-frei-fidencio-deixa-uma-pergunta-onde-estas.html","og_locale":"pt_BR","og_type":"article","og_title":"Frei Fid\u00eancio deixa uma pergunta: \"Onde est\u00e1s?\" - Not\u00edcias - Franciscanos","og_description":"Regionais e Jubileus","og_url":"https:\/\/franciscanos.org.br\/noticias\/na-celebracao-dos-regionais-e-jubileus-frei-fidencio-deixa-uma-pergunta-onde-estas.html","og_site_name":"Not\u00edcias - Franciscanos","article_published_time":"2017-12-04T20:20:37+00:00","article_modified_time":"2023-01-10T12:37:30+00:00","og_image":[{"width":273,"height":181,"url":"https:\/\/franciscanos.org.br\/noticias\/wp-content\/uploads\/2017\/12\/braganca_041217_3.jpg","type":"image\/jpeg"}],"author":"admin","twitter_card":"summary_large_image","twitter_misc":{"Escrito por":"admin","Est. tempo de leitura":"6 minutos"},"schema":{"@context":"https:\/\/schema.org","@graph":[{"@type":"WebSite","@id":"https:\/\/franciscanos.org.br\/noticias\/#website","url":"https:\/\/franciscanos.org.br\/noticias\/","name":"Not\u00edcias - Franciscanos","description":"Prov\u00edncia Franciscana da Imaculada Concei\u00e7\u00e3o do Brasil - Ordem dos Frades Menores - OFM","potentialAction":[{"@type":"SearchAction","target":{"@type":"EntryPoint","urlTemplate":"https:\/\/franciscanos.org.br\/noticias\/?s={search_term_string}"},"query-input":"required name=search_term_string"}],"inLanguage":"pt-BR"},{"@type":"ImageObject","inLanguage":"pt-BR","@id":"https:\/\/franciscanos.org.br\/noticias\/na-celebracao-dos-regionais-e-jubileus-frei-fidencio-deixa-uma-pergunta-onde-estas.html#primaryimage","url":"https:\/\/franciscanos.org.br\/noticias\/wp-content\/uploads\/2017\/12\/braganca_041217_3.jpg","contentUrl":"https:\/\/franciscanos.org.br\/noticias\/wp-content\/uploads\/2017\/12\/braganca_041217_3.jpg","width":273,"height":181},{"@type":"WebPage","@id":"https:\/\/franciscanos.org.br\/noticias\/na-celebracao-dos-regionais-e-jubileus-frei-fidencio-deixa-uma-pergunta-onde-estas.html#webpage","url":"https:\/\/franciscanos.org.br\/noticias\/na-celebracao-dos-regionais-e-jubileus-frei-fidencio-deixa-uma-pergunta-onde-estas.html","name":"Frei Fid\u00eancio deixa uma pergunta: \"Onde est\u00e1s?\" - Not\u00edcias - Franciscanos","isPartOf":{"@id":"https:\/\/franciscanos.org.br\/noticias\/#website"},"primaryImageOfPage":{"@id":"https:\/\/franciscanos.org.br\/noticias\/na-celebracao-dos-regionais-e-jubileus-frei-fidencio-deixa-uma-pergunta-onde-estas.html#primaryimage"},"datePublished":"2017-12-04T20:20:37+00:00","dateModified":"2023-01-10T12:37:30+00:00","author":{"@id":"https:\/\/franciscanos.org.br\/noticias\/#\/schema\/person\/b38fbf43118f02820bd932f2e4b14ad3"},"breadcrumb":{"@id":"https:\/\/franciscanos.org.br\/noticias\/na-celebracao-dos-regionais-e-jubileus-frei-fidencio-deixa-uma-pergunta-onde-estas.html#breadcrumb"},"inLanguage":"pt-BR","potentialAction":[{"@type":"ReadAction","target":["https:\/\/franciscanos.org.br\/noticias\/na-celebracao-dos-regionais-e-jubileus-frei-fidencio-deixa-uma-pergunta-onde-estas.html"]}]},{"@type":"BreadcrumbList","@id":"https:\/\/franciscanos.org.br\/noticias\/na-celebracao-dos-regionais-e-jubileus-frei-fidencio-deixa-uma-pergunta-onde-estas.html#breadcrumb","itemListElement":[{"@type":"ListItem","position":1,"name":"Home","item":"https:\/\/franciscanos.org.br\/noticias"},{"@type":"ListItem","position":2,"name":"Frei Fid\u00eancio deixa uma pergunta: &#8220;Onde est\u00e1s?&#8221;"}]},{"@type":"Person","@id":"https:\/\/franciscanos.org.br\/noticias\/#\/schema\/person\/b38fbf43118f02820bd932f2e4b14ad3","name":"admin","image":{"@type":"ImageObject","inLanguage":"pt-BR","@id":"https:\/\/franciscanos.org.br\/noticias\/#\/schema\/person\/image\/","url":"https:\/\/secure.gravatar.com\/avatar\/e8495742d34d0ba6448ea1c628263b3e?s=96&d=mm&r=g","contentUrl":"https:\/\/secure.gravatar.com\/avatar\/e8495742d34d0ba6448ea1c628263b3e?s=96&d=mm&r=g","caption":"admin"},"url":"https:\/\/franciscanos.org.br\/noticias\/author\/admin"}]}},"_links":{"self":[{"href":"https:\/\/franciscanos.org.br\/noticias\/wp-json\/wp\/v2\/posts\/146568"}],"collection":[{"href":"https:\/\/franciscanos.org.br\/noticias\/wp-json\/wp\/v2\/posts"}],"about":[{"href":"https:\/\/franciscanos.org.br\/noticias\/wp-json\/wp\/v2\/types\/post"}],"author":[{"embeddable":true,"href":"https:\/\/franciscanos.org.br\/noticias\/wp-json\/wp\/v2\/users\/1"}],"replies":[{"embeddable":true,"href":"https:\/\/franciscanos.org.br\/noticias\/wp-json\/wp\/v2\/comments?post=146568"}],"version-history":[{"count":1,"href":"https:\/\/franciscanos.org.br\/noticias\/wp-json\/wp\/v2\/posts\/146568\/revisions"}],"predecessor-version":[{"id":241666,"href":"https:\/\/franciscanos.org.br\/noticias\/wp-json\/wp\/v2\/posts\/146568\/revisions\/241666"}],"wp:featuredmedia":[{"embeddable":true,"href":"https:\/\/franciscanos.org.br\/noticias\/wp-json\/wp\/v2\/media\/209041"}],"wp:attachment":[{"href":"https:\/\/franciscanos.org.br\/noticias\/wp-json\/wp\/v2\/media?parent=146568"}],"wp:term":[{"taxonomy":"category","embeddable":true,"href":"https:\/\/franciscanos.org.br\/noticias\/wp-json\/wp\/v2\/categories?post=146568"},{"taxonomy":"post_tag","embeddable":true,"href":"https:\/\/franciscanos.org.br\/noticias\/wp-json\/wp\/v2\/tags?post=146568"}],"curies":[{"name":"wp","href":"https:\/\/api.w.org\/{rel}","templated":true}]}}