{"id":146527,"date":"2017-12-04T08:26:08","date_gmt":"2017-12-04T10:26:08","guid":{"rendered":"http:\/\/franciscanos.org.br\/?p=146527"},"modified":"2023-01-10T09:38:18","modified_gmt":"2023-01-10T12:38:18","slug":"frades-fazem-retiro-antes-da-renovacao-dos-votos","status":"publish","type":"post","link":"https:\/\/franciscanos.org.br\/noticias\/frades-fazem-retiro-antes-da-renovacao-dos-votos.html","title":{"rendered":"Frades fazem retiro antes da renova\u00e7\u00e3o dos votos"},"content":{"rendered":"<p><img loading=\"lazy\" src=\"http:\/\/franciscanos.org.br\/wp-content\/uploads\/2017\/12\/angola_041217.jpg\" alt=\"angola_041217\" width=\"830\" height=\"400\" \/><\/p>\n<p><strong>Angola &#8211;<\/strong> Em prepara\u00e7\u00e3o \u00e0 renova\u00e7\u00e3o dos votos, os Frades de Profiss\u00e3o Tempor\u00e1ria em Angola, entre os dias 1\u00ba e 3 de dezembro, tiveram seu retiro anual com o tema: \u201cFraternidade e miss\u00e3o \u00e0 luz do dom\u201d. O retiro teve como pregador Frei Marco Ant\u00f4nio dos Santos e ocorreu no Centro de Espiritualidade S\u00e3o Jo\u00e3o de Brito, dos Jesu\u00edtas, em Viana (Luanda).<\/p>\n<p>A Missa de abertura foi presidida por Frei Alisson Zanetti e concelebrada por Frei Marco e Frei Jos\u00e9 Antonio dos Santos. Frei Alisson, numa an\u00e1lise r\u00e1pida dos tempos atuais, destacou que a falta de f\u00e9, a perda do referencial do sagrado e a depress\u00e3o s\u00e3o os motivos do arrefecimento do entusiasmo inicial da voca\u00e7\u00e3o. Frei Alisson aconselhou a &#8220;nunca perder o equil\u00edbrio\u201d. Em seguida destacou que a alegria \u00e9 a marca do carisma franciscano e sugeriu que \u201cdevemos cultiv\u00e1-la em nosso meio&#8221;.<\/p>\n<p>No primeiro dia, Frei Marco esclareceu que \u00e9 importante fazer sempre uma parada obrigat\u00f3ria, retirar-se e, ao mesmo tempo, ter um momento para &#8220;fradejar&#8221;(encontrar-se e confraternizar-se). Convidou aos frades a pensarem no seguinte questionamento: \u201cNum mundo carente de sentido, como responder ao dom da voca\u00e7\u00e3o?\u201d Na tentativa de apontar algumas luzes, o pregador disse que a f\u00e9 n\u00e3o nos torna imunes \u00e0s vicissitudes da vida. Da\u00ed a necessidade da \u201cpaci\u00eancia de se deixar formar\u201d.<\/p>\n<p>Mais adiante, Frei Marco lembrou que a etapa de profiss\u00e3o tempor\u00e1ria \u201c\u00e9 para fortificar o ser frade e, ao mesmo tempo, \u00e9 tempo de ades\u00e3o e perten\u00e7a. Ades\u00e3o porque cada um deve aceitar o modo de vida; perten\u00e7a porque todos devem sentir-se parte\u201d. E, disse ainda que na fraternidade todos s\u00e3o iguais porque todos t\u00eam um dom, o dom da voca\u00e7\u00e3o; e, de igual modo, s\u00e3o diferentes pela multiplicidade de dons. \u201cDa\u00ed a riqueza da pluralidade\u201d.<\/p>\n<p>No segundo dia, os frades foram provocados a meditar sobre \u201co dom do irm\u00e3o\u201d e sobre a \u201cFraternidade: irm\u00e3os em meio \u00e0 humanidade\u201d, temas elaborados com base nos documentos e diretrizes da Ordem dos Frades Menores. Na vida fraterna, disse o pregador, \u201cn\u00e3o podemos criar mais feridas, temos que nos curar, porque h\u00e1 uma m\u00edstica que nos envolve\u201d. Mais adiante, para uma boa renova\u00e7\u00e3o dos votos, os professos tomaram consci\u00eancia de que a vida franciscana \u201cn\u00e3o \u00e9 uma empresa com metas a cumprir\u201d, disse Frei Marco. \u201cUma fraternidade \u00e9 movida pelo mesmo esp\u00edrito\u201d, ensinou.<\/p>\n<p>Na tarde do segundo dia de retiro, os frades reuniram-se em grupos para aprofundarem os temas propostos pelo pregador. Nas partilhas, apresentaram suas dificuldades e fraquezas enquanto jovens, e tamb\u00e9m o desejo de n\u00e3o perder a identidade franciscana.<\/p>\n<p>Na manh\u00e3 do primeiro domingo de Advento e \u00faltimo dia do retiro, as atividades come\u00e7aram com a Missa, na qual Frei Marco aproveitou para lembrar o in\u00edcio do novo tempo lit\u00fargico, onde destaca-se a espera e a vigil\u00e2ncia. &#8220;Espera de um Deus que se d\u00e1 a cada um no sim de Maria, quando o humano e o divino se encontram\u201d. Em seguida, o sacerdote esclareceu que \u201ccomo barros na m\u00e3o do oleiro, n\u00f3s tamb\u00e9m estamos nas m\u00e3os de Deus, que sempre de novo cuida do seu povo. Mas \u00e9 preciso que cada um cuide do outro\u201d.<\/p>\n<p>Cada grupo exp\u00f4s suas reflex\u00f5es e Frei Marco, na sua conclus\u00e3o, aconselhou a n\u00e3o ter medo de enfrentar as crises e que, nos momentos dif\u00edceis, \u00e9 importante \u201csaber purificar tudo o que passa, porque n\u00e3o \u00e9 hora de azedar, mas de colocar fermento na massa\u201d. Falou que a Funda\u00e7\u00e3o est\u00e1 vivendo um momento bonito e que a &#8220;Prov\u00edncia olha com muita esperan\u00e7a cada um\u201d, desejando a todos uma boa renova\u00e7\u00e3o. Ap\u00f3s o almo\u00e7o, os frades cantaram, em a\u00e7\u00e3o de gra\u00e7as, para as Irm\u00e3s do Verbo Divino e Sagrada Fam\u00edlia, que cuidam do Centro de Espiritualidade, e retornaram \u00e0 Fraternidade S\u00e3o Francisco do Palanca.<\/p>\n<hr \/>\n<p><em>Comunica\u00e7\u00e3o da Prov\u00edncia da Imaculada Concei\u00e7\u00e3o<\/em><\/p>\n","protected":false},"excerpt":{"rendered":"<p>Miss\u00e3o de Angola<\/p>\n","protected":false},"author":1,"featured_media":213246,"comment_status":"open","ping_status":"open","sticky":false,"template":"","format":"standard","meta":[],"categories":[1],"tags":[360],"acf":[],"yoast_head":"<!-- This site is optimized with the Yoast SEO plugin v19.2 - https:\/\/yoast.com\/wordpress\/plugins\/seo\/ -->\n<title>Frades fazem retiro antes da renova\u00e7\u00e3o dos votos - Not\u00edcias - Franciscanos<\/title>\n<meta name=\"robots\" content=\"index, follow, max-snippet:-1, max-image-preview:large, max-video-preview:-1\" \/>\n<link rel=\"canonical\" href=\"https:\/\/franciscanos.org.br\/noticias\/frades-fazem-retiro-antes-da-renovacao-dos-votos.html\" \/>\n<meta property=\"og:locale\" content=\"pt_BR\" \/>\n<meta property=\"og:type\" content=\"article\" \/>\n<meta property=\"og:title\" content=\"Frades fazem retiro antes da renova\u00e7\u00e3o dos votos - Not\u00edcias - Franciscanos\" \/>\n<meta property=\"og:description\" content=\"Miss\u00e3o de Angola\" \/>\n<meta property=\"og:url\" content=\"https:\/\/franciscanos.org.br\/noticias\/frades-fazem-retiro-antes-da-renovacao-dos-votos.html\" \/>\n<meta property=\"og:site_name\" content=\"Not\u00edcias - Franciscanos\" \/>\n<meta property=\"article:published_time\" content=\"2017-12-04T10:26:08+00:00\" \/>\n<meta property=\"article:modified_time\" content=\"2023-01-10T12:38:18+00:00\" \/>\n<meta property=\"og:image\" content=\"https:\/\/franciscanos.org.br\/noticias\/wp-content\/uploads\/2017\/12\/angola_041217.jpg\" \/>\n\t<meta property=\"og:image:width\" content=\"273\" \/>\n\t<meta property=\"og:image:height\" content=\"181\" \/>\n\t<meta property=\"og:image:type\" content=\"image\/jpeg\" \/>\n<meta name=\"author\" content=\"admin\" \/>\n<meta name=\"twitter:card\" content=\"summary_large_image\" \/>\n<meta name=\"twitter:label1\" content=\"Escrito por\" \/>\n\t<meta name=\"twitter:data1\" content=\"admin\" \/>\n\t<meta name=\"twitter:label2\" content=\"Est. tempo de leitura\" \/>\n\t<meta name=\"twitter:data2\" content=\"3 minutos\" \/>\n<script type=\"application\/ld+json\" class=\"yoast-schema-graph\">{\"@context\":\"https:\/\/schema.org\",\"@graph\":[{\"@type\":\"WebSite\",\"@id\":\"https:\/\/franciscanos.org.br\/noticias\/#website\",\"url\":\"https:\/\/franciscanos.org.br\/noticias\/\",\"name\":\"Not\u00edcias - Franciscanos\",\"description\":\"Prov\u00edncia Franciscana da Imaculada Concei\u00e7\u00e3o do Brasil - Ordem dos Frades Menores - OFM\",\"potentialAction\":[{\"@type\":\"SearchAction\",\"target\":{\"@type\":\"EntryPoint\",\"urlTemplate\":\"https:\/\/franciscanos.org.br\/noticias\/?s={search_term_string}\"},\"query-input\":\"required name=search_term_string\"}],\"inLanguage\":\"pt-BR\"},{\"@type\":\"ImageObject\",\"inLanguage\":\"pt-BR\",\"@id\":\"https:\/\/franciscanos.org.br\/noticias\/frades-fazem-retiro-antes-da-renovacao-dos-votos.html#primaryimage\",\"url\":\"https:\/\/franciscanos.org.br\/noticias\/wp-content\/uploads\/2017\/12\/angola_041217.jpg\",\"contentUrl\":\"https:\/\/franciscanos.org.br\/noticias\/wp-content\/uploads\/2017\/12\/angola_041217.jpg\",\"width\":273,\"height\":181},{\"@type\":\"WebPage\",\"@id\":\"https:\/\/franciscanos.org.br\/noticias\/frades-fazem-retiro-antes-da-renovacao-dos-votos.html#webpage\",\"url\":\"https:\/\/franciscanos.org.br\/noticias\/frades-fazem-retiro-antes-da-renovacao-dos-votos.html\",\"name\":\"Frades fazem retiro antes da renova\u00e7\u00e3o dos votos - Not\u00edcias - Franciscanos\",\"isPartOf\":{\"@id\":\"https:\/\/franciscanos.org.br\/noticias\/#website\"},\"primaryImageOfPage\":{\"@id\":\"https:\/\/franciscanos.org.br\/noticias\/frades-fazem-retiro-antes-da-renovacao-dos-votos.html#primaryimage\"},\"datePublished\":\"2017-12-04T10:26:08+00:00\",\"dateModified\":\"2023-01-10T12:38:18+00:00\",\"author\":{\"@id\":\"https:\/\/franciscanos.org.br\/noticias\/#\/schema\/person\/b38fbf43118f02820bd932f2e4b14ad3\"},\"breadcrumb\":{\"@id\":\"https:\/\/franciscanos.org.br\/noticias\/frades-fazem-retiro-antes-da-renovacao-dos-votos.html#breadcrumb\"},\"inLanguage\":\"pt-BR\",\"potentialAction\":[{\"@type\":\"ReadAction\",\"target\":[\"https:\/\/franciscanos.org.br\/noticias\/frades-fazem-retiro-antes-da-renovacao-dos-votos.html\"]}]},{\"@type\":\"BreadcrumbList\",\"@id\":\"https:\/\/franciscanos.org.br\/noticias\/frades-fazem-retiro-antes-da-renovacao-dos-votos.html#breadcrumb\",\"itemListElement\":[{\"@type\":\"ListItem\",\"position\":1,\"name\":\"Home\",\"item\":\"https:\/\/franciscanos.org.br\/noticias\"},{\"@type\":\"ListItem\",\"position\":2,\"name\":\"Frades fazem retiro antes da renova\u00e7\u00e3o dos votos\"}]},{\"@type\":\"Person\",\"@id\":\"https:\/\/franciscanos.org.br\/noticias\/#\/schema\/person\/b38fbf43118f02820bd932f2e4b14ad3\",\"name\":\"admin\",\"image\":{\"@type\":\"ImageObject\",\"inLanguage\":\"pt-BR\",\"@id\":\"https:\/\/franciscanos.org.br\/noticias\/#\/schema\/person\/image\/\",\"url\":\"https:\/\/secure.gravatar.com\/avatar\/e8495742d34d0ba6448ea1c628263b3e?s=96&d=mm&r=g\",\"contentUrl\":\"https:\/\/secure.gravatar.com\/avatar\/e8495742d34d0ba6448ea1c628263b3e?s=96&d=mm&r=g\",\"caption\":\"admin\"},\"url\":\"https:\/\/franciscanos.org.br\/noticias\/author\/admin\"}]}<\/script>\n<!-- \/ Yoast SEO plugin. -->","yoast_head_json":{"title":"Frades fazem retiro antes da renova\u00e7\u00e3o dos votos - Not\u00edcias - Franciscanos","robots":{"index":"index","follow":"follow","max-snippet":"max-snippet:-1","max-image-preview":"max-image-preview:large","max-video-preview":"max-video-preview:-1"},"canonical":"https:\/\/franciscanos.org.br\/noticias\/frades-fazem-retiro-antes-da-renovacao-dos-votos.html","og_locale":"pt_BR","og_type":"article","og_title":"Frades fazem retiro antes da renova\u00e7\u00e3o dos votos - Not\u00edcias - Franciscanos","og_description":"Miss\u00e3o de Angola","og_url":"https:\/\/franciscanos.org.br\/noticias\/frades-fazem-retiro-antes-da-renovacao-dos-votos.html","og_site_name":"Not\u00edcias - Franciscanos","article_published_time":"2017-12-04T10:26:08+00:00","article_modified_time":"2023-01-10T12:38:18+00:00","og_image":[{"width":273,"height":181,"url":"https:\/\/franciscanos.org.br\/noticias\/wp-content\/uploads\/2017\/12\/angola_041217.jpg","type":"image\/jpeg"}],"author":"admin","twitter_card":"summary_large_image","twitter_misc":{"Escrito por":"admin","Est. tempo de leitura":"3 minutos"},"schema":{"@context":"https:\/\/schema.org","@graph":[{"@type":"WebSite","@id":"https:\/\/franciscanos.org.br\/noticias\/#website","url":"https:\/\/franciscanos.org.br\/noticias\/","name":"Not\u00edcias - Franciscanos","description":"Prov\u00edncia Franciscana da Imaculada Concei\u00e7\u00e3o do Brasil - Ordem dos Frades Menores - OFM","potentialAction":[{"@type":"SearchAction","target":{"@type":"EntryPoint","urlTemplate":"https:\/\/franciscanos.org.br\/noticias\/?s={search_term_string}"},"query-input":"required name=search_term_string"}],"inLanguage":"pt-BR"},{"@type":"ImageObject","inLanguage":"pt-BR","@id":"https:\/\/franciscanos.org.br\/noticias\/frades-fazem-retiro-antes-da-renovacao-dos-votos.html#primaryimage","url":"https:\/\/franciscanos.org.br\/noticias\/wp-content\/uploads\/2017\/12\/angola_041217.jpg","contentUrl":"https:\/\/franciscanos.org.br\/noticias\/wp-content\/uploads\/2017\/12\/angola_041217.jpg","width":273,"height":181},{"@type":"WebPage","@id":"https:\/\/franciscanos.org.br\/noticias\/frades-fazem-retiro-antes-da-renovacao-dos-votos.html#webpage","url":"https:\/\/franciscanos.org.br\/noticias\/frades-fazem-retiro-antes-da-renovacao-dos-votos.html","name":"Frades fazem retiro antes da renova\u00e7\u00e3o dos votos - Not\u00edcias - Franciscanos","isPartOf":{"@id":"https:\/\/franciscanos.org.br\/noticias\/#website"},"primaryImageOfPage":{"@id":"https:\/\/franciscanos.org.br\/noticias\/frades-fazem-retiro-antes-da-renovacao-dos-votos.html#primaryimage"},"datePublished":"2017-12-04T10:26:08+00:00","dateModified":"2023-01-10T12:38:18+00:00","author":{"@id":"https:\/\/franciscanos.org.br\/noticias\/#\/schema\/person\/b38fbf43118f02820bd932f2e4b14ad3"},"breadcrumb":{"@id":"https:\/\/franciscanos.org.br\/noticias\/frades-fazem-retiro-antes-da-renovacao-dos-votos.html#breadcrumb"},"inLanguage":"pt-BR","potentialAction":[{"@type":"ReadAction","target":["https:\/\/franciscanos.org.br\/noticias\/frades-fazem-retiro-antes-da-renovacao-dos-votos.html"]}]},{"@type":"BreadcrumbList","@id":"https:\/\/franciscanos.org.br\/noticias\/frades-fazem-retiro-antes-da-renovacao-dos-votos.html#breadcrumb","itemListElement":[{"@type":"ListItem","position":1,"name":"Home","item":"https:\/\/franciscanos.org.br\/noticias"},{"@type":"ListItem","position":2,"name":"Frades fazem retiro antes da renova\u00e7\u00e3o dos votos"}]},{"@type":"Person","@id":"https:\/\/franciscanos.org.br\/noticias\/#\/schema\/person\/b38fbf43118f02820bd932f2e4b14ad3","name":"admin","image":{"@type":"ImageObject","inLanguage":"pt-BR","@id":"https:\/\/franciscanos.org.br\/noticias\/#\/schema\/person\/image\/","url":"https:\/\/secure.gravatar.com\/avatar\/e8495742d34d0ba6448ea1c628263b3e?s=96&d=mm&r=g","contentUrl":"https:\/\/secure.gravatar.com\/avatar\/e8495742d34d0ba6448ea1c628263b3e?s=96&d=mm&r=g","caption":"admin"},"url":"https:\/\/franciscanos.org.br\/noticias\/author\/admin"}]}},"_links":{"self":[{"href":"https:\/\/franciscanos.org.br\/noticias\/wp-json\/wp\/v2\/posts\/146527"}],"collection":[{"href":"https:\/\/franciscanos.org.br\/noticias\/wp-json\/wp\/v2\/posts"}],"about":[{"href":"https:\/\/franciscanos.org.br\/noticias\/wp-json\/wp\/v2\/types\/post"}],"author":[{"embeddable":true,"href":"https:\/\/franciscanos.org.br\/noticias\/wp-json\/wp\/v2\/users\/1"}],"replies":[{"embeddable":true,"href":"https:\/\/franciscanos.org.br\/noticias\/wp-json\/wp\/v2\/comments?post=146527"}],"version-history":[{"count":1,"href":"https:\/\/franciscanos.org.br\/noticias\/wp-json\/wp\/v2\/posts\/146527\/revisions"}],"predecessor-version":[{"id":241667,"href":"https:\/\/franciscanos.org.br\/noticias\/wp-json\/wp\/v2\/posts\/146527\/revisions\/241667"}],"wp:featuredmedia":[{"embeddable":true,"href":"https:\/\/franciscanos.org.br\/noticias\/wp-json\/wp\/v2\/media\/213246"}],"wp:attachment":[{"href":"https:\/\/franciscanos.org.br\/noticias\/wp-json\/wp\/v2\/media?parent=146527"}],"wp:term":[{"taxonomy":"category","embeddable":true,"href":"https:\/\/franciscanos.org.br\/noticias\/wp-json\/wp\/v2\/categories?post=146527"},{"taxonomy":"post_tag","embeddable":true,"href":"https:\/\/franciscanos.org.br\/noticias\/wp-json\/wp\/v2\/tags?post=146527"}],"curies":[{"name":"wp","href":"https:\/\/api.w.org\/{rel}","templated":true}]}}