{"id":146455,"date":"2017-12-02T15:47:35","date_gmt":"2017-12-02T17:47:35","guid":{"rendered":"http:\/\/franciscanos.org.br\/?p=146455"},"modified":"2023-01-10T09:39:10","modified_gmt":"2023-01-10T12:39:10","slug":"obrigado-pelo-que-sao-e-pelo-que-fazem","status":"publish","type":"post","link":"https:\/\/franciscanos.org.br\/noticias\/obrigado-pelo-que-sao-e-pelo-que-fazem.html","title":{"rendered":"&#8220;Obrigado pelo que voc\u00eas s\u00e3o e pelo que fazem&#8221;"},"content":{"rendered":"<p><img loading=\"lazy\" src=\"http:\/\/franciscanos.org.br\/wp-content\/uploads\/2017\/12\/jubileus_021217_1.jpg\" alt=\"jubileus_021217_1\" width=\"830\" height=\"409\" \/><\/p>\n<p><strong>\u00a0<\/strong><strong>S\u00e3o Paulo (SP)<\/strong> &#8211; Diante das hist\u00f3rias de vida e doa\u00e7\u00e3o de seus confrades que chegam a 76 anos de vida religiosa e at\u00e9 60 anos de vida sacerdotal, o Ministro Provincial, Frei Fid\u00eancio Vanboemmel, tomou a frase do Papa Francisco \u00e0 Fam\u00edlia Franciscana para agradecer pelos Jubileus da Prov\u00edncia no Convento S\u00e3o Francisco, em S\u00e3o Paulo, neste s\u00e1bado (2\/8): &#8220;Obrigado pelo que voc\u00eas s\u00e3o e pelo que fazem, especialmente em favor dos mais pobres&#8221;.<\/p>\n<p>Foi este clima de gratid\u00e3o que perpassou toda a Celebra\u00e7\u00e3o Eucar\u00edstica, desde a acolhida do guardi\u00e3o Frei M\u00e1rio Tagliari at\u00e9 os agradecimentos finais. Foi um momento especial tamb\u00e9m para o jovem Frei Gabriel Dellandrea, que concluiu o Ano Mission\u00e1rio no Servi\u00e7o de Anima\u00e7\u00e3o Vocacional e renovou os votos de pobreza, obedi\u00eancia e castidade diante do Ministro Provincial. Agora, Frei Gabriel segue para os estudos de Teologia em Petr\u00f3polis.<\/p>\n<p>O Encontro dos Frades Jubilandos come\u00e7ou na sexta-feira (1\/2) com o Ministro Provincial. &#8220;Ontem, depois de ouvir a hist\u00f3ria de cada um, voltei para casa e comecei a pensar: qual a palavra de Deus que poder\u00edamos escolher para este dia? Escolhi o salmo responsorial, onde n\u00f3s cantamos: &#8216;Bendirei o Senhor Deus em todo o tempo, seu louvor estar\u00e1 sempre em minha boca, minha alma se gloria no Senhor, que ou\u00e7am os humildes e se alegrem'&#8221;, contou Frei Fid\u00eancio, refor\u00e7ando: &#8220;Jubileu \u00e9 a\u00e7\u00e3o de Gra\u00e7as a Deus por todo esse tempo vivido na doa\u00e7\u00e3o, no servi\u00e7o, apesar das nossas lutas e dificuldades&#8221;, disse.<\/p>\n<p><img loading=\"lazy\" src=\"http:\/\/franciscanos.org.br\/wp-content\/uploads\/2017\/12\/jubileus_021217_3.jpg\" alt=\"jubileus_021217_3\" width=\"830\" height=\"402\" \/><\/p>\n<blockquote><p>Da esq. para dir: Frei Lauro, Frei Dalvino, Frei Euclydes, Frei C\u00e1ssio, Frei Fid\u00eancio, Frei Olavo, Frei Anselmo, Frei Raul, Frei Josu\u00e9, Dom Diamantino e Frei Ulisses.<\/p><\/blockquote>\n<p>Frei Fid\u00eancio fez refer\u00eancia a todos os jubilandos presentes e aos ausentes, principalmente pela limita\u00e7\u00e3o da idade. &#8220;Quanta hist\u00f3ria, quanta vida, quanta doa\u00e7\u00e3o!&#8221;, ressaltou. Celebrando o jubileu de vida religiosa franciscana, estavam no Convento: Frei Olavo Seifert, 76 anos; Frei C\u00e1ssio Viera de Lima, 75 anos; Frei Anselmo M\u00fcnchen, 70 anos; Frei Dalvino Munaretto e Frei Josu\u00e9 Celante, 60 anos; Dom Frei Diamantino Prata de Carvalho e Frei Lauro Both, 50 anos; e Frei Jos\u00e9 Ulisses, 25 anos. De vida sacerdotal: Frei Olavo Seifert, 71 anos;\u00a0 Frei Euclydes Pezzamiglio, Frei Raul Budal, 60 anos; e Frei Gentil de Lima Branco e Frei Sandro Roberto da Costa, 25 anos.<\/p>\n<p>O Ministro Provincial, citando a mensagem do Papa Francisco, disse que a minoridade franciscana se apresenta a n\u00f3s como lugar de encontro e de comunh\u00e3o. &#8220;Encontro com Deus, com os irm\u00e3os, mas encontro com os homens e mulheres. Diz, aqui, o Papa que a nossa minoridade franciscana, a nossa vida sacerdotal, tamb\u00e9m \u00e9 um encontro de comunh\u00e3o com toda a cria\u00e7\u00e3o na forma que S\u00e3o Francisco canta no C\u00e2ntico das Criaturas. Por isso, hoje, n\u00f3s somos diante de Deus aquilo que somos na nossa verdade. E o Papa diz que a nossa verdade deveria ser a de uma crian\u00e7a fundamentada na humildade, na confian\u00e7a, naquilo que \u00e9 o Sumo Bem&#8221;, destacou.<\/p>\n<p><img loading=\"lazy\" src=\"http:\/\/franciscanos.org.br\/wp-content\/uploads\/2017\/12\/jubileus_021217_4.jpg\" alt=\"jubileus_021217_4\" width=\"830\" height=\"493\" \/><\/p>\n<blockquote><p>Da esq. para dir.: Frei Sandro, Frei Euclydes, Frei Olavo, Frei Raul e Frei Gentil.<\/p><\/blockquote>\n<p>Tomando como base a Carta de S\u00e3o Paulo aos Filipenses, destacou o seguinte texto do ap\u00f3stolo: &#8220;Renunciei a tudo a fim de ganhar Cristo e Nele me encontrar&#8221;.<\/p>\n<p>&#8220;Queridos confrades jubilandos! A vida sacerdotal, a vida religiosa de voc\u00eas, tamb\u00e9m foi uma ren\u00fancia, sim, para se encontrar e ganhar sobretudo esse Cristo. E ao encontrarmos esse mesmo Jesus, n\u00e3o quer dizer que chegamos \u00e0 meta, como diz o Ap\u00f3stolo. N\u00e3o importa que se celebre 25, 50, 60, 70 anos, ainda n\u00e3o atingimos a meta, porque n\u00f3s sabemos qual \u00e9 a nossa meta verdadeira: \u00e9 quando a gente se configurar realmente em Jesus Cristo na ressurrei\u00e7\u00e3o dos mortos&#8221;, enfatizou.<\/p>\n<p>&#8220;Mas enquanto caminhamos, percorremos a nossa vida, queremos ganhar Cristo e cada vez mais se encontrar Nele. Por isso, ouvindo a hist\u00f3ria de voc\u00eas, percebi que em cada hist\u00f3ria h\u00e1 tamb\u00e9m o relato de que n\u00e3o foram voc\u00eas que escolheram a Cristo mas Cristo os chamou para esta vida como diz Jesus no Evangelho. E se Jesus chamou para esta vida, religiosa e sacerdotal, ele tamb\u00e9m quer hoje, na renova\u00e7\u00e3o dos votos e nas promessas sacerdotais, renovar esse convite: permanecei no meu amor!&#8221;, animou Frei Fid\u00eancio.<\/p>\n<p><img loading=\"lazy\" src=\"http:\/\/franciscanos.org.br\/wp-content\/uploads\/2017\/12\/jubileus_021217_5.jpg\" alt=\"jubileus_021217_5\" width=\"830\" height=\"431\" \/><\/p>\n<blockquote><p>Frei Gabriel faz a renova\u00e7\u00e3o dos votos diante do Ministro Provincial<\/p><\/blockquote>\n<p>Em seguida, em sil\u00eancio, cada jubilando acendeu a vela no C\u00edrio Pascal e fez a renova\u00e7\u00e3o dos votos de vida consagrada franciscana e o compromisso sacerdotal de guiar o povo de Deus. Os jubilandos na vida religiosa franciscana deste ano s\u00e3o (incluindo os ausentes): Frei Olavo Seifert, 76 anos; Frei C\u00e1ssio Viera de Lima e Frei Nestor Kuhn, 75 anos; Frei Cir\u00edaco Tokarski, Frei Policarpo Berri, 73 anos; Frei Abel Schneider, Frei Anselmo M\u00fcnchen, Frei Ervino Girardi, 70 anos; Frei Dalvino Munaretto, Frei Jos\u00e9 Bertoldi, Frei Josu\u00e9 Celante e Frei Valdemar Schweitzer, 60 anos; Dom Frei Diamantino Prata de Carvalho, bispo em\u00e9rito de Campanha (MG), e Frei Lauro Both, 50 anos; e Frei Jos\u00e9 Ulisses, 25 anos.<\/p>\n<p>Na vida sacerdotal, Frei Arcangelo Buzzi, Frei Euclydes Pezzamiglio, Frei Gamaliel Devigili, Frei Raul Budal, 60 anos; Frei \u00c1lido Ros\u00e1 e Dom Frei Fernando Figueiredo, bispo em\u00e9rito de Santo Amaro (SP), 50 anos; e Frei Gentil de Lima Branco, Frei Genildo Provin, Frei Luiz Colossi, Frei Luiz Henrique de Aquino, Frei Fernando Lima e Frei Sandro Roberto da Costa, 25 anos.<\/p>\n<p><img loading=\"lazy\" src=\"http:\/\/franciscanos.org.br\/wp-content\/uploads\/2017\/12\/jubileus_021217_2.jpg\" alt=\"jubileus_021217_2\" width=\"830\" height=\"456\" \/><\/p>\n<p>Nos agradecimentos, Frei Fid\u00eancio destacou a boa vontade dos guardi\u00e3es Frei Alexandre Magno, de Curitiba, que trouxe os frades at\u00e9 S\u00e3o Paulo e Frei Carlos K\u00f6rber, que trouxe os frades idosos de Bragan\u00e7a Paulista, entre eles Frei Olavo Seifert, com 98 anos de idade, celebrando 76 anos de vida religiosa e 71 anos de vida sacerdotal.<\/p>\n<hr \/>\n<p><em>Comunica\u00e7\u00e3o da Prov\u00edncia da Imaculada Concei\u00e7\u00e3o<\/em><\/p>\n","protected":false},"excerpt":{"rendered":"<p>Jubileus na Prov\u00edncia<\/p>\n","protected":false},"author":1,"featured_media":187104,"comment_status":"open","ping_status":"open","sticky":false,"template":"","format":"standard","meta":[],"categories":[1],"tags":[332],"acf":[],"yoast_head":"<!-- This site is optimized with the Yoast SEO plugin v19.2 - https:\/\/yoast.com\/wordpress\/plugins\/seo\/ -->\n<title>&quot;Obrigado pelo que voc\u00eas s\u00e3o e pelo que fazem&quot; - Not\u00edcias - Franciscanos<\/title>\n<meta name=\"robots\" content=\"index, follow, max-snippet:-1, max-image-preview:large, max-video-preview:-1\" \/>\n<link rel=\"canonical\" href=\"https:\/\/franciscanos.org.br\/noticias\/obrigado-pelo-que-sao-e-pelo-que-fazem.html\" \/>\n<meta property=\"og:locale\" content=\"pt_BR\" \/>\n<meta property=\"og:type\" content=\"article\" \/>\n<meta property=\"og:title\" content=\"&quot;Obrigado pelo que voc\u00eas s\u00e3o e pelo que fazem&quot; - Not\u00edcias - Franciscanos\" \/>\n<meta property=\"og:description\" content=\"Jubileus na Prov\u00edncia\" \/>\n<meta property=\"og:url\" content=\"https:\/\/franciscanos.org.br\/noticias\/obrigado-pelo-que-sao-e-pelo-que-fazem.html\" \/>\n<meta property=\"og:site_name\" content=\"Not\u00edcias - Franciscanos\" \/>\n<meta property=\"article:published_time\" content=\"2017-12-02T17:47:35+00:00\" \/>\n<meta property=\"article:modified_time\" content=\"2023-01-10T12:39:10+00:00\" \/>\n<meta property=\"og:image\" content=\"https:\/\/franciscanos.org.br\/noticias\/wp-content\/uploads\/2018\/11\/jubileus_021217_1-2.jpg\" \/>\n\t<meta property=\"og:image:width\" content=\"830\" \/>\n\t<meta property=\"og:image:height\" content=\"409\" \/>\n\t<meta property=\"og:image:type\" content=\"image\/jpeg\" \/>\n<meta name=\"author\" content=\"admin\" \/>\n<meta name=\"twitter:card\" content=\"summary_large_image\" \/>\n<meta name=\"twitter:label1\" content=\"Escrito por\" \/>\n\t<meta name=\"twitter:data1\" content=\"admin\" \/>\n\t<meta name=\"twitter:label2\" content=\"Est. tempo de leitura\" \/>\n\t<meta name=\"twitter:data2\" content=\"5 minutos\" \/>\n<script type=\"application\/ld+json\" class=\"yoast-schema-graph\">{\"@context\":\"https:\/\/schema.org\",\"@graph\":[{\"@type\":\"WebSite\",\"@id\":\"https:\/\/franciscanos.org.br\/noticias\/#website\",\"url\":\"https:\/\/franciscanos.org.br\/noticias\/\",\"name\":\"Not\u00edcias - Franciscanos\",\"description\":\"Prov\u00edncia Franciscana da Imaculada Concei\u00e7\u00e3o do Brasil - Ordem dos Frades Menores - OFM\",\"potentialAction\":[{\"@type\":\"SearchAction\",\"target\":{\"@type\":\"EntryPoint\",\"urlTemplate\":\"https:\/\/franciscanos.org.br\/noticias\/?s={search_term_string}\"},\"query-input\":\"required name=search_term_string\"}],\"inLanguage\":\"pt-BR\"},{\"@type\":\"ImageObject\",\"inLanguage\":\"pt-BR\",\"@id\":\"https:\/\/franciscanos.org.br\/noticias\/obrigado-pelo-que-sao-e-pelo-que-fazem.html#primaryimage\",\"url\":\"https:\/\/franciscanos.org.br\/noticias\/wp-content\/uploads\/2018\/11\/jubileus_021217_1-2.jpg\",\"contentUrl\":\"https:\/\/franciscanos.org.br\/noticias\/wp-content\/uploads\/2018\/11\/jubileus_021217_1-2.jpg\",\"width\":830,\"height\":409},{\"@type\":\"WebPage\",\"@id\":\"https:\/\/franciscanos.org.br\/noticias\/obrigado-pelo-que-sao-e-pelo-que-fazem.html#webpage\",\"url\":\"https:\/\/franciscanos.org.br\/noticias\/obrigado-pelo-que-sao-e-pelo-que-fazem.html\",\"name\":\"\\\"Obrigado pelo que voc\u00eas s\u00e3o e pelo que fazem\\\" - Not\u00edcias - Franciscanos\",\"isPartOf\":{\"@id\":\"https:\/\/franciscanos.org.br\/noticias\/#website\"},\"primaryImageOfPage\":{\"@id\":\"https:\/\/franciscanos.org.br\/noticias\/obrigado-pelo-que-sao-e-pelo-que-fazem.html#primaryimage\"},\"datePublished\":\"2017-12-02T17:47:35+00:00\",\"dateModified\":\"2023-01-10T12:39:10+00:00\",\"author\":{\"@id\":\"https:\/\/franciscanos.org.br\/noticias\/#\/schema\/person\/b38fbf43118f02820bd932f2e4b14ad3\"},\"breadcrumb\":{\"@id\":\"https:\/\/franciscanos.org.br\/noticias\/obrigado-pelo-que-sao-e-pelo-que-fazem.html#breadcrumb\"},\"inLanguage\":\"pt-BR\",\"potentialAction\":[{\"@type\":\"ReadAction\",\"target\":[\"https:\/\/franciscanos.org.br\/noticias\/obrigado-pelo-que-sao-e-pelo-que-fazem.html\"]}]},{\"@type\":\"BreadcrumbList\",\"@id\":\"https:\/\/franciscanos.org.br\/noticias\/obrigado-pelo-que-sao-e-pelo-que-fazem.html#breadcrumb\",\"itemListElement\":[{\"@type\":\"ListItem\",\"position\":1,\"name\":\"Home\",\"item\":\"https:\/\/franciscanos.org.br\/noticias\"},{\"@type\":\"ListItem\",\"position\":2,\"name\":\"&#8220;Obrigado pelo que voc\u00eas s\u00e3o e pelo que fazem&#8221;\"}]},{\"@type\":\"Person\",\"@id\":\"https:\/\/franciscanos.org.br\/noticias\/#\/schema\/person\/b38fbf43118f02820bd932f2e4b14ad3\",\"name\":\"admin\",\"image\":{\"@type\":\"ImageObject\",\"inLanguage\":\"pt-BR\",\"@id\":\"https:\/\/franciscanos.org.br\/noticias\/#\/schema\/person\/image\/\",\"url\":\"https:\/\/secure.gravatar.com\/avatar\/e8495742d34d0ba6448ea1c628263b3e?s=96&d=mm&r=g\",\"contentUrl\":\"https:\/\/secure.gravatar.com\/avatar\/e8495742d34d0ba6448ea1c628263b3e?s=96&d=mm&r=g\",\"caption\":\"admin\"},\"url\":\"https:\/\/franciscanos.org.br\/noticias\/author\/admin\"}]}<\/script>\n<!-- \/ Yoast SEO plugin. -->","yoast_head_json":{"title":"\"Obrigado pelo que voc\u00eas s\u00e3o e pelo que fazem\" - Not\u00edcias - Franciscanos","robots":{"index":"index","follow":"follow","max-snippet":"max-snippet:-1","max-image-preview":"max-image-preview:large","max-video-preview":"max-video-preview:-1"},"canonical":"https:\/\/franciscanos.org.br\/noticias\/obrigado-pelo-que-sao-e-pelo-que-fazem.html","og_locale":"pt_BR","og_type":"article","og_title":"\"Obrigado pelo que voc\u00eas s\u00e3o e pelo que fazem\" - Not\u00edcias - Franciscanos","og_description":"Jubileus na Prov\u00edncia","og_url":"https:\/\/franciscanos.org.br\/noticias\/obrigado-pelo-que-sao-e-pelo-que-fazem.html","og_site_name":"Not\u00edcias - Franciscanos","article_published_time":"2017-12-02T17:47:35+00:00","article_modified_time":"2023-01-10T12:39:10+00:00","og_image":[{"width":830,"height":409,"url":"https:\/\/franciscanos.org.br\/noticias\/wp-content\/uploads\/2018\/11\/jubileus_021217_1-2.jpg","type":"image\/jpeg"}],"author":"admin","twitter_card":"summary_large_image","twitter_misc":{"Escrito por":"admin","Est. tempo de leitura":"5 minutos"},"schema":{"@context":"https:\/\/schema.org","@graph":[{"@type":"WebSite","@id":"https:\/\/franciscanos.org.br\/noticias\/#website","url":"https:\/\/franciscanos.org.br\/noticias\/","name":"Not\u00edcias - Franciscanos","description":"Prov\u00edncia Franciscana da Imaculada Concei\u00e7\u00e3o do Brasil - Ordem dos Frades Menores - OFM","potentialAction":[{"@type":"SearchAction","target":{"@type":"EntryPoint","urlTemplate":"https:\/\/franciscanos.org.br\/noticias\/?s={search_term_string}"},"query-input":"required name=search_term_string"}],"inLanguage":"pt-BR"},{"@type":"ImageObject","inLanguage":"pt-BR","@id":"https:\/\/franciscanos.org.br\/noticias\/obrigado-pelo-que-sao-e-pelo-que-fazem.html#primaryimage","url":"https:\/\/franciscanos.org.br\/noticias\/wp-content\/uploads\/2018\/11\/jubileus_021217_1-2.jpg","contentUrl":"https:\/\/franciscanos.org.br\/noticias\/wp-content\/uploads\/2018\/11\/jubileus_021217_1-2.jpg","width":830,"height":409},{"@type":"WebPage","@id":"https:\/\/franciscanos.org.br\/noticias\/obrigado-pelo-que-sao-e-pelo-que-fazem.html#webpage","url":"https:\/\/franciscanos.org.br\/noticias\/obrigado-pelo-que-sao-e-pelo-que-fazem.html","name":"\"Obrigado pelo que voc\u00eas s\u00e3o e pelo que fazem\" - Not\u00edcias - Franciscanos","isPartOf":{"@id":"https:\/\/franciscanos.org.br\/noticias\/#website"},"primaryImageOfPage":{"@id":"https:\/\/franciscanos.org.br\/noticias\/obrigado-pelo-que-sao-e-pelo-que-fazem.html#primaryimage"},"datePublished":"2017-12-02T17:47:35+00:00","dateModified":"2023-01-10T12:39:10+00:00","author":{"@id":"https:\/\/franciscanos.org.br\/noticias\/#\/schema\/person\/b38fbf43118f02820bd932f2e4b14ad3"},"breadcrumb":{"@id":"https:\/\/franciscanos.org.br\/noticias\/obrigado-pelo-que-sao-e-pelo-que-fazem.html#breadcrumb"},"inLanguage":"pt-BR","potentialAction":[{"@type":"ReadAction","target":["https:\/\/franciscanos.org.br\/noticias\/obrigado-pelo-que-sao-e-pelo-que-fazem.html"]}]},{"@type":"BreadcrumbList","@id":"https:\/\/franciscanos.org.br\/noticias\/obrigado-pelo-que-sao-e-pelo-que-fazem.html#breadcrumb","itemListElement":[{"@type":"ListItem","position":1,"name":"Home","item":"https:\/\/franciscanos.org.br\/noticias"},{"@type":"ListItem","position":2,"name":"&#8220;Obrigado pelo que voc\u00eas s\u00e3o e pelo que fazem&#8221;"}]},{"@type":"Person","@id":"https:\/\/franciscanos.org.br\/noticias\/#\/schema\/person\/b38fbf43118f02820bd932f2e4b14ad3","name":"admin","image":{"@type":"ImageObject","inLanguage":"pt-BR","@id":"https:\/\/franciscanos.org.br\/noticias\/#\/schema\/person\/image\/","url":"https:\/\/secure.gravatar.com\/avatar\/e8495742d34d0ba6448ea1c628263b3e?s=96&d=mm&r=g","contentUrl":"https:\/\/secure.gravatar.com\/avatar\/e8495742d34d0ba6448ea1c628263b3e?s=96&d=mm&r=g","caption":"admin"},"url":"https:\/\/franciscanos.org.br\/noticias\/author\/admin"}]}},"_links":{"self":[{"href":"https:\/\/franciscanos.org.br\/noticias\/wp-json\/wp\/v2\/posts\/146455"}],"collection":[{"href":"https:\/\/franciscanos.org.br\/noticias\/wp-json\/wp\/v2\/posts"}],"about":[{"href":"https:\/\/franciscanos.org.br\/noticias\/wp-json\/wp\/v2\/types\/post"}],"author":[{"embeddable":true,"href":"https:\/\/franciscanos.org.br\/noticias\/wp-json\/wp\/v2\/users\/1"}],"replies":[{"embeddable":true,"href":"https:\/\/franciscanos.org.br\/noticias\/wp-json\/wp\/v2\/comments?post=146455"}],"version-history":[{"count":1,"href":"https:\/\/franciscanos.org.br\/noticias\/wp-json\/wp\/v2\/posts\/146455\/revisions"}],"predecessor-version":[{"id":241668,"href":"https:\/\/franciscanos.org.br\/noticias\/wp-json\/wp\/v2\/posts\/146455\/revisions\/241668"}],"wp:featuredmedia":[{"embeddable":true,"href":"https:\/\/franciscanos.org.br\/noticias\/wp-json\/wp\/v2\/media\/187104"}],"wp:attachment":[{"href":"https:\/\/franciscanos.org.br\/noticias\/wp-json\/wp\/v2\/media?parent=146455"}],"wp:term":[{"taxonomy":"category","embeddable":true,"href":"https:\/\/franciscanos.org.br\/noticias\/wp-json\/wp\/v2\/categories?post=146455"},{"taxonomy":"post_tag","embeddable":true,"href":"https:\/\/franciscanos.org.br\/noticias\/wp-json\/wp\/v2\/tags?post=146455"}],"curies":[{"name":"wp","href":"https:\/\/api.w.org\/{rel}","templated":true}]}}