{"id":14620,"date":"2012-04-03T12:06:13","date_gmt":"2012-04-03T15:06:13","guid":{"rendered":"http:\/\/new.franciscanos.org.br\/?p=14620"},"modified":"2019-09-17T09:33:28","modified_gmt":"2019-09-17T12:33:28","slug":"pjf-participa-da-jornada-diocesana-da-juventude-2012","status":"publish","type":"post","link":"https:\/\/franciscanos.org.br\/noticias\/pjf-participa-da-jornada-diocesana-da-juventude-2012.html","title":{"rendered":"PJF participa da jornada diocesana da juventude 2012"},"content":{"rendered":"<p><img loading=\"lazy\" class=\"alignright size-full wp-image-14621\" title=\"1855_030412\" src=\"http:\/\/franciscanos.org.br\/wp-content\/uploads\/2012\/04\/1855_030412.jpg\" alt=\"\" width=\"300\" height=\"201\" \/>No \u00faltimo domingo (01\/4), a Pastoral da Juventude Franciscana da par\u00f3quia Bom Jesus dos Perd\u00f5es, no centro de Curitiba (PR), em comunh\u00e3o com mais 2 mil jovens da Arquidiocese de Curitiba participaram da Jornada Diocesana da Juventude 2012, no Santu\u00e1rio Nossa Senhora do Perp\u00e9tuo Socorro. O evento contou com shows, pe\u00e7as de teatro, apresenta\u00e7\u00f5es de dan\u00e7a, prociss\u00e3o e a santa missa do Domingo de Ramos.<br \/>\nCelebrada em dioceses de todo o mundo neste Domingo de Ramos, a JDJ teve como tema &#8220;Alegrai-vos sempre no Senhor!&#8221;, da carta de S\u00e3o Paulo aos Filipenses. Na publica\u00e7\u00e3o do Vaticano dirigida ao evento, o papa Bento XVI diz: \u201cDe fato a alegria \u00e9 um elemento central da experi\u00eancia crist\u00e3.<br \/>\n<img loading=\"lazy\" class=\"alignleft\" title=\"1854_030412\" src=\"http:\/\/franciscanos.org.br\/wp-content\/uploads\/2012\/04\/1854_030412.jpg\" alt=\"\" width=\"300\" height=\"225\" \/>Tamb\u00e9m experimentamos em cada Jornada Mundial da Juventude uma alegria intensa, a alegria da comunh\u00e3o, a alegria de sermos crist\u00e3os, a alegria da f\u00e9. Esta \u00e9 uma das caracter\u00edsticas desses encontros\u201d.<br \/>\nA Jornada Diocesana da Juventude \u00e9 um pedido feito pelo beato Jo\u00e3o Paulo II h\u00e1 25 anos e tem o objetivo de preparar toda a Igreja para a Jornada Mundial da Juventude, que no pr\u00f3ximo ano ocorrer\u00e1 no Rio de Janeiro. E, al\u00e9m de conhecer a din\u00e2mica das JMJ, o evento prop\u00f5e tamb\u00e9m a promo\u00e7\u00e3o de espa\u00e7os de comunh\u00e3o nas dioceses, atraindo os jovens \u00e0 viv\u00eancia do ser Igreja.<\/p>\n","protected":false},"excerpt":{"rendered":"<p>Pastoral da Juventude Franciscana<\/p>\n","protected":false},"author":1,"featured_media":211085,"comment_status":"closed","ping_status":"closed","sticky":false,"template":"","format":"standard","meta":[],"categories":[1],"tags":[200],"acf":[],"yoast_head":"<!-- This site is optimized with the Yoast SEO plugin v19.2 - https:\/\/yoast.com\/wordpress\/plugins\/seo\/ -->\n<title>PJF participa da jornada diocesana da juventude 2012 - Not\u00edcias - Franciscanos<\/title>\n<meta name=\"robots\" content=\"index, follow, max-snippet:-1, max-image-preview:large, max-video-preview:-1\" \/>\n<link rel=\"canonical\" href=\"https:\/\/franciscanos.org.br\/noticias\/pjf-participa-da-jornada-diocesana-da-juventude-2012.html\" \/>\n<meta property=\"og:locale\" content=\"pt_BR\" \/>\n<meta property=\"og:type\" content=\"article\" \/>\n<meta property=\"og:title\" content=\"PJF participa da jornada diocesana da juventude 2012 - Not\u00edcias - Franciscanos\" \/>\n<meta property=\"og:description\" content=\"Pastoral da Juventude Franciscana\" \/>\n<meta property=\"og:url\" content=\"https:\/\/franciscanos.org.br\/noticias\/pjf-participa-da-jornada-diocesana-da-juventude-2012.html\" \/>\n<meta property=\"og:site_name\" content=\"Not\u00edcias - Franciscanos\" \/>\n<meta property=\"article:published_time\" content=\"2012-04-03T15:06:13+00:00\" \/>\n<meta property=\"article:modified_time\" content=\"2019-09-17T12:33:28+00:00\" \/>\n<meta property=\"og:image\" content=\"https:\/\/franciscanos.org.br\/noticias\/wp-content\/uploads\/2012\/04\/1854_030412.jpg\" \/>\n\t<meta property=\"og:image:width\" content=\"273\" \/>\n\t<meta property=\"og:image:height\" content=\"181\" \/>\n\t<meta property=\"og:image:type\" content=\"image\/jpeg\" \/>\n<meta name=\"author\" content=\"admin\" \/>\n<meta name=\"twitter:card\" content=\"summary_large_image\" \/>\n<meta name=\"twitter:label1\" content=\"Escrito por\" \/>\n\t<meta name=\"twitter:data1\" content=\"admin\" \/>\n\t<meta name=\"twitter:label2\" content=\"Est. tempo de leitura\" \/>\n\t<meta name=\"twitter:data2\" content=\"1 minuto\" \/>\n<script type=\"application\/ld+json\" class=\"yoast-schema-graph\">{\"@context\":\"https:\/\/schema.org\",\"@graph\":[{\"@type\":\"WebSite\",\"@id\":\"https:\/\/franciscanos.org.br\/noticias\/#website\",\"url\":\"https:\/\/franciscanos.org.br\/noticias\/\",\"name\":\"Not\u00edcias - Franciscanos\",\"description\":\"Prov\u00edncia Franciscana da Imaculada Concei\u00e7\u00e3o do Brasil - Ordem dos Frades Menores - OFM\",\"potentialAction\":[{\"@type\":\"SearchAction\",\"target\":{\"@type\":\"EntryPoint\",\"urlTemplate\":\"https:\/\/franciscanos.org.br\/noticias\/?s={search_term_string}\"},\"query-input\":\"required name=search_term_string\"}],\"inLanguage\":\"pt-BR\"},{\"@type\":\"ImageObject\",\"inLanguage\":\"pt-BR\",\"@id\":\"https:\/\/franciscanos.org.br\/noticias\/pjf-participa-da-jornada-diocesana-da-juventude-2012.html#primaryimage\",\"url\":\"https:\/\/franciscanos.org.br\/noticias\/wp-content\/uploads\/2012\/04\/1854_030412.jpg\",\"contentUrl\":\"https:\/\/franciscanos.org.br\/noticias\/wp-content\/uploads\/2012\/04\/1854_030412.jpg\",\"width\":273,\"height\":181},{\"@type\":\"WebPage\",\"@id\":\"https:\/\/franciscanos.org.br\/noticias\/pjf-participa-da-jornada-diocesana-da-juventude-2012.html#webpage\",\"url\":\"https:\/\/franciscanos.org.br\/noticias\/pjf-participa-da-jornada-diocesana-da-juventude-2012.html\",\"name\":\"PJF participa da jornada diocesana da juventude 2012 - Not\u00edcias - Franciscanos\",\"isPartOf\":{\"@id\":\"https:\/\/franciscanos.org.br\/noticias\/#website\"},\"primaryImageOfPage\":{\"@id\":\"https:\/\/franciscanos.org.br\/noticias\/pjf-participa-da-jornada-diocesana-da-juventude-2012.html#primaryimage\"},\"datePublished\":\"2012-04-03T15:06:13+00:00\",\"dateModified\":\"2019-09-17T12:33:28+00:00\",\"author\":{\"@id\":\"https:\/\/franciscanos.org.br\/noticias\/#\/schema\/person\/b38fbf43118f02820bd932f2e4b14ad3\"},\"breadcrumb\":{\"@id\":\"https:\/\/franciscanos.org.br\/noticias\/pjf-participa-da-jornada-diocesana-da-juventude-2012.html#breadcrumb\"},\"inLanguage\":\"pt-BR\",\"potentialAction\":[{\"@type\":\"ReadAction\",\"target\":[\"https:\/\/franciscanos.org.br\/noticias\/pjf-participa-da-jornada-diocesana-da-juventude-2012.html\"]}]},{\"@type\":\"BreadcrumbList\",\"@id\":\"https:\/\/franciscanos.org.br\/noticias\/pjf-participa-da-jornada-diocesana-da-juventude-2012.html#breadcrumb\",\"itemListElement\":[{\"@type\":\"ListItem\",\"position\":1,\"name\":\"Home\",\"item\":\"https:\/\/franciscanos.org.br\/noticias\"},{\"@type\":\"ListItem\",\"position\":2,\"name\":\"PJF participa da jornada diocesana da juventude 2012\"}]},{\"@type\":\"Person\",\"@id\":\"https:\/\/franciscanos.org.br\/noticias\/#\/schema\/person\/b38fbf43118f02820bd932f2e4b14ad3\",\"name\":\"admin\",\"image\":{\"@type\":\"ImageObject\",\"inLanguage\":\"pt-BR\",\"@id\":\"https:\/\/franciscanos.org.br\/noticias\/#\/schema\/person\/image\/\",\"url\":\"https:\/\/secure.gravatar.com\/avatar\/e8495742d34d0ba6448ea1c628263b3e?s=96&d=mm&r=g\",\"contentUrl\":\"https:\/\/secure.gravatar.com\/avatar\/e8495742d34d0ba6448ea1c628263b3e?s=96&d=mm&r=g\",\"caption\":\"admin\"},\"url\":\"https:\/\/franciscanos.org.br\/noticias\/author\/admin\"}]}<\/script>\n<!-- \/ Yoast SEO plugin. -->","yoast_head_json":{"title":"PJF participa da jornada diocesana da juventude 2012 - Not\u00edcias - Franciscanos","robots":{"index":"index","follow":"follow","max-snippet":"max-snippet:-1","max-image-preview":"max-image-preview:large","max-video-preview":"max-video-preview:-1"},"canonical":"https:\/\/franciscanos.org.br\/noticias\/pjf-participa-da-jornada-diocesana-da-juventude-2012.html","og_locale":"pt_BR","og_type":"article","og_title":"PJF participa da jornada diocesana da juventude 2012 - Not\u00edcias - Franciscanos","og_description":"Pastoral da Juventude Franciscana","og_url":"https:\/\/franciscanos.org.br\/noticias\/pjf-participa-da-jornada-diocesana-da-juventude-2012.html","og_site_name":"Not\u00edcias - Franciscanos","article_published_time":"2012-04-03T15:06:13+00:00","article_modified_time":"2019-09-17T12:33:28+00:00","og_image":[{"width":273,"height":181,"url":"https:\/\/franciscanos.org.br\/noticias\/wp-content\/uploads\/2012\/04\/1854_030412.jpg","type":"image\/jpeg"}],"author":"admin","twitter_card":"summary_large_image","twitter_misc":{"Escrito por":"admin","Est. tempo de leitura":"1 minuto"},"schema":{"@context":"https:\/\/schema.org","@graph":[{"@type":"WebSite","@id":"https:\/\/franciscanos.org.br\/noticias\/#website","url":"https:\/\/franciscanos.org.br\/noticias\/","name":"Not\u00edcias - Franciscanos","description":"Prov\u00edncia Franciscana da Imaculada Concei\u00e7\u00e3o do Brasil - Ordem dos Frades Menores - OFM","potentialAction":[{"@type":"SearchAction","target":{"@type":"EntryPoint","urlTemplate":"https:\/\/franciscanos.org.br\/noticias\/?s={search_term_string}"},"query-input":"required name=search_term_string"}],"inLanguage":"pt-BR"},{"@type":"ImageObject","inLanguage":"pt-BR","@id":"https:\/\/franciscanos.org.br\/noticias\/pjf-participa-da-jornada-diocesana-da-juventude-2012.html#primaryimage","url":"https:\/\/franciscanos.org.br\/noticias\/wp-content\/uploads\/2012\/04\/1854_030412.jpg","contentUrl":"https:\/\/franciscanos.org.br\/noticias\/wp-content\/uploads\/2012\/04\/1854_030412.jpg","width":273,"height":181},{"@type":"WebPage","@id":"https:\/\/franciscanos.org.br\/noticias\/pjf-participa-da-jornada-diocesana-da-juventude-2012.html#webpage","url":"https:\/\/franciscanos.org.br\/noticias\/pjf-participa-da-jornada-diocesana-da-juventude-2012.html","name":"PJF participa da jornada diocesana da juventude 2012 - Not\u00edcias - Franciscanos","isPartOf":{"@id":"https:\/\/franciscanos.org.br\/noticias\/#website"},"primaryImageOfPage":{"@id":"https:\/\/franciscanos.org.br\/noticias\/pjf-participa-da-jornada-diocesana-da-juventude-2012.html#primaryimage"},"datePublished":"2012-04-03T15:06:13+00:00","dateModified":"2019-09-17T12:33:28+00:00","author":{"@id":"https:\/\/franciscanos.org.br\/noticias\/#\/schema\/person\/b38fbf43118f02820bd932f2e4b14ad3"},"breadcrumb":{"@id":"https:\/\/franciscanos.org.br\/noticias\/pjf-participa-da-jornada-diocesana-da-juventude-2012.html#breadcrumb"},"inLanguage":"pt-BR","potentialAction":[{"@type":"ReadAction","target":["https:\/\/franciscanos.org.br\/noticias\/pjf-participa-da-jornada-diocesana-da-juventude-2012.html"]}]},{"@type":"BreadcrumbList","@id":"https:\/\/franciscanos.org.br\/noticias\/pjf-participa-da-jornada-diocesana-da-juventude-2012.html#breadcrumb","itemListElement":[{"@type":"ListItem","position":1,"name":"Home","item":"https:\/\/franciscanos.org.br\/noticias"},{"@type":"ListItem","position":2,"name":"PJF participa da jornada diocesana da juventude 2012"}]},{"@type":"Person","@id":"https:\/\/franciscanos.org.br\/noticias\/#\/schema\/person\/b38fbf43118f02820bd932f2e4b14ad3","name":"admin","image":{"@type":"ImageObject","inLanguage":"pt-BR","@id":"https:\/\/franciscanos.org.br\/noticias\/#\/schema\/person\/image\/","url":"https:\/\/secure.gravatar.com\/avatar\/e8495742d34d0ba6448ea1c628263b3e?s=96&d=mm&r=g","contentUrl":"https:\/\/secure.gravatar.com\/avatar\/e8495742d34d0ba6448ea1c628263b3e?s=96&d=mm&r=g","caption":"admin"},"url":"https:\/\/franciscanos.org.br\/noticias\/author\/admin"}]}},"_links":{"self":[{"href":"https:\/\/franciscanos.org.br\/noticias\/wp-json\/wp\/v2\/posts\/14620"}],"collection":[{"href":"https:\/\/franciscanos.org.br\/noticias\/wp-json\/wp\/v2\/posts"}],"about":[{"href":"https:\/\/franciscanos.org.br\/noticias\/wp-json\/wp\/v2\/types\/post"}],"author":[{"embeddable":true,"href":"https:\/\/franciscanos.org.br\/noticias\/wp-json\/wp\/v2\/users\/1"}],"replies":[{"embeddable":true,"href":"https:\/\/franciscanos.org.br\/noticias\/wp-json\/wp\/v2\/comments?post=14620"}],"version-history":[{"count":0,"href":"https:\/\/franciscanos.org.br\/noticias\/wp-json\/wp\/v2\/posts\/14620\/revisions"}],"wp:featuredmedia":[{"embeddable":true,"href":"https:\/\/franciscanos.org.br\/noticias\/wp-json\/wp\/v2\/media\/211085"}],"wp:attachment":[{"href":"https:\/\/franciscanos.org.br\/noticias\/wp-json\/wp\/v2\/media?parent=14620"}],"wp:term":[{"taxonomy":"category","embeddable":true,"href":"https:\/\/franciscanos.org.br\/noticias\/wp-json\/wp\/v2\/categories?post=14620"},{"taxonomy":"post_tag","embeddable":true,"href":"https:\/\/franciscanos.org.br\/noticias\/wp-json\/wp\/v2\/tags?post=14620"}],"curies":[{"name":"wp","href":"https:\/\/api.w.org\/{rel}","templated":true}]}}