{"id":146057,"date":"2017-11-27T10:04:21","date_gmt":"2017-11-27T12:04:21","guid":{"rendered":"http:\/\/franciscanos.org.br\/?p=146057"},"modified":"2019-01-16T13:06:23","modified_gmt":"2019-01-16T15:06:23","slug":"lancamentos-da-semana-33","status":"publish","type":"post","link":"https:\/\/franciscanos.org.br\/noticias\/lancamentos-da-semana-33.html","title":{"rendered":"Lan\u00e7amentos da semana"},"content":{"rendered":"<h3><strong><a href=\"http:\/\/franciscanos.org.br\/wp-content\/uploads\/2017\/11\/a-humanidade.jpg\"><img loading=\"lazy\" class=\"alignleft size-full wp-image-146060\" src=\"http:\/\/franciscanos.org.br\/wp-content\/uploads\/2017\/11\/a-humanidade.jpg\" alt=\"a-humanidade\" width=\"200\" height=\"307\" \/><\/a>A humaniza\u00e7\u00e3o de Jesus<\/strong><\/h3>\n<p><strong>Jos\u00e9 Maria Castillo<\/strong><\/p>\n<p>S\u00f3 \u00e9 poss\u00edvel alcan\u00e7ar a plenitude \u201cdo divino\u201d na medida em que nos empenhamos para atingir a plenitude \u201cdo humano\u201d. S\u00f3 podemos chegar a ser \u201cmais divinos\u201d fazendo-nos \u201cmais humanos\u201d. Esta proposta tem que invadir e impregnar toda a vida e a atividade da Igreja: sua teologia, seu sistema organizativo, sua moral, suas leis, sua presen\u00e7a na sociedade e sobretudo a vida e a espiritualidade dos crist\u00e3os. \u00c9 uma proposta que brota do pr\u00f3prio centro da f\u00e9 crist\u00e3: o Deus do cristianismo \u00e9 o \u201cDeus encarnado\u201d. Ou seja, o \u201cDeus humanizado\u201d, que se deu a conhecer num ser humano, Jesus de Nazar\u00e9.<\/p>\n<p>Entretanto, ocorre que, na hist\u00f3ria do cristianismo, a humanidade de Jesus, bem como suas consequ\u00eancias, foi mais dif\u00edcil de ser aceita do que a divindade de Cristo. Esta dificuldade nos exige encarar a seguinte pergunta: Quem ocupa realmente o centro da vida da Igreja, Jesus e seu Evangelho ou S\u00e3o Paulo e sua teologia? N\u00e3o se trata da velha quest\u00e3o sobre quem fundou a Igreja. A Igreja tem sua origem em Jesus. Ela, portanto, tem seu centro em Jesus, o Messias, o Senhor, o Filho de Deus. Por\u00e9m, mesmo tendo isto por pressuposto, n\u00e3o se pode negligenciar esta pergunta imperativa.<\/p>\n<p>A partir dela surgem outras perguntas: De onde ou de quem foram tomados os grandes temas que s\u00e3o propostos e explicados na teologia cat\u00f3lica? Em que e como se justificam o culto, os ritos e, em geral, a liturgia que se celebra em nossos templos? A partir de quem e de quais argumentos se legitima o modo de governo que se exerce na Igreja? Que forma de presen\u00e7a na sociedade a Igreja deve ter? Por que o cristianismo aparece mais como uma religi\u00e3o e muito menos como a presen\u00e7a do Evangelho de Jesus em nosso mundo? Enquanto a Igreja n\u00e3o enfrentar seriamente estas quest\u00f5es, dando-lhes as devidas respostas, dificilmente ela recuperar\u00e1 sua identidade, e tampouco cumprir\u00e1 sua miss\u00e3o no mundo.<\/p>\n<p>Na presente obra, Jos\u00e9 Maria Castilho busca respostas para as v\u00e1rias perguntas que surgem quando se tratada da humanidade de Jesus.<\/p>\n<p style=\"padding-left: 30px;\"><strong>Jos\u00e9 Maria Castillo<\/strong><em> nasceu em Granada (Espanha) em 1929; \u00c9 Doutor em Teologia pela Universidade Gregoriana de Roma. Lecionou em Granada, Roma e Madri, e \u00e9 professor convidado em San Salvador. Fundador e membro da dire\u00e7\u00e3o da Associa\u00e7\u00e3o de Te\u00f3logos e Te\u00f3logas Jo\u00e3o XXIII, e autor de dezenas de obras de teologia e espiritualidade. Tem publicada pela Vozes a obra Jesus: a humaniza\u00e7\u00e3o de Deus.<\/em><\/p>\n<p><strong>N\u00famero de p\u00e1ginas<\/strong><strong>: 136<\/strong><\/p>\n<p>&nbsp;<\/p>\n<h3><strong><a href=\"http:\/\/franciscanos.org.br\/wp-content\/uploads\/2017\/11\/revolucao.jpg\"><img loading=\"lazy\" class=\"alignleft size-full wp-image-146061\" src=\"http:\/\/franciscanos.org.br\/wp-content\/uploads\/2017\/11\/revolucao.jpg\" alt=\"revolucao\" width=\"200\" height=\"311\" \/><\/a>A revolu\u00e7\u00e3o da aten\u00e7\u00e3o<br \/>\n<\/strong><strong>Revelando o poder da mente focada<\/strong><\/h3>\n<p><strong>Alan Wallace<\/strong><\/p>\n<p>A medita\u00e7\u00e3o oferece, entre outras coisas, um m\u00e9todo para obter n\u00edveis previamente inimagin\u00e1veis de concentra\u00e7\u00e3o. O autor B. Alan Wallace tem quase trinta anos de pr\u00e1tica e experi\u00eancia em medita\u00e7\u00e3o de aten\u00e7\u00e3o plena, incluindo participa\u00e7\u00e3o em um extensivo retiro espiritual sob a orienta\u00e7\u00e3o do Dalai Lama. Como participante ativo nos famosos di\u00e1logos entre os budistas e os cientistas, Wallace est\u00e1 totalmente qualificado para se dirigir a ambos. <em>A revolu\u00e7\u00e3o da aten\u00e7\u00e3o<\/em> \u00e9 a apresenta\u00e7\u00e3o definitiva e condensada do seu conhecimento.<\/p>\n<p>Depois de apresentar os efeitos doentios resultantes da incapacidade de focar a mente, o autor segue explorando um caminho sistem\u00e1tico de medita\u00e7\u00e3o que intensifica a capacidade de manter a concentra\u00e7\u00e3o. A aten\u00e7\u00e3o \u00e9 a chave que torna poss\u00edvel o acesso \u00e0 nossa mudan\u00e7a pessoal, e a boa-nova \u00e9 que a aten\u00e7\u00e3o pode ser treinada. Este livro mostra como faz\u00ea-lo.<\/p>\n<p>Escrito em forma de manual pr\u00e1tico, o livro fornece instru\u00e7\u00f5es claras, como hist\u00f3rico te\u00f3rico e experi\u00eancias pessoais. Ao mesmo tempo, a obra permite desenvolver maior consci\u00eancia de si mesmo, aprimorando a autoestima e a autoconfian\u00e7a para a realiza\u00e7\u00e3o das diversas atividades e exig\u00eancias da vida moderna, pois faz uma an\u00e1lise compreensiva e brilhante dos est\u00e1gios do desenvolvimento do equil\u00edbrio da aten\u00e7\u00e3o.<\/p>\n<p style=\"padding-left: 30px;\"><strong>Alan Wallace<em>,<\/em><\/strong><em> Ph.D., tem pesquisado e praticado o budismo h\u00e1 mais de 40 anos e tem realizado workshops e retiros de \u201cyoga dos sonhos\u201d h\u00e1 mais de 20 anos. Al\u00e9m de ter sido monge budista tibetano e ter forma\u00e7\u00e3o em F\u00edsica, \u00e9 um respeitado estudioso da religi\u00e3o. \u00c9 o fundador do Santa Barbara Institute for Consciousness Studies e autor de v\u00e1rios livros, incluindo Embracing Mind: The common Ground of Science and Spirituality; Despertar no sonho (Vozes, 2014) e Budismo tibetano (Vozes, 2016).<\/em><\/p>\n<p><strong>N\u00famero de p\u00e1ginas: 248<\/strong><\/p>\n<p>&nbsp;<\/p>\n<h3><strong><a href=\"http:\/\/franciscanos.org.br\/wp-content\/uploads\/2017\/11\/inovacao.jpg\"><img loading=\"lazy\" class=\"alignleft size-full wp-image-146062\" src=\"http:\/\/franciscanos.org.br\/wp-content\/uploads\/2017\/11\/inovacao.jpg\" alt=\"inovacao\" width=\"200\" height=\"311\" \/><\/a>Inova\u00e7\u00e3o e trai\u00e7\u00e3o<br \/>\n<\/strong><strong>Um ensaio sobre fidelidade e tecnologia<\/strong><\/h3>\n<p><strong>Cl\u00f3vis de Barros Filho<\/strong><em> e <\/em><strong>Adriano da Rocha Lima<\/strong><\/p>\n<p>Mudar ou n\u00e3o? A pergunta cont\u00e9m infinitas ambiguidades estrat\u00e9gicas. Inovar pode ser bom, e manter pode ser vi\u00e1vel. O que nunca muda? A necessidade de pensar sempre.<\/p>\n<p>Cl\u00f3vis de Barros Filho e Adriano da Rocha Lima juntaram duas intelig\u00eancias \u00e1geis para pensar o desafio da inova\u00e7\u00e3o e o resultado \u00e9 este livro elaborado a quatro m\u00e3os.<\/p>\n<p>Com pref\u00e1cio de Leandro Karnal, o leitor encontrar\u00e1 aqui uma fascinante an\u00e1lise do que existe de bom e de perigoso no desafio de renovar ou inventar. Inovar sem trair ser\u00e1 uma alavanca poderosa para suas decis\u00f5es!<\/p>\n<p><strong>Cl\u00f3vis,<br \/>\n<\/strong><em>por Adriano da Rocha Lima<\/em><\/p>\n<p style=\"padding-left: 30px;\"><em>Conheci o Professor Cl\u00f3vis assistindo a um programa de entrevistas na TV. Uma das raras vezes em que vi o entrevistado roubar o protagonismo do apresentador, ao mesmo tempo em que cativava a plat\u00e9ia, falando sobre quest\u00f5es filos\u00f3ficas super abstratas, que eram traduzidas em exemplos simples e acess\u00edveis a todos. N\u00e3o conheci o Cl\u00f3vis quando foi aluno, mas imagino que era um daqueles nerds, mais novo que o restante da turma, com intelig\u00eancia muito acima da m\u00e9dia e que recebia nota 10 em todas as mat\u00e9rias. Al\u00e9m da intelig\u00eancia, ele re\u00fane um conhecimento amplo e estruturado, uma mem\u00f3ria invej\u00e1vel e uma capacidade de se comunicar que o coloca entre os melhores oradores que j\u00e1 conheci. Ap\u00f3s assistir a v\u00e1rias de suas aulas e constatar a amplitude do seu conhecimento, tive a curiosidade de buscar seu curr\u00edculo na internet, onde pude perceber que se tratava daqueles curr\u00edculos que quando voc\u00ea termina de ler, j\u00e1 esqueceu do in\u00edcio, t\u00e3o extensas s\u00e3o as suas qualifica\u00e7\u00f5es e a sua trajet\u00f3ria acad\u00eamica. Mas o que mais me admira nele \u00e9 a sua perseveran\u00e7a e determina\u00e7\u00e3o, em tudo que se prop\u00f5e a fazer, e a generosidade com seus alunos, que pode ser vista e ouvida nas centenas ou milhares de horas de \u00e1udio e v\u00eddeo que gravou para compartilhar seu conhecimento. Como seu admirador e agora seu parceiro neste livro a honra que sinto \u00e9 imensur\u00e1vel.<\/em><\/p>\n<p><strong>Adriano<em>,<br \/>\n<\/em><\/strong><em>por Cl\u00f3vis de Barros Filho<\/em><\/p>\n<p style=\"padding-left: 30px;\"><em>Adriano cursou fundamental e m\u00e9dio no Col\u00e9gio Santo In\u00e1cio, no Rio de Janeiro. Sei bem como \u00e9. Afinal, bem antes, foram 12 anos com os Jesu\u00edtas em S\u00e3o Paulo. Em nosso primeiro encontro, convidou-me para falar aos seus colaboradores sobre os afetos em Espinosa. Todos nerds de TI. Percebi r\u00e1pido que n\u00e3o se tratava apenas de mais um empreendedor de sucesso. Adriano \u00e9 tamb\u00e9m mente brilhante. Vindo l\u00e1 de Goi\u00e1s, jeito simples, fala mansa e extraordin\u00e1ria lucidez. Humilde o suficiente para identificar o que n\u00e3o sabe e n\u00e3o parar de crescer. Um privil\u00e9gio para mim esta parceria. Sinto-me numa corrida de revezamento. Entregando o bast\u00e3o a um jovem que, como poucos, \u00e9 contestador sem ser arrogante. Corajoso e vision\u00e1rio. Destemido ante novos desafios. Que, por tudo isso, ir\u00e1 muito mais longe do que jamais conseguiria.<\/em><\/p>\n<p><strong>N\u00famero de p\u00e1ginas: 208<\/strong><\/p>\n<p>&nbsp;<\/p>\n<h3><strong><a href=\"http:\/\/franciscanos.org.br\/wp-content\/uploads\/2017\/11\/memoria.jpg\"><img loading=\"lazy\" class=\"alignleft size-full wp-image-146063\" src=\"http:\/\/franciscanos.org.br\/wp-content\/uploads\/2017\/11\/memoria.jpg\" alt=\"memoria\" width=\"200\" height=\"331\" \/><\/a>Mem\u00f3ria inteligente<br \/>\n<\/strong><strong>Como sempre lembrar do que voc\u00ea preciso \u2013 e s\u00f3 do que precisa<\/strong><\/h3>\n<p><strong>Nitza Eyal<\/strong><em> e <\/em><strong>Yael Riechental<\/strong><\/p>\n<p>Neste guia as autoras ir\u00e3o abordar os diferentes tipos e fases da mem\u00f3ria e tamb\u00e9m as diferentes formas de esquecimento. O leitor ir\u00e1 aprender sobre o estilo de vida ben\u00e9fico \u00e0 mem\u00f3ria, e sobre como uma boa alimenta\u00e7\u00e3o e exerc\u00edcios f\u00edsicos a favorecem. Eyal e Riechental apresentam novas tecnologias que d\u00e3o suporte \u00e0 mem\u00f3ria, sugest\u00f5es simples e f\u00e1ceis que v\u00e3o lhe ajudar a lembrar coisas que n\u00e3o queremos esquecer: lembrar rostos e nomes; como melhorar a concentra\u00e7\u00e3o; como aprender novas informa\u00e7\u00f5es; como n\u00e3o esquecer compromissos; como lembrar onde estacionamos o carro, e outras muitas sugest\u00f5es e praticas para aprimorar a mem\u00f3ria no dia a dia.<\/p>\n<p>Com a ajuda deste guia e implementando o m\u00e9todo de treino pessoal voc\u00ea conseguir\u00e1 elaborar um mapa pessoal da sua mem\u00f3ria, e consequentemente estabelecer um programa de treino de mem\u00f3ria adequado a suas necessidades particulares.<\/p>\n<p style=\"padding-left: 30px;\"><strong>Dra. Nitza Eyal<\/strong><em> M.A. \u00e9 psic\u00f3loga e geront\u00f3loga. Pesquisadora, conferencista e editora acad\u00eamica de semin\u00e1rios sobre quest\u00f5es de desenvolvimento na segunda metade da vida. \u00c9 autora de dezenas de artigos acad\u00eamicos e de seis livros. Trabalha no Herczeg Institute on Aging, em Israel.<\/em><\/p>\n<p style=\"padding-left: 30px;\"><strong>Yael Riechental<\/strong><em> \u00e9 geront\u00f3loga-psic\u00f3loga. Dirige um centro de sa\u00fade e educa\u00e7\u00e3o no Clalit Health Services, em Israel. Terapeuta e facilitadora de grupo, \u00e9 especializada em envelhecimento e mem\u00f3ria e autora de diversas publica\u00e7\u00f5es cient\u00edficas.<\/em><\/p>\n<p><strong>N\u00famero de p\u00e1ginas<\/strong><strong>: 160<\/strong><\/p>\n<p>&nbsp;<\/p>\n<h3><strong><a href=\"http:\/\/franciscanos.org.br\/wp-content\/uploads\/2017\/11\/a-arte-de-ter-razao.jpg\"><img loading=\"lazy\" class=\"alignleft size-full wp-image-146064\" src=\"http:\/\/franciscanos.org.br\/wp-content\/uploads\/2017\/11\/a-arte-de-ter-razao.jpg\" alt=\"a-arte-de-ter-razao\" width=\"200\" height=\"332\" \/><\/a>A arte de ter raz\u00e3o<br \/>\n<\/strong><strong>38 estratagemas<\/strong><\/h3>\n<p><strong>Arthur Schopenhauer<\/strong><\/p>\n<p>A forma como nos comportamos socialmente n\u00e3o mudou muito desde Arist\u00f3teles. Partindo dos escritos do pensador grego, Schopenhauer desenvolve em sua Dial\u00e9tica Er\u00edstica, 38 estrat\u00e9gias sobre a arte de vencer um oponente num debate n\u00e3o importando os meios. E, para isso, mostra os ardis da maior ferramenta que todos possu\u00edmos, a palavra. Usar argumentos e estrat\u00e9gias certas numa conversa \u00e9 uma arma poderosa em qualquer momento. E tanto vale para quem quer refor\u00e7ar um talento, evitar ciladas dial\u00e9ticas, ou simplesmente estar bem preparado para negocia\u00e7\u00f5es ou qualquer outra ocasi\u00e3o que exija argumenta\u00e7\u00e3o.<\/p>\n<p>Essas estrat\u00e9gias n\u00e3o foram inventadas por Schopenhauer. Seu trabalho foi identifica-las, reuni-las de modo coerente, mostrando como s\u00e3o utilizadas, em quais momentos elas surgem em meio a uma discuss\u00e3o, de modo que voc\u00ea possa utilizar-se deste livro at\u00e9 mesmo para desmascarar o uso das estrat\u00e9gias. Em discuss\u00f5es, o objetivo de todos \u00e9 persuadir. No entanto, o melhor resultado \u00e9 obtido pela pessoa mais h\u00e1bil em manter a sua posi\u00e7\u00e3o. Pode ser que voc\u00ea esteja com a raz\u00e3o, mas, uma vez que voc\u00ea entre em um debate, estar certo n\u00e3o \u00e9 o suficiente. Voc\u00ea precisa conhecer os movimentos dessa arte para ter for\u00e7a no jogo. Este livro ensinar\u00e1 tudo o que voc\u00ea precisa saber.<\/p>\n<p style=\"padding-left: 30px;\"><strong>Arthur Schopenhauer<\/strong><em> foi um fil\u00f3sofo alem\u00e3o do s\u00e9culo XIX da corrente irracionalista. Nasceu em Danzig, na Pol\u00f4nia, no dia 22 de fevereiro 1788 e morreu em Frankfurt am Main no dia 21 de setembro 1860.<\/em><\/p>\n<p><strong>N\u00famero de p\u00e1ginas: 64<\/strong><\/p>\n<p>&nbsp;<\/p>\n<h3><strong><a href=\"http:\/\/franciscanos.org.br\/wp-content\/uploads\/2017\/11\/psicologia.jpg\"><img loading=\"lazy\" class=\"alignleft size-full wp-image-146065\" src=\"http:\/\/franciscanos.org.br\/wp-content\/uploads\/2017\/11\/psicologia.jpg\" alt=\"psicologia\" width=\"200\" height=\"307\" \/><\/a>Psicologia Social do Trabalho<\/strong><\/h3>\n<p><strong>Maria Chalfin Coutinho<\/strong><em>, <\/em><strong>Marcia Hespanhol Bernardo<\/strong><em> e <\/em><strong>Leny Sato<\/strong><em> (orgs.)<\/em><\/p>\n<p>Nesta obra o trabalho \u00e9 compreendido em sua materialidade e em sua historicidade, o que exige a considera\u00e7\u00e3o das rela\u00e7\u00f5es de poder, da divis\u00e3o social do trabalho e de valores e ideologias. Assim, s\u00f3 \u00e9 poss\u00edvel estudar a dimens\u00e3o psicol\u00f3gica dos trabalhadores, a intersubjetividade e as rela\u00e7\u00f5es interpessoais levando em conta o contexto concreto em que ocorrem nos \u00e2mbitos micro e macrossocial. Tais aspectos norteiam tanto a pesquisa como a interven\u00e7\u00e3o no cotidiano de trabalho, permeado por in\u00fameras facetas.<\/p>\n<p><em>Psicologia Social do Trabalho <\/em>apresenta uma perspectiva de estudo sobre trabalho e processos organizativos que tem sido constru\u00edda em diversos centros de pesquisa no Brasil. Trata-se de uma contribui\u00e7\u00e3o contempor\u00e2nea que busca suprir a lacuna de uma produ\u00e7\u00e3o sistematizada sobre o campo do trabalho a partir da Psicologia Social em uma vertente cr\u00edtica, que conta com elementos que a singularizam, os quais est\u00e3o enraizados em alguns aspectos: sua hist\u00f3ria, seus princ\u00edpios, seus objetivos, sua \u00e9tica n\u00e3o liberal e em \u00e1reas e disciplinas com as quais dialoga.<\/p>\n<p><strong>N\u00famero de p\u00e1ginas<\/strong><strong>: 184<\/strong><\/p>\n<p>&nbsp;<\/p>\n<h3><strong><a href=\"http:\/\/franciscanos.org.br\/wp-content\/uploads\/2017\/11\/exercicios.jpg\"><img loading=\"lazy\" class=\"alignleft size-full wp-image-146066\" src=\"http:\/\/franciscanos.org.br\/wp-content\/uploads\/2017\/11\/exercicios.jpg\" alt=\"exercicios\" width=\"200\" height=\"292\" \/><\/a>Exerc\u00edcios para a alma<\/strong><\/h3>\n<p>Assim como nosso corpo, nossa alma precisa de alimento e cuidados regulares. Elaborado pelo grupo de autores que faz os\u00a0Cadernos de exerc\u00edcios, este livro \u00e9 um companheiro perfeito para fazer todos os dias, e com pouco esfor\u00e7o, algo de bom.<\/p>\n<p>Ele oferece pequenos exerc\u00edcios, testes e medita\u00e7\u00f5es que nos inspiram positivamente e nos deixam atentos tamb\u00e9m para lidar com as outras pessoas. S\u00e3o impulsos que nos ensinam a desapegar de coisas negativas, reconhecer momentos de felicidade, tornar-nos autoconfiantes ou nos libertar da press\u00e3o do tempo. Um pequeno programa de treinamento para o bem-estar do qual voc\u00ea n\u00e3o vai mais querer abrir m\u00e3o!<\/p>\n<p><strong>N\u00famero de p\u00e1ginas: 376<\/strong><\/p>\n","protected":false},"excerpt":{"rendered":"<p>Editora Vozes<\/p>\n","protected":false},"author":1,"featured_media":194592,"comment_status":"open","ping_status":"open","sticky":false,"template":"","format":"standard","meta":[],"categories":[1],"tags":[238],"acf":[],"yoast_head":"<!-- This site is optimized with the Yoast SEO plugin v19.2 - https:\/\/yoast.com\/wordpress\/plugins\/seo\/ -->\n<title>Lan\u00e7amentos da semana - Not\u00edcias - Franciscanos<\/title>\n<meta name=\"robots\" content=\"index, follow, max-snippet:-1, max-image-preview:large, max-video-preview:-1\" \/>\n<link rel=\"canonical\" href=\"https:\/\/franciscanos.org.br\/noticias\/lancamentos-da-semana-33.html\" \/>\n<meta property=\"og:locale\" content=\"pt_BR\" \/>\n<meta property=\"og:type\" content=\"article\" \/>\n<meta property=\"og:title\" content=\"Lan\u00e7amentos da semana - Not\u00edcias - Franciscanos\" \/>\n<meta property=\"og:description\" content=\"Editora Vozes\" \/>\n<meta property=\"og:url\" content=\"https:\/\/franciscanos.org.br\/noticias\/lancamentos-da-semana-33.html\" \/>\n<meta property=\"og:site_name\" content=\"Not\u00edcias - Franciscanos\" \/>\n<meta property=\"article:published_time\" content=\"2017-11-27T12:04:21+00:00\" \/>\n<meta property=\"article:modified_time\" content=\"2019-01-16T15:06:23+00:00\" \/>\n<meta property=\"og:image\" content=\"https:\/\/franciscanos.org.br\/noticias\/wp-content\/uploads\/2017\/11\/vozes.png\" \/>\n\t<meta property=\"og:image:width\" content=\"273\" \/>\n\t<meta property=\"og:image:height\" content=\"181\" \/>\n\t<meta property=\"og:image:type\" content=\"image\/png\" \/>\n<meta name=\"author\" content=\"admin\" \/>\n<meta name=\"twitter:card\" content=\"summary_large_image\" \/>\n<meta name=\"twitter:label1\" content=\"Escrito por\" \/>\n\t<meta name=\"twitter:data1\" content=\"admin\" \/>\n\t<meta name=\"twitter:label2\" content=\"Est. tempo de leitura\" \/>\n\t<meta name=\"twitter:data2\" content=\"11 minutos\" \/>\n<script type=\"application\/ld+json\" class=\"yoast-schema-graph\">{\"@context\":\"https:\/\/schema.org\",\"@graph\":[{\"@type\":\"WebSite\",\"@id\":\"https:\/\/franciscanos.org.br\/noticias\/#website\",\"url\":\"https:\/\/franciscanos.org.br\/noticias\/\",\"name\":\"Not\u00edcias - Franciscanos\",\"description\":\"Prov\u00edncia Franciscana da Imaculada Concei\u00e7\u00e3o do Brasil - Ordem dos Frades Menores - OFM\",\"potentialAction\":[{\"@type\":\"SearchAction\",\"target\":{\"@type\":\"EntryPoint\",\"urlTemplate\":\"https:\/\/franciscanos.org.br\/noticias\/?s={search_term_string}\"},\"query-input\":\"required name=search_term_string\"}],\"inLanguage\":\"pt-BR\"},{\"@type\":\"ImageObject\",\"inLanguage\":\"pt-BR\",\"@id\":\"https:\/\/franciscanos.org.br\/noticias\/lancamentos-da-semana-33.html#primaryimage\",\"url\":\"https:\/\/franciscanos.org.br\/noticias\/wp-content\/uploads\/2017\/11\/vozes.png\",\"contentUrl\":\"https:\/\/franciscanos.org.br\/noticias\/wp-content\/uploads\/2017\/11\/vozes.png\",\"width\":273,\"height\":181},{\"@type\":\"WebPage\",\"@id\":\"https:\/\/franciscanos.org.br\/noticias\/lancamentos-da-semana-33.html#webpage\",\"url\":\"https:\/\/franciscanos.org.br\/noticias\/lancamentos-da-semana-33.html\",\"name\":\"Lan\u00e7amentos da semana - Not\u00edcias - Franciscanos\",\"isPartOf\":{\"@id\":\"https:\/\/franciscanos.org.br\/noticias\/#website\"},\"primaryImageOfPage\":{\"@id\":\"https:\/\/franciscanos.org.br\/noticias\/lancamentos-da-semana-33.html#primaryimage\"},\"datePublished\":\"2017-11-27T12:04:21+00:00\",\"dateModified\":\"2019-01-16T15:06:23+00:00\",\"author\":{\"@id\":\"https:\/\/franciscanos.org.br\/noticias\/#\/schema\/person\/b38fbf43118f02820bd932f2e4b14ad3\"},\"breadcrumb\":{\"@id\":\"https:\/\/franciscanos.org.br\/noticias\/lancamentos-da-semana-33.html#breadcrumb\"},\"inLanguage\":\"pt-BR\",\"potentialAction\":[{\"@type\":\"ReadAction\",\"target\":[\"https:\/\/franciscanos.org.br\/noticias\/lancamentos-da-semana-33.html\"]}]},{\"@type\":\"BreadcrumbList\",\"@id\":\"https:\/\/franciscanos.org.br\/noticias\/lancamentos-da-semana-33.html#breadcrumb\",\"itemListElement\":[{\"@type\":\"ListItem\",\"position\":1,\"name\":\"Home\",\"item\":\"https:\/\/franciscanos.org.br\/noticias\"},{\"@type\":\"ListItem\",\"position\":2,\"name\":\"Lan\u00e7amentos da semana\"}]},{\"@type\":\"Person\",\"@id\":\"https:\/\/franciscanos.org.br\/noticias\/#\/schema\/person\/b38fbf43118f02820bd932f2e4b14ad3\",\"name\":\"admin\",\"image\":{\"@type\":\"ImageObject\",\"inLanguage\":\"pt-BR\",\"@id\":\"https:\/\/franciscanos.org.br\/noticias\/#\/schema\/person\/image\/\",\"url\":\"https:\/\/secure.gravatar.com\/avatar\/e8495742d34d0ba6448ea1c628263b3e?s=96&d=mm&r=g\",\"contentUrl\":\"https:\/\/secure.gravatar.com\/avatar\/e8495742d34d0ba6448ea1c628263b3e?s=96&d=mm&r=g\",\"caption\":\"admin\"},\"url\":\"https:\/\/franciscanos.org.br\/noticias\/author\/admin\"}]}<\/script>\n<!-- \/ Yoast SEO plugin. -->","yoast_head_json":{"title":"Lan\u00e7amentos da semana - Not\u00edcias - Franciscanos","robots":{"index":"index","follow":"follow","max-snippet":"max-snippet:-1","max-image-preview":"max-image-preview:large","max-video-preview":"max-video-preview:-1"},"canonical":"https:\/\/franciscanos.org.br\/noticias\/lancamentos-da-semana-33.html","og_locale":"pt_BR","og_type":"article","og_title":"Lan\u00e7amentos da semana - Not\u00edcias - Franciscanos","og_description":"Editora Vozes","og_url":"https:\/\/franciscanos.org.br\/noticias\/lancamentos-da-semana-33.html","og_site_name":"Not\u00edcias - Franciscanos","article_published_time":"2017-11-27T12:04:21+00:00","article_modified_time":"2019-01-16T15:06:23+00:00","og_image":[{"width":273,"height":181,"url":"https:\/\/franciscanos.org.br\/noticias\/wp-content\/uploads\/2017\/11\/vozes.png","type":"image\/png"}],"author":"admin","twitter_card":"summary_large_image","twitter_misc":{"Escrito por":"admin","Est. tempo de leitura":"11 minutos"},"schema":{"@context":"https:\/\/schema.org","@graph":[{"@type":"WebSite","@id":"https:\/\/franciscanos.org.br\/noticias\/#website","url":"https:\/\/franciscanos.org.br\/noticias\/","name":"Not\u00edcias - Franciscanos","description":"Prov\u00edncia Franciscana da Imaculada Concei\u00e7\u00e3o do Brasil - Ordem dos Frades Menores - OFM","potentialAction":[{"@type":"SearchAction","target":{"@type":"EntryPoint","urlTemplate":"https:\/\/franciscanos.org.br\/noticias\/?s={search_term_string}"},"query-input":"required name=search_term_string"}],"inLanguage":"pt-BR"},{"@type":"ImageObject","inLanguage":"pt-BR","@id":"https:\/\/franciscanos.org.br\/noticias\/lancamentos-da-semana-33.html#primaryimage","url":"https:\/\/franciscanos.org.br\/noticias\/wp-content\/uploads\/2017\/11\/vozes.png","contentUrl":"https:\/\/franciscanos.org.br\/noticias\/wp-content\/uploads\/2017\/11\/vozes.png","width":273,"height":181},{"@type":"WebPage","@id":"https:\/\/franciscanos.org.br\/noticias\/lancamentos-da-semana-33.html#webpage","url":"https:\/\/franciscanos.org.br\/noticias\/lancamentos-da-semana-33.html","name":"Lan\u00e7amentos da semana - Not\u00edcias - Franciscanos","isPartOf":{"@id":"https:\/\/franciscanos.org.br\/noticias\/#website"},"primaryImageOfPage":{"@id":"https:\/\/franciscanos.org.br\/noticias\/lancamentos-da-semana-33.html#primaryimage"},"datePublished":"2017-11-27T12:04:21+00:00","dateModified":"2019-01-16T15:06:23+00:00","author":{"@id":"https:\/\/franciscanos.org.br\/noticias\/#\/schema\/person\/b38fbf43118f02820bd932f2e4b14ad3"},"breadcrumb":{"@id":"https:\/\/franciscanos.org.br\/noticias\/lancamentos-da-semana-33.html#breadcrumb"},"inLanguage":"pt-BR","potentialAction":[{"@type":"ReadAction","target":["https:\/\/franciscanos.org.br\/noticias\/lancamentos-da-semana-33.html"]}]},{"@type":"BreadcrumbList","@id":"https:\/\/franciscanos.org.br\/noticias\/lancamentos-da-semana-33.html#breadcrumb","itemListElement":[{"@type":"ListItem","position":1,"name":"Home","item":"https:\/\/franciscanos.org.br\/noticias"},{"@type":"ListItem","position":2,"name":"Lan\u00e7amentos da semana"}]},{"@type":"Person","@id":"https:\/\/franciscanos.org.br\/noticias\/#\/schema\/person\/b38fbf43118f02820bd932f2e4b14ad3","name":"admin","image":{"@type":"ImageObject","inLanguage":"pt-BR","@id":"https:\/\/franciscanos.org.br\/noticias\/#\/schema\/person\/image\/","url":"https:\/\/secure.gravatar.com\/avatar\/e8495742d34d0ba6448ea1c628263b3e?s=96&d=mm&r=g","contentUrl":"https:\/\/secure.gravatar.com\/avatar\/e8495742d34d0ba6448ea1c628263b3e?s=96&d=mm&r=g","caption":"admin"},"url":"https:\/\/franciscanos.org.br\/noticias\/author\/admin"}]}},"_links":{"self":[{"href":"https:\/\/franciscanos.org.br\/noticias\/wp-json\/wp\/v2\/posts\/146057"}],"collection":[{"href":"https:\/\/franciscanos.org.br\/noticias\/wp-json\/wp\/v2\/posts"}],"about":[{"href":"https:\/\/franciscanos.org.br\/noticias\/wp-json\/wp\/v2\/types\/post"}],"author":[{"embeddable":true,"href":"https:\/\/franciscanos.org.br\/noticias\/wp-json\/wp\/v2\/users\/1"}],"replies":[{"embeddable":true,"href":"https:\/\/franciscanos.org.br\/noticias\/wp-json\/wp\/v2\/comments?post=146057"}],"version-history":[{"count":0,"href":"https:\/\/franciscanos.org.br\/noticias\/wp-json\/wp\/v2\/posts\/146057\/revisions"}],"wp:featuredmedia":[{"embeddable":true,"href":"https:\/\/franciscanos.org.br\/noticias\/wp-json\/wp\/v2\/media\/194592"}],"wp:attachment":[{"href":"https:\/\/franciscanos.org.br\/noticias\/wp-json\/wp\/v2\/media?parent=146057"}],"wp:term":[{"taxonomy":"category","embeddable":true,"href":"https:\/\/franciscanos.org.br\/noticias\/wp-json\/wp\/v2\/categories?post=146057"},{"taxonomy":"post_tag","embeddable":true,"href":"https:\/\/franciscanos.org.br\/noticias\/wp-json\/wp\/v2\/tags?post=146057"}],"curies":[{"name":"wp","href":"https:\/\/api.w.org\/{rel}","templated":true}]}}