{"id":146038,"date":"2017-11-24T13:52:07","date_gmt":"2017-11-24T15:52:07","guid":{"rendered":"http:\/\/franciscanos.org.br\/?p=146038"},"modified":"2019-06-12T09:29:02","modified_gmt":"2019-06-12T12:29:02","slug":"neste-domingo-abertura-do-ano-do-laicato","status":"publish","type":"post","link":"https:\/\/franciscanos.org.br\/noticias\/neste-domingo-abertura-do-ano-do-laicato.html","title":{"rendered":"CNBB: Abertura do Ano Nacional do Laicato"},"content":{"rendered":"<p><strong><em><img loading=\"lazy\" class=\"alignright size-full wp-image-146042\" src=\"http:\/\/franciscanos.org.br\/wp-content\/uploads\/2017\/11\/leigos_2411172.jpg\" alt=\"leigos_2411172\" width=\"450\" height=\"400\" \/><\/em><\/strong>Come\u00e7aremos a viver, a partir do domingo de Cristo Rei deste ano, Dia do Crist\u00e3o leigo, o ano do laicato. Uma iniciativa de nossa Confer\u00eancia Episcopal no intuito de protagonizar o papel e a miss\u00e3o dos leigos na igreja e no na sociedade. Os leigos s\u00e3o os crist\u00e3os batizados que n\u00e3o est\u00e3o ligados como membros \u00e0s Sagradas Ordens, ou seja, os que foram incorporados a Cristo pelo Batismo, que formam o Povo de Deus, e que participam da fun\u00e7\u00e3o sacerdotal, prof\u00e9tica e r\u00e9gia de Cristo.<\/p>\n<p>Os crist\u00e3os leigos est\u00e3o na linha mais avan\u00e7ada da vida da Igreja; e devem ter uma consci\u00eancia clara, n\u00e3o somente de pertencerem \u00e0 Igreja, mas de \u201cserem e sentirem com a Igreja\u201d, isto \u00e9, a comunidade dos fi\u00e9is na terra em unidade com o Santo Padre, o Papa, e em comunh\u00e3o com seus Bispos. Juntos, como a Igreja.<\/p>\n<p>O leigo tem como voca\u00e7\u00e3o pr\u00f3pria, procurar o Reino de Deus exercendo fun\u00e7\u00f5es no mundo, no trabalho, mas ordenando-as segundo o Plano e a vontade de Deus. Cristo os chama a ser \u201csal da terra e luz do mundo\u201d (lema deste ano do laicato). O leigo deve ser testemunha de Cristo aonde o sacerdote n\u00e3o chega. Ele deve levar a luz de Cristo aos ambientes de trevas, de pecado, de injusti\u00e7a, de viol\u00eancia, enfim, ao mundo de hoje com suas virtudes e mazelas. Assim, no mundo do trabalho, levando tudo a Deus, o leigo contribui para o louvor do Criador. Ele constr\u00f3i o mundo pelo trabalho, e assim coloca na obra de Deus a sua assinatura.<br \/>\nSabendo da import\u00e2ncia do leigo para a Igreja, a Igreja no Brasil tem a proposta de celebrar no per\u00edodo de 26 de novembro de 2017, Solenidade de Cristo Rei,\u00a0a 25 de novembro de 2018, o \u201cAno do Laicato\u201d.<\/p>\n<p>O tema escolhido para animar a m\u00edstica do Ano do Laicato foi: \u201cCrist\u00e3os leigos e leigas, sujeitos na \u2018Igreja em sa\u00edda\u2019, a servi\u00e7o do Reino\u201d e o lema, como j\u00e1 dissemos: \u201cSal da Terra e Luz do Mundo\u201d (Mt 5,13-14). (Retirado do site: <a href=\"http:\/\/cnbb.net.br\/ano-do-laicato-intensificara-o-trabalho-para-que-cristaos-leigos-e-leigas-sejam-sal-e-luz-na-igreja-e-na-sociedade\" target=\"_blank\" rel=\"noopener noreferrer\"><em>http:\/\/cnbb.net.br\/ano-do-laicato-intensificara-o-trabalho-para-que-cristaos-leigos-e-leigas-sejam-sal-e-luz-na-igreja-e-na-sociedade<\/em><\/a> acesso pela \u00faltima vez: 30\/10\/2017).<\/p>\n<p>O Ano do Laicato ter\u00e1 como objetivo geral: \u201cComo Igreja, Povo de Deus, celebrar a presen\u00e7a e a organiza\u00e7\u00e3o dos crist\u00e3os leigos e leigas no Brasil; aprofundar a sua identidade, voca\u00e7\u00e3o, espiritualidade e miss\u00e3o; e testemunhar Jesus Cristo e seu Reino na sociedade\u201d (Retirado do site: <a href=\"http:\/\/cnbb.net.br\/ano-do-laicato-intensificara-o-trabalho-para-que-cristaos-leigos-e-leigas-sejam-sal-e-luz-na-igreja-e-na-sociedade\" target=\"_blank\" rel=\"noopener noreferrer\"><em>http:\/\/cnbb.net.br\/ano-do-laicato-intensificara-o-trabalho-para-que-cristaos-leigos-e-leigas-sejam-sal-e-luz-na-igreja-e-na-sociedade<\/em><\/a>, acesso pela \u00faltima vez: 30\/10\/2017).<\/p>\n<p>O Conc\u00edlio Ecum\u00eanico Vaticano II fez vir \u00e0 tona mais ainda a atividade do leigo na Igreja: \u201cOs leigos que forem capazes e que se formarem para isto podem tamb\u00e9m dar sua colabora\u00e7\u00e3o na forma\u00e7\u00e3o catequ\u00e9tica, no ensino das ci\u00eancias sagradas e atuar nos meios de comunica\u00e7\u00e3o social.\u201d (CIC \u00a7906)<\/p>\n<p>Os leigos s\u00e3o encarregados por Deus do apostolado em virtude do Batismo e da Confirma\u00e7\u00e3o, \u201celes t\u00eam a obriga\u00e7\u00e3o e gozam do direito, individualmente ou agrupados em associa\u00e7\u00f5es, de trabalhar para que a mensagem divina da salva\u00e7\u00e3o seja conhecida e recebida por todos os homens e por toda a terra; esta obriga\u00e7\u00e3o \u00e9 ainda mais presente se levarmos em conta que \u00e9 somente por meio deles que os homens podem ouvir o Evangelho e conhecer a Cristo. Nas comunidades eclesiais, a a\u00e7\u00e3o deles \u00e9 t\u00e3o necess\u00e1ria que sem ela o apostolado dos pastores n\u00e3o pode, o mais das vezes, obter seu pleno efeito\u201d. (CIC \u00a7900).<\/p>\n<p>\u201cOs leigos podem tamb\u00e9m sentir-se chamados ou vir a ser chamados para colaborar com os pr\u00f3prios pastores no servi\u00e7o da comunidade eclesial, para o crescimento e a vida da mesma, exercendo minist\u00e9rios bem diversificados, segundo a gra\u00e7a e os carismas que o Senhor quiser depositar neles.\u201d (Catecismo da Igreja Cat\u00f3lica \u00a7910). Nesse sentido, al\u00e9m do trabalho essencial dos leigos no mundo, a colabora\u00e7\u00e3o intra-eclesial tamb\u00e9m \u00e9 muito importante como membros da Igreja.<\/p>\n<p>A Comiss\u00e3o Episcopal Especial para o Ano do Laicato organizou as atividades em quatro eixos: 1) Eventos; 2) Comunica\u00e7\u00e3o, catequese e celebra\u00e7\u00e3o; 3) Semin\u00e1rios tem\u00e1ticos nos Regionais; e 4) Publica\u00e7\u00f5es. O Ano do leigo, pretende ainda: \u201cDinamizar o estudo e a pr\u00e1tica do documento 105: \u2018Crist\u00e3os leigos e leigas na Igreja e na Sociedade\u2019 e demais documentos do Magist\u00e9rio, em especial do Papa Francisco, sobre o Laicato; e estimular a presen\u00e7a e a atua\u00e7\u00e3o dos crist\u00e3os leigos e leigas, \u2018verdadeiros sujeitos eclesiais\u2019 (DAp, n. 497a), como \u201csal, luz e fermento\u201d na Igreja e na Sociedade.<br \/>\nContudo, o Ano do laicato ser\u00e1 muito especial, pois, teremos a oportunidade de ainda mais aprofundar na miss\u00e3o do leigo e do seu papel no contexto atual de Igreja e mundo. Segundo Papa Francisco: \u201cem virtude do Batismo recebido, os fi\u00e9is leigos s\u00e3o protagonistas na obra de evangeliza\u00e7\u00e3o e promo\u00e7\u00e3o humana\u201d. \u201cIncorporado \u00e0 Igreja, cada membro do Povo de Deus \u00e9 inseparavelmente disc\u00edpulo e mission\u00e1rio. \u00c9 preciso sempre reiniciar dessa raiz comum a todos n\u00f3s, filhos da M\u00e3e Igreja\u201d. (Retirado do site: <a href=\"http:\/\/www.news.va\/pt\/news\/papa-francisco-leigos-sao-protagonistas-na-obra-de\/\" target=\"_blank\" rel=\"noopener noreferrer\"><em>http:\/\/www.news.va\/pt\/news\/papa-francisco-leigos-sao-protagonistas-na-obra-de\/<\/em><\/a> Acesso: 30\/10\/2017).<\/p>\n<p>Que nossos leigos e leigas neste ano especial, fi\u00e9is filhos da Igreja, e seguidores de Jesus Cristo, possam, diante de tantas ideologias e injusti\u00e7as serem testemunhas de um tempo novo em que o Evangelho vivido seja um sinal de esperan\u00e7a crist\u00e3 para a sociedade, totalmente comprometidos com Jesus Cristo e guiados pelo Esp\u00edrito Santo no caminho para o Pai e assim sejam sempre mais testemunhas evang\u00e9licas da miseric\u00f3rdia divina!<\/p>\n<p><strong><em>Cardeal Orani Jo\u00e3o Tempesta<\/em><\/strong><br \/>\n<strong><em>Arcebispo Metropolitano de S\u00e3o Sebasti\u00e3o do Rio de Janeiro, RJ<\/em><\/strong><\/p>\n<p>Fonte: <a href=\"http:\/\/cnbb.net.br\/category\/artigos\/\" target=\"_blank\" rel=\"noopener noreferrer\">CNBB<\/a><\/p>\n","protected":false},"excerpt":{"rendered":"<p>Igreja em sa\u00edda<\/p>\n","protected":false},"author":1,"featured_media":205909,"comment_status":"open","ping_status":"open","sticky":false,"template":"","format":"standard","meta":[],"categories":[1],"tags":[592],"acf":[],"yoast_head":"<!-- This site is optimized with the Yoast SEO plugin v19.2 - https:\/\/yoast.com\/wordpress\/plugins\/seo\/ -->\n<title>CNBB: Abertura do Ano Nacional do Laicato - Not\u00edcias - Franciscanos<\/title>\n<meta name=\"robots\" content=\"index, follow, max-snippet:-1, max-image-preview:large, max-video-preview:-1\" \/>\n<link rel=\"canonical\" href=\"https:\/\/franciscanos.org.br\/noticias\/neste-domingo-abertura-do-ano-do-laicato.html\" \/>\n<meta property=\"og:locale\" content=\"pt_BR\" \/>\n<meta property=\"og:type\" content=\"article\" \/>\n<meta property=\"og:title\" content=\"CNBB: Abertura do Ano Nacional do Laicato - Not\u00edcias - Franciscanos\" \/>\n<meta property=\"og:description\" content=\"Igreja em sa\u00edda\" \/>\n<meta property=\"og:url\" content=\"https:\/\/franciscanos.org.br\/noticias\/neste-domingo-abertura-do-ano-do-laicato.html\" \/>\n<meta property=\"og:site_name\" content=\"Not\u00edcias - Franciscanos\" \/>\n<meta property=\"article:published_time\" content=\"2017-11-24T15:52:07+00:00\" \/>\n<meta property=\"article:modified_time\" content=\"2019-06-12T12:29:02+00:00\" \/>\n<meta property=\"og:image\" content=\"https:\/\/franciscanos.org.br\/noticias\/wp-content\/uploads\/2017\/11\/leigos_2411172.jpg\" \/>\n\t<meta property=\"og:image:width\" content=\"273\" \/>\n\t<meta property=\"og:image:height\" content=\"181\" \/>\n\t<meta property=\"og:image:type\" content=\"image\/jpeg\" \/>\n<meta name=\"author\" content=\"admin\" \/>\n<meta name=\"twitter:card\" content=\"summary_large_image\" \/>\n<meta name=\"twitter:label1\" content=\"Escrito por\" \/>\n\t<meta name=\"twitter:data1\" content=\"admin\" \/>\n\t<meta name=\"twitter:label2\" content=\"Est. tempo de leitura\" \/>\n\t<meta name=\"twitter:data2\" content=\"5 minutos\" \/>\n<script type=\"application\/ld+json\" class=\"yoast-schema-graph\">{\"@context\":\"https:\/\/schema.org\",\"@graph\":[{\"@type\":\"WebSite\",\"@id\":\"https:\/\/franciscanos.org.br\/noticias\/#website\",\"url\":\"https:\/\/franciscanos.org.br\/noticias\/\",\"name\":\"Not\u00edcias - Franciscanos\",\"description\":\"Prov\u00edncia Franciscana da Imaculada Concei\u00e7\u00e3o do Brasil - Ordem dos Frades Menores - OFM\",\"potentialAction\":[{\"@type\":\"SearchAction\",\"target\":{\"@type\":\"EntryPoint\",\"urlTemplate\":\"https:\/\/franciscanos.org.br\/noticias\/?s={search_term_string}\"},\"query-input\":\"required name=search_term_string\"}],\"inLanguage\":\"pt-BR\"},{\"@type\":\"ImageObject\",\"inLanguage\":\"pt-BR\",\"@id\":\"https:\/\/franciscanos.org.br\/noticias\/neste-domingo-abertura-do-ano-do-laicato.html#primaryimage\",\"url\":\"https:\/\/franciscanos.org.br\/noticias\/wp-content\/uploads\/2017\/11\/leigos_2411172.jpg\",\"contentUrl\":\"https:\/\/franciscanos.org.br\/noticias\/wp-content\/uploads\/2017\/11\/leigos_2411172.jpg\",\"width\":273,\"height\":181},{\"@type\":\"WebPage\",\"@id\":\"https:\/\/franciscanos.org.br\/noticias\/neste-domingo-abertura-do-ano-do-laicato.html#webpage\",\"url\":\"https:\/\/franciscanos.org.br\/noticias\/neste-domingo-abertura-do-ano-do-laicato.html\",\"name\":\"CNBB: Abertura do Ano Nacional do Laicato - Not\u00edcias - Franciscanos\",\"isPartOf\":{\"@id\":\"https:\/\/franciscanos.org.br\/noticias\/#website\"},\"primaryImageOfPage\":{\"@id\":\"https:\/\/franciscanos.org.br\/noticias\/neste-domingo-abertura-do-ano-do-laicato.html#primaryimage\"},\"datePublished\":\"2017-11-24T15:52:07+00:00\",\"dateModified\":\"2019-06-12T12:29:02+00:00\",\"author\":{\"@id\":\"https:\/\/franciscanos.org.br\/noticias\/#\/schema\/person\/b38fbf43118f02820bd932f2e4b14ad3\"},\"breadcrumb\":{\"@id\":\"https:\/\/franciscanos.org.br\/noticias\/neste-domingo-abertura-do-ano-do-laicato.html#breadcrumb\"},\"inLanguage\":\"pt-BR\",\"potentialAction\":[{\"@type\":\"ReadAction\",\"target\":[\"https:\/\/franciscanos.org.br\/noticias\/neste-domingo-abertura-do-ano-do-laicato.html\"]}]},{\"@type\":\"BreadcrumbList\",\"@id\":\"https:\/\/franciscanos.org.br\/noticias\/neste-domingo-abertura-do-ano-do-laicato.html#breadcrumb\",\"itemListElement\":[{\"@type\":\"ListItem\",\"position\":1,\"name\":\"Home\",\"item\":\"https:\/\/franciscanos.org.br\/noticias\"},{\"@type\":\"ListItem\",\"position\":2,\"name\":\"CNBB: Abertura do Ano Nacional do Laicato\"}]},{\"@type\":\"Person\",\"@id\":\"https:\/\/franciscanos.org.br\/noticias\/#\/schema\/person\/b38fbf43118f02820bd932f2e4b14ad3\",\"name\":\"admin\",\"image\":{\"@type\":\"ImageObject\",\"inLanguage\":\"pt-BR\",\"@id\":\"https:\/\/franciscanos.org.br\/noticias\/#\/schema\/person\/image\/\",\"url\":\"https:\/\/secure.gravatar.com\/avatar\/e8495742d34d0ba6448ea1c628263b3e?s=96&d=mm&r=g\",\"contentUrl\":\"https:\/\/secure.gravatar.com\/avatar\/e8495742d34d0ba6448ea1c628263b3e?s=96&d=mm&r=g\",\"caption\":\"admin\"},\"url\":\"https:\/\/franciscanos.org.br\/noticias\/author\/admin\"}]}<\/script>\n<!-- \/ Yoast SEO plugin. -->","yoast_head_json":{"title":"CNBB: Abertura do Ano Nacional do Laicato - Not\u00edcias - Franciscanos","robots":{"index":"index","follow":"follow","max-snippet":"max-snippet:-1","max-image-preview":"max-image-preview:large","max-video-preview":"max-video-preview:-1"},"canonical":"https:\/\/franciscanos.org.br\/noticias\/neste-domingo-abertura-do-ano-do-laicato.html","og_locale":"pt_BR","og_type":"article","og_title":"CNBB: Abertura do Ano Nacional do Laicato - Not\u00edcias - Franciscanos","og_description":"Igreja em sa\u00edda","og_url":"https:\/\/franciscanos.org.br\/noticias\/neste-domingo-abertura-do-ano-do-laicato.html","og_site_name":"Not\u00edcias - Franciscanos","article_published_time":"2017-11-24T15:52:07+00:00","article_modified_time":"2019-06-12T12:29:02+00:00","og_image":[{"width":273,"height":181,"url":"https:\/\/franciscanos.org.br\/noticias\/wp-content\/uploads\/2017\/11\/leigos_2411172.jpg","type":"image\/jpeg"}],"author":"admin","twitter_card":"summary_large_image","twitter_misc":{"Escrito por":"admin","Est. tempo de leitura":"5 minutos"},"schema":{"@context":"https:\/\/schema.org","@graph":[{"@type":"WebSite","@id":"https:\/\/franciscanos.org.br\/noticias\/#website","url":"https:\/\/franciscanos.org.br\/noticias\/","name":"Not\u00edcias - Franciscanos","description":"Prov\u00edncia Franciscana da Imaculada Concei\u00e7\u00e3o do Brasil - Ordem dos Frades Menores - OFM","potentialAction":[{"@type":"SearchAction","target":{"@type":"EntryPoint","urlTemplate":"https:\/\/franciscanos.org.br\/noticias\/?s={search_term_string}"},"query-input":"required name=search_term_string"}],"inLanguage":"pt-BR"},{"@type":"ImageObject","inLanguage":"pt-BR","@id":"https:\/\/franciscanos.org.br\/noticias\/neste-domingo-abertura-do-ano-do-laicato.html#primaryimage","url":"https:\/\/franciscanos.org.br\/noticias\/wp-content\/uploads\/2017\/11\/leigos_2411172.jpg","contentUrl":"https:\/\/franciscanos.org.br\/noticias\/wp-content\/uploads\/2017\/11\/leigos_2411172.jpg","width":273,"height":181},{"@type":"WebPage","@id":"https:\/\/franciscanos.org.br\/noticias\/neste-domingo-abertura-do-ano-do-laicato.html#webpage","url":"https:\/\/franciscanos.org.br\/noticias\/neste-domingo-abertura-do-ano-do-laicato.html","name":"CNBB: Abertura do Ano Nacional do Laicato - Not\u00edcias - Franciscanos","isPartOf":{"@id":"https:\/\/franciscanos.org.br\/noticias\/#website"},"primaryImageOfPage":{"@id":"https:\/\/franciscanos.org.br\/noticias\/neste-domingo-abertura-do-ano-do-laicato.html#primaryimage"},"datePublished":"2017-11-24T15:52:07+00:00","dateModified":"2019-06-12T12:29:02+00:00","author":{"@id":"https:\/\/franciscanos.org.br\/noticias\/#\/schema\/person\/b38fbf43118f02820bd932f2e4b14ad3"},"breadcrumb":{"@id":"https:\/\/franciscanos.org.br\/noticias\/neste-domingo-abertura-do-ano-do-laicato.html#breadcrumb"},"inLanguage":"pt-BR","potentialAction":[{"@type":"ReadAction","target":["https:\/\/franciscanos.org.br\/noticias\/neste-domingo-abertura-do-ano-do-laicato.html"]}]},{"@type":"BreadcrumbList","@id":"https:\/\/franciscanos.org.br\/noticias\/neste-domingo-abertura-do-ano-do-laicato.html#breadcrumb","itemListElement":[{"@type":"ListItem","position":1,"name":"Home","item":"https:\/\/franciscanos.org.br\/noticias"},{"@type":"ListItem","position":2,"name":"CNBB: Abertura do Ano Nacional do Laicato"}]},{"@type":"Person","@id":"https:\/\/franciscanos.org.br\/noticias\/#\/schema\/person\/b38fbf43118f02820bd932f2e4b14ad3","name":"admin","image":{"@type":"ImageObject","inLanguage":"pt-BR","@id":"https:\/\/franciscanos.org.br\/noticias\/#\/schema\/person\/image\/","url":"https:\/\/secure.gravatar.com\/avatar\/e8495742d34d0ba6448ea1c628263b3e?s=96&d=mm&r=g","contentUrl":"https:\/\/secure.gravatar.com\/avatar\/e8495742d34d0ba6448ea1c628263b3e?s=96&d=mm&r=g","caption":"admin"},"url":"https:\/\/franciscanos.org.br\/noticias\/author\/admin"}]}},"_links":{"self":[{"href":"https:\/\/franciscanos.org.br\/noticias\/wp-json\/wp\/v2\/posts\/146038"}],"collection":[{"href":"https:\/\/franciscanos.org.br\/noticias\/wp-json\/wp\/v2\/posts"}],"about":[{"href":"https:\/\/franciscanos.org.br\/noticias\/wp-json\/wp\/v2\/types\/post"}],"author":[{"embeddable":true,"href":"https:\/\/franciscanos.org.br\/noticias\/wp-json\/wp\/v2\/users\/1"}],"replies":[{"embeddable":true,"href":"https:\/\/franciscanos.org.br\/noticias\/wp-json\/wp\/v2\/comments?post=146038"}],"version-history":[{"count":0,"href":"https:\/\/franciscanos.org.br\/noticias\/wp-json\/wp\/v2\/posts\/146038\/revisions"}],"wp:featuredmedia":[{"embeddable":true,"href":"https:\/\/franciscanos.org.br\/noticias\/wp-json\/wp\/v2\/media\/205909"}],"wp:attachment":[{"href":"https:\/\/franciscanos.org.br\/noticias\/wp-json\/wp\/v2\/media?parent=146038"}],"wp:term":[{"taxonomy":"category","embeddable":true,"href":"https:\/\/franciscanos.org.br\/noticias\/wp-json\/wp\/v2\/categories?post=146038"},{"taxonomy":"post_tag","embeddable":true,"href":"https:\/\/franciscanos.org.br\/noticias\/wp-json\/wp\/v2\/tags?post=146038"}],"curies":[{"name":"wp","href":"https:\/\/api.w.org\/{rel}","templated":true}]}}