{"id":145939,"date":"2017-11-23T08:29:33","date_gmt":"2017-11-23T10:29:33","guid":{"rendered":"http:\/\/franciscanos.org.br\/?p=145939"},"modified":"2019-06-12T09:24:44","modified_gmt":"2019-06-12T12:24:44","slug":"mostra-de-presepios-sera-inaugurada-no-dia-3-de-dezembro","status":"publish","type":"post","link":"https:\/\/franciscanos.org.br\/noticias\/mostra-de-presepios-sera-inaugurada-no-dia-3-de-dezembro.html","title":{"rendered":"Venha conferir a 28\u00aa Exposi\u00e7\u00e3o Franciscana de Pres\u00e9pios"},"content":{"rendered":"<p><img loading=\"lazy\" src=\"http:\/\/franciscanos.org.br\/wp-content\/uploads\/2017\/11\/presepios_231117.jpg\" alt=\"presepios_231117\" width=\"820\" height=\"495\" \/><\/p>\n<h3>Com abertura no dia 3 de dezembro, a 28\u00aa Exposi\u00e7\u00e3o Franciscana de Pres\u00e9pios acontece no Santu\u00e1rio S\u00e3o Francisco, patrim\u00f4nio hist\u00f3rico de S\u00e3o Paulo<\/h3>\n<p>A decora\u00e7\u00e3o nos shoppings e lojas de rua j\u00e1 anunciam: o Natal est\u00e1 chegando. E cumprindo uma tradi\u00e7\u00e3o, vem a\u00ed mais uma Exposi\u00e7\u00e3o Franciscana de Pres\u00e9pios, no Convento e Santu\u00e1rio S\u00e3o Francisco que, neste ano, chega a sua 28\u00aa edi\u00e7\u00e3o, com o tema \u201c370 Anos da Casa de Francisco: a Casa do Pres\u00e9pio!\u201d.<\/p>\n<p>Vale lembrar que no \u00faltimo dia 17 de setembro de 2017 o Convento celebrou 370 anos de funda\u00e7\u00e3o. Nesse tempo, tornou-se lugar de refer\u00eancia, de f\u00e9 e acolhida aos mais necessitados em pleno cora\u00e7\u00e3o da cidade de S\u00e3o Paulo.<\/p>\n<p>A exposi\u00e7\u00e3o faz parte do calend\u00e1rio das festividades natalinas da cidade de S\u00e3o Paulo. A mostra ser\u00e1 aberta ao p\u00fablico no dia 3 de dezembro, com a missa \u00e0s 10h30, e ficar\u00e1 dispon\u00edvel para visita\u00e7\u00e3o at\u00e9 7 de janeiro, no Sal\u00e3o S\u00e3o D\u00e2maso, no Claustro do Convento.<\/p>\n<p>S\u00e3o 30 conjuntos, origin\u00e1rios de diversos pa\u00edses, e feitos dos mais diferentes materiais, de argila \u00e0 sucata. Um dos destaques \u00e9 uma reprodu\u00e7\u00e3o vinda de Assis, na It\u00e1lia. A obra, com 43 pe\u00e7as, \u00e9 feita em argila e resina, e retrata, al\u00e9m da cena do nascimento de Jesus, a Assis da \u00e9poca em que Francisco viveu. \u201cUma verdadeira obra de arte\u201d, relata o frei Alvaci Mendes da Luz, p\u00e1roco e reitor do Santu\u00e1rio.<\/p>\n<p>Aguardada com entusiasmo, a exposi\u00e7\u00e3o ganha um destaque especial por acontecer justamente numa igreja franciscana. Isso porque foi S\u00e3o Francisco de Assis o primeiro a montar um pres\u00e9pio tal qual conhecemos hoje. A ideia surgiu enquanto o santo lia, numa de suas longas noites dedicadas \u00e0 ora\u00e7\u00e3o, um trecho b\u00edblico que narrava o nascimento de Cristo.<\/p>\n<p>No ano de 1223, na cidade italiana de Greccio, Francisco celebrou o Natal e encenou a vinda de Jesus ao mundo. Os bi\u00f3grafos citam a cena da noite preparada com tochas, numa gruta, inclusive com um boi e um jumento. A criativa encena\u00e7\u00e3o agradou e se tornou conhecida pelo mundo inteiro. A partir da\u00ed, a divulga\u00e7\u00e3o e propaga\u00e7\u00e3o do pres\u00e9pio, s\u00edmbolo do Natal, se deve, em grande parte, aos franciscanos. E mesmo ap\u00f3s tanto tempo, encanta fi\u00e9is do mundo.<\/p>\n<p>\u201cO nascimento de Cristo foi o maior evento da humanidade. \u00c9 o momento em que o c\u00e9u resolveu descer para habitar no meio dos homens. Isso \u00e9 t\u00e3o grande e fascinante, mas ao mesmo tempo, t\u00e3o envolto em sinais simples como o est\u00e1bulo, os animais, os pastores. O que faz com que a representa\u00e7\u00e3o do Natal, do nascimento do menino Deus, seja ainda t\u00e3o viva \u00e9 talvez a grandiosidade do mist\u00e9rio que a envolve. Francisco de Assis era um apaixonado por este mist\u00e9rio, por isso tem a delicadeza de representar o Natal pela primeira vez em forma de pres\u00e9pio!\u201d, relata Frei Alvaci.<\/p>\n<p>A 28\u00aa Exposi\u00e7\u00e3o Franciscana de Pres\u00e9pios ficar\u00e1 aberta das 8 \u00e0s 17hs, de segunda a s\u00e1bado, e aos domingos, das 8 ao meio-dia.<br \/>\n<strong><em>Servi\u00e7o<\/em><\/strong><br \/>\n<strong><em>28\u00aa EXPOSI\u00c7\u00c3O FRANCISCANA DE PRES\u00c9PIOS<\/em><\/strong><br \/>\n<em>Per\u00edodo: 3 de dezembro a 7 de janeiro<\/em><br \/>\n<em>Hor\u00e1rio de visita\u00e7\u00e3o:<\/em><br \/>\n<em>&#8211; de ter\u00e7a a s\u00e1bado: das 8h \u00e0s 17h<\/em><br \/>\n<em>&#8211; aos domingos: das 8h \u00e0s 13h<\/em><br \/>\n<em>ENTRADA GRATUITA<\/em><\/p>\n<p><em>L<strong>ocal: Convento Santu\u00e1rio S\u00e3o Francisco<\/strong><\/em><br \/>\n<em>Endere\u00e7o: Largo S\u00e3o Francisco, 133 \u2013 Centro \u2013 S\u00e3o Paulo\/SP<\/em><br \/>\n<em>Contato: (11) 3291-2400<\/em><br \/>\n<em>Mais informa\u00e7\u00f5es sobre a exposi\u00e7\u00e3o no evento dispon\u00edvel:<\/em><br \/>\n<a href=\"https:\/\/www.facebook.com\/santuariosaofranciscosp\/\" target=\"_blank\" rel=\"noopener noreferrer\"><em>https:\/\/www.facebook.com\/santuariosaofranciscosp\/<\/em><\/a><br \/>\n<a href=\"http:\/\/www.santuariosaofrancisco.com.br\" target=\"_blank\" rel=\"noopener noreferrer\"><em>www.santuariosaofrancisco.com.br<\/em><\/a><\/p>\n","protected":false},"excerpt":{"rendered":"<p>Convento S\u00e3o Francisco<\/p>\n","protected":false},"author":1,"featured_media":205899,"comment_status":"open","ping_status":"open","sticky":false,"template":"","format":"standard","meta":[],"categories":[1],"tags":[79],"acf":[],"yoast_head":"<!-- This site is optimized with the Yoast SEO plugin v19.2 - https:\/\/yoast.com\/wordpress\/plugins\/seo\/ -->\n<title>Venha conferir a 28\u00aa Exposi\u00e7\u00e3o Franciscana de Pres\u00e9pios - Not\u00edcias - Franciscanos<\/title>\n<meta name=\"robots\" content=\"index, follow, max-snippet:-1, max-image-preview:large, max-video-preview:-1\" \/>\n<link rel=\"canonical\" href=\"https:\/\/franciscanos.org.br\/noticias\/mostra-de-presepios-sera-inaugurada-no-dia-3-de-dezembro.html\" \/>\n<meta property=\"og:locale\" content=\"pt_BR\" \/>\n<meta property=\"og:type\" content=\"article\" \/>\n<meta property=\"og:title\" content=\"Venha conferir a 28\u00aa Exposi\u00e7\u00e3o Franciscana de Pres\u00e9pios - Not\u00edcias - Franciscanos\" \/>\n<meta property=\"og:description\" content=\"Convento S\u00e3o Francisco\" \/>\n<meta property=\"og:url\" content=\"https:\/\/franciscanos.org.br\/noticias\/mostra-de-presepios-sera-inaugurada-no-dia-3-de-dezembro.html\" \/>\n<meta property=\"og:site_name\" content=\"Not\u00edcias - Franciscanos\" \/>\n<meta property=\"article:published_time\" content=\"2017-11-23T10:29:33+00:00\" \/>\n<meta property=\"article:modified_time\" content=\"2019-06-12T12:24:44+00:00\" \/>\n<meta property=\"og:image\" content=\"https:\/\/franciscanos.org.br\/noticias\/wp-content\/uploads\/2017\/11\/presepios_231117.jpg\" \/>\n\t<meta property=\"og:image:width\" content=\"273\" \/>\n\t<meta property=\"og:image:height\" content=\"181\" \/>\n\t<meta property=\"og:image:type\" content=\"image\/jpeg\" \/>\n<meta name=\"author\" content=\"admin\" \/>\n<meta name=\"twitter:card\" content=\"summary_large_image\" \/>\n<meta name=\"twitter:label1\" content=\"Escrito por\" \/>\n\t<meta name=\"twitter:data1\" content=\"admin\" \/>\n\t<meta name=\"twitter:label2\" content=\"Est. tempo de leitura\" \/>\n\t<meta name=\"twitter:data2\" content=\"3 minutos\" \/>\n<script type=\"application\/ld+json\" class=\"yoast-schema-graph\">{\"@context\":\"https:\/\/schema.org\",\"@graph\":[{\"@type\":\"WebSite\",\"@id\":\"https:\/\/franciscanos.org.br\/noticias\/#website\",\"url\":\"https:\/\/franciscanos.org.br\/noticias\/\",\"name\":\"Not\u00edcias - Franciscanos\",\"description\":\"Prov\u00edncia Franciscana da Imaculada Concei\u00e7\u00e3o do Brasil - Ordem dos Frades Menores - OFM\",\"potentialAction\":[{\"@type\":\"SearchAction\",\"target\":{\"@type\":\"EntryPoint\",\"urlTemplate\":\"https:\/\/franciscanos.org.br\/noticias\/?s={search_term_string}\"},\"query-input\":\"required name=search_term_string\"}],\"inLanguage\":\"pt-BR\"},{\"@type\":\"ImageObject\",\"inLanguage\":\"pt-BR\",\"@id\":\"https:\/\/franciscanos.org.br\/noticias\/mostra-de-presepios-sera-inaugurada-no-dia-3-de-dezembro.html#primaryimage\",\"url\":\"https:\/\/franciscanos.org.br\/noticias\/wp-content\/uploads\/2017\/11\/presepios_231117.jpg\",\"contentUrl\":\"https:\/\/franciscanos.org.br\/noticias\/wp-content\/uploads\/2017\/11\/presepios_231117.jpg\",\"width\":273,\"height\":181},{\"@type\":\"WebPage\",\"@id\":\"https:\/\/franciscanos.org.br\/noticias\/mostra-de-presepios-sera-inaugurada-no-dia-3-de-dezembro.html#webpage\",\"url\":\"https:\/\/franciscanos.org.br\/noticias\/mostra-de-presepios-sera-inaugurada-no-dia-3-de-dezembro.html\",\"name\":\"Venha conferir a 28\u00aa Exposi\u00e7\u00e3o Franciscana de Pres\u00e9pios - Not\u00edcias - Franciscanos\",\"isPartOf\":{\"@id\":\"https:\/\/franciscanos.org.br\/noticias\/#website\"},\"primaryImageOfPage\":{\"@id\":\"https:\/\/franciscanos.org.br\/noticias\/mostra-de-presepios-sera-inaugurada-no-dia-3-de-dezembro.html#primaryimage\"},\"datePublished\":\"2017-11-23T10:29:33+00:00\",\"dateModified\":\"2019-06-12T12:24:44+00:00\",\"author\":{\"@id\":\"https:\/\/franciscanos.org.br\/noticias\/#\/schema\/person\/b38fbf43118f02820bd932f2e4b14ad3\"},\"breadcrumb\":{\"@id\":\"https:\/\/franciscanos.org.br\/noticias\/mostra-de-presepios-sera-inaugurada-no-dia-3-de-dezembro.html#breadcrumb\"},\"inLanguage\":\"pt-BR\",\"potentialAction\":[{\"@type\":\"ReadAction\",\"target\":[\"https:\/\/franciscanos.org.br\/noticias\/mostra-de-presepios-sera-inaugurada-no-dia-3-de-dezembro.html\"]}]},{\"@type\":\"BreadcrumbList\",\"@id\":\"https:\/\/franciscanos.org.br\/noticias\/mostra-de-presepios-sera-inaugurada-no-dia-3-de-dezembro.html#breadcrumb\",\"itemListElement\":[{\"@type\":\"ListItem\",\"position\":1,\"name\":\"Home\",\"item\":\"https:\/\/franciscanos.org.br\/noticias\"},{\"@type\":\"ListItem\",\"position\":2,\"name\":\"Venha conferir a 28\u00aa Exposi\u00e7\u00e3o Franciscana de Pres\u00e9pios\"}]},{\"@type\":\"Person\",\"@id\":\"https:\/\/franciscanos.org.br\/noticias\/#\/schema\/person\/b38fbf43118f02820bd932f2e4b14ad3\",\"name\":\"admin\",\"image\":{\"@type\":\"ImageObject\",\"inLanguage\":\"pt-BR\",\"@id\":\"https:\/\/franciscanos.org.br\/noticias\/#\/schema\/person\/image\/\",\"url\":\"https:\/\/secure.gravatar.com\/avatar\/e8495742d34d0ba6448ea1c628263b3e?s=96&d=mm&r=g\",\"contentUrl\":\"https:\/\/secure.gravatar.com\/avatar\/e8495742d34d0ba6448ea1c628263b3e?s=96&d=mm&r=g\",\"caption\":\"admin\"},\"url\":\"https:\/\/franciscanos.org.br\/noticias\/author\/admin\"}]}<\/script>\n<!-- \/ Yoast SEO plugin. -->","yoast_head_json":{"title":"Venha conferir a 28\u00aa Exposi\u00e7\u00e3o Franciscana de Pres\u00e9pios - Not\u00edcias - Franciscanos","robots":{"index":"index","follow":"follow","max-snippet":"max-snippet:-1","max-image-preview":"max-image-preview:large","max-video-preview":"max-video-preview:-1"},"canonical":"https:\/\/franciscanos.org.br\/noticias\/mostra-de-presepios-sera-inaugurada-no-dia-3-de-dezembro.html","og_locale":"pt_BR","og_type":"article","og_title":"Venha conferir a 28\u00aa Exposi\u00e7\u00e3o Franciscana de Pres\u00e9pios - Not\u00edcias - Franciscanos","og_description":"Convento S\u00e3o Francisco","og_url":"https:\/\/franciscanos.org.br\/noticias\/mostra-de-presepios-sera-inaugurada-no-dia-3-de-dezembro.html","og_site_name":"Not\u00edcias - Franciscanos","article_published_time":"2017-11-23T10:29:33+00:00","article_modified_time":"2019-06-12T12:24:44+00:00","og_image":[{"width":273,"height":181,"url":"https:\/\/franciscanos.org.br\/noticias\/wp-content\/uploads\/2017\/11\/presepios_231117.jpg","type":"image\/jpeg"}],"author":"admin","twitter_card":"summary_large_image","twitter_misc":{"Escrito por":"admin","Est. tempo de leitura":"3 minutos"},"schema":{"@context":"https:\/\/schema.org","@graph":[{"@type":"WebSite","@id":"https:\/\/franciscanos.org.br\/noticias\/#website","url":"https:\/\/franciscanos.org.br\/noticias\/","name":"Not\u00edcias - Franciscanos","description":"Prov\u00edncia Franciscana da Imaculada Concei\u00e7\u00e3o do Brasil - Ordem dos Frades Menores - OFM","potentialAction":[{"@type":"SearchAction","target":{"@type":"EntryPoint","urlTemplate":"https:\/\/franciscanos.org.br\/noticias\/?s={search_term_string}"},"query-input":"required name=search_term_string"}],"inLanguage":"pt-BR"},{"@type":"ImageObject","inLanguage":"pt-BR","@id":"https:\/\/franciscanos.org.br\/noticias\/mostra-de-presepios-sera-inaugurada-no-dia-3-de-dezembro.html#primaryimage","url":"https:\/\/franciscanos.org.br\/noticias\/wp-content\/uploads\/2017\/11\/presepios_231117.jpg","contentUrl":"https:\/\/franciscanos.org.br\/noticias\/wp-content\/uploads\/2017\/11\/presepios_231117.jpg","width":273,"height":181},{"@type":"WebPage","@id":"https:\/\/franciscanos.org.br\/noticias\/mostra-de-presepios-sera-inaugurada-no-dia-3-de-dezembro.html#webpage","url":"https:\/\/franciscanos.org.br\/noticias\/mostra-de-presepios-sera-inaugurada-no-dia-3-de-dezembro.html","name":"Venha conferir a 28\u00aa Exposi\u00e7\u00e3o Franciscana de Pres\u00e9pios - Not\u00edcias - Franciscanos","isPartOf":{"@id":"https:\/\/franciscanos.org.br\/noticias\/#website"},"primaryImageOfPage":{"@id":"https:\/\/franciscanos.org.br\/noticias\/mostra-de-presepios-sera-inaugurada-no-dia-3-de-dezembro.html#primaryimage"},"datePublished":"2017-11-23T10:29:33+00:00","dateModified":"2019-06-12T12:24:44+00:00","author":{"@id":"https:\/\/franciscanos.org.br\/noticias\/#\/schema\/person\/b38fbf43118f02820bd932f2e4b14ad3"},"breadcrumb":{"@id":"https:\/\/franciscanos.org.br\/noticias\/mostra-de-presepios-sera-inaugurada-no-dia-3-de-dezembro.html#breadcrumb"},"inLanguage":"pt-BR","potentialAction":[{"@type":"ReadAction","target":["https:\/\/franciscanos.org.br\/noticias\/mostra-de-presepios-sera-inaugurada-no-dia-3-de-dezembro.html"]}]},{"@type":"BreadcrumbList","@id":"https:\/\/franciscanos.org.br\/noticias\/mostra-de-presepios-sera-inaugurada-no-dia-3-de-dezembro.html#breadcrumb","itemListElement":[{"@type":"ListItem","position":1,"name":"Home","item":"https:\/\/franciscanos.org.br\/noticias"},{"@type":"ListItem","position":2,"name":"Venha conferir a 28\u00aa Exposi\u00e7\u00e3o Franciscana de Pres\u00e9pios"}]},{"@type":"Person","@id":"https:\/\/franciscanos.org.br\/noticias\/#\/schema\/person\/b38fbf43118f02820bd932f2e4b14ad3","name":"admin","image":{"@type":"ImageObject","inLanguage":"pt-BR","@id":"https:\/\/franciscanos.org.br\/noticias\/#\/schema\/person\/image\/","url":"https:\/\/secure.gravatar.com\/avatar\/e8495742d34d0ba6448ea1c628263b3e?s=96&d=mm&r=g","contentUrl":"https:\/\/secure.gravatar.com\/avatar\/e8495742d34d0ba6448ea1c628263b3e?s=96&d=mm&r=g","caption":"admin"},"url":"https:\/\/franciscanos.org.br\/noticias\/author\/admin"}]}},"_links":{"self":[{"href":"https:\/\/franciscanos.org.br\/noticias\/wp-json\/wp\/v2\/posts\/145939"}],"collection":[{"href":"https:\/\/franciscanos.org.br\/noticias\/wp-json\/wp\/v2\/posts"}],"about":[{"href":"https:\/\/franciscanos.org.br\/noticias\/wp-json\/wp\/v2\/types\/post"}],"author":[{"embeddable":true,"href":"https:\/\/franciscanos.org.br\/noticias\/wp-json\/wp\/v2\/users\/1"}],"replies":[{"embeddable":true,"href":"https:\/\/franciscanos.org.br\/noticias\/wp-json\/wp\/v2\/comments?post=145939"}],"version-history":[{"count":0,"href":"https:\/\/franciscanos.org.br\/noticias\/wp-json\/wp\/v2\/posts\/145939\/revisions"}],"wp:featuredmedia":[{"embeddable":true,"href":"https:\/\/franciscanos.org.br\/noticias\/wp-json\/wp\/v2\/media\/205899"}],"wp:attachment":[{"href":"https:\/\/franciscanos.org.br\/noticias\/wp-json\/wp\/v2\/media?parent=145939"}],"wp:term":[{"taxonomy":"category","embeddable":true,"href":"https:\/\/franciscanos.org.br\/noticias\/wp-json\/wp\/v2\/categories?post=145939"},{"taxonomy":"post_tag","embeddable":true,"href":"https:\/\/franciscanos.org.br\/noticias\/wp-json\/wp\/v2\/tags?post=145939"}],"curies":[{"name":"wp","href":"https:\/\/api.w.org\/{rel}","templated":true}]}}