{"id":145889,"date":"2017-11-22T08:21:27","date_gmt":"2017-11-22T10:21:27","guid":{"rendered":"http:\/\/franciscanos.org.br\/?p=145889"},"modified":"2020-06-08T16:24:59","modified_gmt":"2020-06-08T19:24:59","slug":"quando-vamos-a-missa-e-como-se-fossemos-a-um-calvario","status":"publish","type":"post","link":"https:\/\/franciscanos.org.br\/noticias\/quando-vamos-a-missa-e-como-se-fossemos-a-um-calvario.html","title":{"rendered":"&#8220;Quando vamos \u00e0 Missa \u00e9 como se f\u00f4ssemos ao Calv\u00e1rio&#8221;"},"content":{"rendered":"<p><img loading=\"lazy\" src=\"http:\/\/franciscanos.org.br\/wp-content\/uploads\/2017\/11\/audiencia_221117.jpg\" alt=\"audiencia_221117\" width=\"820\" height=\"458\" \/><\/p>\n<p><strong>Cidade do Vaticano<\/strong> &#8211; \u201cQuando vamos \u00e0 Missa \u00e9 como se f\u00f4ssemos a um Calv\u00e1rio. (&#8230;) Cada celebra\u00e7\u00e3o da Eucaristia \u00e9 um raio daquele sol sem ocaso que \u00e9 Jesus Cristo ressuscitado\u201d. Na Audi\u00eancia Geral desta quarta-feira, o Papa Francisco deu prosseguimento ao ciclo de catequeses sobre a Missa, falando sobre a \u201cMissa, memorial do mist\u00e9rio pascal de Cristo\u201d. Mas, essencialmente, o que \u00e9 a Missa? &#8211; perguntou Francisco aos cerca de 15 mil fi\u00e9is presentes na Pra\u00e7a S\u00e3o Pedro \u00e0 uma temperatura de 10\u00b0C.<\/p>\n<p>\u201cA Missa \u00e9 o memorial do Mist\u00e9rio pascal de Cristo. Ela nos torna part\u00edcipes na sua vit\u00f3ria sobre o pecado e a morte e d\u00e1 significado pleno a nossa vida\u201d, respondeu, ressaltando, que para compreender o seu valor, devemos antes de tudo entender o significado b\u00edblico de \u201cmemorial\u201d. E explicou: \u201cEste n\u00e3o \u00e9 somente a recorda\u00e7\u00e3o, n\u00e3o \u00e9 somente uma recorda\u00e7\u00e3o dos acontecimentos do passado, mas os torna de certo modo presentes e atuais. Precisamente assim Israel entende a sua liberta\u00e7\u00e3o do Egito: toda vez que \u00e9 celebrada a P\u00e1scoa, os acontecimentos do \u00caxodo tornam-se presentes na mem\u00f3ria dos fi\u00e9is para que conformem a pr\u00f3pria vida a eles\u201d.<\/p>\n<p>\u201cJesus, com sua paix\u00e3o, morte, ressurrei\u00e7\u00e3o e ascens\u00e3o ao C\u00e9u, levou a P\u00e1scoa ao seu cumprimento\u201d, completou. Assim, a Missa \u201c\u00e9 o memorial da sua P\u00e1scoa, de seu &#8216;\u00eaxodo&#8217;, que realizou por n\u00f3s, para nos fazer sair da escravid\u00e3o e nos introduzir na terra prometida da vida eterna. N\u00e3o \u00e9 somente uma recorda\u00e7\u00e3o. \u00c9 muito mais. \u00c9 tornar presente o que aconteceu 20 s\u00e9culos atr\u00e1s\u201d.<\/p>\n<p>Assim, \u201ca Eucaristia nos leva sempre ao \u00e1pice da a\u00e7\u00e3o de salva\u00e7\u00e3o de Deus: o Senhor Jesus, fazendo-se p\u00e3o partido por n\u00f3s, derrama sobre n\u00f3s toda a sua miseric\u00f3rdia e o seu amor, como fez na cruz, renovando o nosso cora\u00e7\u00e3o, a nossa exist\u00eancia e o nosso modo de nos relacionarmos com Ele e com os irm\u00e3os&#8221;: \u201cCada celebra\u00e7\u00e3o da Eucaristia \u00e9 um raio daquele sol sem ocaso que \u00e9 Jesus Cristo ressuscitado. Participar da Missa, em particular no domingo, significa entrar na vit\u00f3ria do Ressuscitado, ser iluminados pela sua luz, aquecidos pelo seu calor. Por meio da Celebra\u00e7\u00e3o Eucar\u00edstica, o Esp\u00edrito Santo nos torna part\u00edcipes da vida divina que \u00e9 capaz de transfigurar todo o nosso ser mortal. Na sua passagem da morte \u00e0 vida, do tempo \u00e0 eternidade, o Senhor Jesus nos leva com Ele para fazer a P\u00e1scoa. Na Missa se faz a P\u00e1scoa. Na P\u00e1scoa estamos com Jesus morto e ressuscitado que nos impulsiona para a vida eterna. Na Missa nos unimos a Ele. Ou melhor, Cristo vive em n\u00f3s e n\u00f3s vivemos n\u2019Ele\u201d, como afirma S\u00e3o Paulo\u201d.<\/p>\n<p>O seu sangue \u2013 completa o Santo Padre \u2013 \u201cnos liberta da morte e do medo da morte\u201d: \u201cNos liberta n\u00e3o somente do dom\u00ednio da morte f\u00edsica, mas da morte espiritual que \u00e9 o mal, o pecado, que toma conta de n\u00f3s cada vez que ca\u00edmos v\u00edtima do pecado nosso ou dos outros. E ent\u00e3o a nossa vida \u00e9 sujada, perde a beleza, perde o significado, esmorece\u201d.<\/p>\n<p>Cristo, pelo contr\u00e1rio \u201c\u00e9 a plenitude da vida, e quando enfrentou a morte, a aniquilou para sempre\u201d: \u201cA P\u00e1scoa de Cristo \u00e9 a vit\u00f3ria definitiva sobre a morte, porque Ele transformou a sua morte em supremo ato de amor. Morreu por amor. E na Eucaristia, Ele quer nos comunicar este seu amor pascal, vitorioso. Se o recebemos com f\u00e9, tamb\u00e9m n\u00f3s podemos amar verdadeiramente Deus e o pr\u00f3ximo, podemos amar como Ele nos amou, dando a vida\u201d.<\/p>\n<p>E \u201cse o amor de Cristo est\u00e1 em mim \u2013 sublinhou o Papa \u2013 posso doar-me plenamente ao outro, na certeza interior de que mesmo que o outro me fira, eu n\u00e3o morrerei. Caso contr\u00e1rio, deverei defender-me\u201d: \u201cOs m\u00e1rtires deram a sua vida justamente por esta certeza da vit\u00f3ria de Cristo sobre a morte. Somente se experimentamos este poder de Cristo, o poder de seu amor, somos realmente livres para nos doar sem medo\u201d.<\/p>\n<p>Isso \u00e9 a Missa \u2013 enfatizou o Papa &#8211; entrar nesta paix\u00e3o, morte, ressurrei\u00e7\u00e3o e ascens\u00e3o de Jesus: \u201cE quando vamos \u00e0 Missa \u00e9 como se f\u00f4ssemos a um Calv\u00e1rio, \u00e9 a mesma coisa. Mas pensem: se vamos ao Calv\u00e1rio&#8230;pensemos usando a imagina\u00e7\u00e3o. Naquele momento sabemos que aquele homem ali \u00e9 Jesus. Mas n\u00f3s nos permitiremos de ficar conversando, tirando fotografias, fazendo um pouco o espet\u00e1culo? N\u00e3o, porque \u00e9 Jesus. N\u00f3s, certamente estaremos em sil\u00eancio, no choro, e tamb\u00e9m na alegria de sermos salvos. Quando n\u00f3s entramos na Igreja para celebrar a Missa, devemos pensar nisto, entramos (vou) no Calv\u00e1rio, onde Jesus d\u00e1 a sua vida por n\u00f3s, e assim desaparecem o espet\u00e1culo, as conversas, os coment\u00e1rios, e estas coisas que nos distanciam de t\u00e3o bonita que \u00e9 a Missa, o triunfo de Jesus\u201d.<\/p>\n<p>Penso que agora esteja mais claro \u2013 disse Francisco ao concluir \u2013 como a P\u00e1scoa nos torna presente e atuante cada vez que celebramos a Missa, isto \u00e9, o sentido de memorial\u201d.<\/p>\n<hr \/>\n<p><em>Fonte: Vatican News<\/em><\/p>\n","protected":false},"excerpt":{"rendered":"<p>Audi\u00eancia Geral<\/p>\n","protected":false},"author":1,"featured_media":202975,"comment_status":"open","ping_status":"open","sticky":false,"template":"","format":"standard","meta":[],"categories":[1428],"tags":[487],"acf":[],"yoast_head":"<!-- This site is optimized with the Yoast SEO plugin v19.2 - https:\/\/yoast.com\/wordpress\/plugins\/seo\/ -->\n<title>&quot;Quando vamos \u00e0 Missa \u00e9 como se f\u00f4ssemos ao Calv\u00e1rio&quot; - Not\u00edcias - Franciscanos<\/title>\n<meta name=\"robots\" content=\"index, follow, max-snippet:-1, max-image-preview:large, max-video-preview:-1\" \/>\n<link rel=\"canonical\" href=\"https:\/\/franciscanos.org.br\/noticias\/quando-vamos-a-missa-e-como-se-fossemos-a-um-calvario.html\" \/>\n<meta property=\"og:locale\" content=\"pt_BR\" \/>\n<meta property=\"og:type\" content=\"article\" \/>\n<meta property=\"og:title\" content=\"&quot;Quando vamos \u00e0 Missa \u00e9 como se f\u00f4ssemos ao Calv\u00e1rio&quot; - Not\u00edcias - Franciscanos\" \/>\n<meta property=\"og:description\" content=\"Audi\u00eancia Geral\" \/>\n<meta property=\"og:url\" content=\"https:\/\/franciscanos.org.br\/noticias\/quando-vamos-a-missa-e-como-se-fossemos-a-um-calvario.html\" \/>\n<meta property=\"og:site_name\" content=\"Not\u00edcias - Franciscanos\" \/>\n<meta property=\"article:published_time\" content=\"2017-11-22T10:21:27+00:00\" \/>\n<meta property=\"article:modified_time\" content=\"2020-06-08T19:24:59+00:00\" \/>\n<meta property=\"og:image\" content=\"https:\/\/franciscanos.org.br\/noticias\/wp-content\/uploads\/2017\/11\/audiencia_221117.jpg\" \/>\n\t<meta property=\"og:image:width\" content=\"273\" \/>\n\t<meta property=\"og:image:height\" content=\"181\" \/>\n\t<meta property=\"og:image:type\" content=\"image\/jpeg\" \/>\n<meta name=\"author\" content=\"admin\" \/>\n<meta name=\"twitter:card\" content=\"summary_large_image\" \/>\n<meta name=\"twitter:label1\" content=\"Escrito por\" \/>\n\t<meta name=\"twitter:data1\" content=\"admin\" \/>\n\t<meta name=\"twitter:label2\" content=\"Est. tempo de leitura\" \/>\n\t<meta name=\"twitter:data2\" content=\"4 minutos\" \/>\n<script type=\"application\/ld+json\" class=\"yoast-schema-graph\">{\"@context\":\"https:\/\/schema.org\",\"@graph\":[{\"@type\":\"WebSite\",\"@id\":\"https:\/\/franciscanos.org.br\/noticias\/#website\",\"url\":\"https:\/\/franciscanos.org.br\/noticias\/\",\"name\":\"Not\u00edcias - Franciscanos\",\"description\":\"Prov\u00edncia Franciscana da Imaculada Concei\u00e7\u00e3o do Brasil - Ordem dos Frades Menores - OFM\",\"potentialAction\":[{\"@type\":\"SearchAction\",\"target\":{\"@type\":\"EntryPoint\",\"urlTemplate\":\"https:\/\/franciscanos.org.br\/noticias\/?s={search_term_string}\"},\"query-input\":\"required name=search_term_string\"}],\"inLanguage\":\"pt-BR\"},{\"@type\":\"ImageObject\",\"inLanguage\":\"pt-BR\",\"@id\":\"https:\/\/franciscanos.org.br\/noticias\/quando-vamos-a-missa-e-como-se-fossemos-a-um-calvario.html#primaryimage\",\"url\":\"https:\/\/franciscanos.org.br\/noticias\/wp-content\/uploads\/2017\/11\/audiencia_221117.jpg\",\"contentUrl\":\"https:\/\/franciscanos.org.br\/noticias\/wp-content\/uploads\/2017\/11\/audiencia_221117.jpg\",\"width\":273,\"height\":181},{\"@type\":\"WebPage\",\"@id\":\"https:\/\/franciscanos.org.br\/noticias\/quando-vamos-a-missa-e-como-se-fossemos-a-um-calvario.html#webpage\",\"url\":\"https:\/\/franciscanos.org.br\/noticias\/quando-vamos-a-missa-e-como-se-fossemos-a-um-calvario.html\",\"name\":\"\\\"Quando vamos \u00e0 Missa \u00e9 como se f\u00f4ssemos ao Calv\u00e1rio\\\" - Not\u00edcias - Franciscanos\",\"isPartOf\":{\"@id\":\"https:\/\/franciscanos.org.br\/noticias\/#website\"},\"primaryImageOfPage\":{\"@id\":\"https:\/\/franciscanos.org.br\/noticias\/quando-vamos-a-missa-e-como-se-fossemos-a-um-calvario.html#primaryimage\"},\"datePublished\":\"2017-11-22T10:21:27+00:00\",\"dateModified\":\"2020-06-08T19:24:59+00:00\",\"author\":{\"@id\":\"https:\/\/franciscanos.org.br\/noticias\/#\/schema\/person\/b38fbf43118f02820bd932f2e4b14ad3\"},\"breadcrumb\":{\"@id\":\"https:\/\/franciscanos.org.br\/noticias\/quando-vamos-a-missa-e-como-se-fossemos-a-um-calvario.html#breadcrumb\"},\"inLanguage\":\"pt-BR\",\"potentialAction\":[{\"@type\":\"ReadAction\",\"target\":[\"https:\/\/franciscanos.org.br\/noticias\/quando-vamos-a-missa-e-como-se-fossemos-a-um-calvario.html\"]}]},{\"@type\":\"BreadcrumbList\",\"@id\":\"https:\/\/franciscanos.org.br\/noticias\/quando-vamos-a-missa-e-como-se-fossemos-a-um-calvario.html#breadcrumb\",\"itemListElement\":[{\"@type\":\"ListItem\",\"position\":1,\"name\":\"Home\",\"item\":\"https:\/\/franciscanos.org.br\/noticias\"},{\"@type\":\"ListItem\",\"position\":2,\"name\":\"&#8220;Quando vamos \u00e0 Missa \u00e9 como se f\u00f4ssemos ao Calv\u00e1rio&#8221;\"}]},{\"@type\":\"Person\",\"@id\":\"https:\/\/franciscanos.org.br\/noticias\/#\/schema\/person\/b38fbf43118f02820bd932f2e4b14ad3\",\"name\":\"admin\",\"image\":{\"@type\":\"ImageObject\",\"inLanguage\":\"pt-BR\",\"@id\":\"https:\/\/franciscanos.org.br\/noticias\/#\/schema\/person\/image\/\",\"url\":\"https:\/\/secure.gravatar.com\/avatar\/e8495742d34d0ba6448ea1c628263b3e?s=96&d=mm&r=g\",\"contentUrl\":\"https:\/\/secure.gravatar.com\/avatar\/e8495742d34d0ba6448ea1c628263b3e?s=96&d=mm&r=g\",\"caption\":\"admin\"},\"url\":\"https:\/\/franciscanos.org.br\/noticias\/author\/admin\"}]}<\/script>\n<!-- \/ Yoast SEO plugin. -->","yoast_head_json":{"title":"\"Quando vamos \u00e0 Missa \u00e9 como se f\u00f4ssemos ao Calv\u00e1rio\" - Not\u00edcias - Franciscanos","robots":{"index":"index","follow":"follow","max-snippet":"max-snippet:-1","max-image-preview":"max-image-preview:large","max-video-preview":"max-video-preview:-1"},"canonical":"https:\/\/franciscanos.org.br\/noticias\/quando-vamos-a-missa-e-como-se-fossemos-a-um-calvario.html","og_locale":"pt_BR","og_type":"article","og_title":"\"Quando vamos \u00e0 Missa \u00e9 como se f\u00f4ssemos ao Calv\u00e1rio\" - Not\u00edcias - Franciscanos","og_description":"Audi\u00eancia Geral","og_url":"https:\/\/franciscanos.org.br\/noticias\/quando-vamos-a-missa-e-como-se-fossemos-a-um-calvario.html","og_site_name":"Not\u00edcias - Franciscanos","article_published_time":"2017-11-22T10:21:27+00:00","article_modified_time":"2020-06-08T19:24:59+00:00","og_image":[{"width":273,"height":181,"url":"https:\/\/franciscanos.org.br\/noticias\/wp-content\/uploads\/2017\/11\/audiencia_221117.jpg","type":"image\/jpeg"}],"author":"admin","twitter_card":"summary_large_image","twitter_misc":{"Escrito por":"admin","Est. tempo de leitura":"4 minutos"},"schema":{"@context":"https:\/\/schema.org","@graph":[{"@type":"WebSite","@id":"https:\/\/franciscanos.org.br\/noticias\/#website","url":"https:\/\/franciscanos.org.br\/noticias\/","name":"Not\u00edcias - Franciscanos","description":"Prov\u00edncia Franciscana da Imaculada Concei\u00e7\u00e3o do Brasil - Ordem dos Frades Menores - OFM","potentialAction":[{"@type":"SearchAction","target":{"@type":"EntryPoint","urlTemplate":"https:\/\/franciscanos.org.br\/noticias\/?s={search_term_string}"},"query-input":"required name=search_term_string"}],"inLanguage":"pt-BR"},{"@type":"ImageObject","inLanguage":"pt-BR","@id":"https:\/\/franciscanos.org.br\/noticias\/quando-vamos-a-missa-e-como-se-fossemos-a-um-calvario.html#primaryimage","url":"https:\/\/franciscanos.org.br\/noticias\/wp-content\/uploads\/2017\/11\/audiencia_221117.jpg","contentUrl":"https:\/\/franciscanos.org.br\/noticias\/wp-content\/uploads\/2017\/11\/audiencia_221117.jpg","width":273,"height":181},{"@type":"WebPage","@id":"https:\/\/franciscanos.org.br\/noticias\/quando-vamos-a-missa-e-como-se-fossemos-a-um-calvario.html#webpage","url":"https:\/\/franciscanos.org.br\/noticias\/quando-vamos-a-missa-e-como-se-fossemos-a-um-calvario.html","name":"\"Quando vamos \u00e0 Missa \u00e9 como se f\u00f4ssemos ao Calv\u00e1rio\" - Not\u00edcias - Franciscanos","isPartOf":{"@id":"https:\/\/franciscanos.org.br\/noticias\/#website"},"primaryImageOfPage":{"@id":"https:\/\/franciscanos.org.br\/noticias\/quando-vamos-a-missa-e-como-se-fossemos-a-um-calvario.html#primaryimage"},"datePublished":"2017-11-22T10:21:27+00:00","dateModified":"2020-06-08T19:24:59+00:00","author":{"@id":"https:\/\/franciscanos.org.br\/noticias\/#\/schema\/person\/b38fbf43118f02820bd932f2e4b14ad3"},"breadcrumb":{"@id":"https:\/\/franciscanos.org.br\/noticias\/quando-vamos-a-missa-e-como-se-fossemos-a-um-calvario.html#breadcrumb"},"inLanguage":"pt-BR","potentialAction":[{"@type":"ReadAction","target":["https:\/\/franciscanos.org.br\/noticias\/quando-vamos-a-missa-e-como-se-fossemos-a-um-calvario.html"]}]},{"@type":"BreadcrumbList","@id":"https:\/\/franciscanos.org.br\/noticias\/quando-vamos-a-missa-e-como-se-fossemos-a-um-calvario.html#breadcrumb","itemListElement":[{"@type":"ListItem","position":1,"name":"Home","item":"https:\/\/franciscanos.org.br\/noticias"},{"@type":"ListItem","position":2,"name":"&#8220;Quando vamos \u00e0 Missa \u00e9 como se f\u00f4ssemos ao Calv\u00e1rio&#8221;"}]},{"@type":"Person","@id":"https:\/\/franciscanos.org.br\/noticias\/#\/schema\/person\/b38fbf43118f02820bd932f2e4b14ad3","name":"admin","image":{"@type":"ImageObject","inLanguage":"pt-BR","@id":"https:\/\/franciscanos.org.br\/noticias\/#\/schema\/person\/image\/","url":"https:\/\/secure.gravatar.com\/avatar\/e8495742d34d0ba6448ea1c628263b3e?s=96&d=mm&r=g","contentUrl":"https:\/\/secure.gravatar.com\/avatar\/e8495742d34d0ba6448ea1c628263b3e?s=96&d=mm&r=g","caption":"admin"},"url":"https:\/\/franciscanos.org.br\/noticias\/author\/admin"}]}},"_links":{"self":[{"href":"https:\/\/franciscanos.org.br\/noticias\/wp-json\/wp\/v2\/posts\/145889"}],"collection":[{"href":"https:\/\/franciscanos.org.br\/noticias\/wp-json\/wp\/v2\/posts"}],"about":[{"href":"https:\/\/franciscanos.org.br\/noticias\/wp-json\/wp\/v2\/types\/post"}],"author":[{"embeddable":true,"href":"https:\/\/franciscanos.org.br\/noticias\/wp-json\/wp\/v2\/users\/1"}],"replies":[{"embeddable":true,"href":"https:\/\/franciscanos.org.br\/noticias\/wp-json\/wp\/v2\/comments?post=145889"}],"version-history":[{"count":1,"href":"https:\/\/franciscanos.org.br\/noticias\/wp-json\/wp\/v2\/posts\/145889\/revisions"}],"predecessor-version":[{"id":225191,"href":"https:\/\/franciscanos.org.br\/noticias\/wp-json\/wp\/v2\/posts\/145889\/revisions\/225191"}],"wp:featuredmedia":[{"embeddable":true,"href":"https:\/\/franciscanos.org.br\/noticias\/wp-json\/wp\/v2\/media\/202975"}],"wp:attachment":[{"href":"https:\/\/franciscanos.org.br\/noticias\/wp-json\/wp\/v2\/media?parent=145889"}],"wp:term":[{"taxonomy":"category","embeddable":true,"href":"https:\/\/franciscanos.org.br\/noticias\/wp-json\/wp\/v2\/categories?post=145889"},{"taxonomy":"post_tag","embeddable":true,"href":"https:\/\/franciscanos.org.br\/noticias\/wp-json\/wp\/v2\/tags?post=145889"}],"curies":[{"name":"wp","href":"https:\/\/api.w.org\/{rel}","templated":true}]}}