{"id":145771,"date":"2017-11-21T10:16:54","date_gmt":"2017-11-21T12:16:54","guid":{"rendered":"http:\/\/franciscanos.org.br\/?p=145771"},"modified":"2019-02-07T11:29:33","modified_gmt":"2019-02-07T13:29:33","slug":"paroquias-celebram-o-dia-mundial-dos-pobres","status":"publish","type":"post","link":"https:\/\/franciscanos.org.br\/noticias\/paroquias-celebram-o-dia-mundial-dos-pobres.html","title":{"rendered":"Fraternidades celebram o Dia Mundial dos Pobres"},"content":{"rendered":"<p>Neste domingo, 19 de novembro, Dia Mundial dos Pobres, as par\u00f3quias e fraternidades da Prov\u00edncia realizaram diversas a\u00e7\u00f5es em prol dos mais necessitados.<br \/>\nEm <strong>Lages (SC)<\/strong>, foi realizado um almo\u00e7o, que contou com a presen\u00e7a de 70 pessoas. A refei\u00e7\u00e3o foi preparada pela comunidade e pela Fraternidade Franciscana da Juventude. A jovem Aysha de Lima participou do evento e ficou encantada com o sorriso dos moradores ao receberem uma refei\u00e7\u00e3o. \u201c\u00c9 um sentimento de acolhida, conhecimento, aprendizado e felicidade por poder participar dessa confraterniza\u00e7\u00e3o\u201d, afirmou.<br \/>\nFrei Tarc\u00edsio Theiss, vig\u00e1rio paroquial, afirmou a import\u00e2ncia de celebrar este dia. \u201c\u00c9 necess\u00e1rio despertar o sentimento de fraternidade, de olhar para o pr\u00f3ximo, despertar o amor, a compaix\u00e3o, e deixar de olhar apenas para si pr\u00f3prio\u201d, acrescentou.<br \/>\n<em>Com informa\u00e7\u00f5es de Luan Turcati e Elisa Lima<\/em><br \/>\n<img loading=\"lazy\" class=\"alignright wp-image-145773\" src=\"http:\/\/franciscanos.org.br\/wp-content\/uploads\/2017\/11\/pobres_1.jpg\" alt=\"pobres_1\" width=\"580\" height=\"326\" \/><\/p>\n<hr \/>\n<p>Na <a href=\"http:\/\/g1.globo.com\/sao-paulo\/sorocaba-jundiai\/tem-noticias-1edicao\/videos\/t\/edicoes\/v\/voluntarios-de-igrejas-catolicas-de-sorocaba-ajudam-moradores-de-rua-no-dia-dos-pobres\/6300970\/\" target=\"_blank\" rel=\"noopener\"><strong>Par\u00f3quia Santo Ant\u00f4nio<\/strong><\/a>, em <strong>Sorocaba<\/strong> <strong>(SP)<\/strong>, diversas atividades foram promovidas no sal\u00e3o comunit\u00e1rio. Para o almo\u00e7o, foram preparados 15 kg de arroz, 7 kg de feij\u00e3o, 40 kg de pernil e 20 kg de bolo. Al\u00e9m da refei\u00e7\u00e3o, os moradores de rua contaram com corte de cabelo, servi\u00e7o de manicure e pedicure, roupas, cobertores e com o\u00a0carinho e aten\u00e7\u00e3o dos paroquianos e volunt\u00e1rios.<br \/>\nEm entrevista, Frei Gilberto Piscitelli, p\u00e1roco, falou sobre o dia institu\u00eddo pelo Papa Francisco. \u201cO grande desejo do Papa \u00e9 que n\u00e3o seja um dia s\u00f3, mas que a partir deste dia as pessoas possam se mobilizar e se sensibilizar pra praticar caridade aos nossos irm\u00e3os que n\u00e3o tem quase nada\u201d, afirmou.<\/p>\n<hr \/>\n<p>Na Par\u00f3quia<a href=\"http:\/\/santoantoniodopari.com.br\/comunidade-celebra-o-dia-mundial-dos-pobres.html\" target=\"_blank\" rel=\"noopener\"><strong> Santo Ant\u00f4nio do Pari<\/strong><\/a>, em <strong>S\u00e3o Paulo (SP)<\/strong>, foi preparado um caf\u00e9 da manh\u00e3 comunit\u00e1rio, que contou com a presen\u00e7a de moradores de rua e tamb\u00e9m da comunidade. &#8220;Ap\u00f3s a missa das 9h, toda a assembleia foi convidada a &#8216;ir para a mesa&#8217; da fam\u00edlia de Deus reunida. Muitos foram. Que surpresa maravilhosa! Os que trabalhavam, os que eram servidos e os que sentavam-se \u00e0 mesma mesa desses irm\u00e3os que &#8216;vemos sempre pelas ruas e pra\u00e7as, mas n\u00e3o os conhecemos&#8217;\u2026 todos perceb\u00edamos Deus presente no meio de n\u00f3s, em santa e feliz comunh\u00e3o.<br \/>\nPartilhamos nossa casa, nossa mesa, nossa companhia. Ouvimos suas queixas, dificuldades, car\u00eancias, desamores, culpas reconhecidas, entraves para recupera\u00e7\u00e3o, negativas de aceita\u00e7\u00e3o\u2026 e tamb\u00e9m muitos agradecimentos pela alegria de estarmos juntos, saciando fomes e afetos, uns dos outros, fraternalmente. Que b\u00ean\u00e7\u00e3o de Deus! Qu\u00e3o agraciados fomos!&#8221;<br \/>\n<em>Lourdes Bona<\/em><\/p>\n<hr \/>\n<p>A Fraternidade Menino Bel\u00e9m, da Ordem Franciscana Secular de <strong>Franco da Rocha<\/strong> <strong>(SP)<\/strong>, promoveu um almo\u00e7o com\u00a0fam\u00edlias atendidas pela\u00a0Pastoral da Crian\u00e7a local.<\/p>\n<hr \/>\n<p>Na par\u00f3quia <a href=\"http:\/\/paroquianossasenhora.com\/?p=2315\" target=\"_blank\" rel=\"noopener\"><strong>Nossa Senhora Aparecida em Nil\u00f3polis (RJ)<\/strong><\/a>, o Dia Mundial dos Pobres foi marcado por um evento realizado na quadra da par\u00f3quia.<br \/>\nDurante o evento, as pessoas puderam pegar pe\u00e7as de roupa e fazer higiene pessoal (banho, corte de cabelo). As crian\u00e7as tamb\u00e9m tiveram a oportunidade de brincar e aprender a fazer higiene bucal. Foi partilhado um delicioso lanche com canjica, cachorro quente e refrigerante a todos que participaram.<br \/>\nAconteceu tamb\u00e9m a apresenta\u00e7\u00e3o de bal\u00e9 de meninas que s\u00e3o assistidas pela ONG \u201cDeus quer te ver sorrindo\u201d. A apresenta\u00e7\u00e3o emocionou a todos e as meninas receberam calorosas palmas.<br \/>\nO evento contou com o apoio das institui\u00e7\u00f5es p\u00fablicas com a participa\u00e7\u00e3o da A\u00e7\u00e3o Social da Prefeitura de Nil\u00f3polis, atrav\u00e9s do Centro de Refer\u00eancia Especializado de Assist\u00eancia Social (CREAS), que realizou o cadastramento das pessoas em situa\u00e7\u00e3o de rua. Com base no cadastramento dessas pessoas, o CREAS ir\u00e1 realizar uma triagem e encaminhar para os \u00f3rg\u00e3os de assist\u00eancia social. O Conselho Tutelar tamb\u00e9m este presente. A Secretaria de Sa\u00fade do munic\u00edpio, juntamente com a representante da Hiperdia, realizaram exames como: glicemia, aferi\u00e7\u00e3o da press\u00e3o arterial e orienta\u00e7\u00f5es de sa\u00fade para os assistidos durante o evento.<br \/>\nO evento come\u00e7ou por volta das 14h e terminou com a celebra\u00e7\u00e3o da Santa Missa presidida pelo p\u00e1roco Frei Walter Ferreira, com a presen\u00e7a de algumas pessoas que foram acompanhadas durante a tarde e por aqueles que estiveram envolvidos na realiza\u00e7\u00e3o do evento.<br \/>\n<em>PASCOM &#8211; Nossa Senhora Aparecida<\/em><\/p>\n<hr \/>\n<p>Na Par\u00f3quia Imaculada Concei\u00e7\u00e3o, em <strong>Curitibanos (SC)<\/strong>, foi realizada uma visita ao pres\u00eddio regional de S\u00e3o Crist\u00f3v\u00e3o no s\u00e1bado, 18. L\u00e1 foi celebrada a Eucaristia com os encarcerados. No domingo 19, a Par\u00f3quia participou da Festa das Tendas, da Diocese de Lages, que tem como objetivo reunir as par\u00f3quias locais para um momento de conviv\u00eancia e confraterniza\u00e7\u00e3o. No pr\u00f3ximo s\u00e1bado, 25, haver\u00e1 um momento celebrativo junto \u00e0 Caritas e Pastoral da Crian\u00e7a. Ap\u00f3s a pesagem das crian\u00e7as, que acontece mensalmente, os pais e familiares ser\u00e3o convidados para um lanche, em sintonia com o Dia Mundial dos Pobres.<br \/>\n<em>Frei Miguel Cruz<\/em><\/p>\n","protected":false},"excerpt":{"rendered":"<p>Fraternidades da Prov\u00edncia<\/p>\n","protected":false},"author":1,"featured_media":199648,"comment_status":"open","ping_status":"open","sticky":false,"template":"","format":"standard","meta":[],"categories":[1],"tags":[1114],"acf":[],"yoast_head":"<!-- This site is optimized with the Yoast SEO plugin v19.2 - https:\/\/yoast.com\/wordpress\/plugins\/seo\/ -->\n<title>Fraternidades celebram o Dia Mundial dos Pobres - Not\u00edcias - Franciscanos<\/title>\n<meta name=\"robots\" content=\"index, follow, max-snippet:-1, max-image-preview:large, max-video-preview:-1\" \/>\n<link rel=\"canonical\" href=\"https:\/\/franciscanos.org.br\/noticias\/paroquias-celebram-o-dia-mundial-dos-pobres.html\" \/>\n<meta property=\"og:locale\" content=\"pt_BR\" \/>\n<meta property=\"og:type\" content=\"article\" \/>\n<meta property=\"og:title\" content=\"Fraternidades celebram o Dia Mundial dos Pobres - Not\u00edcias - Franciscanos\" \/>\n<meta property=\"og:description\" content=\"Fraternidades da Prov\u00edncia\" \/>\n<meta property=\"og:url\" content=\"https:\/\/franciscanos.org.br\/noticias\/paroquias-celebram-o-dia-mundial-dos-pobres.html\" \/>\n<meta property=\"og:site_name\" content=\"Not\u00edcias - Franciscanos\" \/>\n<meta property=\"article:published_time\" content=\"2017-11-21T12:16:54+00:00\" \/>\n<meta property=\"article:modified_time\" content=\"2019-02-07T13:29:33+00:00\" \/>\n<meta property=\"og:image\" content=\"https:\/\/franciscanos.org.br\/noticias\/wp-content\/uploads\/2017\/11\/pobres_1.jpg\" \/>\n\t<meta property=\"og:image:width\" content=\"273\" \/>\n\t<meta property=\"og:image:height\" content=\"181\" \/>\n\t<meta property=\"og:image:type\" content=\"image\/jpeg\" \/>\n<meta name=\"author\" content=\"admin\" \/>\n<meta name=\"twitter:card\" content=\"summary_large_image\" \/>\n<meta name=\"twitter:label1\" content=\"Escrito por\" \/>\n\t<meta name=\"twitter:data1\" content=\"admin\" \/>\n\t<meta name=\"twitter:label2\" content=\"Est. tempo de leitura\" \/>\n\t<meta name=\"twitter:data2\" content=\"4 minutos\" \/>\n<script type=\"application\/ld+json\" class=\"yoast-schema-graph\">{\"@context\":\"https:\/\/schema.org\",\"@graph\":[{\"@type\":\"WebSite\",\"@id\":\"https:\/\/franciscanos.org.br\/noticias\/#website\",\"url\":\"https:\/\/franciscanos.org.br\/noticias\/\",\"name\":\"Not\u00edcias - Franciscanos\",\"description\":\"Prov\u00edncia Franciscana da Imaculada Concei\u00e7\u00e3o do Brasil - Ordem dos Frades Menores - OFM\",\"potentialAction\":[{\"@type\":\"SearchAction\",\"target\":{\"@type\":\"EntryPoint\",\"urlTemplate\":\"https:\/\/franciscanos.org.br\/noticias\/?s={search_term_string}\"},\"query-input\":\"required name=search_term_string\"}],\"inLanguage\":\"pt-BR\"},{\"@type\":\"ImageObject\",\"inLanguage\":\"pt-BR\",\"@id\":\"https:\/\/franciscanos.org.br\/noticias\/paroquias-celebram-o-dia-mundial-dos-pobres.html#primaryimage\",\"url\":\"https:\/\/franciscanos.org.br\/noticias\/wp-content\/uploads\/2017\/11\/pobres_1.jpg\",\"contentUrl\":\"https:\/\/franciscanos.org.br\/noticias\/wp-content\/uploads\/2017\/11\/pobres_1.jpg\",\"width\":273,\"height\":181},{\"@type\":\"WebPage\",\"@id\":\"https:\/\/franciscanos.org.br\/noticias\/paroquias-celebram-o-dia-mundial-dos-pobres.html#webpage\",\"url\":\"https:\/\/franciscanos.org.br\/noticias\/paroquias-celebram-o-dia-mundial-dos-pobres.html\",\"name\":\"Fraternidades celebram o Dia Mundial dos Pobres - Not\u00edcias - Franciscanos\",\"isPartOf\":{\"@id\":\"https:\/\/franciscanos.org.br\/noticias\/#website\"},\"primaryImageOfPage\":{\"@id\":\"https:\/\/franciscanos.org.br\/noticias\/paroquias-celebram-o-dia-mundial-dos-pobres.html#primaryimage\"},\"datePublished\":\"2017-11-21T12:16:54+00:00\",\"dateModified\":\"2019-02-07T13:29:33+00:00\",\"author\":{\"@id\":\"https:\/\/franciscanos.org.br\/noticias\/#\/schema\/person\/b38fbf43118f02820bd932f2e4b14ad3\"},\"breadcrumb\":{\"@id\":\"https:\/\/franciscanos.org.br\/noticias\/paroquias-celebram-o-dia-mundial-dos-pobres.html#breadcrumb\"},\"inLanguage\":\"pt-BR\",\"potentialAction\":[{\"@type\":\"ReadAction\",\"target\":[\"https:\/\/franciscanos.org.br\/noticias\/paroquias-celebram-o-dia-mundial-dos-pobres.html\"]}]},{\"@type\":\"BreadcrumbList\",\"@id\":\"https:\/\/franciscanos.org.br\/noticias\/paroquias-celebram-o-dia-mundial-dos-pobres.html#breadcrumb\",\"itemListElement\":[{\"@type\":\"ListItem\",\"position\":1,\"name\":\"Home\",\"item\":\"https:\/\/franciscanos.org.br\/noticias\"},{\"@type\":\"ListItem\",\"position\":2,\"name\":\"Fraternidades celebram o Dia Mundial dos Pobres\"}]},{\"@type\":\"Person\",\"@id\":\"https:\/\/franciscanos.org.br\/noticias\/#\/schema\/person\/b38fbf43118f02820bd932f2e4b14ad3\",\"name\":\"admin\",\"image\":{\"@type\":\"ImageObject\",\"inLanguage\":\"pt-BR\",\"@id\":\"https:\/\/franciscanos.org.br\/noticias\/#\/schema\/person\/image\/\",\"url\":\"https:\/\/secure.gravatar.com\/avatar\/e8495742d34d0ba6448ea1c628263b3e?s=96&d=mm&r=g\",\"contentUrl\":\"https:\/\/secure.gravatar.com\/avatar\/e8495742d34d0ba6448ea1c628263b3e?s=96&d=mm&r=g\",\"caption\":\"admin\"},\"url\":\"https:\/\/franciscanos.org.br\/noticias\/author\/admin\"}]}<\/script>\n<!-- \/ Yoast SEO plugin. -->","yoast_head_json":{"title":"Fraternidades celebram o Dia Mundial dos Pobres - Not\u00edcias - Franciscanos","robots":{"index":"index","follow":"follow","max-snippet":"max-snippet:-1","max-image-preview":"max-image-preview:large","max-video-preview":"max-video-preview:-1"},"canonical":"https:\/\/franciscanos.org.br\/noticias\/paroquias-celebram-o-dia-mundial-dos-pobres.html","og_locale":"pt_BR","og_type":"article","og_title":"Fraternidades celebram o Dia Mundial dos Pobres - Not\u00edcias - Franciscanos","og_description":"Fraternidades da Prov\u00edncia","og_url":"https:\/\/franciscanos.org.br\/noticias\/paroquias-celebram-o-dia-mundial-dos-pobres.html","og_site_name":"Not\u00edcias - Franciscanos","article_published_time":"2017-11-21T12:16:54+00:00","article_modified_time":"2019-02-07T13:29:33+00:00","og_image":[{"width":273,"height":181,"url":"https:\/\/franciscanos.org.br\/noticias\/wp-content\/uploads\/2017\/11\/pobres_1.jpg","type":"image\/jpeg"}],"author":"admin","twitter_card":"summary_large_image","twitter_misc":{"Escrito por":"admin","Est. tempo de leitura":"4 minutos"},"schema":{"@context":"https:\/\/schema.org","@graph":[{"@type":"WebSite","@id":"https:\/\/franciscanos.org.br\/noticias\/#website","url":"https:\/\/franciscanos.org.br\/noticias\/","name":"Not\u00edcias - Franciscanos","description":"Prov\u00edncia Franciscana da Imaculada Concei\u00e7\u00e3o do Brasil - Ordem dos Frades Menores - OFM","potentialAction":[{"@type":"SearchAction","target":{"@type":"EntryPoint","urlTemplate":"https:\/\/franciscanos.org.br\/noticias\/?s={search_term_string}"},"query-input":"required name=search_term_string"}],"inLanguage":"pt-BR"},{"@type":"ImageObject","inLanguage":"pt-BR","@id":"https:\/\/franciscanos.org.br\/noticias\/paroquias-celebram-o-dia-mundial-dos-pobres.html#primaryimage","url":"https:\/\/franciscanos.org.br\/noticias\/wp-content\/uploads\/2017\/11\/pobres_1.jpg","contentUrl":"https:\/\/franciscanos.org.br\/noticias\/wp-content\/uploads\/2017\/11\/pobres_1.jpg","width":273,"height":181},{"@type":"WebPage","@id":"https:\/\/franciscanos.org.br\/noticias\/paroquias-celebram-o-dia-mundial-dos-pobres.html#webpage","url":"https:\/\/franciscanos.org.br\/noticias\/paroquias-celebram-o-dia-mundial-dos-pobres.html","name":"Fraternidades celebram o Dia Mundial dos Pobres - Not\u00edcias - Franciscanos","isPartOf":{"@id":"https:\/\/franciscanos.org.br\/noticias\/#website"},"primaryImageOfPage":{"@id":"https:\/\/franciscanos.org.br\/noticias\/paroquias-celebram-o-dia-mundial-dos-pobres.html#primaryimage"},"datePublished":"2017-11-21T12:16:54+00:00","dateModified":"2019-02-07T13:29:33+00:00","author":{"@id":"https:\/\/franciscanos.org.br\/noticias\/#\/schema\/person\/b38fbf43118f02820bd932f2e4b14ad3"},"breadcrumb":{"@id":"https:\/\/franciscanos.org.br\/noticias\/paroquias-celebram-o-dia-mundial-dos-pobres.html#breadcrumb"},"inLanguage":"pt-BR","potentialAction":[{"@type":"ReadAction","target":["https:\/\/franciscanos.org.br\/noticias\/paroquias-celebram-o-dia-mundial-dos-pobres.html"]}]},{"@type":"BreadcrumbList","@id":"https:\/\/franciscanos.org.br\/noticias\/paroquias-celebram-o-dia-mundial-dos-pobres.html#breadcrumb","itemListElement":[{"@type":"ListItem","position":1,"name":"Home","item":"https:\/\/franciscanos.org.br\/noticias"},{"@type":"ListItem","position":2,"name":"Fraternidades celebram o Dia Mundial dos Pobres"}]},{"@type":"Person","@id":"https:\/\/franciscanos.org.br\/noticias\/#\/schema\/person\/b38fbf43118f02820bd932f2e4b14ad3","name":"admin","image":{"@type":"ImageObject","inLanguage":"pt-BR","@id":"https:\/\/franciscanos.org.br\/noticias\/#\/schema\/person\/image\/","url":"https:\/\/secure.gravatar.com\/avatar\/e8495742d34d0ba6448ea1c628263b3e?s=96&d=mm&r=g","contentUrl":"https:\/\/secure.gravatar.com\/avatar\/e8495742d34d0ba6448ea1c628263b3e?s=96&d=mm&r=g","caption":"admin"},"url":"https:\/\/franciscanos.org.br\/noticias\/author\/admin"}]}},"_links":{"self":[{"href":"https:\/\/franciscanos.org.br\/noticias\/wp-json\/wp\/v2\/posts\/145771"}],"collection":[{"href":"https:\/\/franciscanos.org.br\/noticias\/wp-json\/wp\/v2\/posts"}],"about":[{"href":"https:\/\/franciscanos.org.br\/noticias\/wp-json\/wp\/v2\/types\/post"}],"author":[{"embeddable":true,"href":"https:\/\/franciscanos.org.br\/noticias\/wp-json\/wp\/v2\/users\/1"}],"replies":[{"embeddable":true,"href":"https:\/\/franciscanos.org.br\/noticias\/wp-json\/wp\/v2\/comments?post=145771"}],"version-history":[{"count":0,"href":"https:\/\/franciscanos.org.br\/noticias\/wp-json\/wp\/v2\/posts\/145771\/revisions"}],"wp:featuredmedia":[{"embeddable":true,"href":"https:\/\/franciscanos.org.br\/noticias\/wp-json\/wp\/v2\/media\/199648"}],"wp:attachment":[{"href":"https:\/\/franciscanos.org.br\/noticias\/wp-json\/wp\/v2\/media?parent=145771"}],"wp:term":[{"taxonomy":"category","embeddable":true,"href":"https:\/\/franciscanos.org.br\/noticias\/wp-json\/wp\/v2\/categories?post=145771"},{"taxonomy":"post_tag","embeddable":true,"href":"https:\/\/franciscanos.org.br\/noticias\/wp-json\/wp\/v2\/tags?post=145771"}],"curies":[{"name":"wp","href":"https:\/\/api.w.org\/{rel}","templated":true}]}}