{"id":145729,"date":"2017-11-19T18:48:29","date_gmt":"2017-11-19T20:48:29","guid":{"rendered":"http:\/\/franciscanos.org.br\/?p=145729"},"modified":"2019-03-29T12:38:36","modified_gmt":"2019-03-29T15:38:36","slug":"uma-igreja-pintada-na-fachada-e-no-coracao","status":"publish","type":"post","link":"https:\/\/franciscanos.org.br\/noticias\/uma-igreja-pintada-na-fachada-e-no-coracao.html","title":{"rendered":"S\u00e3o Paulo: Uma Igreja pintada na fachada e no cora\u00e7\u00e3o"},"content":{"rendered":"<p><strong>S\u00e3o Paulo (SP)<\/strong> &#8211; H\u00e1 dois meses, a Fraternidade Franciscana do Largo S\u00e3o Francisco de Assis alegrava-se pela nova pintura da fachada da igreja. Afinal, era preciso marcar com muita ousadia o anivers\u00e1rio de 370 anos deste local que acolheu e acolhe tantas pessoas para rezar, para confessar, para serem atendidas em suas necessidades, para serem amadas. Esta data passou e a bela igreja continua, simples, modesta, perdida entre os pr\u00e9dios de S\u00e3o Paulo, mas cheia de sentido e vida!<\/p>\n<p>Mas n\u00e3o se faz necess\u00e1rio somente pintar fachadas. Reformas na estrutura s\u00e3o importantes, mas o que faz uma comunidade franciscana ser evangelizadora n\u00e3o \u00e9 somente a bela constru\u00e7\u00e3o e sim a a\u00e7\u00e3o! Portanto, n\u00f3s, frades do Largo S\u00e3o Francisco, juntamente com uma bonita e expressiva presen\u00e7a de religiosos e leigos franciscanos, realizamos uma Miss\u00e3o Franciscana em S\u00e3o Paulo, nos dias 18 e 19 de novembro. Esta data n\u00e3o poderia ser mais significativa, pois o Papa Francisco proclamou este 33\u00ba Domingo do Tempo Comum como o Dia Mundial do Pobre. Motiva\u00e7\u00f5es n\u00e3o faltaram para realizar tal iniciativa uma vez que a mensagem do pont\u00edfice para este dia foi meditada em fraternidade, al\u00e9m de ser provocadora para uma a\u00e7\u00e3o concreta!<\/p>\n<p><img loading=\"lazy\" src=\"http:\/\/franciscanos.org.br\/wp-content\/uploads\/2017\/11\/missao_191117_3.jpg\" alt=\"missao_191117_3\" width=\"830\" height=\"409\" \/><\/p>\n<p>Esta miss\u00e3o come\u00e7ou na tarde do s\u00e1bado (18\/11) e foi composta de atividades muito simples, mas profundas e intensas. O grupo de mission\u00e1rios contava com 55 pessoas, de cora\u00e7\u00e3o ardente para amar o pr\u00f3ximo e servi-lo como conv\u00e9m. Assim, uma pequena fraternidade mission\u00e1ria serviu no nosso querido sal\u00e3o do Ch\u00e1 do Padre, fazendo a\u00e7\u00f5es como distribui\u00e7\u00e3o de alimentos, conversa, momento de ora\u00e7\u00e3o, corte de cabelo, aten\u00e7\u00e3o para com os mais sofridos, cantos, limpeza e organiza\u00e7\u00e3o do espa\u00e7o.<\/p>\n<p>Os demais foram enviados para a Rua \u00c1lvaro de Carvalho, ainda no centro de S\u00e3o Paulo, numa ocupa\u00e7\u00e3o. As atividades l\u00e1 foram destinadas mais para as crian\u00e7as: pula corda, amarelinha, desenho livre, pintura de rosto, oficina de origami, brincadeira de el\u00e1stico, m\u00fasica, futebol e hist\u00f3rias. Havia nesta ocupa\u00e7\u00e3o um belo p\u00e1tio onde a crian\u00e7ada se divertiu muito. E os adultos tamb\u00e9m! Se lembrarmos da poema \u201cO guardador de rebanhos\u201d, de Fernando Pessoa, em que ele brinca com uma crian\u00e7a dizendo ser o menino Jesus, podemos entender como foi esta maravilhosa tarde de s\u00e1bado.<\/p>\n<p><img loading=\"lazy\" src=\"http:\/\/franciscanos.org.br\/wp-content\/uploads\/2017\/11\/missao_191117_2.jpg\" alt=\"missao_191117_2\" width=\"830\" height=\"469\" \/><\/p>\n<p>O mais surpreendente foram as m\u00e3es das crian\u00e7as que, aos poucos, queriam tamb\u00e9m receber uma pintura no rosto ou uma conversa amiga. Seus dramas pela vida sofrida, suas dificuldades, principalmente aquelas que s\u00e3o imigrantes, aos poucos foram partilhadas e sentidas por cada um de n\u00f3s. Um sorriso discreto ali, uma partilha de sonho acol\u00e1 e a tarde foi uma grande festa para elas tamb\u00e9m. Houve at\u00e9 quem nos convidou para visitar seu espa\u00e7o na ocupa\u00e7\u00e3o para uma b\u00ean\u00e7\u00e3o e fomos acolhidos com muita alegria. A moradora \u00e9 uma boleira de m\u00e3o cheia, de sorriso f\u00e1cil e alegre pelos filhos que tem.<\/p>\n<p><img loading=\"lazy\" class=\"alignleft wp-image-145733 \" src=\"http:\/\/franciscanos.org.br\/wp-content\/uploads\/2017\/11\/missao_191117_4.jpg\" alt=\"missao_191117_4\" width=\"271\" height=\"361\" \/><img loading=\"lazy\" class=\"alignright wp-image-145734 \" src=\"http:\/\/franciscanos.org.br\/wp-content\/uploads\/2017\/11\/missao_191117_6.jpg\" alt=\"missao_191117_6\" width=\"281\" height=\"375\" \/> \u00a0 \u00a0 \u00a0 \u00a0 \u00a0 \u00a0 \u00a0 \u00a0Aos poucos fomos nos despedindo, j\u00e1 cansados, com o rosto pintado, as pernas doendo de tanto pular corda com as crian\u00e7as, o rosto suado pelo futebol misturado com a \u00e1gua da chuva que nos surpreendeu no caminho para a Igreja, o olhar alegre de quem fez novos amigos. A Celebra\u00e7\u00e3o Eucar\u00edstica das 18h, que costuma ser de pouca frequ\u00eancia, foi alegre e festiva com a presen\u00e7a dos mission\u00e1rios. Por fim, uma deliciosa partilha de alimentos finalizou o dia. No domingo (19\/11), n\u00f3s, frades, assumimos tamb\u00e9m o compromisso de irmos servir o almo\u00e7o e <strong>conversar com os nossos irm\u00e3os atendidos no Ch\u00e1 do Padre<\/strong>. Foi uma alegria imensa partilhar o p\u00e3o e a vida com os nossos irm\u00e3os em situa\u00e7\u00e3o de rua, que com seus dramas, procuram em n\u00f3s uma esperan\u00e7a. Al\u00e9m disso, para marcar com profundidade o Dia Mundial do Pobre fizemos uma arrecada\u00e7\u00e3o de alimentos com toda a comunidade paroquial para distribuirmos cestas b\u00e1sicas \u00e0s fam\u00edlias atendidas pela Pastoral da Crian\u00e7a aqui do Santu\u00e1rio.<\/p>\n<p><img loading=\"lazy\" class=\"alignleft size-full wp-image-145735\" src=\"http:\/\/franciscanos.org.br\/wp-content\/uploads\/2017\/11\/missao_191117_5.jpg\" alt=\"missao_191117_5\" width=\"400\" height=\"292\" \/> \u00a0 \u00a0 \u00a0Para finalizar, queremos parafrasear o par\u00e1grafo 49 da Exorta\u00e7\u00e3o Apost\u00f3lica <em>Evangelii Gaudium<\/em> do Papa Francisco: preferimos uma Igreja com o rosto pintado por se deixar pintar pelas crian\u00e7as, com as m\u00e3os sujas por ter cortado o cabelo das pessoas em situa\u00e7\u00e3o de rua, com o \u201chor\u00e1rio de almo\u00e7o\u201d totalmente alterado para fazer presen\u00e7a com os sofredores. N\u00e3o queremos uma Igreja preocupada em ser o centro, apesar de estarmos no centro desta grande cidade. Se alguma coisa deve santamente inquietar e preocupar a nossa consci\u00eancia \u00e9 que haja tanto ego\u00edsmo, tanto preconceito com as pessoas em situa\u00e7\u00e3o de rua, tanta discrimina\u00e7\u00e3o com quem vive em ocupa\u00e7\u00f5es. Nessas realidades est\u00e3o irm\u00e3os que sonham e que brincam, que se deixam pintar o rosto, e que pintam o nosso rosto tamb\u00e9m, e pr\u00f3ximos deles, na verdade, n\u00e3o deixamos s\u00f3 a fachada do nosso santu\u00e1rio bonita, mas tamb\u00e9m o nosso cora\u00e7\u00e3o que quanto mais perto deles, mais d\u00e1 sentido \u00e0 nossa voca\u00e7\u00e3o franciscana.<\/p>\n<p><strong>Frei Gabriel Dellandrea<\/strong><\/p>\n<p>&nbsp;<\/p>\n","protected":false},"excerpt":{"rendered":"<p>Dia Mundial dos Pobres<\/p>\n","protected":false},"author":1,"featured_media":201921,"comment_status":"open","ping_status":"open","sticky":false,"template":"","format":"standard","meta":[],"categories":[1],"tags":[312],"acf":[],"yoast_head":"<!-- This site is optimized with the Yoast SEO plugin v19.2 - https:\/\/yoast.com\/wordpress\/plugins\/seo\/ -->\n<title>S\u00e3o Paulo: Uma Igreja pintada na fachada e no cora\u00e7\u00e3o - Not\u00edcias - Franciscanos<\/title>\n<meta name=\"robots\" content=\"index, follow, max-snippet:-1, max-image-preview:large, max-video-preview:-1\" \/>\n<link rel=\"canonical\" href=\"https:\/\/franciscanos.org.br\/noticias\/uma-igreja-pintada-na-fachada-e-no-coracao.html\" \/>\n<meta property=\"og:locale\" content=\"pt_BR\" \/>\n<meta property=\"og:type\" content=\"article\" \/>\n<meta property=\"og:title\" content=\"S\u00e3o Paulo: Uma Igreja pintada na fachada e no cora\u00e7\u00e3o - Not\u00edcias - Franciscanos\" \/>\n<meta property=\"og:description\" content=\"Dia Mundial dos Pobres\" \/>\n<meta property=\"og:url\" content=\"https:\/\/franciscanos.org.br\/noticias\/uma-igreja-pintada-na-fachada-e-no-coracao.html\" \/>\n<meta property=\"og:site_name\" content=\"Not\u00edcias - Franciscanos\" \/>\n<meta property=\"article:published_time\" content=\"2017-11-19T20:48:29+00:00\" \/>\n<meta property=\"article:modified_time\" content=\"2019-03-29T15:38:36+00:00\" \/>\n<meta property=\"og:image\" content=\"https:\/\/franciscanos.org.br\/noticias\/wp-content\/uploads\/2017\/11\/missao_191117_3.jpg\" \/>\n\t<meta property=\"og:image:width\" content=\"273\" \/>\n\t<meta property=\"og:image:height\" content=\"181\" \/>\n\t<meta property=\"og:image:type\" content=\"image\/jpeg\" \/>\n<meta name=\"author\" content=\"admin\" \/>\n<meta name=\"twitter:card\" content=\"summary_large_image\" \/>\n<meta name=\"twitter:label1\" content=\"Escrito por\" \/>\n\t<meta name=\"twitter:data1\" content=\"admin\" \/>\n\t<meta name=\"twitter:label2\" content=\"Est. tempo de leitura\" \/>\n\t<meta name=\"twitter:data2\" content=\"4 minutos\" \/>\n<script type=\"application\/ld+json\" class=\"yoast-schema-graph\">{\"@context\":\"https:\/\/schema.org\",\"@graph\":[{\"@type\":\"WebSite\",\"@id\":\"https:\/\/franciscanos.org.br\/noticias\/#website\",\"url\":\"https:\/\/franciscanos.org.br\/noticias\/\",\"name\":\"Not\u00edcias - Franciscanos\",\"description\":\"Prov\u00edncia Franciscana da Imaculada Concei\u00e7\u00e3o do Brasil - Ordem dos Frades Menores - OFM\",\"potentialAction\":[{\"@type\":\"SearchAction\",\"target\":{\"@type\":\"EntryPoint\",\"urlTemplate\":\"https:\/\/franciscanos.org.br\/noticias\/?s={search_term_string}\"},\"query-input\":\"required name=search_term_string\"}],\"inLanguage\":\"pt-BR\"},{\"@type\":\"ImageObject\",\"inLanguage\":\"pt-BR\",\"@id\":\"https:\/\/franciscanos.org.br\/noticias\/uma-igreja-pintada-na-fachada-e-no-coracao.html#primaryimage\",\"url\":\"https:\/\/franciscanos.org.br\/noticias\/wp-content\/uploads\/2017\/11\/missao_191117_3.jpg\",\"contentUrl\":\"https:\/\/franciscanos.org.br\/noticias\/wp-content\/uploads\/2017\/11\/missao_191117_3.jpg\",\"width\":273,\"height\":181},{\"@type\":\"WebPage\",\"@id\":\"https:\/\/franciscanos.org.br\/noticias\/uma-igreja-pintada-na-fachada-e-no-coracao.html#webpage\",\"url\":\"https:\/\/franciscanos.org.br\/noticias\/uma-igreja-pintada-na-fachada-e-no-coracao.html\",\"name\":\"S\u00e3o Paulo: Uma Igreja pintada na fachada e no cora\u00e7\u00e3o - Not\u00edcias - Franciscanos\",\"isPartOf\":{\"@id\":\"https:\/\/franciscanos.org.br\/noticias\/#website\"},\"primaryImageOfPage\":{\"@id\":\"https:\/\/franciscanos.org.br\/noticias\/uma-igreja-pintada-na-fachada-e-no-coracao.html#primaryimage\"},\"datePublished\":\"2017-11-19T20:48:29+00:00\",\"dateModified\":\"2019-03-29T15:38:36+00:00\",\"author\":{\"@id\":\"https:\/\/franciscanos.org.br\/noticias\/#\/schema\/person\/b38fbf43118f02820bd932f2e4b14ad3\"},\"breadcrumb\":{\"@id\":\"https:\/\/franciscanos.org.br\/noticias\/uma-igreja-pintada-na-fachada-e-no-coracao.html#breadcrumb\"},\"inLanguage\":\"pt-BR\",\"potentialAction\":[{\"@type\":\"ReadAction\",\"target\":[\"https:\/\/franciscanos.org.br\/noticias\/uma-igreja-pintada-na-fachada-e-no-coracao.html\"]}]},{\"@type\":\"BreadcrumbList\",\"@id\":\"https:\/\/franciscanos.org.br\/noticias\/uma-igreja-pintada-na-fachada-e-no-coracao.html#breadcrumb\",\"itemListElement\":[{\"@type\":\"ListItem\",\"position\":1,\"name\":\"Home\",\"item\":\"https:\/\/franciscanos.org.br\/noticias\"},{\"@type\":\"ListItem\",\"position\":2,\"name\":\"S\u00e3o Paulo: Uma Igreja pintada na fachada e no cora\u00e7\u00e3o\"}]},{\"@type\":\"Person\",\"@id\":\"https:\/\/franciscanos.org.br\/noticias\/#\/schema\/person\/b38fbf43118f02820bd932f2e4b14ad3\",\"name\":\"admin\",\"image\":{\"@type\":\"ImageObject\",\"inLanguage\":\"pt-BR\",\"@id\":\"https:\/\/franciscanos.org.br\/noticias\/#\/schema\/person\/image\/\",\"url\":\"https:\/\/secure.gravatar.com\/avatar\/e8495742d34d0ba6448ea1c628263b3e?s=96&d=mm&r=g\",\"contentUrl\":\"https:\/\/secure.gravatar.com\/avatar\/e8495742d34d0ba6448ea1c628263b3e?s=96&d=mm&r=g\",\"caption\":\"admin\"},\"url\":\"https:\/\/franciscanos.org.br\/noticias\/author\/admin\"}]}<\/script>\n<!-- \/ Yoast SEO plugin. -->","yoast_head_json":{"title":"S\u00e3o Paulo: Uma Igreja pintada na fachada e no cora\u00e7\u00e3o - Not\u00edcias - Franciscanos","robots":{"index":"index","follow":"follow","max-snippet":"max-snippet:-1","max-image-preview":"max-image-preview:large","max-video-preview":"max-video-preview:-1"},"canonical":"https:\/\/franciscanos.org.br\/noticias\/uma-igreja-pintada-na-fachada-e-no-coracao.html","og_locale":"pt_BR","og_type":"article","og_title":"S\u00e3o Paulo: Uma Igreja pintada na fachada e no cora\u00e7\u00e3o - Not\u00edcias - Franciscanos","og_description":"Dia Mundial dos Pobres","og_url":"https:\/\/franciscanos.org.br\/noticias\/uma-igreja-pintada-na-fachada-e-no-coracao.html","og_site_name":"Not\u00edcias - Franciscanos","article_published_time":"2017-11-19T20:48:29+00:00","article_modified_time":"2019-03-29T15:38:36+00:00","og_image":[{"width":273,"height":181,"url":"https:\/\/franciscanos.org.br\/noticias\/wp-content\/uploads\/2017\/11\/missao_191117_3.jpg","type":"image\/jpeg"}],"author":"admin","twitter_card":"summary_large_image","twitter_misc":{"Escrito por":"admin","Est. tempo de leitura":"4 minutos"},"schema":{"@context":"https:\/\/schema.org","@graph":[{"@type":"WebSite","@id":"https:\/\/franciscanos.org.br\/noticias\/#website","url":"https:\/\/franciscanos.org.br\/noticias\/","name":"Not\u00edcias - Franciscanos","description":"Prov\u00edncia Franciscana da Imaculada Concei\u00e7\u00e3o do Brasil - Ordem dos Frades Menores - OFM","potentialAction":[{"@type":"SearchAction","target":{"@type":"EntryPoint","urlTemplate":"https:\/\/franciscanos.org.br\/noticias\/?s={search_term_string}"},"query-input":"required name=search_term_string"}],"inLanguage":"pt-BR"},{"@type":"ImageObject","inLanguage":"pt-BR","@id":"https:\/\/franciscanos.org.br\/noticias\/uma-igreja-pintada-na-fachada-e-no-coracao.html#primaryimage","url":"https:\/\/franciscanos.org.br\/noticias\/wp-content\/uploads\/2017\/11\/missao_191117_3.jpg","contentUrl":"https:\/\/franciscanos.org.br\/noticias\/wp-content\/uploads\/2017\/11\/missao_191117_3.jpg","width":273,"height":181},{"@type":"WebPage","@id":"https:\/\/franciscanos.org.br\/noticias\/uma-igreja-pintada-na-fachada-e-no-coracao.html#webpage","url":"https:\/\/franciscanos.org.br\/noticias\/uma-igreja-pintada-na-fachada-e-no-coracao.html","name":"S\u00e3o Paulo: Uma Igreja pintada na fachada e no cora\u00e7\u00e3o - Not\u00edcias - Franciscanos","isPartOf":{"@id":"https:\/\/franciscanos.org.br\/noticias\/#website"},"primaryImageOfPage":{"@id":"https:\/\/franciscanos.org.br\/noticias\/uma-igreja-pintada-na-fachada-e-no-coracao.html#primaryimage"},"datePublished":"2017-11-19T20:48:29+00:00","dateModified":"2019-03-29T15:38:36+00:00","author":{"@id":"https:\/\/franciscanos.org.br\/noticias\/#\/schema\/person\/b38fbf43118f02820bd932f2e4b14ad3"},"breadcrumb":{"@id":"https:\/\/franciscanos.org.br\/noticias\/uma-igreja-pintada-na-fachada-e-no-coracao.html#breadcrumb"},"inLanguage":"pt-BR","potentialAction":[{"@type":"ReadAction","target":["https:\/\/franciscanos.org.br\/noticias\/uma-igreja-pintada-na-fachada-e-no-coracao.html"]}]},{"@type":"BreadcrumbList","@id":"https:\/\/franciscanos.org.br\/noticias\/uma-igreja-pintada-na-fachada-e-no-coracao.html#breadcrumb","itemListElement":[{"@type":"ListItem","position":1,"name":"Home","item":"https:\/\/franciscanos.org.br\/noticias"},{"@type":"ListItem","position":2,"name":"S\u00e3o Paulo: Uma Igreja pintada na fachada e no cora\u00e7\u00e3o"}]},{"@type":"Person","@id":"https:\/\/franciscanos.org.br\/noticias\/#\/schema\/person\/b38fbf43118f02820bd932f2e4b14ad3","name":"admin","image":{"@type":"ImageObject","inLanguage":"pt-BR","@id":"https:\/\/franciscanos.org.br\/noticias\/#\/schema\/person\/image\/","url":"https:\/\/secure.gravatar.com\/avatar\/e8495742d34d0ba6448ea1c628263b3e?s=96&d=mm&r=g","contentUrl":"https:\/\/secure.gravatar.com\/avatar\/e8495742d34d0ba6448ea1c628263b3e?s=96&d=mm&r=g","caption":"admin"},"url":"https:\/\/franciscanos.org.br\/noticias\/author\/admin"}]}},"_links":{"self":[{"href":"https:\/\/franciscanos.org.br\/noticias\/wp-json\/wp\/v2\/posts\/145729"}],"collection":[{"href":"https:\/\/franciscanos.org.br\/noticias\/wp-json\/wp\/v2\/posts"}],"about":[{"href":"https:\/\/franciscanos.org.br\/noticias\/wp-json\/wp\/v2\/types\/post"}],"author":[{"embeddable":true,"href":"https:\/\/franciscanos.org.br\/noticias\/wp-json\/wp\/v2\/users\/1"}],"replies":[{"embeddable":true,"href":"https:\/\/franciscanos.org.br\/noticias\/wp-json\/wp\/v2\/comments?post=145729"}],"version-history":[{"count":0,"href":"https:\/\/franciscanos.org.br\/noticias\/wp-json\/wp\/v2\/posts\/145729\/revisions"}],"wp:featuredmedia":[{"embeddable":true,"href":"https:\/\/franciscanos.org.br\/noticias\/wp-json\/wp\/v2\/media\/201921"}],"wp:attachment":[{"href":"https:\/\/franciscanos.org.br\/noticias\/wp-json\/wp\/v2\/media?parent=145729"}],"wp:term":[{"taxonomy":"category","embeddable":true,"href":"https:\/\/franciscanos.org.br\/noticias\/wp-json\/wp\/v2\/categories?post=145729"},{"taxonomy":"post_tag","embeddable":true,"href":"https:\/\/franciscanos.org.br\/noticias\/wp-json\/wp\/v2\/tags?post=145729"}],"curies":[{"name":"wp","href":"https:\/\/api.w.org\/{rel}","templated":true}]}}