{"id":145714,"date":"2017-11-19T15:22:23","date_gmt":"2017-11-19T17:22:23","guid":{"rendered":"http:\/\/franciscanos.org.br\/?p=145714"},"modified":"2019-06-12T09:22:02","modified_gmt":"2019-06-12T12:22:02","slug":"frades-almocam-com-a-populacao-de-rua-neste-domingo","status":"publish","type":"post","link":"https:\/\/franciscanos.org.br\/noticias\/frades-almocam-com-a-populacao-de-rua-neste-domingo.html","title":{"rendered":"Frades almo\u00e7am com a popula\u00e7\u00e3o de rua neste domingo"},"content":{"rendered":"<p><strong>S\u00e3o Paulo (SP)<\/strong> &#8211; O projeto social, conhecido popularmente como &#8220;Ch\u00e1 do Padre&#8221;, j\u00e1 \u00e9 uma tradi\u00e7\u00e3o nos fundos do Convento S\u00e3o Francisco em S\u00e3o Paulo. Hoje, al\u00e9m do ch\u00e1 para cerca de 350 moradores de rua, tamb\u00e9m oferece 300 almo\u00e7os, de segunda a segunda, para esta popula\u00e7\u00e3o, assim como atendimentos de psicologia, jur\u00eddico (Defensoria P\u00fablica da Uni\u00e3o) e assist\u00eancia social, tendo uma estrutura para banhos e lavanderia.<\/p>\n<p>Neste domingo, atendendo ao pedido do Papa Francisco que instituiu o 1\u00ba Dia Mundial dos Pobres, para recordar o Ano da Miseric\u00f3rdia, o guardi\u00e3o do Convento S\u00e3o Francisco, Frei M\u00e1rio Luiz Tagliari, convidou os frades de sua Fraternidade para participarem do almo\u00e7o no &#8220;Ch\u00e1 do Padre&#8221;, n\u00e3o s\u00f3 para comer, mas para servir. Os que n\u00e3o tinham atividades pastorais, atenderam ao pedido do guardi\u00e3o, assim como o Vig\u00e1rio Provincial, Frei C\u00e9sar K\u00fclkamp, que reside na Sede Provincial. Frei Diego Melo, que se reuniu com a Comiss\u00e3o de Prepara\u00e7\u00e3o para o Encontro Nacional de Juventudes, que acontecer\u00e1 no pr\u00f3ximo ano em Vila Velha, convidou os representantes desta Comiss\u00e3o &#8211; Rafael Corr\u00eaa, Frei Wellington Buarque e Juliana Caroline &#8211; para conhecerem este projeto. Frei Marcos Mello explicou aos atendidos o significado do dia institu\u00eddo pelo Papa e convidou a todos a rezar o Pai Nosso.<\/p>\n<p><img loading=\"lazy\" src=\"http:\/\/franciscanos.org.br\/wp-content\/uploads\/2017\/11\/pop_191117_1.jpg\" alt=\"pop_191117_1\" width=\"830\" height=\"454\" \/><\/p>\n<p>Para Frei M\u00e1rio, o Dia Mundial dos Pobres era urgente como chamada de aten\u00e7\u00e3o do mundo para o problema da pobreza. S\u00f3 para citar um exemplo, segundo o \u201cGuia da Fome no Mundo\u201d, entre 2004 e 2009, 55 mil pessoas perderam a vida nas guerras, mas a fome matou mais de 250 mil pessoas entre 2010 e 2012, s\u00f3 na Som\u00e1lia.<\/p>\n<p>&#8220;Quando o Papa anunciou essa data em junho, e o fez com tanta anteced\u00eancia, sem d\u00favida nenhuma era para chamar a aten\u00e7\u00e3o do mundo inteiro para a quest\u00e3o da fome, que diariamente mata e \u00e9 um problema atual num mundo dominado por um capitalismo cada vez mais selvagem, que visa o ac\u00famulo e a riqueza. Multid\u00f5es est\u00e3o ficando fora desse sistema, e o pior, passando fome, inclusive l\u00e1 bem pr\u00f3ximo do pr\u00f3prio Papa em Roma&#8221;, observou Frei M\u00e1rio, acrescentando que foi uma coincid\u00eancia e at\u00e9 um s\u00edmbolo muito forte o Papa ter institu\u00eddo esse dia em 13 de junho, na festa de Santo Ant\u00f4nio, que \u00e9 conhecido no Brasil e no mundo inteiro como o santo dos pobres ou do p\u00e3o de Santo Ant\u00f4nio para os pobres.<\/p>\n<p><img loading=\"lazy\" src=\"http:\/\/franciscanos.org.br\/wp-content\/uploads\/2017\/11\/pop_191117_2.jpg\" alt=\"pop_191117_2\" width=\"830\" height=\"443\" \/><\/p>\n<p>&#8220;O Papa n\u00e3o est\u00e1 instituindo um dia como se fosse o \u00fanico que n\u00f3s dev\u00eassemos nos preocupar com a quest\u00e3o da fome, com a quest\u00e3o da pobreza. Mas ele instituiu esse dia para dizer que o mundo deve se voltar para esta quest\u00e3o urgente: milh\u00f5es de pessoas est\u00e3o passando fome e morrendo de desnutri\u00e7\u00e3o e n\u00e3o \u00e9 poss\u00edvel que n\u00f3s, crist\u00e3os, de modo especial cat\u00f3licos &#8211; embora ele faz esse convite ao mundo inteiro, n\u00e3o apenas aos crist\u00e3os e cat\u00f3licos &#8211; n\u00e3o tenhamos consci\u00eancia de que \u00e9 o ser humano que est\u00e1 se degradando, que \u00e9 o ser humano que est\u00e1 em ru\u00ednas, exatamente pela forma de vida ego\u00edsta de conserva\u00e7\u00e3o de riqueza e consumismo&#8221;, lamentou o frade.<\/p>\n<p>Segundo Frei M\u00e1rio, o gesto prof\u00e9tico do Papa Francisco \u00e9, sem d\u00favida, evangelizador e uma catequese muito oportuna e importante para o mundo de hoje. &#8220;Diante de um pobre sofredor, abandonado e maltrapilho, temos a tenta\u00e7\u00e3o de virar o rosto. N\u00e3o d\u00e1 mais para dizer que se ama a Deus se esse amor n\u00e3o passa pelo pr\u00f3ximo e esse pr\u00f3ximo n\u00e3o \u00e9 aquele que nos d\u00e1 presentes e \u00e9 nosso amigo. Mas que esse pr\u00f3ximo seja aquele da par\u00e1bola do bom samaritano, que se fez pr\u00f3ximo daquele que estava ca\u00eddo, maltratado e machucado. Ent\u00e3o, o Papa Francisco vem chamar a aten\u00e7\u00e3o para sermos pr\u00f3ximos daqueles que est\u00e3o \u00e0 margem da vida ou nosso amor ser\u00e1 s\u00f3 de palavras&#8221;, destacou Frei M\u00e1rio.<\/p>\n<p><img loading=\"lazy\" src=\"http:\/\/franciscanos.org.br\/wp-content\/uploads\/2017\/11\/pop_191117_3.jpg\" alt=\"pop_191117_3\" width=\"830\" height=\"465\" \/><\/p>\n<p>Para Frei Diego Melo, animador vocacional da Prov\u00edncia da Imaculada, ao instituir este Dia Mundial dos Pobres, o Papa quer despertar em n\u00f3s a consci\u00eancia, a visibilidade daqueles que s\u00e3o invis\u00edveis na nossa sociedade. &#8220;E acredito muito num princ\u00edpio de que a cabe\u00e7a da gente pensa a partir de onde nossos p\u00e9s pisam&#8221;, refor\u00e7ou o frade. &#8220;Ent\u00e3o, um dia como esse, muitas vezes nos leva for\u00e7osamente at\u00e9 a incentivar que a gente se aproxime, de fato, dessa realidade, entenda um pouquinho mais, conviva e participe, porque estar no meio dos mais pobres significa assumir a dor deles, assumir a condi\u00e7\u00e3o deles, e mudar a nossa consci\u00eancia. A import\u00e2ncia de um dia como este, de uma atividade concreta &#8211; seja ela qual for &#8211; \u00e9 que ela, certamente, n\u00e3o ser\u00e1 pontual, mas vai mudar &#8211; e espero que mude &#8211; o nosso modo de pensar,\u00a0 \u00a0nosso modo de ver a realidade e que essa mudan\u00e7a dentro de n\u00f3s tamb\u00e9m nos ajude a buscarmos formas de transforma\u00e7\u00e3o e de melhorias, assim como condi\u00e7\u00f5es mais dignas para os mais pobres&#8221;, conclui Frei Diego.<\/p>\n<p><em>Moacir Beggo<\/em><\/p>\n<p><img loading=\"lazy\" src=\"http:\/\/franciscanos.org.br\/wp-content\/uploads\/2017\/11\/pop_191117_4.jpg\" alt=\"pop_191117_4\" width=\"830\" height=\"532\" \/><\/p>\n","protected":false},"excerpt":{"rendered":"<p>Dia Mundial dos Pobres<\/p>\n","protected":false},"author":1,"featured_media":205896,"comment_status":"open","ping_status":"open","sticky":false,"template":"","format":"standard","meta":[],"categories":[1],"tags":[1114],"acf":[],"yoast_head":"<!-- This site is optimized with the Yoast SEO plugin v19.2 - https:\/\/yoast.com\/wordpress\/plugins\/seo\/ -->\n<title>Frades almo\u00e7am com a popula\u00e7\u00e3o de rua neste domingo - Not\u00edcias - Franciscanos<\/title>\n<meta name=\"robots\" content=\"index, follow, max-snippet:-1, max-image-preview:large, max-video-preview:-1\" \/>\n<link rel=\"canonical\" href=\"https:\/\/franciscanos.org.br\/noticias\/frades-almocam-com-a-populacao-de-rua-neste-domingo.html\" \/>\n<meta property=\"og:locale\" content=\"pt_BR\" \/>\n<meta property=\"og:type\" content=\"article\" \/>\n<meta property=\"og:title\" content=\"Frades almo\u00e7am com a popula\u00e7\u00e3o de rua neste domingo - Not\u00edcias - Franciscanos\" \/>\n<meta property=\"og:description\" content=\"Dia Mundial dos Pobres\" \/>\n<meta property=\"og:url\" content=\"https:\/\/franciscanos.org.br\/noticias\/frades-almocam-com-a-populacao-de-rua-neste-domingo.html\" \/>\n<meta property=\"og:site_name\" content=\"Not\u00edcias - Franciscanos\" \/>\n<meta property=\"article:published_time\" content=\"2017-11-19T17:22:23+00:00\" \/>\n<meta property=\"article:modified_time\" content=\"2019-06-12T12:22:02+00:00\" \/>\n<meta property=\"og:image\" content=\"https:\/\/franciscanos.org.br\/noticias\/wp-content\/uploads\/2017\/11\/pop_191117_1.jpg\" \/>\n\t<meta property=\"og:image:width\" content=\"273\" \/>\n\t<meta property=\"og:image:height\" content=\"181\" \/>\n\t<meta property=\"og:image:type\" content=\"image\/jpeg\" \/>\n<meta name=\"author\" content=\"admin\" \/>\n<meta name=\"twitter:card\" content=\"summary_large_image\" \/>\n<meta name=\"twitter:label1\" content=\"Escrito por\" \/>\n\t<meta name=\"twitter:data1\" content=\"admin\" \/>\n\t<meta name=\"twitter:label2\" content=\"Est. tempo de leitura\" \/>\n\t<meta name=\"twitter:data2\" content=\"5 minutos\" \/>\n<script type=\"application\/ld+json\" class=\"yoast-schema-graph\">{\"@context\":\"https:\/\/schema.org\",\"@graph\":[{\"@type\":\"WebSite\",\"@id\":\"https:\/\/franciscanos.org.br\/noticias\/#website\",\"url\":\"https:\/\/franciscanos.org.br\/noticias\/\",\"name\":\"Not\u00edcias - Franciscanos\",\"description\":\"Prov\u00edncia Franciscana da Imaculada Concei\u00e7\u00e3o do Brasil - Ordem dos Frades Menores - OFM\",\"potentialAction\":[{\"@type\":\"SearchAction\",\"target\":{\"@type\":\"EntryPoint\",\"urlTemplate\":\"https:\/\/franciscanos.org.br\/noticias\/?s={search_term_string}\"},\"query-input\":\"required name=search_term_string\"}],\"inLanguage\":\"pt-BR\"},{\"@type\":\"ImageObject\",\"inLanguage\":\"pt-BR\",\"@id\":\"https:\/\/franciscanos.org.br\/noticias\/frades-almocam-com-a-populacao-de-rua-neste-domingo.html#primaryimage\",\"url\":\"https:\/\/franciscanos.org.br\/noticias\/wp-content\/uploads\/2017\/11\/pop_191117_1.jpg\",\"contentUrl\":\"https:\/\/franciscanos.org.br\/noticias\/wp-content\/uploads\/2017\/11\/pop_191117_1.jpg\",\"width\":273,\"height\":181},{\"@type\":\"WebPage\",\"@id\":\"https:\/\/franciscanos.org.br\/noticias\/frades-almocam-com-a-populacao-de-rua-neste-domingo.html#webpage\",\"url\":\"https:\/\/franciscanos.org.br\/noticias\/frades-almocam-com-a-populacao-de-rua-neste-domingo.html\",\"name\":\"Frades almo\u00e7am com a popula\u00e7\u00e3o de rua neste domingo - Not\u00edcias - Franciscanos\",\"isPartOf\":{\"@id\":\"https:\/\/franciscanos.org.br\/noticias\/#website\"},\"primaryImageOfPage\":{\"@id\":\"https:\/\/franciscanos.org.br\/noticias\/frades-almocam-com-a-populacao-de-rua-neste-domingo.html#primaryimage\"},\"datePublished\":\"2017-11-19T17:22:23+00:00\",\"dateModified\":\"2019-06-12T12:22:02+00:00\",\"author\":{\"@id\":\"https:\/\/franciscanos.org.br\/noticias\/#\/schema\/person\/b38fbf43118f02820bd932f2e4b14ad3\"},\"breadcrumb\":{\"@id\":\"https:\/\/franciscanos.org.br\/noticias\/frades-almocam-com-a-populacao-de-rua-neste-domingo.html#breadcrumb\"},\"inLanguage\":\"pt-BR\",\"potentialAction\":[{\"@type\":\"ReadAction\",\"target\":[\"https:\/\/franciscanos.org.br\/noticias\/frades-almocam-com-a-populacao-de-rua-neste-domingo.html\"]}]},{\"@type\":\"BreadcrumbList\",\"@id\":\"https:\/\/franciscanos.org.br\/noticias\/frades-almocam-com-a-populacao-de-rua-neste-domingo.html#breadcrumb\",\"itemListElement\":[{\"@type\":\"ListItem\",\"position\":1,\"name\":\"Home\",\"item\":\"https:\/\/franciscanos.org.br\/noticias\"},{\"@type\":\"ListItem\",\"position\":2,\"name\":\"Frades almo\u00e7am com a popula\u00e7\u00e3o de rua neste domingo\"}]},{\"@type\":\"Person\",\"@id\":\"https:\/\/franciscanos.org.br\/noticias\/#\/schema\/person\/b38fbf43118f02820bd932f2e4b14ad3\",\"name\":\"admin\",\"image\":{\"@type\":\"ImageObject\",\"inLanguage\":\"pt-BR\",\"@id\":\"https:\/\/franciscanos.org.br\/noticias\/#\/schema\/person\/image\/\",\"url\":\"https:\/\/secure.gravatar.com\/avatar\/e8495742d34d0ba6448ea1c628263b3e?s=96&d=mm&r=g\",\"contentUrl\":\"https:\/\/secure.gravatar.com\/avatar\/e8495742d34d0ba6448ea1c628263b3e?s=96&d=mm&r=g\",\"caption\":\"admin\"},\"url\":\"https:\/\/franciscanos.org.br\/noticias\/author\/admin\"}]}<\/script>\n<!-- \/ Yoast SEO plugin. -->","yoast_head_json":{"title":"Frades almo\u00e7am com a popula\u00e7\u00e3o de rua neste domingo - Not\u00edcias - Franciscanos","robots":{"index":"index","follow":"follow","max-snippet":"max-snippet:-1","max-image-preview":"max-image-preview:large","max-video-preview":"max-video-preview:-1"},"canonical":"https:\/\/franciscanos.org.br\/noticias\/frades-almocam-com-a-populacao-de-rua-neste-domingo.html","og_locale":"pt_BR","og_type":"article","og_title":"Frades almo\u00e7am com a popula\u00e7\u00e3o de rua neste domingo - Not\u00edcias - Franciscanos","og_description":"Dia Mundial dos Pobres","og_url":"https:\/\/franciscanos.org.br\/noticias\/frades-almocam-com-a-populacao-de-rua-neste-domingo.html","og_site_name":"Not\u00edcias - Franciscanos","article_published_time":"2017-11-19T17:22:23+00:00","article_modified_time":"2019-06-12T12:22:02+00:00","og_image":[{"width":273,"height":181,"url":"https:\/\/franciscanos.org.br\/noticias\/wp-content\/uploads\/2017\/11\/pop_191117_1.jpg","type":"image\/jpeg"}],"author":"admin","twitter_card":"summary_large_image","twitter_misc":{"Escrito por":"admin","Est. tempo de leitura":"5 minutos"},"schema":{"@context":"https:\/\/schema.org","@graph":[{"@type":"WebSite","@id":"https:\/\/franciscanos.org.br\/noticias\/#website","url":"https:\/\/franciscanos.org.br\/noticias\/","name":"Not\u00edcias - Franciscanos","description":"Prov\u00edncia Franciscana da Imaculada Concei\u00e7\u00e3o do Brasil - Ordem dos Frades Menores - OFM","potentialAction":[{"@type":"SearchAction","target":{"@type":"EntryPoint","urlTemplate":"https:\/\/franciscanos.org.br\/noticias\/?s={search_term_string}"},"query-input":"required name=search_term_string"}],"inLanguage":"pt-BR"},{"@type":"ImageObject","inLanguage":"pt-BR","@id":"https:\/\/franciscanos.org.br\/noticias\/frades-almocam-com-a-populacao-de-rua-neste-domingo.html#primaryimage","url":"https:\/\/franciscanos.org.br\/noticias\/wp-content\/uploads\/2017\/11\/pop_191117_1.jpg","contentUrl":"https:\/\/franciscanos.org.br\/noticias\/wp-content\/uploads\/2017\/11\/pop_191117_1.jpg","width":273,"height":181},{"@type":"WebPage","@id":"https:\/\/franciscanos.org.br\/noticias\/frades-almocam-com-a-populacao-de-rua-neste-domingo.html#webpage","url":"https:\/\/franciscanos.org.br\/noticias\/frades-almocam-com-a-populacao-de-rua-neste-domingo.html","name":"Frades almo\u00e7am com a popula\u00e7\u00e3o de rua neste domingo - Not\u00edcias - Franciscanos","isPartOf":{"@id":"https:\/\/franciscanos.org.br\/noticias\/#website"},"primaryImageOfPage":{"@id":"https:\/\/franciscanos.org.br\/noticias\/frades-almocam-com-a-populacao-de-rua-neste-domingo.html#primaryimage"},"datePublished":"2017-11-19T17:22:23+00:00","dateModified":"2019-06-12T12:22:02+00:00","author":{"@id":"https:\/\/franciscanos.org.br\/noticias\/#\/schema\/person\/b38fbf43118f02820bd932f2e4b14ad3"},"breadcrumb":{"@id":"https:\/\/franciscanos.org.br\/noticias\/frades-almocam-com-a-populacao-de-rua-neste-domingo.html#breadcrumb"},"inLanguage":"pt-BR","potentialAction":[{"@type":"ReadAction","target":["https:\/\/franciscanos.org.br\/noticias\/frades-almocam-com-a-populacao-de-rua-neste-domingo.html"]}]},{"@type":"BreadcrumbList","@id":"https:\/\/franciscanos.org.br\/noticias\/frades-almocam-com-a-populacao-de-rua-neste-domingo.html#breadcrumb","itemListElement":[{"@type":"ListItem","position":1,"name":"Home","item":"https:\/\/franciscanos.org.br\/noticias"},{"@type":"ListItem","position":2,"name":"Frades almo\u00e7am com a popula\u00e7\u00e3o de rua neste domingo"}]},{"@type":"Person","@id":"https:\/\/franciscanos.org.br\/noticias\/#\/schema\/person\/b38fbf43118f02820bd932f2e4b14ad3","name":"admin","image":{"@type":"ImageObject","inLanguage":"pt-BR","@id":"https:\/\/franciscanos.org.br\/noticias\/#\/schema\/person\/image\/","url":"https:\/\/secure.gravatar.com\/avatar\/e8495742d34d0ba6448ea1c628263b3e?s=96&d=mm&r=g","contentUrl":"https:\/\/secure.gravatar.com\/avatar\/e8495742d34d0ba6448ea1c628263b3e?s=96&d=mm&r=g","caption":"admin"},"url":"https:\/\/franciscanos.org.br\/noticias\/author\/admin"}]}},"_links":{"self":[{"href":"https:\/\/franciscanos.org.br\/noticias\/wp-json\/wp\/v2\/posts\/145714"}],"collection":[{"href":"https:\/\/franciscanos.org.br\/noticias\/wp-json\/wp\/v2\/posts"}],"about":[{"href":"https:\/\/franciscanos.org.br\/noticias\/wp-json\/wp\/v2\/types\/post"}],"author":[{"embeddable":true,"href":"https:\/\/franciscanos.org.br\/noticias\/wp-json\/wp\/v2\/users\/1"}],"replies":[{"embeddable":true,"href":"https:\/\/franciscanos.org.br\/noticias\/wp-json\/wp\/v2\/comments?post=145714"}],"version-history":[{"count":0,"href":"https:\/\/franciscanos.org.br\/noticias\/wp-json\/wp\/v2\/posts\/145714\/revisions"}],"wp:featuredmedia":[{"embeddable":true,"href":"https:\/\/franciscanos.org.br\/noticias\/wp-json\/wp\/v2\/media\/205896"}],"wp:attachment":[{"href":"https:\/\/franciscanos.org.br\/noticias\/wp-json\/wp\/v2\/media?parent=145714"}],"wp:term":[{"taxonomy":"category","embeddable":true,"href":"https:\/\/franciscanos.org.br\/noticias\/wp-json\/wp\/v2\/categories?post=145714"},{"taxonomy":"post_tag","embeddable":true,"href":"https:\/\/franciscanos.org.br\/noticias\/wp-json\/wp\/v2\/tags?post=145714"}],"curies":[{"name":"wp","href":"https:\/\/api.w.org\/{rel}","templated":true}]}}