{"id":145700,"date":"2017-11-19T09:21:57","date_gmt":"2017-11-19T11:21:57","guid":{"rendered":"http:\/\/franciscanos.org.br\/?p=145700"},"modified":"2020-06-08T16:27:18","modified_gmt":"2020-06-08T19:27:18","slug":"no-pobre-jesus-bate-a-porta-do-nosso-coracao","status":"publish","type":"post","link":"https:\/\/franciscanos.org.br\/noticias\/no-pobre-jesus-bate-a-porta-do-nosso-coracao.html","title":{"rendered":"&#8220;No pobre, Jesus bate \u00e0 porta do nosso cora\u00e7\u00e3o&#8221;"},"content":{"rendered":"<p><img loading=\"lazy\" src=\"http:\/\/franciscanos.org.br\/wp-content\/uploads\/2017\/11\/pobre_191117.jpg\" alt=\"pobre_191117\" width=\"830\" height=\"433\" \/><\/p>\n<p>O Papa Francisco presidiu neste domingo, 19 de novembro, a Santa Missa na Bas\u00edlica S\u00e3o Pedro por ocasi\u00e3o do <strong>1\u00ba Dia Mundial dos Pobres.<\/strong> Pr\u00f3ximo do altar, estavam os convidados do Papa: os pobres de Roma. Na sua homilia, o Papa fez refer\u00eancia ao Evangelho do dia, sobre a p\u00e1robla dos talentos, e lembrou que o pecado do servo mau foi exatamente n\u00e3o fazer nada com o talento recebido. &#8220;Deus n\u00e3o \u00e9 um controlador \u00e0 procura de bilhetes n\u00e3o timbrados; \u00e9 um Pai \u00e0 procura de filhos, a quem confiar os seus bens e os seus projetos (cf. 25, 14). E \u00e9 triste, quando o Pai do amor n\u00e3o recebe uma generosa resposta de amor dos filhos, que se limitam a respeitar as regras, a cumprir os mandamentos, como jornaleiros na casa do Pai (cf. Lc 15, 17)&#8221;, disse o Papa.<\/p>\n<p>Segundo o Papa, a omiss\u00e3o \u00e9 tamb\u00e9m o grande pecado contra os pobres. &#8220;Aqui assume um nome preciso: indiferen\u00e7a&#8221;, disse. Assim como o servo mau, n\u00e3o fazemos nada. &#8220;\u00c9 passar ao largo quando o irm\u00e3o est\u00e1 em necessidade, \u00e9 mudar de canal, logo que um problema s\u00e9rio nos indisp\u00f5e, \u00e9 tamb\u00e9m indignar-se com o mal mas sem fazer nada&#8221;, lamentou o Papa.<\/p>\n<p>A celebra\u00e7\u00e3o, na Bas\u00edlica de S\u00e3o Pedro, a participa\u00e7\u00e3o de 4 mil pessoas entre pobres e necessitados, acompanhados por associa\u00e7\u00f5es de volunt\u00e1rios provenientes n\u00e3o somente de Roma e da regi\u00e3o do L\u00e1cio, mas tamb\u00e9m de v\u00e1rias dioceses do mundo.<\/p>\n<p>Institu\u00eddo pelo Papa Francisco na conclus\u00e3o do Ano Santo extraordin\u00e1rio da Miseric\u00f3rdia, este Dia quer ser sinal concreto do Ano Jubilar, que se celebra no XXXIII Domingo do Tempo Comum.<\/p>\n<p><img loading=\"lazy\" src=\"http:\/\/franciscanos.org.br\/wp-content\/uploads\/2017\/11\/pobre_191117_1.jpg\" alt=\"pobre_191117_1\" width=\"830\" height=\"481\" \/><\/p>\n<p><strong>LEIA A HOMILIA DESTE DIA NA \u00cdNTEGRA<\/strong><\/p>\n<p>Temos a alegria de repartir o p\u00e3o da Palavra e, em breve, de repartir e receber o P\u00e3o eucar\u00edstico, alimentos para o caminho da vida. Deles precisamos todos n\u00f3s, ningu\u00e9m excluso, porque todos somos mendigos do essencial, do amor de Deus, que nos d\u00e1 o sentido da vida e uma vida sem fim. Por isso, tamb\u00e9m hoje, estendemos a m\u00e3o para Ele a fim de receber os seus dons.<\/p>\n<p>E, precisamente de dons, nos fala a par\u00e1bola do Evangelho. Diz-nos que somos destinat\u00e1rios dos talentos de Deus, \u00abcada qual conforme a sua capacidade\u00bb (Mt 25, 15). Antes de mais nada, reconhe\u00e7amos isto: temos talentos, somos \u00abtalentosos\u00bb aos olhos de Deus. Por isso, ningu\u00e9m pode considerar-se in\u00fatil, ningu\u00e9m pode dizer-se t\u00e3o pobre que n\u00e3o possua algo para dar aos outros. Somos eleitos e aben\u00e7oados por Deus, que deseja cumular-nos dos seus dons, mais do que um pai e uma m\u00e3e o desejam fazer aos seus filhos. E Deus, aos olhos de Quem nenhum filho pode ser descartado, confia uma miss\u00e3o a cada um.<\/p>\n<p><img loading=\"lazy\" src=\"http:\/\/franciscanos.org.br\/wp-content\/uploads\/2017\/11\/pobre_191117_3.jpg\" alt=\"pobre_191117_3\" width=\"830\" height=\"385\" \/><\/p>\n<p>De fato, como Pai amoroso e exigente que \u00e9, responsabiliza-nos. Vemos, na par\u00e1bola, que a cada servo s\u00e3o dados talentos para os multiplicar. Mas enquanto os dois primeiros realizam a miss\u00e3o, o terceiro servo n\u00e3o faz render os talentos; restitui apenas o que recebera: \u00abCom medo \u2013 diz ele \u2013, fui esconder o teu talento na terra. Aqui est\u00e1 o que te pertence\u00bb (25, 25). Como resposta, este servo recebe palavras duras: \u00abmau e pregui\u00e7oso\u00bb (25, 26). Nele, que desagradou ao Senhor? Diria, numa palavra (talvez ca\u00edda um pouco em desuso mas muito atual), a omiss\u00e3o. O seu mal foi o de n\u00e3o fazer o bem. Muitas vezes tamb\u00e9m nos parece n\u00e3o ter feito nada de mal e com isso nos contentamos, presumindo que somos bons e justos. Assim, por\u00e9m, corremos o risco de nos comportar como o servo mau: tamb\u00e9m ele n\u00e3o fez nada de mal, n\u00e3o estragou o talento, antes guardou-o bem na terra. Mas, n\u00e3o fazer nada de mal, n\u00e3o basta. Porque Deus n\u00e3o \u00e9 um controlador \u00e0 procura de bilhetes n\u00e3o timbrados; \u00e9 um Pai \u00e0 procura de filhos, a quem confiar os seus bens e os seus projetos (cf. 25, 14). E \u00e9 triste, quando o Pai do amor n\u00e3o recebe uma generosa resposta de amor dos filhos, que se limitam a respeitar as regras, a cumprir os mandamentos, como jornaleiros na casa do Pai (cf. Lc 15, 17).<\/p>\n<p><img loading=\"lazy\" class=\"alignleft size-full wp-image-145704\" src=\"http:\/\/franciscanos.org.br\/wp-content\/uploads\/2017\/11\/pobre_191117_4.jpg\" alt=\"pobre_191117_4\" width=\"431\" height=\"746\" \/>O servo mau, uma vez recebido o talento do Senhor que gosta de partilhar e multiplicar os dons, guardou-o zelosamente, contentou-se com salvaguard\u00e1-lo; ora n\u00e3o \u00e9 fiel a Deus quem se preocupa apenas de conservar, de manter os tesouros do passado, mas, como diz a par\u00e1bola, aquele que junta novos talentos \u00e9 que \u00e9 verdadeiramente \u00abfiel\u00bb (25, 21.23), porque tem a mesma mentalidade de Deus e n\u00e3o fica im\u00f3vel: arrisca por amor, joga a vida pelos outros, n\u00e3o aceita deixar tudo como est\u00e1. Descuida s\u00f3 uma coisa: o pr\u00f3prio interesse. Esta \u00e9 a \u00fanica omiss\u00e3o justa.<\/p>\n<p>E a omiss\u00e3o \u00e9 tamb\u00e9m o grande pecado contra os pobres. Aqui assume um nome preciso: indiferen\u00e7a. Esta \u00e9 dizer: \u00abN\u00e3o me diz respeito, n\u00e3o \u00e9 problema meu, \u00e9 culpa da sociedade\u00bb. \u00c9 passar ao largo quando o irm\u00e3o est\u00e1 em necessidade, \u00e9 mudar de canal, logo que um problema s\u00e9rio nos indisp\u00f5e, \u00e9 tamb\u00e9m indignar-se com o mal mas sem fazer nada. Deus, por\u00e9m, n\u00e3o nos perguntar\u00e1 se sentimos justa indigna\u00e7\u00e3o, mas se fizemos o bem.<\/p>\n<p>Como podemos ent\u00e3o, concretamente, agradar a Deus? Quando se quer agradar a uma pessoa querida, por exemplo dando-lhe uma prenda, \u00e9 preciso primeiro conhecer os seus gostos, para evitar que a prenda seja mais do agrado de quem a d\u00e1 do que da pessoa que a recebe. Quando queremos oferecer algo ao Senhor, os seus gostos encontramo-los no Evangelho. Logo a seguir ao texto que ouvimos hoje, Ele diz: \u00abSempre que fizestes isto a um destes meus irm\u00e3os mais pequeninos, a Mim mesmo o fizestes\u00bb (Mt 25, 40). Estes irm\u00e3os mais pequeninos, seus prediletos, s\u00e3o o faminto e o doente, o forasteiro e o recluso, o pobre e o abandonado, o doente sem ajuda e o necessitado descartado. Nos seus rostos, podemos imaginar impresso o rosto d\u2019Ele; nos seus l\u00e1bios, mesmo se fechados pela dor, as palavras d\u2019Ele: \u00abIsto \u00e9 o meu corpo\u00bb (Mt 26, 26).<\/p>\n<p>No pobre, Jesus bate \u00e0 porta do nosso cora\u00e7\u00e3o e, sedento, pede-nos amor. Quando vencemos a indiferen\u00e7a e, em nome de Jesus, nos gastamos pelos seus irm\u00e3os mais pequeninos, somos seus amigos bons e fi\u00e9is, com quem Ele gosta de Se demorar. Deus tem em grande apre\u00e7o, Ele aprecia o comportamento que ouvimos na primeira Leitura: o da \u00abmulher forte\u00bb que \u00abestende os bra\u00e7os ao infeliz, e abre a m\u00e3o ao indigente\u00bb (Prv 31, 10.20). Esta \u00e9 a verdadeira fortaleza: n\u00e3o punhos cerrados e bra\u00e7os cruzados, mas m\u00e3os operosas e estendidas aos pobres, \u00e0 carne ferida do Senhor.<\/p>\n<p>L\u00e1, nos pobres, manifesta-se a presen\u00e7a de Jesus, que, sendo rico, Se fez pobre (cf. 2 Cor 8, 9). Por isso neles, na sua fragilidade, h\u00e1 uma \u00abfor\u00e7a salv\u00edfica\u00bb. E, se aos olhos do mundo t\u00eam pouco valor, s\u00e3o eles que nos abrem o caminho para o C\u00e9u, s\u00e3o o nosso \u00abpassaporte para o para\u00edso\u00bb. Para n\u00f3s, \u00e9 um dever evang\u00e9lico cuidar deles, que s\u00e3o a nossa verdadeira riqueza; e faz\u00ea-lo n\u00e3o s\u00f3 dando p\u00e3o, mas tamb\u00e9m repartindo com eles o p\u00e3o da Palavra, do qual s\u00e3o os destinat\u00e1rios mais naturais. Amar o pobre significa lutar contra todas as pobrezas, espirituais e materiais.<\/p>\n<p><img loading=\"lazy\" src=\"http:\/\/franciscanos.org.br\/wp-content\/uploads\/2017\/11\/pobre_191117_5.jpg\" alt=\"pobre_191117_5\" width=\"830\" height=\"499\" \/><\/p>\n<p>E isto far-nos-\u00e1 bem: abeirar-nos de quem \u00e9 mais pobre do que n\u00f3s, tocar\u00e1 a nossa vida. Lembrar-nos-\u00e1 aquilo que conta verdadeiramente: amar a Deus e ao pr\u00f3ximo. S\u00f3 isto dura para sempre, tudo o resto passa; por isso, o que investimos em amor permanece, o resto desaparece. Hoje podemos perguntar-nos: \u00abPara mim, o que conta na vida? Onde invisto?\u00bb Na riqueza que passa, da qual o mundo nunca se sacia, ou na riqueza de Deus, que d\u00e1 a vida eterna? Diante de n\u00f3s, est\u00e1 esta escolha: viver para ter na terra ou dar para ganhar o C\u00e9u. Com efeito, para o C\u00e9u, n\u00e3o vale o que se tem, mas o que se d\u00e1, e \u00abquem amontoa para si n\u00e3o \u00e9 rico em rela\u00e7\u00e3o a Deus\u00bb (cf. Lc 12, 21). Ent\u00e3o n\u00e3o busquemos o sup\u00e9rfluo para n\u00f3s, mas o bem para os outros, e nada de precioso nos faltar\u00e1. O Senhor, que tem compaix\u00e3o das nossas pobrezas e nos reveste dos seus talentos, nos conceda a sabedoria de procurar o que conta e a coragem de amar, n\u00e3o com palavras, mas com obras.<\/p>\n<p><img loading=\"lazy\" src=\"http:\/\/franciscanos.org.br\/wp-content\/uploads\/2017\/11\/pobre_191117_2.jpg\" alt=\"pobre_191117_2\" width=\"830\" height=\"470\" \/><\/p>\n<p><strong>ANGELUS<\/strong><\/p>\n<p>Para seguir adiante e crescer no caminho da vida \u00e9 preciso n\u00e3o ter medo: \u00e9 preciso ter confian\u00e7a. Foi a exorta\u00e7\u00e3o do Santo Padre no Angelus, ao meio-dia deste domingo (19\/11), 1\u00ba Dia Mundial dos Pobres. O Papa partiu do Evangelho dominical (Mt 25,14-30), que nos traz a par\u00e1bola dos talentos, para convidar-nos a n\u00e3o desperdi\u00e7ar os dons que Deus nos deu.<\/p>\n<p><strong>Muitas vezes o medo leva a escolhas equivocadas<\/strong><br \/>\nReferindo-se ao comportamento do terceiro servo que por medo de seu senhor enterrou o talento que lhe fora confiado, ressaltou que este servo n\u00e3o tem com seu patr\u00e3o uma rela\u00e7\u00e3o de confian\u00e7a, mas de medo dele, e isso o paralisa. O medo imobiliza sempre e muitas vezes leva a escolhas equivocadas. Francisco afirmou que esta par\u00e1bola nos faz entender como \u00e9 importante ter uma ideia verdadeira de Deus.<\/p>\n<p>\u201cN\u00e3o devemos pensar que Ele seja Senhor inclemente, duro e severo que quer nos punir. Se dentro de n\u00f3s h\u00e1 esta imagem equivocada de Deus, ent\u00e3o nossa vida n\u00e3o poder\u00e1 ser fecunda, porque viveremos no medo e isso n\u00e3o nos levar\u00e1 a nada de bom. Somos chamados a refletir para descobrir qual \u00e9 verdadeiramente nossa ideia de Deus.\u201d<\/p>\n<p><strong>Deus misericordioso e piedoso, lento na ira e grande no amor e na fidelidade<\/strong><br \/>\nJ\u00e1 no Antigo Testamento ele se revelou como \u201cDeus misericordioso e compassivo, lento \u00e0 ira e rico de amor e de fidelidade\u201d , lembrou o Pont\u00edfice. E Jesus sempre nos mostrou que Deus n\u00e3o \u00e9 um Senhor severo e intolerante, mas um Pai repleto de amor, de ternura, um Pai cheio de bondade. Portanto, podemos e devemos ter uma imensa confian\u00e7a n\u2019Ele\u201d, acrescentou.<\/p>\n<p>\u201cJesus nos mostra a generosidade e a solicitude do Pai em muitos modos: com a sua palavra, com seus gestos, com seu acolhimento a todos, especialmente para com os pecadores, os pequenos e os pobres \u2013 como hoje nos recorda tamb\u00e9m o 1\u00ba dia Mundial dos Pobres \u2013; mas tamb\u00e9m com suas advert\u00eancias, que revelam seu interesse a fim de que n\u00e3o desperdicemos inutilmente nossa vida. Efetivamente, \u00e9 sinal de que Deus tem grande estima por n\u00f3s: essa consci\u00eancia nos ajuda a ser pessoas respons\u00e1veis em toda nossa a\u00e7\u00e3o.\u201d<\/p>\n<p><img loading=\"lazy\" src=\"http:\/\/franciscanos.org.br\/wp-content\/uploads\/2017\/11\/pobre_191117_7.jpg\" alt=\"pobre_191117_7\" width=\"830\" height=\"437\" \/><\/p>\n<p><strong>Chamado a uma responsabilidade pessoal e a uma fidelidade<\/strong><br \/>\nPortanto, a par\u00e1bola dos talentos nos chama a uma responsabilidade pessoal e a uma fidelidade que se torna tamb\u00e9m capaz de colocar-nos novamente a caminho em novas estradas, sem \u201centerrar o talento\u201d, ou seja, os dons que Deus nos confiou, e dos quais nos pedir\u00e1 conta, acrescentou.<\/p>\n<p>Ap\u00f3s a ora\u00e7\u00e3o mariana, o Papa lembrou aos presentes na Pra\u00e7a S\u00e3o Pedro que este s\u00e1bado foi proclamado Beato em Detroit, nos EUA, Francisco Solano, sacerdote da Ordem dos Frades Menores Capuchinhos.<\/p>\n<p>\u201cHumilde e fiel disc\u00edpulo de Cristo, distinguiu-se por um incans\u00e1vel servi\u00e7o aos pobres. Seu testemunho ajude sacerdotes, religiosos e leigos a viver com alegria a uni\u00e3o entre an\u00fancio do Evangelho e amor aos pobres\u201d, frisou Francisco.<\/p>\n<p>\u201cFoi o que quisemos evocar com o Dia Mundial dos Pobres, celebrado este domingo, que em Roma e nas dioceses do mundo se expressa em muitas iniciativas de ora\u00e7\u00e3o e de partilha. Fa\u00e7o votos de que os pobres estejam no centro de nossas comunidades n\u00e3o somente em momentos como este, mas sempre; porque eles est\u00e3o no cora\u00e7\u00e3o do Evangelho, neles encontramos Jesus que nos fala e nos interpela atrav\u00e9s de seus sofrimento se de suas necessidades.\u201d<\/p>\n<p><strong>Apelo \u00e0 comunidade internacional em favor da paz no Oriente M\u00e9dio<\/strong><br \/>\nFrancisco recordou tamb\u00e9m as popula\u00e7\u00f5es que vivem uma dolorosa pobreza por causa da guerra e dos conflitos, renovando \u00e0 comunidade internacional um veemente apelo a fazer todo esfor\u00e7o poss\u00edvel em favor da paz, em particular no Oriente M\u00e9dio.<\/p>\n<p>\u201cDirijo um pensamento especial ao querido povo liban\u00eas e rezo pela estabilidade do pa\u00eds, a fim de que possa continuar sendo uma \u2018mensagem\u2019 de respeito e conviv\u00eancia para toda a regi\u00e3o e para o mundo inteiro\u201d, afirmou ainda.<\/p>\n<p>\u201cRezo tamb\u00e9m pelos homens, as pessoas da tripula\u00e7\u00e3o do submarino militar argentino desaparecido\u201d, acrescentou o Pont\u00edfice recordando por fim, este domingo, o Dia de recorda\u00e7\u00e3o das v\u00edtimas das estradas, institu\u00eddo pela Onu, exortando os motoristas \u00e0 prud\u00eancia e ao respeito pelas normas de tr\u00e2nsito, qual primeira forma de tutela para si e para os outros.<\/p>\n<p><strong>CARDEAL S\u00c9RGIO SER\u00c1 RELATOR DO S\u00cdNODO<\/strong><\/p>\n<p>O Conselho da Secretaria do S\u00ednodo dos Bispos reuniu-se esta quinta e sexta-feira, 16 e 17 de novembro, no Vaticano, informa um comunicado da Sala de Imprensa da Santa S\u00e9. Ao t\u00e9rmino do encontro o Santo Padre anunciou a nomea\u00e7\u00e3o do Relator Geral na pessoa do arcebispo de Bras\u00edlia e presidente da Confer\u00eancia Nacional dos Bispos do Brasil (CNBB), Cardeal S\u00e9rgio da Rocha, e dos Secret\u00e1rios Especiais nas pessoas do Rev. Pe. Giacomo Costa, S.J. e Pe. Rossano Sala, S.D.B. para a pr\u00f3xima Assembleia Geral Ordin\u00e1ria do S\u00ednodo, a realizar-se no Vaticano de 3 a 28 de outubro de 2018, l\u00ea-se ainda no comunicado.<\/p>\n<hr \/>\n<p><em>Fonte: Vatican News<\/em><\/p>\n","protected":false},"excerpt":{"rendered":"<p>Dia Mundial dos Pobres<\/p>\n","protected":false},"author":1,"featured_media":199647,"comment_status":"open","ping_status":"open","sticky":false,"template":"","format":"standard","meta":[],"categories":[1428],"tags":[1114],"acf":[],"yoast_head":"<!-- This site is optimized with the Yoast SEO plugin v19.2 - https:\/\/yoast.com\/wordpress\/plugins\/seo\/ -->\n<title>&quot;No pobre, Jesus bate \u00e0 porta do nosso cora\u00e7\u00e3o&quot; - Not\u00edcias - Franciscanos<\/title>\n<meta name=\"robots\" content=\"index, follow, max-snippet:-1, max-image-preview:large, max-video-preview:-1\" \/>\n<link rel=\"canonical\" href=\"https:\/\/franciscanos.org.br\/noticias\/no-pobre-jesus-bate-a-porta-do-nosso-coracao.html\" \/>\n<meta property=\"og:locale\" content=\"pt_BR\" \/>\n<meta property=\"og:type\" content=\"article\" \/>\n<meta property=\"og:title\" content=\"&quot;No pobre, Jesus bate \u00e0 porta do nosso cora\u00e7\u00e3o&quot; - Not\u00edcias - Franciscanos\" \/>\n<meta property=\"og:description\" content=\"Dia Mundial dos Pobres\" \/>\n<meta property=\"og:url\" content=\"https:\/\/franciscanos.org.br\/noticias\/no-pobre-jesus-bate-a-porta-do-nosso-coracao.html\" \/>\n<meta property=\"og:site_name\" content=\"Not\u00edcias - Franciscanos\" \/>\n<meta property=\"article:published_time\" content=\"2017-11-19T11:21:57+00:00\" \/>\n<meta property=\"article:modified_time\" content=\"2020-06-08T19:27:18+00:00\" \/>\n<meta property=\"og:image\" content=\"https:\/\/franciscanos.org.br\/noticias\/wp-content\/uploads\/2017\/11\/pobre_191117.jpg\" \/>\n\t<meta property=\"og:image:width\" content=\"273\" \/>\n\t<meta property=\"og:image:height\" content=\"181\" \/>\n\t<meta property=\"og:image:type\" content=\"image\/jpeg\" \/>\n<meta name=\"author\" content=\"admin\" \/>\n<meta name=\"twitter:card\" content=\"summary_large_image\" \/>\n<meta name=\"twitter:label1\" content=\"Escrito por\" \/>\n\t<meta name=\"twitter:data1\" content=\"admin\" \/>\n\t<meta name=\"twitter:label2\" content=\"Est. tempo de leitura\" \/>\n\t<meta name=\"twitter:data2\" content=\"12 minutos\" \/>\n<script type=\"application\/ld+json\" class=\"yoast-schema-graph\">{\"@context\":\"https:\/\/schema.org\",\"@graph\":[{\"@type\":\"WebSite\",\"@id\":\"https:\/\/franciscanos.org.br\/noticias\/#website\",\"url\":\"https:\/\/franciscanos.org.br\/noticias\/\",\"name\":\"Not\u00edcias - Franciscanos\",\"description\":\"Prov\u00edncia Franciscana da Imaculada Concei\u00e7\u00e3o do Brasil - Ordem dos Frades Menores - OFM\",\"potentialAction\":[{\"@type\":\"SearchAction\",\"target\":{\"@type\":\"EntryPoint\",\"urlTemplate\":\"https:\/\/franciscanos.org.br\/noticias\/?s={search_term_string}\"},\"query-input\":\"required name=search_term_string\"}],\"inLanguage\":\"pt-BR\"},{\"@type\":\"ImageObject\",\"inLanguage\":\"pt-BR\",\"@id\":\"https:\/\/franciscanos.org.br\/noticias\/no-pobre-jesus-bate-a-porta-do-nosso-coracao.html#primaryimage\",\"url\":\"https:\/\/franciscanos.org.br\/noticias\/wp-content\/uploads\/2017\/11\/pobre_191117.jpg\",\"contentUrl\":\"https:\/\/franciscanos.org.br\/noticias\/wp-content\/uploads\/2017\/11\/pobre_191117.jpg\",\"width\":273,\"height\":181},{\"@type\":\"WebPage\",\"@id\":\"https:\/\/franciscanos.org.br\/noticias\/no-pobre-jesus-bate-a-porta-do-nosso-coracao.html#webpage\",\"url\":\"https:\/\/franciscanos.org.br\/noticias\/no-pobre-jesus-bate-a-porta-do-nosso-coracao.html\",\"name\":\"\\\"No pobre, Jesus bate \u00e0 porta do nosso cora\u00e7\u00e3o\\\" - Not\u00edcias - Franciscanos\",\"isPartOf\":{\"@id\":\"https:\/\/franciscanos.org.br\/noticias\/#website\"},\"primaryImageOfPage\":{\"@id\":\"https:\/\/franciscanos.org.br\/noticias\/no-pobre-jesus-bate-a-porta-do-nosso-coracao.html#primaryimage\"},\"datePublished\":\"2017-11-19T11:21:57+00:00\",\"dateModified\":\"2020-06-08T19:27:18+00:00\",\"author\":{\"@id\":\"https:\/\/franciscanos.org.br\/noticias\/#\/schema\/person\/b38fbf43118f02820bd932f2e4b14ad3\"},\"breadcrumb\":{\"@id\":\"https:\/\/franciscanos.org.br\/noticias\/no-pobre-jesus-bate-a-porta-do-nosso-coracao.html#breadcrumb\"},\"inLanguage\":\"pt-BR\",\"potentialAction\":[{\"@type\":\"ReadAction\",\"target\":[\"https:\/\/franciscanos.org.br\/noticias\/no-pobre-jesus-bate-a-porta-do-nosso-coracao.html\"]}]},{\"@type\":\"BreadcrumbList\",\"@id\":\"https:\/\/franciscanos.org.br\/noticias\/no-pobre-jesus-bate-a-porta-do-nosso-coracao.html#breadcrumb\",\"itemListElement\":[{\"@type\":\"ListItem\",\"position\":1,\"name\":\"Home\",\"item\":\"https:\/\/franciscanos.org.br\/noticias\"},{\"@type\":\"ListItem\",\"position\":2,\"name\":\"&#8220;No pobre, Jesus bate \u00e0 porta do nosso cora\u00e7\u00e3o&#8221;\"}]},{\"@type\":\"Person\",\"@id\":\"https:\/\/franciscanos.org.br\/noticias\/#\/schema\/person\/b38fbf43118f02820bd932f2e4b14ad3\",\"name\":\"admin\",\"image\":{\"@type\":\"ImageObject\",\"inLanguage\":\"pt-BR\",\"@id\":\"https:\/\/franciscanos.org.br\/noticias\/#\/schema\/person\/image\/\",\"url\":\"https:\/\/secure.gravatar.com\/avatar\/e8495742d34d0ba6448ea1c628263b3e?s=96&d=mm&r=g\",\"contentUrl\":\"https:\/\/secure.gravatar.com\/avatar\/e8495742d34d0ba6448ea1c628263b3e?s=96&d=mm&r=g\",\"caption\":\"admin\"},\"url\":\"https:\/\/franciscanos.org.br\/noticias\/author\/admin\"}]}<\/script>\n<!-- \/ Yoast SEO plugin. -->","yoast_head_json":{"title":"\"No pobre, Jesus bate \u00e0 porta do nosso cora\u00e7\u00e3o\" - Not\u00edcias - Franciscanos","robots":{"index":"index","follow":"follow","max-snippet":"max-snippet:-1","max-image-preview":"max-image-preview:large","max-video-preview":"max-video-preview:-1"},"canonical":"https:\/\/franciscanos.org.br\/noticias\/no-pobre-jesus-bate-a-porta-do-nosso-coracao.html","og_locale":"pt_BR","og_type":"article","og_title":"\"No pobre, Jesus bate \u00e0 porta do nosso cora\u00e7\u00e3o\" - Not\u00edcias - Franciscanos","og_description":"Dia Mundial dos Pobres","og_url":"https:\/\/franciscanos.org.br\/noticias\/no-pobre-jesus-bate-a-porta-do-nosso-coracao.html","og_site_name":"Not\u00edcias - Franciscanos","article_published_time":"2017-11-19T11:21:57+00:00","article_modified_time":"2020-06-08T19:27:18+00:00","og_image":[{"width":273,"height":181,"url":"https:\/\/franciscanos.org.br\/noticias\/wp-content\/uploads\/2017\/11\/pobre_191117.jpg","type":"image\/jpeg"}],"author":"admin","twitter_card":"summary_large_image","twitter_misc":{"Escrito por":"admin","Est. tempo de leitura":"12 minutos"},"schema":{"@context":"https:\/\/schema.org","@graph":[{"@type":"WebSite","@id":"https:\/\/franciscanos.org.br\/noticias\/#website","url":"https:\/\/franciscanos.org.br\/noticias\/","name":"Not\u00edcias - Franciscanos","description":"Prov\u00edncia Franciscana da Imaculada Concei\u00e7\u00e3o do Brasil - Ordem dos Frades Menores - OFM","potentialAction":[{"@type":"SearchAction","target":{"@type":"EntryPoint","urlTemplate":"https:\/\/franciscanos.org.br\/noticias\/?s={search_term_string}"},"query-input":"required name=search_term_string"}],"inLanguage":"pt-BR"},{"@type":"ImageObject","inLanguage":"pt-BR","@id":"https:\/\/franciscanos.org.br\/noticias\/no-pobre-jesus-bate-a-porta-do-nosso-coracao.html#primaryimage","url":"https:\/\/franciscanos.org.br\/noticias\/wp-content\/uploads\/2017\/11\/pobre_191117.jpg","contentUrl":"https:\/\/franciscanos.org.br\/noticias\/wp-content\/uploads\/2017\/11\/pobre_191117.jpg","width":273,"height":181},{"@type":"WebPage","@id":"https:\/\/franciscanos.org.br\/noticias\/no-pobre-jesus-bate-a-porta-do-nosso-coracao.html#webpage","url":"https:\/\/franciscanos.org.br\/noticias\/no-pobre-jesus-bate-a-porta-do-nosso-coracao.html","name":"\"No pobre, Jesus bate \u00e0 porta do nosso cora\u00e7\u00e3o\" - Not\u00edcias - Franciscanos","isPartOf":{"@id":"https:\/\/franciscanos.org.br\/noticias\/#website"},"primaryImageOfPage":{"@id":"https:\/\/franciscanos.org.br\/noticias\/no-pobre-jesus-bate-a-porta-do-nosso-coracao.html#primaryimage"},"datePublished":"2017-11-19T11:21:57+00:00","dateModified":"2020-06-08T19:27:18+00:00","author":{"@id":"https:\/\/franciscanos.org.br\/noticias\/#\/schema\/person\/b38fbf43118f02820bd932f2e4b14ad3"},"breadcrumb":{"@id":"https:\/\/franciscanos.org.br\/noticias\/no-pobre-jesus-bate-a-porta-do-nosso-coracao.html#breadcrumb"},"inLanguage":"pt-BR","potentialAction":[{"@type":"ReadAction","target":["https:\/\/franciscanos.org.br\/noticias\/no-pobre-jesus-bate-a-porta-do-nosso-coracao.html"]}]},{"@type":"BreadcrumbList","@id":"https:\/\/franciscanos.org.br\/noticias\/no-pobre-jesus-bate-a-porta-do-nosso-coracao.html#breadcrumb","itemListElement":[{"@type":"ListItem","position":1,"name":"Home","item":"https:\/\/franciscanos.org.br\/noticias"},{"@type":"ListItem","position":2,"name":"&#8220;No pobre, Jesus bate \u00e0 porta do nosso cora\u00e7\u00e3o&#8221;"}]},{"@type":"Person","@id":"https:\/\/franciscanos.org.br\/noticias\/#\/schema\/person\/b38fbf43118f02820bd932f2e4b14ad3","name":"admin","image":{"@type":"ImageObject","inLanguage":"pt-BR","@id":"https:\/\/franciscanos.org.br\/noticias\/#\/schema\/person\/image\/","url":"https:\/\/secure.gravatar.com\/avatar\/e8495742d34d0ba6448ea1c628263b3e?s=96&d=mm&r=g","contentUrl":"https:\/\/secure.gravatar.com\/avatar\/e8495742d34d0ba6448ea1c628263b3e?s=96&d=mm&r=g","caption":"admin"},"url":"https:\/\/franciscanos.org.br\/noticias\/author\/admin"}]}},"_links":{"self":[{"href":"https:\/\/franciscanos.org.br\/noticias\/wp-json\/wp\/v2\/posts\/145700"}],"collection":[{"href":"https:\/\/franciscanos.org.br\/noticias\/wp-json\/wp\/v2\/posts"}],"about":[{"href":"https:\/\/franciscanos.org.br\/noticias\/wp-json\/wp\/v2\/types\/post"}],"author":[{"embeddable":true,"href":"https:\/\/franciscanos.org.br\/noticias\/wp-json\/wp\/v2\/users\/1"}],"replies":[{"embeddable":true,"href":"https:\/\/franciscanos.org.br\/noticias\/wp-json\/wp\/v2\/comments?post=145700"}],"version-history":[{"count":1,"href":"https:\/\/franciscanos.org.br\/noticias\/wp-json\/wp\/v2\/posts\/145700\/revisions"}],"predecessor-version":[{"id":225193,"href":"https:\/\/franciscanos.org.br\/noticias\/wp-json\/wp\/v2\/posts\/145700\/revisions\/225193"}],"wp:featuredmedia":[{"embeddable":true,"href":"https:\/\/franciscanos.org.br\/noticias\/wp-json\/wp\/v2\/media\/199647"}],"wp:attachment":[{"href":"https:\/\/franciscanos.org.br\/noticias\/wp-json\/wp\/v2\/media?parent=145700"}],"wp:term":[{"taxonomy":"category","embeddable":true,"href":"https:\/\/franciscanos.org.br\/noticias\/wp-json\/wp\/v2\/categories?post=145700"},{"taxonomy":"post_tag","embeddable":true,"href":"https:\/\/franciscanos.org.br\/noticias\/wp-json\/wp\/v2\/tags?post=145700"}],"curies":[{"name":"wp","href":"https:\/\/api.w.org\/{rel}","templated":true}]}}