{"id":145685,"date":"2017-11-17T09:07:08","date_gmt":"2017-11-17T11:07:08","guid":{"rendered":"http:\/\/franciscanos.org.br\/?p=145685"},"modified":"2020-06-08T16:28:04","modified_gmt":"2020-06-08T19:28:04","slug":"pensar-na-morte-nao-e-uma-fantasia-ruim-e-uma-realidade","status":"publish","type":"post","link":"https:\/\/franciscanos.org.br\/noticias\/pensar-na-morte-nao-e-uma-fantasia-ruim-e-uma-realidade.html","title":{"rendered":"\u201cPensar na morte n\u00e3o \u00e9 uma fantasia ruim, \u00e9 uma realidade&#8221;"},"content":{"rendered":"<p><img loading=\"lazy\" src=\"http:\/\/franciscanos.org.br\/wp-content\/uploads\/2017\/11\/papa_171117.jpg\" alt=\"papa_171117\" width=\"820\" height=\"488\" \/><\/p>\n<p><strong>Cidade do Vaticano<\/strong> &#8211; Refletir sobre o fim do mundo e tamb\u00e9m sobre o fim de cada um de n\u00f3s: \u00e9 o convite que a Igreja nos faz atrav\u00e9s do trecho evang\u00e9lico de Lucas, comentado pelo Papa na homilia da missa matutina, na Casa Santa Marta.\u00a0O trecho narra a vida normal dos homens e mulheres antes do dil\u00favio universal e nos dias de Lot: comiam, bebiam, compravam, vendiam, se casavam&#8230; mas depois, como um trov\u00e3o, chega o dia da manifesta\u00e7\u00e3o do Filho do homem&#8230; e as coisas mudam.<\/p>\n<p>A Igreja, que \u00e9 m\u00e3e \u2013 diz o Papa na homilia \u2013 quer que cada um de n\u00f3s pense em sua pr\u00f3pria morte. Todos n\u00f3s estamos acostumados \u00e0 normalidade da vida: hor\u00e1rios, compromissos, trabalho, momentos de descanso&#8230; e pensamos que ser\u00e1 sempre assim. Mas um dia, prossegue Francisco, Jesus chamar\u00e1 e nos dir\u00e1: \u2018Vem!\u2019 Para alguns, este chamado ser\u00e1 repentino, para outros, vir\u00e1 depois de uma longa doen\u00e7a; n\u00e3o sabemos.<\/p>\n<p>No entanto, repete o Papa, \u201cO chamado vir\u00e1!\u201d. E ser\u00e1 uma surpresa, mas depois, vir\u00e1 ainda outra surpresa do Senhor: a vida eterna. Por isso, \u201ca Igreja nestes dias nos diz: pare um pouco, pare e pense na morte\u201d. O Papa Francisco descreve o que acontece normalmente: at\u00e9 participar do vel\u00f3rio ou ir ao cemit\u00e9rio se torna um evento social. Vai-se, fala-se com os outros e em alguns casos, at\u00e9 se come e se bebe: \u201c\u00c9 uma reuni\u00e3o a mais, para n\u00e3o pensar\u201d.<\/p>\n<p>\u201cE hoje a Igreja, hoje o Senhor, com aquela bondade que \u00e9 sua, diz a cada um de n\u00f3s: \u2018Pare, pare, nem todos os dias ser\u00e3o assim. N\u00e3o se acostume como se esta fosse a eternidade. Haver\u00e1 um dia em que voc\u00ea ser\u00e1 levado e o outro ficar\u00e1, voc\u00ea ser\u00e1 levado\u2019. \u00c9 ir com o Senhor, pensar que a nossa vida ter\u00e1 fim. Isto faz bem\u201d.<\/p>\n<p>Isto faz bem \u2013 explica o Papa \u2013 diante do in\u00edcio de um novo dia de trabalho, por exemplo, podemos pensar: \u2018Hoje talvez ser\u00e1 o \u00faltimo dia, n\u00e3o sei, mas farei bem meu trabalho\u2019. E o mesmo nas rela\u00e7\u00f5es de fam\u00edlia ou quando vamos ao m\u00e9dico.<br \/>\n\u201cPensar na morte n\u00e3o \u00e9 uma fantasia ruim, \u00e9 uma realidade. Se \u00e9 feia ou n\u00e3o feia, depende de mim, como eu a penso, mas que ela chegar\u00e1, chegar\u00e1. E ali ser\u00e1 o encontro com o Senhor, esta ser\u00e1 a beleza da morte, ser\u00e1 o encontro com o Senhor, ser\u00e1 Ele a vir ao seu encontro, ser\u00e1 Ele a dizer: \u201cVem, vem, aben\u00e7oado do meu Pai, vem comigo\u201d.<\/p>\n<p>E ao chamado do Senhor n\u00e3o haver\u00e1 mais tempo para resolver nossas coisas. Francisco relata o que um sacerdote lhe disse recentemente: \u201cDias atr\u00e1s encontrei um sacerdote, 65 anos mais ou menos, e ele tinha algo que n\u00e3o estava bem, ele n\u00e3o se sentia bem &#8230; Ele foi ao m\u00e9dico que lhe disse: \u201cMas olhe &#8211; isso depois da visita \u2013 o senhor tem isso, e isso \u00e9 algo ruim, mas talvez tenhamos tempo para det\u00ea-lo, n\u00f3s faremos isso, se n\u00e3o parar, faremos isso e, se n\u00e3o parar, come\u00e7aremos a caminhar e eu vou acompanh\u00e1-lo at\u00e9 o fim\u201d. \u201cMuito bom aquele m\u00e9dico\u201d.<\/p>\n<p>Assim tamb\u00e9m n\u00f3s, exorta o Papa, vamos nos fazer acompanhar nesta estrada, fa\u00e7amos de tudo, mas sempre olhando para l\u00e1, para o dia em que \u201co Senhor vir\u00e1 me buscar para ir com Ele\u201d.<\/p>\n<hr \/>\n<p><em>Fonte: Vatican News<\/em><\/p>\n","protected":false},"excerpt":{"rendered":"<p>Missa em Santa Marta<\/p>\n","protected":false},"author":1,"featured_media":205895,"comment_status":"open","ping_status":"open","sticky":false,"template":"","format":"standard","meta":[],"categories":[1428],"tags":[1586],"acf":[],"yoast_head":"<!-- This site is optimized with the Yoast SEO plugin v19.2 - https:\/\/yoast.com\/wordpress\/plugins\/seo\/ -->\n<title>\u201cPensar na morte n\u00e3o \u00e9 uma fantasia ruim, \u00e9 uma realidade&quot; - Not\u00edcias - Franciscanos<\/title>\n<meta name=\"robots\" content=\"index, follow, max-snippet:-1, max-image-preview:large, max-video-preview:-1\" \/>\n<link rel=\"canonical\" href=\"https:\/\/franciscanos.org.br\/noticias\/pensar-na-morte-nao-e-uma-fantasia-ruim-e-uma-realidade.html\" \/>\n<meta property=\"og:locale\" content=\"pt_BR\" \/>\n<meta property=\"og:type\" content=\"article\" \/>\n<meta property=\"og:title\" content=\"\u201cPensar na morte n\u00e3o \u00e9 uma fantasia ruim, \u00e9 uma realidade&quot; - Not\u00edcias - Franciscanos\" \/>\n<meta property=\"og:description\" content=\"Missa em Santa Marta\" \/>\n<meta property=\"og:url\" content=\"https:\/\/franciscanos.org.br\/noticias\/pensar-na-morte-nao-e-uma-fantasia-ruim-e-uma-realidade.html\" \/>\n<meta property=\"og:site_name\" content=\"Not\u00edcias - Franciscanos\" \/>\n<meta property=\"article:published_time\" content=\"2017-11-17T11:07:08+00:00\" \/>\n<meta property=\"article:modified_time\" content=\"2020-06-08T19:28:04+00:00\" \/>\n<meta property=\"og:image\" content=\"https:\/\/franciscanos.org.br\/noticias\/wp-content\/uploads\/2017\/11\/papa_171117.jpg\" \/>\n\t<meta property=\"og:image:width\" content=\"273\" \/>\n\t<meta property=\"og:image:height\" content=\"181\" \/>\n\t<meta property=\"og:image:type\" content=\"image\/jpeg\" \/>\n<meta name=\"author\" content=\"admin\" \/>\n<meta name=\"twitter:card\" content=\"summary_large_image\" \/>\n<meta name=\"twitter:label1\" content=\"Escrito por\" \/>\n\t<meta name=\"twitter:data1\" content=\"admin\" \/>\n\t<meta name=\"twitter:label2\" content=\"Est. tempo de leitura\" \/>\n\t<meta name=\"twitter:data2\" content=\"3 minutos\" \/>\n<script type=\"application\/ld+json\" class=\"yoast-schema-graph\">{\"@context\":\"https:\/\/schema.org\",\"@graph\":[{\"@type\":\"WebSite\",\"@id\":\"https:\/\/franciscanos.org.br\/noticias\/#website\",\"url\":\"https:\/\/franciscanos.org.br\/noticias\/\",\"name\":\"Not\u00edcias - Franciscanos\",\"description\":\"Prov\u00edncia Franciscana da Imaculada Concei\u00e7\u00e3o do Brasil - Ordem dos Frades Menores - OFM\",\"potentialAction\":[{\"@type\":\"SearchAction\",\"target\":{\"@type\":\"EntryPoint\",\"urlTemplate\":\"https:\/\/franciscanos.org.br\/noticias\/?s={search_term_string}\"},\"query-input\":\"required name=search_term_string\"}],\"inLanguage\":\"pt-BR\"},{\"@type\":\"ImageObject\",\"inLanguage\":\"pt-BR\",\"@id\":\"https:\/\/franciscanos.org.br\/noticias\/pensar-na-morte-nao-e-uma-fantasia-ruim-e-uma-realidade.html#primaryimage\",\"url\":\"https:\/\/franciscanos.org.br\/noticias\/wp-content\/uploads\/2017\/11\/papa_171117.jpg\",\"contentUrl\":\"https:\/\/franciscanos.org.br\/noticias\/wp-content\/uploads\/2017\/11\/papa_171117.jpg\",\"width\":273,\"height\":181},{\"@type\":\"WebPage\",\"@id\":\"https:\/\/franciscanos.org.br\/noticias\/pensar-na-morte-nao-e-uma-fantasia-ruim-e-uma-realidade.html#webpage\",\"url\":\"https:\/\/franciscanos.org.br\/noticias\/pensar-na-morte-nao-e-uma-fantasia-ruim-e-uma-realidade.html\",\"name\":\"\u201cPensar na morte n\u00e3o \u00e9 uma fantasia ruim, \u00e9 uma realidade\\\" - Not\u00edcias - Franciscanos\",\"isPartOf\":{\"@id\":\"https:\/\/franciscanos.org.br\/noticias\/#website\"},\"primaryImageOfPage\":{\"@id\":\"https:\/\/franciscanos.org.br\/noticias\/pensar-na-morte-nao-e-uma-fantasia-ruim-e-uma-realidade.html#primaryimage\"},\"datePublished\":\"2017-11-17T11:07:08+00:00\",\"dateModified\":\"2020-06-08T19:28:04+00:00\",\"author\":{\"@id\":\"https:\/\/franciscanos.org.br\/noticias\/#\/schema\/person\/b38fbf43118f02820bd932f2e4b14ad3\"},\"breadcrumb\":{\"@id\":\"https:\/\/franciscanos.org.br\/noticias\/pensar-na-morte-nao-e-uma-fantasia-ruim-e-uma-realidade.html#breadcrumb\"},\"inLanguage\":\"pt-BR\",\"potentialAction\":[{\"@type\":\"ReadAction\",\"target\":[\"https:\/\/franciscanos.org.br\/noticias\/pensar-na-morte-nao-e-uma-fantasia-ruim-e-uma-realidade.html\"]}]},{\"@type\":\"BreadcrumbList\",\"@id\":\"https:\/\/franciscanos.org.br\/noticias\/pensar-na-morte-nao-e-uma-fantasia-ruim-e-uma-realidade.html#breadcrumb\",\"itemListElement\":[{\"@type\":\"ListItem\",\"position\":1,\"name\":\"Home\",\"item\":\"https:\/\/franciscanos.org.br\/noticias\"},{\"@type\":\"ListItem\",\"position\":2,\"name\":\"\u201cPensar na morte n\u00e3o \u00e9 uma fantasia ruim, \u00e9 uma realidade&#8221;\"}]},{\"@type\":\"Person\",\"@id\":\"https:\/\/franciscanos.org.br\/noticias\/#\/schema\/person\/b38fbf43118f02820bd932f2e4b14ad3\",\"name\":\"admin\",\"image\":{\"@type\":\"ImageObject\",\"inLanguage\":\"pt-BR\",\"@id\":\"https:\/\/franciscanos.org.br\/noticias\/#\/schema\/person\/image\/\",\"url\":\"https:\/\/secure.gravatar.com\/avatar\/e8495742d34d0ba6448ea1c628263b3e?s=96&d=mm&r=g\",\"contentUrl\":\"https:\/\/secure.gravatar.com\/avatar\/e8495742d34d0ba6448ea1c628263b3e?s=96&d=mm&r=g\",\"caption\":\"admin\"},\"url\":\"https:\/\/franciscanos.org.br\/noticias\/author\/admin\"}]}<\/script>\n<!-- \/ Yoast SEO plugin. -->","yoast_head_json":{"title":"\u201cPensar na morte n\u00e3o \u00e9 uma fantasia ruim, \u00e9 uma realidade\" - Not\u00edcias - Franciscanos","robots":{"index":"index","follow":"follow","max-snippet":"max-snippet:-1","max-image-preview":"max-image-preview:large","max-video-preview":"max-video-preview:-1"},"canonical":"https:\/\/franciscanos.org.br\/noticias\/pensar-na-morte-nao-e-uma-fantasia-ruim-e-uma-realidade.html","og_locale":"pt_BR","og_type":"article","og_title":"\u201cPensar na morte n\u00e3o \u00e9 uma fantasia ruim, \u00e9 uma realidade\" - Not\u00edcias - Franciscanos","og_description":"Missa em Santa Marta","og_url":"https:\/\/franciscanos.org.br\/noticias\/pensar-na-morte-nao-e-uma-fantasia-ruim-e-uma-realidade.html","og_site_name":"Not\u00edcias - Franciscanos","article_published_time":"2017-11-17T11:07:08+00:00","article_modified_time":"2020-06-08T19:28:04+00:00","og_image":[{"width":273,"height":181,"url":"https:\/\/franciscanos.org.br\/noticias\/wp-content\/uploads\/2017\/11\/papa_171117.jpg","type":"image\/jpeg"}],"author":"admin","twitter_card":"summary_large_image","twitter_misc":{"Escrito por":"admin","Est. tempo de leitura":"3 minutos"},"schema":{"@context":"https:\/\/schema.org","@graph":[{"@type":"WebSite","@id":"https:\/\/franciscanos.org.br\/noticias\/#website","url":"https:\/\/franciscanos.org.br\/noticias\/","name":"Not\u00edcias - Franciscanos","description":"Prov\u00edncia Franciscana da Imaculada Concei\u00e7\u00e3o do Brasil - Ordem dos Frades Menores - OFM","potentialAction":[{"@type":"SearchAction","target":{"@type":"EntryPoint","urlTemplate":"https:\/\/franciscanos.org.br\/noticias\/?s={search_term_string}"},"query-input":"required name=search_term_string"}],"inLanguage":"pt-BR"},{"@type":"ImageObject","inLanguage":"pt-BR","@id":"https:\/\/franciscanos.org.br\/noticias\/pensar-na-morte-nao-e-uma-fantasia-ruim-e-uma-realidade.html#primaryimage","url":"https:\/\/franciscanos.org.br\/noticias\/wp-content\/uploads\/2017\/11\/papa_171117.jpg","contentUrl":"https:\/\/franciscanos.org.br\/noticias\/wp-content\/uploads\/2017\/11\/papa_171117.jpg","width":273,"height":181},{"@type":"WebPage","@id":"https:\/\/franciscanos.org.br\/noticias\/pensar-na-morte-nao-e-uma-fantasia-ruim-e-uma-realidade.html#webpage","url":"https:\/\/franciscanos.org.br\/noticias\/pensar-na-morte-nao-e-uma-fantasia-ruim-e-uma-realidade.html","name":"\u201cPensar na morte n\u00e3o \u00e9 uma fantasia ruim, \u00e9 uma realidade\" - Not\u00edcias - Franciscanos","isPartOf":{"@id":"https:\/\/franciscanos.org.br\/noticias\/#website"},"primaryImageOfPage":{"@id":"https:\/\/franciscanos.org.br\/noticias\/pensar-na-morte-nao-e-uma-fantasia-ruim-e-uma-realidade.html#primaryimage"},"datePublished":"2017-11-17T11:07:08+00:00","dateModified":"2020-06-08T19:28:04+00:00","author":{"@id":"https:\/\/franciscanos.org.br\/noticias\/#\/schema\/person\/b38fbf43118f02820bd932f2e4b14ad3"},"breadcrumb":{"@id":"https:\/\/franciscanos.org.br\/noticias\/pensar-na-morte-nao-e-uma-fantasia-ruim-e-uma-realidade.html#breadcrumb"},"inLanguage":"pt-BR","potentialAction":[{"@type":"ReadAction","target":["https:\/\/franciscanos.org.br\/noticias\/pensar-na-morte-nao-e-uma-fantasia-ruim-e-uma-realidade.html"]}]},{"@type":"BreadcrumbList","@id":"https:\/\/franciscanos.org.br\/noticias\/pensar-na-morte-nao-e-uma-fantasia-ruim-e-uma-realidade.html#breadcrumb","itemListElement":[{"@type":"ListItem","position":1,"name":"Home","item":"https:\/\/franciscanos.org.br\/noticias"},{"@type":"ListItem","position":2,"name":"\u201cPensar na morte n\u00e3o \u00e9 uma fantasia ruim, \u00e9 uma realidade&#8221;"}]},{"@type":"Person","@id":"https:\/\/franciscanos.org.br\/noticias\/#\/schema\/person\/b38fbf43118f02820bd932f2e4b14ad3","name":"admin","image":{"@type":"ImageObject","inLanguage":"pt-BR","@id":"https:\/\/franciscanos.org.br\/noticias\/#\/schema\/person\/image\/","url":"https:\/\/secure.gravatar.com\/avatar\/e8495742d34d0ba6448ea1c628263b3e?s=96&d=mm&r=g","contentUrl":"https:\/\/secure.gravatar.com\/avatar\/e8495742d34d0ba6448ea1c628263b3e?s=96&d=mm&r=g","caption":"admin"},"url":"https:\/\/franciscanos.org.br\/noticias\/author\/admin"}]}},"_links":{"self":[{"href":"https:\/\/franciscanos.org.br\/noticias\/wp-json\/wp\/v2\/posts\/145685"}],"collection":[{"href":"https:\/\/franciscanos.org.br\/noticias\/wp-json\/wp\/v2\/posts"}],"about":[{"href":"https:\/\/franciscanos.org.br\/noticias\/wp-json\/wp\/v2\/types\/post"}],"author":[{"embeddable":true,"href":"https:\/\/franciscanos.org.br\/noticias\/wp-json\/wp\/v2\/users\/1"}],"replies":[{"embeddable":true,"href":"https:\/\/franciscanos.org.br\/noticias\/wp-json\/wp\/v2\/comments?post=145685"}],"version-history":[{"count":1,"href":"https:\/\/franciscanos.org.br\/noticias\/wp-json\/wp\/v2\/posts\/145685\/revisions"}],"predecessor-version":[{"id":225194,"href":"https:\/\/franciscanos.org.br\/noticias\/wp-json\/wp\/v2\/posts\/145685\/revisions\/225194"}],"wp:featuredmedia":[{"embeddable":true,"href":"https:\/\/franciscanos.org.br\/noticias\/wp-json\/wp\/v2\/media\/205895"}],"wp:attachment":[{"href":"https:\/\/franciscanos.org.br\/noticias\/wp-json\/wp\/v2\/media?parent=145685"}],"wp:term":[{"taxonomy":"category","embeddable":true,"href":"https:\/\/franciscanos.org.br\/noticias\/wp-json\/wp\/v2\/categories?post=145685"},{"taxonomy":"post_tag","embeddable":true,"href":"https:\/\/franciscanos.org.br\/noticias\/wp-json\/wp\/v2\/tags?post=145685"}],"curies":[{"name":"wp","href":"https:\/\/api.w.org\/{rel}","templated":true}]}}