{"id":145551,"date":"2017-11-15T15:05:12","date_gmt":"2017-11-15T17:05:12","guid":{"rendered":"http:\/\/franciscanos.org.br\/?p=145551"},"modified":"2020-06-08T16:30:27","modified_gmt":"2020-06-08T19:30:27","slug":"se-eu-nao-sou-capaz-de-dizer-pai-a-deus-nao-sou-capaz-de-rezar","status":"publish","type":"post","link":"https:\/\/franciscanos.org.br\/noticias\/se-eu-nao-sou-capaz-de-dizer-pai-a-deus-nao-sou-capaz-de-rezar.html","title":{"rendered":"Se n\u00e3o sou capaz de dizer Pai a Deus, n\u00e3o sou capaz de rezar"},"content":{"rendered":"<p><img loading=\"lazy\" src=\"http:\/\/franciscanos.org.br\/wp-content\/uploads\/2017\/11\/papa_151117_1.jpg\" alt=\"papa_151117_1\" width=\"830\" height=\"445\" \/><\/p>\n<p><strong>Cidade do Vaticano<\/strong> \u2013 \u201cA Missa \u00e9 a ora\u00e7\u00e3o por excel\u00eancia, a mais elevada, a mais sublime, e ao mesmo tempo a mais \u201cconcreta\u201d. Ao dar prosseguimento ao seu ciclo de catequeses sobre a Eucaristia, o Papa Francisco enfatizou na Audi\u00eancia Geral desta quarta-feira que a Missa \u00e9 \u201co encontro do amor com Deus mediante a sua Palavra e o Corpo e Sangue de Jesus\u201d.<\/p>\n<p>Estar em ora\u00e7\u00e3o \u2013 explicou o Santo Padre &#8211; significa acima de tudo, estar em di\u00e1logo, numa rela\u00e7\u00e3o pessoal com Deus: \u201cO homem foi criado como ser em rela\u00e7\u00e3o com Deus, que encontra a sua plena realiza\u00e7\u00e3o somente no encontro com o seu Criador. O encontro da vida \u00e9 rumo ao encontro definitivo com o Senhor\u201d.<\/p>\n<p><strong>A import\u00e2ncia do sil\u00eancio<\/strong><br \/>\n\u201cA Missa, a Eucaristia \u00e9 o momento privilegiado para estar com Jesus, e por meio d\u2019Ele, com Deus e com os irm\u00e3os\u201d, observou o Papa, depois de citar o encontro do Senhor com Mois\u00e9s, e de Jesus quando chama os seus disc\u00edpulos: \u201cRezar, como todo verdadeiro di\u00e1logo, \u00e9 tamb\u00e9m saber permanecer em sil\u00eancio. No di\u00e1logo existem momentos de sil\u00eancio, no sil\u00eancio junto a Jesus. E quando n\u00f3s vamos \u00e0 Missa, talvez chegamos cinco minutos antes e come\u00e7amos a conversar com quem est\u00e1 ao meu lado. Mas n\u00e3o \u00e9 o momento de conversa! \u00c9 o momento do sil\u00eancio para nos prepararmos para o di\u00e1logo. Momento de se recolher no cora\u00e7\u00e3o para nos prepararmos para o encontro com Jesus. O sil\u00eancio \u00e9 muito importante\u201d.<\/p>\n<p><img loading=\"lazy\" src=\"http:\/\/franciscanos.org.br\/wp-content\/uploads\/2017\/11\/papa_151117_2.jpg\" alt=\"papa_151117_2\" width=\"830\" height=\"421\" \/><\/p>\n<p>\u201cRecordem o que eu disse na semana passada, sublinhou o Papa. N\u00e3o vamos a um espet\u00e1culo. Vamos a um encontro com o Senhor e o sil\u00eancio nos prepara e nos acompanha\u201d.<\/p>\n<p><strong>Dirigir-se a Deus como &#8220;Pai&#8221;<\/strong><br \/>\n\u201cJesus mesmo nos ensina como realmente \u00e9 poss\u00edvel estar com o Pai e demonstra isto com a sua ora\u00e7\u00e3o\u201d. Ele explica aos disc\u00edpulos que o veem retirar-se em ora\u00e7\u00e3o, que a primeira coisa necess\u00e1ria para rezar \u00e9 saber dizer \u201cPai\u201d. E faz um alerta: \u201cE prestem aten\u00e7\u00e3o: Se eu n\u00e3o sou capaz de dizer \u201cPai\u201d a Deus, n\u00e3o sou capaz de rezar. Devemos aprender a dizer \u201cPai\u201d. T\u00e3o simples. Dizer Pai, isto \u00e9, colocar-se na sua presen\u00e7a com confian\u00e7a filial\u201d.<\/p>\n<p><strong>Humildade e condi\u00e7\u00e3o filial<\/strong><br \/>\nMas para poder aprender isto, \u201c\u00e9 necess\u00e1rio reconhecer humildemente que temos necessidade de ser instru\u00eddos e dizer com simplicidade: Senhor, ensina-me a rezar\u201d: \u201cEste \u00e9 o primeiro ponto: ser humildes, reconhecer-se filhos, repousar no Pai, confiar n\u2019Ele. Para entrar no Reino dos C\u00e9us \u00e9 necess\u00e1rio fazer-se pequenos como crian\u00e7as, no sentido de que as crian\u00e7as sabem entregar-se, sabem que algu\u00e9m se preocupar\u00e1 com elas, com o que ir\u00e3o comer, o que vestir\u00e3o e assim por diante\u201d.<\/p>\n<p><img loading=\"lazy\" src=\"http:\/\/franciscanos.org.br\/wp-content\/uploads\/2017\/11\/papa_151117_3.jpg\" alt=\"papa_151117_3\" width=\"830\" height=\"405\" \/><\/p>\n<p><strong>Deixar-se surpreender<\/strong><br \/>\nA segunda condi\u00e7\u00e3o, tamb\u00e9m ela pr\u00f3pria das crian\u00e7as \u2013 continuou Francisco \u2013 \u201c\u00e9 deixar-se surpreender\u201d: \u201cA crian\u00e7a sempre faz mil perguntas porque deseja descobrir o mundo; e se maravilha at\u00e9 mesmo com as coisas pequenas, porque tudo \u00e9 novo para ela. Para entrar no Reino dos c\u00e9us, \u00e9 preciso deixar-se maravilhar\u201d.<\/p>\n<p>\u201cEm nossa rela\u00e7\u00e3o com o Senhor, na ora\u00e7\u00e3o, deixamo-nos maravilhar? Ou pensamos que a ora\u00e7\u00e3o \u00e9 falar a Deus como fazem os papagaios?\u201d, pergunta Francisco. \u201cN\u00e3o! \u00c9 entregar-se e abrir o cora\u00e7\u00e3o para deixar-se maravilhar\u201d.<\/p>\n<p>\u201cDeixamo-nos surpreender por Deus que \u00e9 sempre o Deus das surpresas? Porque o encontro com o Senhor \u00e9 sempre um encontro vivo. N\u00e3o um encontro de Museu. \u00c9 um encontro vivo e n\u00f3s vamos \u00e0 Missa, n\u00e3o a um Museu. Vamos a um encontro vivo com o Senhor\u201d.<\/p>\n<p><img loading=\"lazy\" src=\"http:\/\/franciscanos.org.br\/wp-content\/uploads\/2017\/11\/papa_151117_4.jpg\" alt=\"papa_151117_4\" width=\"830\" height=\"407\" \/><\/p>\n<p><strong>Nascer de novo<\/strong><br \/>\nO Papa ent\u00e3o recorda o epis\u00f3dio envolvendo Nicodemos, a quem o Senhor fala sobre a necessidade de \u201crenascer do alto\u201d. \u201cMas o que significa isto? Se pode \u201crenascer\u201d? Voltar a ter o gosto, a alegria, a maravilha da vida, \u00e9 poss\u00edvel?\u201d: \u201cEsta \u00e9 uma pergunta fundamental de nossa f\u00e9 e este \u00e9 o desejo de todo verdadeiro fiel: o desejo de renascer, a alegria de recome\u00e7ar. N\u00f3s temos este desejo? Cada um de n\u00f3s tem desejo de renascer sempre para encontrar o Senhor? Voc\u00eas t\u00eam este desejo? De fato, se pode perd\u00ea-lo facilmente, por causa de tantas atividades, de tantos projetos a serem concretizados, e no final, resta pouco tempo e perdemos de vista o que \u00e9 fundamental: a nossa vida de cora\u00e7\u00e3o, a nossa vida espiritual, a nossa vida que \u00e9 um encontro com o Senhor na ora\u00e7\u00e3o\u201d.<\/p>\n<p><strong>Na Comunh\u00e3o, Deus vai de encontro a minha fragilidade<\/strong><br \/>\nO Senhor nos surpreende \u2013 disse o Papa \u2013 mostrando-nos que \u201cEle nos ama tamb\u00e9m em nossas fraquezas\u201d, tornando-se \u201ca v\u00edtima de expia\u00e7\u00e3o pelos nossos pecados\u201d e por aqueles do mundo inteiro: \u201cE este dom, fonte da verdadeira consola\u00e7\u00e3o \u2013 mas o Senhor nos perdoa sempre, isto consola, \u00e9 uma verdadeira consola\u00e7\u00e3o, \u00e9 um dom que nos \u00e9 dado por meio da Eucaristia, aquele banquete nupcial em que o Esposo encontra a nossa fragilidade. Posso dizer que quando fa\u00e7o a comunh\u00e3o na Missa o Senhor encontra a minha fragilidade? Sim, podemos dizer isto porque isto \u00e9 verdade! O Senhor encontra a nossa fragilidade para nos levar de volta \u00e0quele primeiro chamado: o de ser a imagem e semelhan\u00e7a de Deus. Este \u00e9 o ambiente da Eucaristia, esta \u00e9 a ora\u00e7\u00e3o\u201d.<\/p>\n<hr \/>\n<p><em>Fonte: Vatican News<\/em><\/p>\n","protected":false},"excerpt":{"rendered":"<p>Audi\u00eancia Geral<\/p>\n","protected":false},"author":1,"featured_media":201705,"comment_status":"open","ping_status":"open","sticky":false,"template":"","format":"standard","meta":[],"categories":[1428],"tags":[487],"acf":[],"yoast_head":"<!-- This site is optimized with the Yoast SEO plugin v19.2 - https:\/\/yoast.com\/wordpress\/plugins\/seo\/ -->\n<title>Se n\u00e3o sou capaz de dizer Pai a Deus, n\u00e3o sou capaz de rezar - Not\u00edcias - Franciscanos<\/title>\n<meta name=\"robots\" content=\"index, follow, max-snippet:-1, max-image-preview:large, max-video-preview:-1\" \/>\n<link rel=\"canonical\" href=\"https:\/\/franciscanos.org.br\/noticias\/se-eu-nao-sou-capaz-de-dizer-pai-a-deus-nao-sou-capaz-de-rezar.html\" \/>\n<meta property=\"og:locale\" content=\"pt_BR\" \/>\n<meta property=\"og:type\" content=\"article\" \/>\n<meta property=\"og:title\" content=\"Se n\u00e3o sou capaz de dizer Pai a Deus, n\u00e3o sou capaz de rezar - Not\u00edcias - Franciscanos\" \/>\n<meta property=\"og:description\" content=\"Audi\u00eancia Geral\" \/>\n<meta property=\"og:url\" content=\"https:\/\/franciscanos.org.br\/noticias\/se-eu-nao-sou-capaz-de-dizer-pai-a-deus-nao-sou-capaz-de-rezar.html\" \/>\n<meta property=\"og:site_name\" content=\"Not\u00edcias - Franciscanos\" \/>\n<meta property=\"article:published_time\" content=\"2017-11-15T17:05:12+00:00\" \/>\n<meta property=\"article:modified_time\" content=\"2020-06-08T19:30:27+00:00\" \/>\n<meta property=\"og:image\" content=\"https:\/\/franciscanos.org.br\/noticias\/wp-content\/uploads\/2017\/11\/papa_151117_2.jpg\" \/>\n\t<meta property=\"og:image:width\" content=\"273\" \/>\n\t<meta property=\"og:image:height\" content=\"181\" \/>\n\t<meta property=\"og:image:type\" content=\"image\/jpeg\" \/>\n<meta name=\"author\" content=\"admin\" \/>\n<meta name=\"twitter:card\" content=\"summary_large_image\" \/>\n<meta name=\"twitter:label1\" content=\"Escrito por\" \/>\n\t<meta name=\"twitter:data1\" content=\"admin\" \/>\n\t<meta name=\"twitter:label2\" content=\"Est. tempo de leitura\" \/>\n\t<meta name=\"twitter:data2\" content=\"5 minutos\" \/>\n<script type=\"application\/ld+json\" class=\"yoast-schema-graph\">{\"@context\":\"https:\/\/schema.org\",\"@graph\":[{\"@type\":\"WebSite\",\"@id\":\"https:\/\/franciscanos.org.br\/noticias\/#website\",\"url\":\"https:\/\/franciscanos.org.br\/noticias\/\",\"name\":\"Not\u00edcias - Franciscanos\",\"description\":\"Prov\u00edncia Franciscana da Imaculada Concei\u00e7\u00e3o do Brasil - Ordem dos Frades Menores - OFM\",\"potentialAction\":[{\"@type\":\"SearchAction\",\"target\":{\"@type\":\"EntryPoint\",\"urlTemplate\":\"https:\/\/franciscanos.org.br\/noticias\/?s={search_term_string}\"},\"query-input\":\"required name=search_term_string\"}],\"inLanguage\":\"pt-BR\"},{\"@type\":\"ImageObject\",\"inLanguage\":\"pt-BR\",\"@id\":\"https:\/\/franciscanos.org.br\/noticias\/se-eu-nao-sou-capaz-de-dizer-pai-a-deus-nao-sou-capaz-de-rezar.html#primaryimage\",\"url\":\"https:\/\/franciscanos.org.br\/noticias\/wp-content\/uploads\/2017\/11\/papa_151117_2.jpg\",\"contentUrl\":\"https:\/\/franciscanos.org.br\/noticias\/wp-content\/uploads\/2017\/11\/papa_151117_2.jpg\",\"width\":273,\"height\":181},{\"@type\":\"WebPage\",\"@id\":\"https:\/\/franciscanos.org.br\/noticias\/se-eu-nao-sou-capaz-de-dizer-pai-a-deus-nao-sou-capaz-de-rezar.html#webpage\",\"url\":\"https:\/\/franciscanos.org.br\/noticias\/se-eu-nao-sou-capaz-de-dizer-pai-a-deus-nao-sou-capaz-de-rezar.html\",\"name\":\"Se n\u00e3o sou capaz de dizer Pai a Deus, n\u00e3o sou capaz de rezar - Not\u00edcias - Franciscanos\",\"isPartOf\":{\"@id\":\"https:\/\/franciscanos.org.br\/noticias\/#website\"},\"primaryImageOfPage\":{\"@id\":\"https:\/\/franciscanos.org.br\/noticias\/se-eu-nao-sou-capaz-de-dizer-pai-a-deus-nao-sou-capaz-de-rezar.html#primaryimage\"},\"datePublished\":\"2017-11-15T17:05:12+00:00\",\"dateModified\":\"2020-06-08T19:30:27+00:00\",\"author\":{\"@id\":\"https:\/\/franciscanos.org.br\/noticias\/#\/schema\/person\/b38fbf43118f02820bd932f2e4b14ad3\"},\"breadcrumb\":{\"@id\":\"https:\/\/franciscanos.org.br\/noticias\/se-eu-nao-sou-capaz-de-dizer-pai-a-deus-nao-sou-capaz-de-rezar.html#breadcrumb\"},\"inLanguage\":\"pt-BR\",\"potentialAction\":[{\"@type\":\"ReadAction\",\"target\":[\"https:\/\/franciscanos.org.br\/noticias\/se-eu-nao-sou-capaz-de-dizer-pai-a-deus-nao-sou-capaz-de-rezar.html\"]}]},{\"@type\":\"BreadcrumbList\",\"@id\":\"https:\/\/franciscanos.org.br\/noticias\/se-eu-nao-sou-capaz-de-dizer-pai-a-deus-nao-sou-capaz-de-rezar.html#breadcrumb\",\"itemListElement\":[{\"@type\":\"ListItem\",\"position\":1,\"name\":\"Home\",\"item\":\"https:\/\/franciscanos.org.br\/noticias\"},{\"@type\":\"ListItem\",\"position\":2,\"name\":\"Se n\u00e3o sou capaz de dizer Pai a Deus, n\u00e3o sou capaz de rezar\"}]},{\"@type\":\"Person\",\"@id\":\"https:\/\/franciscanos.org.br\/noticias\/#\/schema\/person\/b38fbf43118f02820bd932f2e4b14ad3\",\"name\":\"admin\",\"image\":{\"@type\":\"ImageObject\",\"inLanguage\":\"pt-BR\",\"@id\":\"https:\/\/franciscanos.org.br\/noticias\/#\/schema\/person\/image\/\",\"url\":\"https:\/\/secure.gravatar.com\/avatar\/e8495742d34d0ba6448ea1c628263b3e?s=96&d=mm&r=g\",\"contentUrl\":\"https:\/\/secure.gravatar.com\/avatar\/e8495742d34d0ba6448ea1c628263b3e?s=96&d=mm&r=g\",\"caption\":\"admin\"},\"url\":\"https:\/\/franciscanos.org.br\/noticias\/author\/admin\"}]}<\/script>\n<!-- \/ Yoast SEO plugin. -->","yoast_head_json":{"title":"Se n\u00e3o sou capaz de dizer Pai a Deus, n\u00e3o sou capaz de rezar - Not\u00edcias - Franciscanos","robots":{"index":"index","follow":"follow","max-snippet":"max-snippet:-1","max-image-preview":"max-image-preview:large","max-video-preview":"max-video-preview:-1"},"canonical":"https:\/\/franciscanos.org.br\/noticias\/se-eu-nao-sou-capaz-de-dizer-pai-a-deus-nao-sou-capaz-de-rezar.html","og_locale":"pt_BR","og_type":"article","og_title":"Se n\u00e3o sou capaz de dizer Pai a Deus, n\u00e3o sou capaz de rezar - Not\u00edcias - Franciscanos","og_description":"Audi\u00eancia Geral","og_url":"https:\/\/franciscanos.org.br\/noticias\/se-eu-nao-sou-capaz-de-dizer-pai-a-deus-nao-sou-capaz-de-rezar.html","og_site_name":"Not\u00edcias - Franciscanos","article_published_time":"2017-11-15T17:05:12+00:00","article_modified_time":"2020-06-08T19:30:27+00:00","og_image":[{"width":273,"height":181,"url":"https:\/\/franciscanos.org.br\/noticias\/wp-content\/uploads\/2017\/11\/papa_151117_2.jpg","type":"image\/jpeg"}],"author":"admin","twitter_card":"summary_large_image","twitter_misc":{"Escrito por":"admin","Est. tempo de leitura":"5 minutos"},"schema":{"@context":"https:\/\/schema.org","@graph":[{"@type":"WebSite","@id":"https:\/\/franciscanos.org.br\/noticias\/#website","url":"https:\/\/franciscanos.org.br\/noticias\/","name":"Not\u00edcias - Franciscanos","description":"Prov\u00edncia Franciscana da Imaculada Concei\u00e7\u00e3o do Brasil - Ordem dos Frades Menores - OFM","potentialAction":[{"@type":"SearchAction","target":{"@type":"EntryPoint","urlTemplate":"https:\/\/franciscanos.org.br\/noticias\/?s={search_term_string}"},"query-input":"required name=search_term_string"}],"inLanguage":"pt-BR"},{"@type":"ImageObject","inLanguage":"pt-BR","@id":"https:\/\/franciscanos.org.br\/noticias\/se-eu-nao-sou-capaz-de-dizer-pai-a-deus-nao-sou-capaz-de-rezar.html#primaryimage","url":"https:\/\/franciscanos.org.br\/noticias\/wp-content\/uploads\/2017\/11\/papa_151117_2.jpg","contentUrl":"https:\/\/franciscanos.org.br\/noticias\/wp-content\/uploads\/2017\/11\/papa_151117_2.jpg","width":273,"height":181},{"@type":"WebPage","@id":"https:\/\/franciscanos.org.br\/noticias\/se-eu-nao-sou-capaz-de-dizer-pai-a-deus-nao-sou-capaz-de-rezar.html#webpage","url":"https:\/\/franciscanos.org.br\/noticias\/se-eu-nao-sou-capaz-de-dizer-pai-a-deus-nao-sou-capaz-de-rezar.html","name":"Se n\u00e3o sou capaz de dizer Pai a Deus, n\u00e3o sou capaz de rezar - Not\u00edcias - Franciscanos","isPartOf":{"@id":"https:\/\/franciscanos.org.br\/noticias\/#website"},"primaryImageOfPage":{"@id":"https:\/\/franciscanos.org.br\/noticias\/se-eu-nao-sou-capaz-de-dizer-pai-a-deus-nao-sou-capaz-de-rezar.html#primaryimage"},"datePublished":"2017-11-15T17:05:12+00:00","dateModified":"2020-06-08T19:30:27+00:00","author":{"@id":"https:\/\/franciscanos.org.br\/noticias\/#\/schema\/person\/b38fbf43118f02820bd932f2e4b14ad3"},"breadcrumb":{"@id":"https:\/\/franciscanos.org.br\/noticias\/se-eu-nao-sou-capaz-de-dizer-pai-a-deus-nao-sou-capaz-de-rezar.html#breadcrumb"},"inLanguage":"pt-BR","potentialAction":[{"@type":"ReadAction","target":["https:\/\/franciscanos.org.br\/noticias\/se-eu-nao-sou-capaz-de-dizer-pai-a-deus-nao-sou-capaz-de-rezar.html"]}]},{"@type":"BreadcrumbList","@id":"https:\/\/franciscanos.org.br\/noticias\/se-eu-nao-sou-capaz-de-dizer-pai-a-deus-nao-sou-capaz-de-rezar.html#breadcrumb","itemListElement":[{"@type":"ListItem","position":1,"name":"Home","item":"https:\/\/franciscanos.org.br\/noticias"},{"@type":"ListItem","position":2,"name":"Se n\u00e3o sou capaz de dizer Pai a Deus, n\u00e3o sou capaz de rezar"}]},{"@type":"Person","@id":"https:\/\/franciscanos.org.br\/noticias\/#\/schema\/person\/b38fbf43118f02820bd932f2e4b14ad3","name":"admin","image":{"@type":"ImageObject","inLanguage":"pt-BR","@id":"https:\/\/franciscanos.org.br\/noticias\/#\/schema\/person\/image\/","url":"https:\/\/secure.gravatar.com\/avatar\/e8495742d34d0ba6448ea1c628263b3e?s=96&d=mm&r=g","contentUrl":"https:\/\/secure.gravatar.com\/avatar\/e8495742d34d0ba6448ea1c628263b3e?s=96&d=mm&r=g","caption":"admin"},"url":"https:\/\/franciscanos.org.br\/noticias\/author\/admin"}]}},"_links":{"self":[{"href":"https:\/\/franciscanos.org.br\/noticias\/wp-json\/wp\/v2\/posts\/145551"}],"collection":[{"href":"https:\/\/franciscanos.org.br\/noticias\/wp-json\/wp\/v2\/posts"}],"about":[{"href":"https:\/\/franciscanos.org.br\/noticias\/wp-json\/wp\/v2\/types\/post"}],"author":[{"embeddable":true,"href":"https:\/\/franciscanos.org.br\/noticias\/wp-json\/wp\/v2\/users\/1"}],"replies":[{"embeddable":true,"href":"https:\/\/franciscanos.org.br\/noticias\/wp-json\/wp\/v2\/comments?post=145551"}],"version-history":[{"count":1,"href":"https:\/\/franciscanos.org.br\/noticias\/wp-json\/wp\/v2\/posts\/145551\/revisions"}],"predecessor-version":[{"id":225197,"href":"https:\/\/franciscanos.org.br\/noticias\/wp-json\/wp\/v2\/posts\/145551\/revisions\/225197"}],"wp:featuredmedia":[{"embeddable":true,"href":"https:\/\/franciscanos.org.br\/noticias\/wp-json\/wp\/v2\/media\/201705"}],"wp:attachment":[{"href":"https:\/\/franciscanos.org.br\/noticias\/wp-json\/wp\/v2\/media?parent=145551"}],"wp:term":[{"taxonomy":"category","embeddable":true,"href":"https:\/\/franciscanos.org.br\/noticias\/wp-json\/wp\/v2\/categories?post=145551"},{"taxonomy":"post_tag","embeddable":true,"href":"https:\/\/franciscanos.org.br\/noticias\/wp-json\/wp\/v2\/tags?post=145551"}],"curies":[{"name":"wp","href":"https:\/\/api.w.org\/{rel}","templated":true}]}}