{"id":145504,"date":"2017-11-13T11:14:15","date_gmt":"2017-11-13T13:14:15","guid":{"rendered":"http:\/\/franciscanos.org.br\/?p=145504"},"modified":"2020-06-08T16:31:31","modified_gmt":"2020-06-08T19:31:31","slug":"escandalos-ferem-e-matam-coracoes-e-esperancas","status":"publish","type":"post","link":"https:\/\/franciscanos.org.br\/noticias\/escandalos-ferem-e-matam-coracoes-e-esperancas.html","title":{"rendered":"Esc\u00e2ndalos ferem e matam cora\u00e7\u00f5es e esperan\u00e7as"},"content":{"rendered":"<p><img loading=\"lazy\" src=\"http:\/\/franciscanos.org.br\/wp-content\/uploads\/2017\/06\/marta_230617.jpg\" alt=\"marta_230617\" width=\"820\" height=\"431\" \/><\/p>\n<p><strong>Cidade do Vaticano &#8211;<\/strong> \u201cEsc\u00e2ndalos que ferem os cora\u00e7\u00f5es e matam esperan\u00e7as e ilus\u00f5es\u201d, palavras proferidas pelo Papa Francisco na missa matutina celebrada, nesta segunda-feira (13\/11), na Capela da Casa Santa Marta. \u201c\u00c9 inevit\u00e1vel que aconte\u00e7am esc\u00e2ndalos\u201d, recordou o Pont\u00edfice, retomando as palavras de Jesus no Evangelho do dia, \u201cmas ai daquele que produz esc\u00e2ndalos!\u201d. E Jesus adverte os seus disc\u00edpulos: \u201cPrestem aten\u00e7\u00e3o em voc\u00eas mesmos!\u201d.<\/p>\n<p>\u201cOu seja, fiquem atentos a n\u00e3o escandalizar. O esc\u00e2ndalo \u00e9 feio porque o esc\u00e2ndalo fere, fere a vulnerabilidade do povo de Deus, fere a fragilidade do povo de Deus e muitas vezes essas feridas s\u00e3o carregadas por toda a vida. N\u00e3o somente fere, o esc\u00e2ndalo \u00e9 capaz de matar: matar esperan\u00e7as, matar ilus\u00f5es, matar fam\u00edlias, matar muitos cora\u00e7\u00f5es.\u201d<\/p>\n<p>\u201cPrestem aten\u00e7\u00e3o em voc\u00eas mesmos\u201d \u00e9 uma advert\u00eancia a todos, sublinhou Francisco, especialmente a quem se diz crist\u00e3o, mas vive como pag\u00e3o. Este \u00e9 \u201co esc\u00e2ndalo do povo de Deus\u201d.<br \/>\n\u201cMuitos crist\u00e3os com o seu exemplo distanciam as pessoas, com a sua incoer\u00eancia, com a pr\u00f3pria incoer\u00eancia: a incoer\u00eancia dos crist\u00e3os \u00e9 uma das armas mais f\u00e1ceis que o diabo tem para enfraquecer o povo de Deus e distanciar o povo de Deus do Senhor. Dizer uma coisa e fazer outra.\u201d<\/p>\n<p>Esta \u00e9 a \u201cincoer\u00eancia\u201d que faz esc\u00e2ndalo, que deve hoje nos fazer perguntar \u2013 disse o Papa -: \u201ccomo \u00e9 a minha coer\u00eancia de vida? Coer\u00eancia com o Evangelho, Coer\u00eancia com o Senhor?\u201d Francisco citou como exemplo os empreendedores crist\u00e3os que n\u00e3o pagam os sal\u00e1rios justos e se servem das pessoas para se enriquecerem e tamb\u00e9m o esc\u00e2ndalo dos pastores na Igreja que n\u00e3o cuidam das ovelhas e se afastam.<\/p>\n<p>\u201cJesus nos diz que n\u00e3o se pode servir a dois senhores, a Deus e ao dinheiro, e quando o pastor \u00e9 algu\u00e9m apegado ao dinheiro, escandaliza. E as pessoas se escandalizam: o pastor apegado ao dinheiro. Todo pastor deve se perguntar: como \u00e9 minha amizade com o dinheiro? Ou o pastor que procura subir, a vaidade o leva a escalar, em vez de ser gentil, humilde, porque a gentileza e a humildade favorecem a proximidade com as pessoas. Ou o pastor que se sente senhor e comanda todos, orgulhoso, e n\u00e3o o pastor servidor do povo de Deus\u201d\u2026<\/p>\n<p>\u201cHoje pode ser &#8211; concluiu Francisco a sua homilia &#8211; um bom dia para fazer um exame consci\u00eancia sobre isso: escandalizo ou n\u00e3o, e como? E assim poderemos responder ao Senhor e nos aproximarmos um pouco mais d\u2019Ele\u201d.<\/p>\n<hr \/>\n<p><em>Fonte: Vatican News<\/em><\/p>\n","protected":false},"excerpt":{"rendered":"<p>Missa em Santa Marta<\/p>\n","protected":false},"author":1,"featured_media":203514,"comment_status":"open","ping_status":"open","sticky":false,"template":"","format":"standard","meta":[],"categories":[1428],"tags":[1586],"acf":[],"yoast_head":"<!-- This site is optimized with the Yoast SEO plugin v19.2 - https:\/\/yoast.com\/wordpress\/plugins\/seo\/ -->\n<title>Esc\u00e2ndalos ferem e matam cora\u00e7\u00f5es e esperan\u00e7as - Not\u00edcias - Franciscanos<\/title>\n<meta name=\"robots\" content=\"index, follow, max-snippet:-1, max-image-preview:large, max-video-preview:-1\" \/>\n<link rel=\"canonical\" href=\"https:\/\/franciscanos.org.br\/noticias\/escandalos-ferem-e-matam-coracoes-e-esperancas.html\" \/>\n<meta property=\"og:locale\" content=\"pt_BR\" \/>\n<meta property=\"og:type\" content=\"article\" \/>\n<meta property=\"og:title\" content=\"Esc\u00e2ndalos ferem e matam cora\u00e7\u00f5es e esperan\u00e7as - Not\u00edcias - Franciscanos\" \/>\n<meta property=\"og:description\" content=\"Missa em Santa Marta\" \/>\n<meta property=\"og:url\" content=\"https:\/\/franciscanos.org.br\/noticias\/escandalos-ferem-e-matam-coracoes-e-esperancas.html\" \/>\n<meta property=\"og:site_name\" content=\"Not\u00edcias - Franciscanos\" \/>\n<meta property=\"article:published_time\" content=\"2017-11-13T13:14:15+00:00\" \/>\n<meta property=\"article:modified_time\" content=\"2020-06-08T19:31:31+00:00\" \/>\n<meta property=\"og:image\" content=\"https:\/\/franciscanos.org.br\/noticias\/wp-content\/uploads\/2017\/11\/marta_230617.jpg\" \/>\n\t<meta property=\"og:image:width\" content=\"273\" \/>\n\t<meta property=\"og:image:height\" content=\"181\" \/>\n\t<meta property=\"og:image:type\" content=\"image\/jpeg\" \/>\n<meta name=\"author\" content=\"admin\" \/>\n<meta name=\"twitter:card\" content=\"summary_large_image\" \/>\n<meta name=\"twitter:label1\" content=\"Escrito por\" \/>\n\t<meta name=\"twitter:data1\" content=\"admin\" \/>\n\t<meta name=\"twitter:label2\" content=\"Est. tempo de leitura\" \/>\n\t<meta name=\"twitter:data2\" content=\"2 minutos\" \/>\n<script type=\"application\/ld+json\" class=\"yoast-schema-graph\">{\"@context\":\"https:\/\/schema.org\",\"@graph\":[{\"@type\":\"WebSite\",\"@id\":\"https:\/\/franciscanos.org.br\/noticias\/#website\",\"url\":\"https:\/\/franciscanos.org.br\/noticias\/\",\"name\":\"Not\u00edcias - Franciscanos\",\"description\":\"Prov\u00edncia Franciscana da Imaculada Concei\u00e7\u00e3o do Brasil - Ordem dos Frades Menores - OFM\",\"potentialAction\":[{\"@type\":\"SearchAction\",\"target\":{\"@type\":\"EntryPoint\",\"urlTemplate\":\"https:\/\/franciscanos.org.br\/noticias\/?s={search_term_string}\"},\"query-input\":\"required name=search_term_string\"}],\"inLanguage\":\"pt-BR\"},{\"@type\":\"ImageObject\",\"inLanguage\":\"pt-BR\",\"@id\":\"https:\/\/franciscanos.org.br\/noticias\/escandalos-ferem-e-matam-coracoes-e-esperancas.html#primaryimage\",\"url\":\"https:\/\/franciscanos.org.br\/noticias\/wp-content\/uploads\/2017\/11\/marta_230617.jpg\",\"contentUrl\":\"https:\/\/franciscanos.org.br\/noticias\/wp-content\/uploads\/2017\/11\/marta_230617.jpg\",\"width\":273,\"height\":181},{\"@type\":\"WebPage\",\"@id\":\"https:\/\/franciscanos.org.br\/noticias\/escandalos-ferem-e-matam-coracoes-e-esperancas.html#webpage\",\"url\":\"https:\/\/franciscanos.org.br\/noticias\/escandalos-ferem-e-matam-coracoes-e-esperancas.html\",\"name\":\"Esc\u00e2ndalos ferem e matam cora\u00e7\u00f5es e esperan\u00e7as - Not\u00edcias - Franciscanos\",\"isPartOf\":{\"@id\":\"https:\/\/franciscanos.org.br\/noticias\/#website\"},\"primaryImageOfPage\":{\"@id\":\"https:\/\/franciscanos.org.br\/noticias\/escandalos-ferem-e-matam-coracoes-e-esperancas.html#primaryimage\"},\"datePublished\":\"2017-11-13T13:14:15+00:00\",\"dateModified\":\"2020-06-08T19:31:31+00:00\",\"author\":{\"@id\":\"https:\/\/franciscanos.org.br\/noticias\/#\/schema\/person\/b38fbf43118f02820bd932f2e4b14ad3\"},\"breadcrumb\":{\"@id\":\"https:\/\/franciscanos.org.br\/noticias\/escandalos-ferem-e-matam-coracoes-e-esperancas.html#breadcrumb\"},\"inLanguage\":\"pt-BR\",\"potentialAction\":[{\"@type\":\"ReadAction\",\"target\":[\"https:\/\/franciscanos.org.br\/noticias\/escandalos-ferem-e-matam-coracoes-e-esperancas.html\"]}]},{\"@type\":\"BreadcrumbList\",\"@id\":\"https:\/\/franciscanos.org.br\/noticias\/escandalos-ferem-e-matam-coracoes-e-esperancas.html#breadcrumb\",\"itemListElement\":[{\"@type\":\"ListItem\",\"position\":1,\"name\":\"Home\",\"item\":\"https:\/\/franciscanos.org.br\/noticias\"},{\"@type\":\"ListItem\",\"position\":2,\"name\":\"Esc\u00e2ndalos ferem e matam cora\u00e7\u00f5es e esperan\u00e7as\"}]},{\"@type\":\"Person\",\"@id\":\"https:\/\/franciscanos.org.br\/noticias\/#\/schema\/person\/b38fbf43118f02820bd932f2e4b14ad3\",\"name\":\"admin\",\"image\":{\"@type\":\"ImageObject\",\"inLanguage\":\"pt-BR\",\"@id\":\"https:\/\/franciscanos.org.br\/noticias\/#\/schema\/person\/image\/\",\"url\":\"https:\/\/secure.gravatar.com\/avatar\/e8495742d34d0ba6448ea1c628263b3e?s=96&d=mm&r=g\",\"contentUrl\":\"https:\/\/secure.gravatar.com\/avatar\/e8495742d34d0ba6448ea1c628263b3e?s=96&d=mm&r=g\",\"caption\":\"admin\"},\"url\":\"https:\/\/franciscanos.org.br\/noticias\/author\/admin\"}]}<\/script>\n<!-- \/ Yoast SEO plugin. -->","yoast_head_json":{"title":"Esc\u00e2ndalos ferem e matam cora\u00e7\u00f5es e esperan\u00e7as - Not\u00edcias - Franciscanos","robots":{"index":"index","follow":"follow","max-snippet":"max-snippet:-1","max-image-preview":"max-image-preview:large","max-video-preview":"max-video-preview:-1"},"canonical":"https:\/\/franciscanos.org.br\/noticias\/escandalos-ferem-e-matam-coracoes-e-esperancas.html","og_locale":"pt_BR","og_type":"article","og_title":"Esc\u00e2ndalos ferem e matam cora\u00e7\u00f5es e esperan\u00e7as - Not\u00edcias - Franciscanos","og_description":"Missa em Santa Marta","og_url":"https:\/\/franciscanos.org.br\/noticias\/escandalos-ferem-e-matam-coracoes-e-esperancas.html","og_site_name":"Not\u00edcias - Franciscanos","article_published_time":"2017-11-13T13:14:15+00:00","article_modified_time":"2020-06-08T19:31:31+00:00","og_image":[{"width":273,"height":181,"url":"https:\/\/franciscanos.org.br\/noticias\/wp-content\/uploads\/2017\/11\/marta_230617.jpg","type":"image\/jpeg"}],"author":"admin","twitter_card":"summary_large_image","twitter_misc":{"Escrito por":"admin","Est. tempo de leitura":"2 minutos"},"schema":{"@context":"https:\/\/schema.org","@graph":[{"@type":"WebSite","@id":"https:\/\/franciscanos.org.br\/noticias\/#website","url":"https:\/\/franciscanos.org.br\/noticias\/","name":"Not\u00edcias - Franciscanos","description":"Prov\u00edncia Franciscana da Imaculada Concei\u00e7\u00e3o do Brasil - Ordem dos Frades Menores - OFM","potentialAction":[{"@type":"SearchAction","target":{"@type":"EntryPoint","urlTemplate":"https:\/\/franciscanos.org.br\/noticias\/?s={search_term_string}"},"query-input":"required name=search_term_string"}],"inLanguage":"pt-BR"},{"@type":"ImageObject","inLanguage":"pt-BR","@id":"https:\/\/franciscanos.org.br\/noticias\/escandalos-ferem-e-matam-coracoes-e-esperancas.html#primaryimage","url":"https:\/\/franciscanos.org.br\/noticias\/wp-content\/uploads\/2017\/11\/marta_230617.jpg","contentUrl":"https:\/\/franciscanos.org.br\/noticias\/wp-content\/uploads\/2017\/11\/marta_230617.jpg","width":273,"height":181},{"@type":"WebPage","@id":"https:\/\/franciscanos.org.br\/noticias\/escandalos-ferem-e-matam-coracoes-e-esperancas.html#webpage","url":"https:\/\/franciscanos.org.br\/noticias\/escandalos-ferem-e-matam-coracoes-e-esperancas.html","name":"Esc\u00e2ndalos ferem e matam cora\u00e7\u00f5es e esperan\u00e7as - Not\u00edcias - Franciscanos","isPartOf":{"@id":"https:\/\/franciscanos.org.br\/noticias\/#website"},"primaryImageOfPage":{"@id":"https:\/\/franciscanos.org.br\/noticias\/escandalos-ferem-e-matam-coracoes-e-esperancas.html#primaryimage"},"datePublished":"2017-11-13T13:14:15+00:00","dateModified":"2020-06-08T19:31:31+00:00","author":{"@id":"https:\/\/franciscanos.org.br\/noticias\/#\/schema\/person\/b38fbf43118f02820bd932f2e4b14ad3"},"breadcrumb":{"@id":"https:\/\/franciscanos.org.br\/noticias\/escandalos-ferem-e-matam-coracoes-e-esperancas.html#breadcrumb"},"inLanguage":"pt-BR","potentialAction":[{"@type":"ReadAction","target":["https:\/\/franciscanos.org.br\/noticias\/escandalos-ferem-e-matam-coracoes-e-esperancas.html"]}]},{"@type":"BreadcrumbList","@id":"https:\/\/franciscanos.org.br\/noticias\/escandalos-ferem-e-matam-coracoes-e-esperancas.html#breadcrumb","itemListElement":[{"@type":"ListItem","position":1,"name":"Home","item":"https:\/\/franciscanos.org.br\/noticias"},{"@type":"ListItem","position":2,"name":"Esc\u00e2ndalos ferem e matam cora\u00e7\u00f5es e esperan\u00e7as"}]},{"@type":"Person","@id":"https:\/\/franciscanos.org.br\/noticias\/#\/schema\/person\/b38fbf43118f02820bd932f2e4b14ad3","name":"admin","image":{"@type":"ImageObject","inLanguage":"pt-BR","@id":"https:\/\/franciscanos.org.br\/noticias\/#\/schema\/person\/image\/","url":"https:\/\/secure.gravatar.com\/avatar\/e8495742d34d0ba6448ea1c628263b3e?s=96&d=mm&r=g","contentUrl":"https:\/\/secure.gravatar.com\/avatar\/e8495742d34d0ba6448ea1c628263b3e?s=96&d=mm&r=g","caption":"admin"},"url":"https:\/\/franciscanos.org.br\/noticias\/author\/admin"}]}},"_links":{"self":[{"href":"https:\/\/franciscanos.org.br\/noticias\/wp-json\/wp\/v2\/posts\/145504"}],"collection":[{"href":"https:\/\/franciscanos.org.br\/noticias\/wp-json\/wp\/v2\/posts"}],"about":[{"href":"https:\/\/franciscanos.org.br\/noticias\/wp-json\/wp\/v2\/types\/post"}],"author":[{"embeddable":true,"href":"https:\/\/franciscanos.org.br\/noticias\/wp-json\/wp\/v2\/users\/1"}],"replies":[{"embeddable":true,"href":"https:\/\/franciscanos.org.br\/noticias\/wp-json\/wp\/v2\/comments?post=145504"}],"version-history":[{"count":1,"href":"https:\/\/franciscanos.org.br\/noticias\/wp-json\/wp\/v2\/posts\/145504\/revisions"}],"predecessor-version":[{"id":225198,"href":"https:\/\/franciscanos.org.br\/noticias\/wp-json\/wp\/v2\/posts\/145504\/revisions\/225198"}],"wp:featuredmedia":[{"embeddable":true,"href":"https:\/\/franciscanos.org.br\/noticias\/wp-json\/wp\/v2\/media\/203514"}],"wp:attachment":[{"href":"https:\/\/franciscanos.org.br\/noticias\/wp-json\/wp\/v2\/media?parent=145504"}],"wp:term":[{"taxonomy":"category","embeddable":true,"href":"https:\/\/franciscanos.org.br\/noticias\/wp-json\/wp\/v2\/categories?post=145504"},{"taxonomy":"post_tag","embeddable":true,"href":"https:\/\/franciscanos.org.br\/noticias\/wp-json\/wp\/v2\/tags?post=145504"}],"curies":[{"name":"wp","href":"https:\/\/api.w.org\/{rel}","templated":true}]}}