{"id":145479,"date":"2017-11-13T08:00:23","date_gmt":"2017-11-13T10:00:23","guid":{"rendered":"http:\/\/franciscanos.org.br\/?p=145479"},"modified":"2019-02-01T15:35:12","modified_gmt":"2019-02-01T17:35:12","slug":"assembleia-capitular-reune-frades-da-fundacao","status":"publish","type":"post","link":"https:\/\/franciscanos.org.br\/noticias\/assembleia-capitular-reune-frades-da-fundacao.html","title":{"rendered":"Assembleia Capitular re\u00fane frades da Funda\u00e7\u00e3o"},"content":{"rendered":"<p><img loading=\"lazy\" src=\"http:\/\/franciscanos.org.br\/wp-content\/uploads\/2017\/11\/fimda_131117_1.jpg\" alt=\"fimda_131117_1\" width=\"830\" height=\"445\" \/><\/p>\n<p>Os frades da Funda\u00e7\u00e3o Imaculada M\u00e3e de Deus de Angola (\u00c1frica) reuniram-se em Assembleia Capitular nos dias 9 e 10 de novembro. Antes, de 6 a 8, tiveram o Retiro Anual que os preparou para este momento especial na vida fraterna. Esse tempo de descanso, f\u00e9 e reflex\u00e3o ocorreu na Casa S\u00e3o Jo\u00e3o de Brito, dos Padres Jesu\u00edtas, e contou com a presen\u00e7a do Ministro Provincial, Frei Fid\u00eancio Vanboemmel, e do Vig\u00e1rio Provincial, Frei C\u00e9sar K\u00fclkamp.<\/p>\n<p>Os frades come\u00e7aram a chegar na casa de retiro pela hora do almo\u00e7o do dia 6 de novembro, mas a abertura oficial aconteceu por volta de sete horas, quando todos nos reunimos junto ao Altar da Eucaristia, onde o pr\u00f3prio Senhor alimenta os seus pobres. A Missa foi presidida pelo pr\u00f3prio Frei Fid\u00eancio, que nos convidou a irmos al\u00e9m nos atos de amor que manifestamos, buscando servir aqueles que n\u00e3o nos podem retribuir, como Cristo, que nos amou quando o pecado nos encerrava seus inimigos.<\/p>\n<p><img loading=\"lazy\" src=\"http:\/\/franciscanos.org.br\/wp-content\/uploads\/2017\/11\/fimda_131117_3.jpg\" alt=\"fimda_131117_3\" width=\"830\" height=\"288\" \/><\/p>\n<p>A ter\u00e7a-feira foi dedicada \u00e0 leitura e reflex\u00e3o do texto confeccionado pela Ordem dos Frades Menores a respeito dos eremit\u00e9rios (Escutai e Vivereis), que nos coloca diante de boas e incontorn\u00e1veis quest\u00f5es a respeito de nossa vida de ora\u00e7\u00e3o na fraternidade, enquanto o per\u00edodo da manh\u00e3 da quarta foi ocupado pelo estudo do documento \u201cGrito da terra, grito dos pobres&#8230;\u201d, dado pelo Governo Geral da Ordem a todos n\u00f3s como uma linha-guia na reflex\u00e3o sobre a casa comum.<br \/>\nAssim, com o almo\u00e7o de quarta-feira, o retiro se encerrou para dar vez \u00e0 Assembleia da FIMDA, no dia seguinte.<\/p>\n<p>De modo geral, foram momentos de descanso e revigoramento, de conviv\u00eancia fraterna e contato com nossa espiritualidade: um tempo da gra\u00e7a que o Senhor nos concede antes de enviar-nos de volta aos trabalhos da sua vinha!<\/p>\n<p>No dia 9 \u00faltimo, os frades da Funda\u00e7\u00e3o Imaculada M\u00e3e de Deus de Angola reuniram-se em Assembleia para avaliar e rever seus trabalhos e a vida fraterna em terras angolanas. O ato aconteceu numa sala do Mosteiro Sagrado Cora\u00e7\u00e3o de Jesus, das Irm\u00e3s Clarissas de Luanda, no Bairro do Palanca.<\/p>\n<p><img loading=\"lazy\" src=\"http:\/\/franciscanos.org.br\/wp-content\/uploads\/2017\/11\/fimda_131117_2.jpg\" alt=\"fimda_131117_2\" width=\"830\" height=\"467\" \/><\/p>\n<p>Ap\u00f3s o caf\u00e9 da manh\u00e3 e a Ora\u00e7\u00e3o das Laudes, Frei Fid\u00eancio indicou as principais motiva\u00e7\u00f5es para esta Assembleia, entre as quais se encontra a aprova\u00e7\u00e3o da <em>Ratio Oeconomica<\/em> da Funda\u00e7\u00e3o Imaculada M\u00e3e de Deus, bem como o Plano de Evangeliza\u00e7\u00e3o e Miss\u00e3o, respondendo aos pedidos do \u00faltimo Cap\u00edtulo da Funda\u00e7\u00e3o e j\u00e1 tendo em vista o pr\u00f3ximo. Fez men\u00e7\u00e3o ao aspecto da vida de ora\u00e7\u00e3o e tamb\u00e9m ao cuidado com a casa comum, assuntos tratados durante o retiro.<\/p>\n<p>Frei C\u00e9sar tamb\u00e9m dirigiu uma palavra aos frades, manifestando a sua alegria em encontrar os irm\u00e3os e apontando para um esp\u00edrito de unidade que \u00e9 importante construir entre a miss\u00e3o e o projeto de evangeliza\u00e7\u00e3o de toda a Prov\u00edncia. Ele v\u00ea como essencial a aprova\u00e7\u00e3o do projeto de evangeliza\u00e7\u00e3o, instrumento que possibilita estreitar la\u00e7os entre a FIMDA e a Prov\u00edncia. Enfatiza que todo este trabalho \u00e9 fundamental e facilita o funcionamento da fraternidade como um todo, na constru\u00e7\u00e3o de um sentido de perten\u00e7a na vida dos frades.<\/p>\n<p>Frei Jos\u00e9 Ant\u00f4nio dos Santos, presidente da FIMDA, apresentou seu relat\u00f3rio apontando alguns pontos, j\u00e1 apresentados na Confer\u00eancia Africana, tendo em vista analisar o projeto de evangeliza\u00e7\u00e3o e a experi\u00eancia de uma economia comum na vida da Funda\u00e7\u00e3o, em seus v\u00e1rios aspectos.<\/p>\n<p>Tomando a palavra, Frei Laerte, secret\u00e1rio da Evangeliza\u00e7\u00e3o, e Frei Marco Ant\u00f4nio, secret\u00e1rio para a Forma\u00e7\u00e3o e Estudos, apresentaram o plano de Evangeliza\u00e7\u00e3o e Miss\u00e3o. Frei Laerte apresentou o horizonte do qual emergiu a reda\u00e7\u00e3o do documento, com base no texto aprovado para o plano da Prov\u00edncia, bem como as refer\u00eancias textuais provindas da Igreja na \u00c1frica, principalmente da CEAST (Confer\u00eancia Episcopal de Angola e S\u00e3o Tom\u00e9). Depois disso, Frei Marco Ant\u00f4nio assumiu a palavra, esclarecendo a import\u00e2ncia deste projeto na entidade, afirmando que este documento coordena a forma\u00e7\u00e3o e garante uma identidade carism\u00e1tica que nos caracteriza e nos une, tendo em conta a pluralidade cultural dos irm\u00e3os que constituem nossas fraternidades.<\/p>\n<p><img loading=\"lazy\" src=\"http:\/\/franciscanos.org.br\/wp-content\/uploads\/2017\/11\/fimda_131117_5.jpg\" alt=\"fimda_131117_5\" width=\"830\" height=\"362\" \/><\/p>\n<p>A <em>Ratio Oeconomica<\/em> foi outro documento apresentado, estudado, debatido e aprovado. Frei Jefferson Palandi Broca, ec\u00f4nomo da FIMDA, iniciou a apresenta\u00e7\u00e3o esclarecendo que o texto elaborado tem suas bases no texto produzido na Prov\u00edncia. Apresentou a estrutura geral do texto explicando cada item. Fez entender tamb\u00e9m que o texto procura evidenciar o que cabe a cada um no momento de administrar bens m\u00f3veis e im\u00f3veis dentro da nossa Fraternidade, bem como a gest\u00e3o de servi\u00e7os, para saber quem administra e a quem se deve prestar contas, na tentativa de gerar uma clareza financeira nos trabalhos que realizamos. Frei Fid\u00eancio refor\u00e7ou a import\u00e2ncia deste documento, relembrando o apelo do pr\u00f3prio Ministro Geral da Ordem, Frei Michael Perry, que deseja nos impelir \u00e0 honestidade e transpar\u00eancia neste aspecto. Afirmou que um trabalho neste campo colabora para nosso testemunho evangelizador.<\/p>\n<p>Outros pontos como a visita can\u00f4nica, voluntariado leigo, forma\u00e7\u00e3o para os novos mission\u00e1rios, noviciado em terras angolanas e o processo de transformar a Funda\u00e7\u00e3o em uma Cust\u00f3dia foram discutidos e encaminhados.<\/p>\n<p>A Assembleia como um todo correu de forma muito tranquila, na alegria do conv\u00edvio fraterno, na for\u00e7a da ora\u00e7\u00e3o e na transpar\u00eancia das discuss\u00f5es. Demos Gra\u00e7as \u00e0 Deus por estes dias de ora\u00e7\u00e3o, medita\u00e7\u00e3o, conversas, decis\u00f5es e proje\u00e7\u00f5es para o futuro promissor da Funda\u00e7\u00e3o.<\/p>\n<p><em>Equipe de Comunica\u00e7\u00e3o da Assembleia<\/em><\/p>\n<p><img loading=\"lazy\" src=\"http:\/\/franciscanos.org.br\/wp-content\/uploads\/2017\/11\/fimda_131117_4.jpg\" alt=\"fimda_131117_4\" width=\"830\" height=\"294\" \/><\/p>\n","protected":false},"excerpt":{"rendered":"<p>Miss\u00e3o de Angola<\/p>\n","protected":false},"author":1,"featured_media":199277,"comment_status":"open","ping_status":"open","sticky":false,"template":"","format":"standard","meta":[],"categories":[1],"tags":[360],"acf":[],"yoast_head":"<!-- This site is optimized with the Yoast SEO plugin v19.2 - https:\/\/yoast.com\/wordpress\/plugins\/seo\/ -->\n<title>Assembleia Capitular re\u00fane frades da Funda\u00e7\u00e3o - Not\u00edcias - Franciscanos<\/title>\n<meta name=\"robots\" content=\"index, follow, max-snippet:-1, max-image-preview:large, max-video-preview:-1\" \/>\n<link rel=\"canonical\" href=\"https:\/\/franciscanos.org.br\/noticias\/assembleia-capitular-reune-frades-da-fundacao.html\" \/>\n<meta property=\"og:locale\" content=\"pt_BR\" \/>\n<meta property=\"og:type\" content=\"article\" \/>\n<meta property=\"og:title\" content=\"Assembleia Capitular re\u00fane frades da Funda\u00e7\u00e3o - Not\u00edcias - Franciscanos\" \/>\n<meta property=\"og:description\" content=\"Miss\u00e3o de Angola\" \/>\n<meta property=\"og:url\" content=\"https:\/\/franciscanos.org.br\/noticias\/assembleia-capitular-reune-frades-da-fundacao.html\" \/>\n<meta property=\"og:site_name\" content=\"Not\u00edcias - Franciscanos\" \/>\n<meta property=\"article:published_time\" content=\"2017-11-13T10:00:23+00:00\" \/>\n<meta property=\"article:modified_time\" content=\"2019-02-01T17:35:12+00:00\" \/>\n<meta property=\"og:image\" content=\"https:\/\/franciscanos.org.br\/noticias\/wp-content\/uploads\/2017\/11\/fimda_131117_1.jpg\" \/>\n\t<meta property=\"og:image:width\" content=\"273\" \/>\n\t<meta property=\"og:image:height\" content=\"181\" \/>\n\t<meta property=\"og:image:type\" content=\"image\/jpeg\" \/>\n<meta name=\"author\" content=\"admin\" \/>\n<meta name=\"twitter:card\" content=\"summary_large_image\" \/>\n<meta name=\"twitter:label1\" content=\"Escrito por\" \/>\n\t<meta name=\"twitter:data1\" content=\"admin\" \/>\n\t<meta name=\"twitter:label2\" content=\"Est. tempo de leitura\" \/>\n\t<meta name=\"twitter:data2\" content=\"5 minutos\" \/>\n<script type=\"application\/ld+json\" class=\"yoast-schema-graph\">{\"@context\":\"https:\/\/schema.org\",\"@graph\":[{\"@type\":\"WebSite\",\"@id\":\"https:\/\/franciscanos.org.br\/noticias\/#website\",\"url\":\"https:\/\/franciscanos.org.br\/noticias\/\",\"name\":\"Not\u00edcias - Franciscanos\",\"description\":\"Prov\u00edncia Franciscana da Imaculada Concei\u00e7\u00e3o do Brasil - Ordem dos Frades Menores - OFM\",\"potentialAction\":[{\"@type\":\"SearchAction\",\"target\":{\"@type\":\"EntryPoint\",\"urlTemplate\":\"https:\/\/franciscanos.org.br\/noticias\/?s={search_term_string}\"},\"query-input\":\"required name=search_term_string\"}],\"inLanguage\":\"pt-BR\"},{\"@type\":\"ImageObject\",\"inLanguage\":\"pt-BR\",\"@id\":\"https:\/\/franciscanos.org.br\/noticias\/assembleia-capitular-reune-frades-da-fundacao.html#primaryimage\",\"url\":\"https:\/\/franciscanos.org.br\/noticias\/wp-content\/uploads\/2017\/11\/fimda_131117_1.jpg\",\"contentUrl\":\"https:\/\/franciscanos.org.br\/noticias\/wp-content\/uploads\/2017\/11\/fimda_131117_1.jpg\",\"width\":273,\"height\":181},{\"@type\":\"WebPage\",\"@id\":\"https:\/\/franciscanos.org.br\/noticias\/assembleia-capitular-reune-frades-da-fundacao.html#webpage\",\"url\":\"https:\/\/franciscanos.org.br\/noticias\/assembleia-capitular-reune-frades-da-fundacao.html\",\"name\":\"Assembleia Capitular re\u00fane frades da Funda\u00e7\u00e3o - Not\u00edcias - Franciscanos\",\"isPartOf\":{\"@id\":\"https:\/\/franciscanos.org.br\/noticias\/#website\"},\"primaryImageOfPage\":{\"@id\":\"https:\/\/franciscanos.org.br\/noticias\/assembleia-capitular-reune-frades-da-fundacao.html#primaryimage\"},\"datePublished\":\"2017-11-13T10:00:23+00:00\",\"dateModified\":\"2019-02-01T17:35:12+00:00\",\"author\":{\"@id\":\"https:\/\/franciscanos.org.br\/noticias\/#\/schema\/person\/b38fbf43118f02820bd932f2e4b14ad3\"},\"breadcrumb\":{\"@id\":\"https:\/\/franciscanos.org.br\/noticias\/assembleia-capitular-reune-frades-da-fundacao.html#breadcrumb\"},\"inLanguage\":\"pt-BR\",\"potentialAction\":[{\"@type\":\"ReadAction\",\"target\":[\"https:\/\/franciscanos.org.br\/noticias\/assembleia-capitular-reune-frades-da-fundacao.html\"]}]},{\"@type\":\"BreadcrumbList\",\"@id\":\"https:\/\/franciscanos.org.br\/noticias\/assembleia-capitular-reune-frades-da-fundacao.html#breadcrumb\",\"itemListElement\":[{\"@type\":\"ListItem\",\"position\":1,\"name\":\"Home\",\"item\":\"https:\/\/franciscanos.org.br\/noticias\"},{\"@type\":\"ListItem\",\"position\":2,\"name\":\"Assembleia Capitular re\u00fane frades da Funda\u00e7\u00e3o\"}]},{\"@type\":\"Person\",\"@id\":\"https:\/\/franciscanos.org.br\/noticias\/#\/schema\/person\/b38fbf43118f02820bd932f2e4b14ad3\",\"name\":\"admin\",\"image\":{\"@type\":\"ImageObject\",\"inLanguage\":\"pt-BR\",\"@id\":\"https:\/\/franciscanos.org.br\/noticias\/#\/schema\/person\/image\/\",\"url\":\"https:\/\/secure.gravatar.com\/avatar\/e8495742d34d0ba6448ea1c628263b3e?s=96&d=mm&r=g\",\"contentUrl\":\"https:\/\/secure.gravatar.com\/avatar\/e8495742d34d0ba6448ea1c628263b3e?s=96&d=mm&r=g\",\"caption\":\"admin\"},\"url\":\"https:\/\/franciscanos.org.br\/noticias\/author\/admin\"}]}<\/script>\n<!-- \/ Yoast SEO plugin. -->","yoast_head_json":{"title":"Assembleia Capitular re\u00fane frades da Funda\u00e7\u00e3o - Not\u00edcias - Franciscanos","robots":{"index":"index","follow":"follow","max-snippet":"max-snippet:-1","max-image-preview":"max-image-preview:large","max-video-preview":"max-video-preview:-1"},"canonical":"https:\/\/franciscanos.org.br\/noticias\/assembleia-capitular-reune-frades-da-fundacao.html","og_locale":"pt_BR","og_type":"article","og_title":"Assembleia Capitular re\u00fane frades da Funda\u00e7\u00e3o - Not\u00edcias - Franciscanos","og_description":"Miss\u00e3o de Angola","og_url":"https:\/\/franciscanos.org.br\/noticias\/assembleia-capitular-reune-frades-da-fundacao.html","og_site_name":"Not\u00edcias - Franciscanos","article_published_time":"2017-11-13T10:00:23+00:00","article_modified_time":"2019-02-01T17:35:12+00:00","og_image":[{"width":273,"height":181,"url":"https:\/\/franciscanos.org.br\/noticias\/wp-content\/uploads\/2017\/11\/fimda_131117_1.jpg","type":"image\/jpeg"}],"author":"admin","twitter_card":"summary_large_image","twitter_misc":{"Escrito por":"admin","Est. tempo de leitura":"5 minutos"},"schema":{"@context":"https:\/\/schema.org","@graph":[{"@type":"WebSite","@id":"https:\/\/franciscanos.org.br\/noticias\/#website","url":"https:\/\/franciscanos.org.br\/noticias\/","name":"Not\u00edcias - Franciscanos","description":"Prov\u00edncia Franciscana da Imaculada Concei\u00e7\u00e3o do Brasil - Ordem dos Frades Menores - OFM","potentialAction":[{"@type":"SearchAction","target":{"@type":"EntryPoint","urlTemplate":"https:\/\/franciscanos.org.br\/noticias\/?s={search_term_string}"},"query-input":"required name=search_term_string"}],"inLanguage":"pt-BR"},{"@type":"ImageObject","inLanguage":"pt-BR","@id":"https:\/\/franciscanos.org.br\/noticias\/assembleia-capitular-reune-frades-da-fundacao.html#primaryimage","url":"https:\/\/franciscanos.org.br\/noticias\/wp-content\/uploads\/2017\/11\/fimda_131117_1.jpg","contentUrl":"https:\/\/franciscanos.org.br\/noticias\/wp-content\/uploads\/2017\/11\/fimda_131117_1.jpg","width":273,"height":181},{"@type":"WebPage","@id":"https:\/\/franciscanos.org.br\/noticias\/assembleia-capitular-reune-frades-da-fundacao.html#webpage","url":"https:\/\/franciscanos.org.br\/noticias\/assembleia-capitular-reune-frades-da-fundacao.html","name":"Assembleia Capitular re\u00fane frades da Funda\u00e7\u00e3o - Not\u00edcias - Franciscanos","isPartOf":{"@id":"https:\/\/franciscanos.org.br\/noticias\/#website"},"primaryImageOfPage":{"@id":"https:\/\/franciscanos.org.br\/noticias\/assembleia-capitular-reune-frades-da-fundacao.html#primaryimage"},"datePublished":"2017-11-13T10:00:23+00:00","dateModified":"2019-02-01T17:35:12+00:00","author":{"@id":"https:\/\/franciscanos.org.br\/noticias\/#\/schema\/person\/b38fbf43118f02820bd932f2e4b14ad3"},"breadcrumb":{"@id":"https:\/\/franciscanos.org.br\/noticias\/assembleia-capitular-reune-frades-da-fundacao.html#breadcrumb"},"inLanguage":"pt-BR","potentialAction":[{"@type":"ReadAction","target":["https:\/\/franciscanos.org.br\/noticias\/assembleia-capitular-reune-frades-da-fundacao.html"]}]},{"@type":"BreadcrumbList","@id":"https:\/\/franciscanos.org.br\/noticias\/assembleia-capitular-reune-frades-da-fundacao.html#breadcrumb","itemListElement":[{"@type":"ListItem","position":1,"name":"Home","item":"https:\/\/franciscanos.org.br\/noticias"},{"@type":"ListItem","position":2,"name":"Assembleia Capitular re\u00fane frades da Funda\u00e7\u00e3o"}]},{"@type":"Person","@id":"https:\/\/franciscanos.org.br\/noticias\/#\/schema\/person\/b38fbf43118f02820bd932f2e4b14ad3","name":"admin","image":{"@type":"ImageObject","inLanguage":"pt-BR","@id":"https:\/\/franciscanos.org.br\/noticias\/#\/schema\/person\/image\/","url":"https:\/\/secure.gravatar.com\/avatar\/e8495742d34d0ba6448ea1c628263b3e?s=96&d=mm&r=g","contentUrl":"https:\/\/secure.gravatar.com\/avatar\/e8495742d34d0ba6448ea1c628263b3e?s=96&d=mm&r=g","caption":"admin"},"url":"https:\/\/franciscanos.org.br\/noticias\/author\/admin"}]}},"_links":{"self":[{"href":"https:\/\/franciscanos.org.br\/noticias\/wp-json\/wp\/v2\/posts\/145479"}],"collection":[{"href":"https:\/\/franciscanos.org.br\/noticias\/wp-json\/wp\/v2\/posts"}],"about":[{"href":"https:\/\/franciscanos.org.br\/noticias\/wp-json\/wp\/v2\/types\/post"}],"author":[{"embeddable":true,"href":"https:\/\/franciscanos.org.br\/noticias\/wp-json\/wp\/v2\/users\/1"}],"replies":[{"embeddable":true,"href":"https:\/\/franciscanos.org.br\/noticias\/wp-json\/wp\/v2\/comments?post=145479"}],"version-history":[{"count":0,"href":"https:\/\/franciscanos.org.br\/noticias\/wp-json\/wp\/v2\/posts\/145479\/revisions"}],"wp:featuredmedia":[{"embeddable":true,"href":"https:\/\/franciscanos.org.br\/noticias\/wp-json\/wp\/v2\/media\/199277"}],"wp:attachment":[{"href":"https:\/\/franciscanos.org.br\/noticias\/wp-json\/wp\/v2\/media?parent=145479"}],"wp:term":[{"taxonomy":"category","embeddable":true,"href":"https:\/\/franciscanos.org.br\/noticias\/wp-json\/wp\/v2\/categories?post=145479"},{"taxonomy":"post_tag","embeddable":true,"href":"https:\/\/franciscanos.org.br\/noticias\/wp-json\/wp\/v2\/tags?post=145479"}],"curies":[{"name":"wp","href":"https:\/\/api.w.org\/{rel}","templated":true}]}}