{"id":145453,"date":"2017-11-11T10:01:18","date_gmt":"2017-11-11T12:01:18","guid":{"rendered":"http:\/\/franciscanos.org.br\/?p=145453"},"modified":"2019-06-12T09:03:56","modified_gmt":"2019-06-12T12:03:56","slug":"frei-rodrigo-peret-e-ativistas-sao-presos-no-zimbabue","status":"publish","type":"post","link":"https:\/\/franciscanos.org.br\/noticias\/frei-rodrigo-peret-e-ativistas-sao-presos-no-zimbabue.html","title":{"rendered":"Frei Rodrigo P\u00e9ret e ativistas foram libertados"},"content":{"rendered":"<p><img loading=\"lazy\" src=\"http:\/\/franciscanos.org.br\/wp-content\/uploads\/2017\/08\/esteirasoficial_050817_5.jpg\" alt=\"esteirasoficial_050817_5\" width=\"830\" height=\"519\" \/><\/p>\n<address>Frei Rodrigo P\u00e9ret (centro), foi um dos convidados do Cap\u00edtulo das Esteiras deste ano.<\/address>\n<p>Um grupo de brasileiros, incluindo Frei Rodrigo P\u00e9ret foi preso nesta sexta-feira (10) durante uma visita a uma regi\u00e3o de minera\u00e7\u00e3o de diamantes em Mutare, no Zimb\u00e1bue.Pelo menos tr\u00eas brasileiros e outras 19 pessoas de pa\u00edses como \u00c1frica do Sul, Z\u00e2mbia, Qu\u00eania e Uganda foram levados por um \u00f4nibus da pol\u00edcia local a uma pris\u00e3o da cidade, a 270 quil\u00f4metros da capital, Harare, na fronteira com Mo\u00e7ambique.<\/p>\n<p>Na tarde de s\u00e1bado, 11, Frei Rodrigo P\u00e9ret e mais 2 brasileiros,\u00a0Jarbas Vieira\u00a0e\u00a0Maria J\u00falia, foram libertados. Leia abaixo a mensagem do frade:\u00a0<em>Comunicamos aos companheiros e companheiras, que ap\u00f3s julgamento na Corte Criminal de Pequenas em Mutare, no Zimb\u00e1bue, fomos libertados no meio da tarde do dia 11 de novembro. Contudo, estamos ainda apreensivos em rela\u00e7\u00e3o ao retorno das pessoas que foram presas (24 pessoas, de 8 pa\u00edses). Nos preocupa a seguran\u00e7a e integridade f\u00edsicas das mesmas ao retornarem para os seus pa\u00edses de origem. A conjuntura \u00e9 delicada e exige que se mantenha a mobiliza\u00e7\u00e3o e solidariedade internacional at\u00e9 a finaliza\u00e7\u00e3o total da situa\u00e7\u00e3o.<\/em><\/p>\n<address><em>Fomos presos durante uma miss\u00e3o de solidariedade internacional \u00e0s comunidades atingidas pela minera\u00e7\u00e3o no Zimb\u00e1bue, convocada pela Rede Di\u00e1logo com os Povos. Enquanto particip\u00e1vamos de um encontro com 2.000 pessoas na regi\u00e3o de Marange, cuja pauta era a discuss\u00e3o sobre os impactos da atividade mineraria de diamante na \u00e1rea e a cria\u00e7\u00e3o de um fundo comunit\u00e1rio para a melhoria das condi\u00e7\u00f5es de vida das comunidades atingidas. Todos os estrangeiros foram presos logo ao in\u00edcio do encontro, no come\u00e7o da tarde do dia 10. Fomos conduzidos para o posto policial de Marange, de l\u00e1 levados para a Delegacia Central de Pol\u00edcia de Mutare, onde fomos fichados e encarcerados.<\/em><em>Para a nossa liberta\u00e7\u00e3o foi fundamental a press\u00e3o internacional e o apoio de muitas organiza\u00e7\u00f5es que se solidarizaram com a situa\u00e7\u00e3o. Destacamos o trabalho dos advogados e advogadas da Zimbabwean Lawyers for Human Rights, que se mobilizaram desde o primeiro momento e acompanharam todo o grupo ao longo do processo. Ressaltamos tamb\u00e9m a atua\u00e7\u00e3o firme da Embaixada Brasileira no Zimb\u00e1bue, que colaborou muito na media\u00e7\u00e3o da resolu\u00e7\u00e3o.<\/em><\/address>\n<address><em>Agradecemos muito toda a articula\u00e7\u00e3o e apoio! E reafirmamos a necessidade de que continuemos atentos at\u00e9 a chegada de todos e todas aos seus pa\u00edses.<\/em><br \/>\n<em>Abra\u00e7os fraternos,<\/em><\/p>\n<p style=\"text-align: right;\"><strong><em>Frei Rodrigo Peret \u2013 CPT e Di\u00e1logo dos Povos<\/em><\/strong><br \/>\n<strong><em>Jarbas Vieira \u2013 MAM<\/em><\/strong><br \/>\n<strong><em>Maria J\u00falia \u2013 MAM<\/em><\/strong><\/p>\n<\/address>\n<p><strong>Frei Rodrigo P\u00e9ret e ativistas s\u00e3o presos no Zimb\u00e1bue<\/strong><br \/>\nUm grupo de brasileiros, incluindo Frei Rodrigo P\u00e9ret foi preso nesta sexta-feira (10) durante uma visita a uma regi\u00e3o de minera\u00e7\u00e3o de diamantes em Mutare, no Zimb\u00e1bue.<\/p>\n<p>Pelo menos tr\u00eas brasileiros e outras 19 pessoas de pa\u00edses como \u00c1frica do Sul, Z\u00e2mbia, Qu\u00eania e Uganda foram levados por um \u00f4nibus da pol\u00edcia local a uma pris\u00e3o da cidade, a 270 quil\u00f4metros da capital, Harare, na fronteira com Mo\u00e7ambique.<\/p>\n<p>O Itamaraty j\u00e1 foi informado sobre as pris\u00f5es e ainda n\u00e3o divulgou informa\u00e7\u00f5es sobre a situa\u00e7\u00e3o dos brasileiros.<\/p>\n<p>Frei Rodrigo P\u00e9ret \u00e9 da Comiss\u00e3o Pastoral da Terra de Uberl\u00e2ndia (MG). Tamb\u00e9m estavam no local Maria Julia Gomes Andrade e Jarbas Vieira, do Movimento de Atingidos pela Minera\u00e7\u00e3o.<br \/>\nA BBC Brasil conversou com a sul-africana Mercia Andrews, do movimento internacional de direitos humanos People&#8217;s Dialogue (Di\u00e1logo dos Povos), que estava no local das pris\u00f5es.<br \/>\nEla acompanhava a miss\u00e3o de ativistas da regi\u00e3o de Marange, conhecida como uma das principais reservas de diamantes do planeta, cujas licen\u00e7as de explora\u00e7\u00e3o foram ampliadas recentemente pelo governo do Zimb\u00e1bue.<\/p>\n<p>&#8220;Est\u00e1vamos conversando com os moradores da \u00e1rea, que est\u00e3o sendo removidos de suas casas e relatavam abusos e limita\u00e7\u00f5es em seu direito de ir e vir&#8221;, diz Andrews.<br \/>\nPoliciais teriam chegado ao local e levado os presentes em um \u00f4nibus para a pris\u00e3o.<\/p>\n<p><strong>Comunidades locais afetadas<\/strong><br \/>\nParte dos moradores da regi\u00e3o j\u00e1 foi removida pelo governo para \u00e1reas distantes da minera\u00e7\u00e3o, que tem import\u00e2ncia espiritual para a popula\u00e7\u00e3o local.<br \/>\nRecentemente, as comunidades que ainda vivem ali t\u00eam sido pressionadas a sair.<br \/>\nObservadores internacionais apontam crescente tens\u00e3o no pa\u00eds, que enfrenta uma dura crise econ\u00f4mica e ter\u00e1 elei\u00e7\u00f5es presidenciais do ano que vem.<br \/>\nPara o diretor da ONG Humans Right Watch na \u00c1frica, Dewa MAvhinga, a viol\u00eancia pol\u00edtica coloca as elei\u00e7\u00f5es em risco.<br \/>\n&#8220;No atual ambiente, altamente polarizado, um dos maiores desafios que o Zimb\u00e1bue enfrenta antes das elei\u00e7\u00f5es no pr\u00f3ximo ano \u00e9 ter institui\u00e7\u00f5es de Justi\u00e7a independentes, profissionais e n\u00e3o partid\u00e1rias. Os vizinhos do Zimb\u00e1bue na Comunidade de Desenvolvimento da \u00c1frica Austral devem pressionar o governo para que abusos do passado sejam investigados e para acabar com a viol\u00eancia e garantir que as elei\u00e7\u00f5es sejam justas&#8221;, afirmou Mavhinga recentemente, em nota p\u00fablica.<\/p>\n<p><strong>Instabilidade<\/strong><br \/>\nNa \u00faltima segunda-feira, o presidente do pa\u00eds, Robert Mugabe, de 93 anos, demitiu o vice-presidente, Emmerson Mnangagwa, sob acusa\u00e7\u00f5es de trai\u00e7\u00e3o.<br \/>\nRemovido do cargo ap\u00f3s 37 anos de trabalho no governo local, Mnangagwa prometeu \u00e0 imprensa local voltar para &#8220;lutar pela democracia&#8221; no pa\u00eds.<br \/>\n&#8220;H\u00e1 grande preocupa\u00e7\u00e3o com o momento de instabilidade pol\u00edtica do Zimb\u00e1bue. Diversas organiza\u00e7\u00f5es e militantes est\u00e3o mobilizando as suas redes para prestar apoio e solidariedade aos companheiros e a todo o grupo&#8221;, informou, em nota, o Comit\u00ea em Defesa dos Territ\u00f3rios Frente \u00e0 Minera\u00e7\u00e3o, ao qual dois dos presos brasileiros s\u00e3o filiados.<br \/>\nO presidente do Zimb\u00e1bue est\u00e1 no poder desde 1980. Observadores estimam que um quarto da popula\u00e7\u00e3o tenha problemas de acesso a alimentos do pa\u00eds hoje.<\/p>\n<p>Fonte: G1<\/p>\n","protected":false},"excerpt":{"rendered":"<p>Minera\u00e7\u00e3o<\/p>\n","protected":false},"author":1,"featured_media":204305,"comment_status":"open","ping_status":"open","sticky":false,"template":"","format":"standard","meta":[],"categories":[1],"tags":[1455],"acf":[],"yoast_head":"<!-- This site is optimized with the Yoast SEO plugin v19.2 - https:\/\/yoast.com\/wordpress\/plugins\/seo\/ -->\n<title>Frei Rodrigo P\u00e9ret e ativistas foram libertados - Not\u00edcias - Franciscanos<\/title>\n<meta name=\"robots\" content=\"index, follow, max-snippet:-1, max-image-preview:large, max-video-preview:-1\" \/>\n<link rel=\"canonical\" href=\"https:\/\/franciscanos.org.br\/noticias\/frei-rodrigo-peret-e-ativistas-sao-presos-no-zimbabue.html\" \/>\n<meta property=\"og:locale\" content=\"pt_BR\" \/>\n<meta property=\"og:type\" content=\"article\" \/>\n<meta property=\"og:title\" content=\"Frei Rodrigo P\u00e9ret e ativistas foram libertados - Not\u00edcias - Franciscanos\" \/>\n<meta property=\"og:description\" content=\"Minera\u00e7\u00e3o\" \/>\n<meta property=\"og:url\" content=\"https:\/\/franciscanos.org.br\/noticias\/frei-rodrigo-peret-e-ativistas-sao-presos-no-zimbabue.html\" \/>\n<meta property=\"og:site_name\" content=\"Not\u00edcias - Franciscanos\" \/>\n<meta property=\"article:published_time\" content=\"2017-11-11T12:01:18+00:00\" \/>\n<meta property=\"article:modified_time\" content=\"2019-06-12T12:03:56+00:00\" \/>\n<meta property=\"og:image\" content=\"https:\/\/franciscanos.org.br\/noticias\/wp-content\/uploads\/2017\/11\/esteirasoficial_050817_5.jpg\" \/>\n\t<meta property=\"og:image:width\" content=\"273\" \/>\n\t<meta property=\"og:image:height\" content=\"181\" \/>\n\t<meta property=\"og:image:type\" content=\"image\/jpeg\" \/>\n<meta name=\"author\" content=\"admin\" \/>\n<meta name=\"twitter:card\" content=\"summary_large_image\" \/>\n<meta name=\"twitter:label1\" content=\"Escrito por\" \/>\n\t<meta name=\"twitter:data1\" content=\"admin\" \/>\n\t<meta name=\"twitter:label2\" content=\"Est. tempo de leitura\" \/>\n\t<meta name=\"twitter:data2\" content=\"5 minutos\" \/>\n<script type=\"application\/ld+json\" class=\"yoast-schema-graph\">{\"@context\":\"https:\/\/schema.org\",\"@graph\":[{\"@type\":\"WebSite\",\"@id\":\"https:\/\/franciscanos.org.br\/noticias\/#website\",\"url\":\"https:\/\/franciscanos.org.br\/noticias\/\",\"name\":\"Not\u00edcias - Franciscanos\",\"description\":\"Prov\u00edncia Franciscana da Imaculada Concei\u00e7\u00e3o do Brasil - Ordem dos Frades Menores - OFM\",\"potentialAction\":[{\"@type\":\"SearchAction\",\"target\":{\"@type\":\"EntryPoint\",\"urlTemplate\":\"https:\/\/franciscanos.org.br\/noticias\/?s={search_term_string}\"},\"query-input\":\"required name=search_term_string\"}],\"inLanguage\":\"pt-BR\"},{\"@type\":\"ImageObject\",\"inLanguage\":\"pt-BR\",\"@id\":\"https:\/\/franciscanos.org.br\/noticias\/frei-rodrigo-peret-e-ativistas-sao-presos-no-zimbabue.html#primaryimage\",\"url\":\"https:\/\/franciscanos.org.br\/noticias\/wp-content\/uploads\/2017\/11\/esteirasoficial_050817_5.jpg\",\"contentUrl\":\"https:\/\/franciscanos.org.br\/noticias\/wp-content\/uploads\/2017\/11\/esteirasoficial_050817_5.jpg\",\"width\":273,\"height\":181},{\"@type\":\"WebPage\",\"@id\":\"https:\/\/franciscanos.org.br\/noticias\/frei-rodrigo-peret-e-ativistas-sao-presos-no-zimbabue.html#webpage\",\"url\":\"https:\/\/franciscanos.org.br\/noticias\/frei-rodrigo-peret-e-ativistas-sao-presos-no-zimbabue.html\",\"name\":\"Frei Rodrigo P\u00e9ret e ativistas foram libertados - Not\u00edcias - Franciscanos\",\"isPartOf\":{\"@id\":\"https:\/\/franciscanos.org.br\/noticias\/#website\"},\"primaryImageOfPage\":{\"@id\":\"https:\/\/franciscanos.org.br\/noticias\/frei-rodrigo-peret-e-ativistas-sao-presos-no-zimbabue.html#primaryimage\"},\"datePublished\":\"2017-11-11T12:01:18+00:00\",\"dateModified\":\"2019-06-12T12:03:56+00:00\",\"author\":{\"@id\":\"https:\/\/franciscanos.org.br\/noticias\/#\/schema\/person\/b38fbf43118f02820bd932f2e4b14ad3\"},\"breadcrumb\":{\"@id\":\"https:\/\/franciscanos.org.br\/noticias\/frei-rodrigo-peret-e-ativistas-sao-presos-no-zimbabue.html#breadcrumb\"},\"inLanguage\":\"pt-BR\",\"potentialAction\":[{\"@type\":\"ReadAction\",\"target\":[\"https:\/\/franciscanos.org.br\/noticias\/frei-rodrigo-peret-e-ativistas-sao-presos-no-zimbabue.html\"]}]},{\"@type\":\"BreadcrumbList\",\"@id\":\"https:\/\/franciscanos.org.br\/noticias\/frei-rodrigo-peret-e-ativistas-sao-presos-no-zimbabue.html#breadcrumb\",\"itemListElement\":[{\"@type\":\"ListItem\",\"position\":1,\"name\":\"Home\",\"item\":\"https:\/\/franciscanos.org.br\/noticias\"},{\"@type\":\"ListItem\",\"position\":2,\"name\":\"Frei Rodrigo P\u00e9ret e ativistas foram libertados\"}]},{\"@type\":\"Person\",\"@id\":\"https:\/\/franciscanos.org.br\/noticias\/#\/schema\/person\/b38fbf43118f02820bd932f2e4b14ad3\",\"name\":\"admin\",\"image\":{\"@type\":\"ImageObject\",\"inLanguage\":\"pt-BR\",\"@id\":\"https:\/\/franciscanos.org.br\/noticias\/#\/schema\/person\/image\/\",\"url\":\"https:\/\/secure.gravatar.com\/avatar\/e8495742d34d0ba6448ea1c628263b3e?s=96&d=mm&r=g\",\"contentUrl\":\"https:\/\/secure.gravatar.com\/avatar\/e8495742d34d0ba6448ea1c628263b3e?s=96&d=mm&r=g\",\"caption\":\"admin\"},\"url\":\"https:\/\/franciscanos.org.br\/noticias\/author\/admin\"}]}<\/script>\n<!-- \/ Yoast SEO plugin. -->","yoast_head_json":{"title":"Frei Rodrigo P\u00e9ret e ativistas foram libertados - Not\u00edcias - Franciscanos","robots":{"index":"index","follow":"follow","max-snippet":"max-snippet:-1","max-image-preview":"max-image-preview:large","max-video-preview":"max-video-preview:-1"},"canonical":"https:\/\/franciscanos.org.br\/noticias\/frei-rodrigo-peret-e-ativistas-sao-presos-no-zimbabue.html","og_locale":"pt_BR","og_type":"article","og_title":"Frei Rodrigo P\u00e9ret e ativistas foram libertados - Not\u00edcias - Franciscanos","og_description":"Minera\u00e7\u00e3o","og_url":"https:\/\/franciscanos.org.br\/noticias\/frei-rodrigo-peret-e-ativistas-sao-presos-no-zimbabue.html","og_site_name":"Not\u00edcias - Franciscanos","article_published_time":"2017-11-11T12:01:18+00:00","article_modified_time":"2019-06-12T12:03:56+00:00","og_image":[{"width":273,"height":181,"url":"https:\/\/franciscanos.org.br\/noticias\/wp-content\/uploads\/2017\/11\/esteirasoficial_050817_5.jpg","type":"image\/jpeg"}],"author":"admin","twitter_card":"summary_large_image","twitter_misc":{"Escrito por":"admin","Est. tempo de leitura":"5 minutos"},"schema":{"@context":"https:\/\/schema.org","@graph":[{"@type":"WebSite","@id":"https:\/\/franciscanos.org.br\/noticias\/#website","url":"https:\/\/franciscanos.org.br\/noticias\/","name":"Not\u00edcias - Franciscanos","description":"Prov\u00edncia Franciscana da Imaculada Concei\u00e7\u00e3o do Brasil - Ordem dos Frades Menores - OFM","potentialAction":[{"@type":"SearchAction","target":{"@type":"EntryPoint","urlTemplate":"https:\/\/franciscanos.org.br\/noticias\/?s={search_term_string}"},"query-input":"required name=search_term_string"}],"inLanguage":"pt-BR"},{"@type":"ImageObject","inLanguage":"pt-BR","@id":"https:\/\/franciscanos.org.br\/noticias\/frei-rodrigo-peret-e-ativistas-sao-presos-no-zimbabue.html#primaryimage","url":"https:\/\/franciscanos.org.br\/noticias\/wp-content\/uploads\/2017\/11\/esteirasoficial_050817_5.jpg","contentUrl":"https:\/\/franciscanos.org.br\/noticias\/wp-content\/uploads\/2017\/11\/esteirasoficial_050817_5.jpg","width":273,"height":181},{"@type":"WebPage","@id":"https:\/\/franciscanos.org.br\/noticias\/frei-rodrigo-peret-e-ativistas-sao-presos-no-zimbabue.html#webpage","url":"https:\/\/franciscanos.org.br\/noticias\/frei-rodrigo-peret-e-ativistas-sao-presos-no-zimbabue.html","name":"Frei Rodrigo P\u00e9ret e ativistas foram libertados - Not\u00edcias - Franciscanos","isPartOf":{"@id":"https:\/\/franciscanos.org.br\/noticias\/#website"},"primaryImageOfPage":{"@id":"https:\/\/franciscanos.org.br\/noticias\/frei-rodrigo-peret-e-ativistas-sao-presos-no-zimbabue.html#primaryimage"},"datePublished":"2017-11-11T12:01:18+00:00","dateModified":"2019-06-12T12:03:56+00:00","author":{"@id":"https:\/\/franciscanos.org.br\/noticias\/#\/schema\/person\/b38fbf43118f02820bd932f2e4b14ad3"},"breadcrumb":{"@id":"https:\/\/franciscanos.org.br\/noticias\/frei-rodrigo-peret-e-ativistas-sao-presos-no-zimbabue.html#breadcrumb"},"inLanguage":"pt-BR","potentialAction":[{"@type":"ReadAction","target":["https:\/\/franciscanos.org.br\/noticias\/frei-rodrigo-peret-e-ativistas-sao-presos-no-zimbabue.html"]}]},{"@type":"BreadcrumbList","@id":"https:\/\/franciscanos.org.br\/noticias\/frei-rodrigo-peret-e-ativistas-sao-presos-no-zimbabue.html#breadcrumb","itemListElement":[{"@type":"ListItem","position":1,"name":"Home","item":"https:\/\/franciscanos.org.br\/noticias"},{"@type":"ListItem","position":2,"name":"Frei Rodrigo P\u00e9ret e ativistas foram libertados"}]},{"@type":"Person","@id":"https:\/\/franciscanos.org.br\/noticias\/#\/schema\/person\/b38fbf43118f02820bd932f2e4b14ad3","name":"admin","image":{"@type":"ImageObject","inLanguage":"pt-BR","@id":"https:\/\/franciscanos.org.br\/noticias\/#\/schema\/person\/image\/","url":"https:\/\/secure.gravatar.com\/avatar\/e8495742d34d0ba6448ea1c628263b3e?s=96&d=mm&r=g","contentUrl":"https:\/\/secure.gravatar.com\/avatar\/e8495742d34d0ba6448ea1c628263b3e?s=96&d=mm&r=g","caption":"admin"},"url":"https:\/\/franciscanos.org.br\/noticias\/author\/admin"}]}},"_links":{"self":[{"href":"https:\/\/franciscanos.org.br\/noticias\/wp-json\/wp\/v2\/posts\/145453"}],"collection":[{"href":"https:\/\/franciscanos.org.br\/noticias\/wp-json\/wp\/v2\/posts"}],"about":[{"href":"https:\/\/franciscanos.org.br\/noticias\/wp-json\/wp\/v2\/types\/post"}],"author":[{"embeddable":true,"href":"https:\/\/franciscanos.org.br\/noticias\/wp-json\/wp\/v2\/users\/1"}],"replies":[{"embeddable":true,"href":"https:\/\/franciscanos.org.br\/noticias\/wp-json\/wp\/v2\/comments?post=145453"}],"version-history":[{"count":0,"href":"https:\/\/franciscanos.org.br\/noticias\/wp-json\/wp\/v2\/posts\/145453\/revisions"}],"wp:featuredmedia":[{"embeddable":true,"href":"https:\/\/franciscanos.org.br\/noticias\/wp-json\/wp\/v2\/media\/204305"}],"wp:attachment":[{"href":"https:\/\/franciscanos.org.br\/noticias\/wp-json\/wp\/v2\/media?parent=145453"}],"wp:term":[{"taxonomy":"category","embeddable":true,"href":"https:\/\/franciscanos.org.br\/noticias\/wp-json\/wp\/v2\/categories?post=145453"},{"taxonomy":"post_tag","embeddable":true,"href":"https:\/\/franciscanos.org.br\/noticias\/wp-json\/wp\/v2\/tags?post=145453"}],"curies":[{"name":"wp","href":"https:\/\/api.w.org\/{rel}","templated":true}]}}