{"id":145259,"date":"2017-11-10T08:17:00","date_gmt":"2017-11-10T10:17:00","guid":{"rendered":"http:\/\/franciscanos.org.br\/?p=145259"},"modified":"2020-06-08T16:32:56","modified_gmt":"2020-06-08T19:32:56","slug":"papa-intuicao-crista-e-oracao-pelos-corruptos","status":"publish","type":"post","link":"https:\/\/franciscanos.org.br\/noticias\/papa-intuicao-crista-e-oracao-pelos-corruptos.html","title":{"rendered":"Papa: &#8220;Intui\u00e7\u00e3o crist\u00e3 e ora\u00e7\u00e3o pelos corruptos&#8221;"},"content":{"rendered":"<p><img loading=\"lazy\" src=\"http:\/\/franciscanos.org.br\/wp-content\/uploads\/2017\/09\/marta_180917g.jpg\" alt=\"marta_180917g\" width=\"830\" height=\"401\" \/><\/p>\n<p><strong>Cidade do Vaticano<\/strong> &#8211; Um caso de corrup\u00e7\u00e3o cotidiana. \u00c9 o que narra o Evangelho de Lucas atrav\u00e9s da figura do administrador que desperdi\u00e7a os bens do patr\u00e3o e que, quando descoberto, ao inv\u00e9s de encontrar um trabalho honesto, continua a roubar com a cumplicidade de outros, \u201cuma verdadeira \u2018rede\u2019 de corrup\u00e7\u00e3o\u201d, na defini\u00e7\u00e3o do Papa Francisco, relacionando o epis\u00f3dio com os nossos dias:\u00a0&#8220;S\u00e3o poderosos eles, hein? Quando fazem \u2018redes de corrup\u00e7\u00e3o\u2019 s\u00e3o potentes. Chegam a cometer atitudes mafiosas.\u00a0Esta \u00e9 a hist\u00f3ria, n\u00e3o \u00e9 uma f\u00e1bula, n\u00e3o \u00e9 um caso que devemos procurar nos livros de hist\u00f3ria antiga. N\u00f3s a vemos todos os dias nos jornais, todos os dias. Isto acontece tamb\u00e9m hoje, sobretudo com aqueles que t\u00eam a responsabilidade de administrar os bens do povo, n\u00e3o os bens pr\u00f3prios.\u00a0Com os pr\u00f3prios bens ningu\u00e9m \u00e9 corrupto, porque os defende\u201d.<\/p>\n<p>Assim, a consequ\u00eancia que Jesus tira deste Evangelho, observou o Papa, \u00e9 justamente\u00a0a maior ast\u00facia dos \u201cfilhos deste mundo\u201d em rela\u00e7\u00e3o aos \u201cfilhos da luz\u201d: a sua corrup\u00e7\u00e3o maior, a esperteza levada adiante \u201ctamb\u00e9m com cortesia\u201d, com \u201cluvas de seda\u201d.\u00a0Francisco questionou se existe a \u201cesperteza crist\u00e3\u201d:\u00a0&#8220;Mas se estes s\u00e3o mais astutos do que os crist\u00e3os &#8211; mas n\u00e3o vou dizer crist\u00e3os, porque tamb\u00e9m muitos corruptos se dizem crist\u00e3os &#8211; se eles s\u00e3o mais astutos do que os fi\u00e9is a Jesus, eu me pergunto: existe uma ast\u00facia crist\u00e3? H\u00e1 uma atitude para aqueles que querem seguir Jesus, (de modo que), mas que n\u00e3o acabem mal, que n\u00e3o acabem sendo comidos vivos &#8211; como minha m\u00e3e dizia: \u201cComidos crus\u201d\u201d \u2013 pelos outros? Qual \u00e9 a ast\u00facia crist\u00e3, uma ast\u00facia que n\u00e3o seja pecado, mas que sirva para me levar ao servi\u00e7o do Senhor e tamb\u00e9m para ajudar os outros?\u00a0Existe uma esperteza crist\u00e3?&#8221;<\/p>\n<p>Sim, h\u00e1 uma \u201cintui\u00e7\u00e3o crist\u00e3 para\u00a0ir avante sem cair na rede da corrup\u00e7\u00e3o\u201d e no Evangelho, explica o Papa, Jesus o indica com algumas contraposi\u00e7\u00f5es, quando fala, por exemplo, dos crist\u00e3os que s\u00e3o como \u201covelhas entre lobos\u201d ou \u201cprudentes como as serpentes e simples como a pomba\u201d. Ent\u00e3o, o que fazer? Francisco indica tr\u00eas atitudes: a primeira \u00e9 uma\u00a0\u201csaud\u00e1vel desconfian\u00e7a\u201d, estar atentos, isto \u00e9, a quem \u201cpromete muito\u201d e \u201cfala demais\u201d como \u201caqueles que dizem a voc\u00ea, \u201c fa\u00e7a o investimento no meu banco, eu lhe darei juros em dobro\u201d. A segunda atitude \u00e9 a\u00a0reflex\u00e3o, diante das sedu\u00e7\u00f5es do diabo que conhece nossas fraquezas; e, finalmente, a\u00a0ora\u00e7\u00e3o.<\/p>\n<p>&#8220;Rezemos hoje ao Senhor para que nos d\u00ea essa gra\u00e7a de sermos espertos, crist\u00e3os espertos, de termos esta esperteza crist\u00e3. Se h\u00e1 uma coisa que o crist\u00e3o n\u00e3o pode se dar ao luxo de ser \u00e9 ser ing\u00eanuo. Como crist\u00e3os, temos um tesouro dentro: o tesouro que \u00e9 o Esp\u00edrito Santo. Devemos preserv\u00e1-lo. E um ing\u00eanuo se deixa roubar o Esp\u00edrito.\u00a0Um crist\u00e3o n\u00e3o pode se permitir de ser um ing\u00eanuo.\u00a0Pe\u00e7amos essa gra\u00e7a da esperteza crist\u00e3 e da intui\u00e7\u00e3o crist\u00e3.\u00a0\u00c9 tamb\u00e9m uma boa oportunidade para rezar pelos corruptos. Fala-se de polui\u00e7\u00e3o atmosf\u00e9rica, mas tamb\u00e9m h\u00e1 uma polui\u00e7\u00e3o da corrup\u00e7\u00e3o na sociedade.\u00a0Rezemos pelos corruptos: pobrezinhos, que encontrem o caminho para sair daquela pris\u00e3o na qual eles quiseram entrar!&#8221;.<\/p>\n<hr \/>\n<p><em>Fonte: Vatican News<\/em><\/p>\n","protected":false},"excerpt":{"rendered":"<p>Missa em Santa Marta<\/p>\n","protected":false},"author":1,"featured_media":204300,"comment_status":"open","ping_status":"open","sticky":false,"template":"","format":"standard","meta":[],"categories":[1428],"tags":[1586],"acf":[],"yoast_head":"<!-- This site is optimized with the Yoast SEO plugin v19.2 - https:\/\/yoast.com\/wordpress\/plugins\/seo\/ -->\n<title>Papa: &quot;Intui\u00e7\u00e3o crist\u00e3 e ora\u00e7\u00e3o pelos corruptos&quot; - Not\u00edcias - Franciscanos<\/title>\n<meta name=\"robots\" content=\"index, follow, max-snippet:-1, max-image-preview:large, max-video-preview:-1\" \/>\n<link rel=\"canonical\" href=\"https:\/\/franciscanos.org.br\/noticias\/papa-intuicao-crista-e-oracao-pelos-corruptos.html\" \/>\n<meta property=\"og:locale\" content=\"pt_BR\" \/>\n<meta property=\"og:type\" content=\"article\" \/>\n<meta property=\"og:title\" content=\"Papa: &quot;Intui\u00e7\u00e3o crist\u00e3 e ora\u00e7\u00e3o pelos corruptos&quot; - Not\u00edcias - Franciscanos\" \/>\n<meta property=\"og:description\" content=\"Missa em Santa Marta\" \/>\n<meta property=\"og:url\" content=\"https:\/\/franciscanos.org.br\/noticias\/papa-intuicao-crista-e-oracao-pelos-corruptos.html\" \/>\n<meta property=\"og:site_name\" content=\"Not\u00edcias - Franciscanos\" \/>\n<meta property=\"article:published_time\" content=\"2017-11-10T10:17:00+00:00\" \/>\n<meta property=\"article:modified_time\" content=\"2020-06-08T19:32:56+00:00\" \/>\n<meta property=\"og:image\" content=\"https:\/\/franciscanos.org.br\/noticias\/wp-content\/uploads\/2017\/11\/marta_180917g.jpg\" \/>\n\t<meta property=\"og:image:width\" content=\"273\" \/>\n\t<meta property=\"og:image:height\" content=\"181\" \/>\n\t<meta property=\"og:image:type\" content=\"image\/jpeg\" \/>\n<meta name=\"author\" content=\"admin\" \/>\n<meta name=\"twitter:card\" content=\"summary_large_image\" \/>\n<meta name=\"twitter:label1\" content=\"Escrito por\" \/>\n\t<meta name=\"twitter:data1\" content=\"admin\" \/>\n\t<meta name=\"twitter:label2\" content=\"Est. tempo de leitura\" \/>\n\t<meta name=\"twitter:data2\" content=\"3 minutos\" \/>\n<script type=\"application\/ld+json\" class=\"yoast-schema-graph\">{\"@context\":\"https:\/\/schema.org\",\"@graph\":[{\"@type\":\"WebSite\",\"@id\":\"https:\/\/franciscanos.org.br\/noticias\/#website\",\"url\":\"https:\/\/franciscanos.org.br\/noticias\/\",\"name\":\"Not\u00edcias - Franciscanos\",\"description\":\"Prov\u00edncia Franciscana da Imaculada Concei\u00e7\u00e3o do Brasil - Ordem dos Frades Menores - OFM\",\"potentialAction\":[{\"@type\":\"SearchAction\",\"target\":{\"@type\":\"EntryPoint\",\"urlTemplate\":\"https:\/\/franciscanos.org.br\/noticias\/?s={search_term_string}\"},\"query-input\":\"required name=search_term_string\"}],\"inLanguage\":\"pt-BR\"},{\"@type\":\"ImageObject\",\"inLanguage\":\"pt-BR\",\"@id\":\"https:\/\/franciscanos.org.br\/noticias\/papa-intuicao-crista-e-oracao-pelos-corruptos.html#primaryimage\",\"url\":\"https:\/\/franciscanos.org.br\/noticias\/wp-content\/uploads\/2017\/11\/marta_180917g.jpg\",\"contentUrl\":\"https:\/\/franciscanos.org.br\/noticias\/wp-content\/uploads\/2017\/11\/marta_180917g.jpg\",\"width\":273,\"height\":181},{\"@type\":\"WebPage\",\"@id\":\"https:\/\/franciscanos.org.br\/noticias\/papa-intuicao-crista-e-oracao-pelos-corruptos.html#webpage\",\"url\":\"https:\/\/franciscanos.org.br\/noticias\/papa-intuicao-crista-e-oracao-pelos-corruptos.html\",\"name\":\"Papa: \\\"Intui\u00e7\u00e3o crist\u00e3 e ora\u00e7\u00e3o pelos corruptos\\\" - Not\u00edcias - Franciscanos\",\"isPartOf\":{\"@id\":\"https:\/\/franciscanos.org.br\/noticias\/#website\"},\"primaryImageOfPage\":{\"@id\":\"https:\/\/franciscanos.org.br\/noticias\/papa-intuicao-crista-e-oracao-pelos-corruptos.html#primaryimage\"},\"datePublished\":\"2017-11-10T10:17:00+00:00\",\"dateModified\":\"2020-06-08T19:32:56+00:00\",\"author\":{\"@id\":\"https:\/\/franciscanos.org.br\/noticias\/#\/schema\/person\/b38fbf43118f02820bd932f2e4b14ad3\"},\"breadcrumb\":{\"@id\":\"https:\/\/franciscanos.org.br\/noticias\/papa-intuicao-crista-e-oracao-pelos-corruptos.html#breadcrumb\"},\"inLanguage\":\"pt-BR\",\"potentialAction\":[{\"@type\":\"ReadAction\",\"target\":[\"https:\/\/franciscanos.org.br\/noticias\/papa-intuicao-crista-e-oracao-pelos-corruptos.html\"]}]},{\"@type\":\"BreadcrumbList\",\"@id\":\"https:\/\/franciscanos.org.br\/noticias\/papa-intuicao-crista-e-oracao-pelos-corruptos.html#breadcrumb\",\"itemListElement\":[{\"@type\":\"ListItem\",\"position\":1,\"name\":\"Home\",\"item\":\"https:\/\/franciscanos.org.br\/noticias\"},{\"@type\":\"ListItem\",\"position\":2,\"name\":\"Papa: &#8220;Intui\u00e7\u00e3o crist\u00e3 e ora\u00e7\u00e3o pelos corruptos&#8221;\"}]},{\"@type\":\"Person\",\"@id\":\"https:\/\/franciscanos.org.br\/noticias\/#\/schema\/person\/b38fbf43118f02820bd932f2e4b14ad3\",\"name\":\"admin\",\"image\":{\"@type\":\"ImageObject\",\"inLanguage\":\"pt-BR\",\"@id\":\"https:\/\/franciscanos.org.br\/noticias\/#\/schema\/person\/image\/\",\"url\":\"https:\/\/secure.gravatar.com\/avatar\/e8495742d34d0ba6448ea1c628263b3e?s=96&d=mm&r=g\",\"contentUrl\":\"https:\/\/secure.gravatar.com\/avatar\/e8495742d34d0ba6448ea1c628263b3e?s=96&d=mm&r=g\",\"caption\":\"admin\"},\"url\":\"https:\/\/franciscanos.org.br\/noticias\/author\/admin\"}]}<\/script>\n<!-- \/ Yoast SEO plugin. -->","yoast_head_json":{"title":"Papa: \"Intui\u00e7\u00e3o crist\u00e3 e ora\u00e7\u00e3o pelos corruptos\" - Not\u00edcias - Franciscanos","robots":{"index":"index","follow":"follow","max-snippet":"max-snippet:-1","max-image-preview":"max-image-preview:large","max-video-preview":"max-video-preview:-1"},"canonical":"https:\/\/franciscanos.org.br\/noticias\/papa-intuicao-crista-e-oracao-pelos-corruptos.html","og_locale":"pt_BR","og_type":"article","og_title":"Papa: \"Intui\u00e7\u00e3o crist\u00e3 e ora\u00e7\u00e3o pelos corruptos\" - Not\u00edcias - Franciscanos","og_description":"Missa em Santa Marta","og_url":"https:\/\/franciscanos.org.br\/noticias\/papa-intuicao-crista-e-oracao-pelos-corruptos.html","og_site_name":"Not\u00edcias - Franciscanos","article_published_time":"2017-11-10T10:17:00+00:00","article_modified_time":"2020-06-08T19:32:56+00:00","og_image":[{"width":273,"height":181,"url":"https:\/\/franciscanos.org.br\/noticias\/wp-content\/uploads\/2017\/11\/marta_180917g.jpg","type":"image\/jpeg"}],"author":"admin","twitter_card":"summary_large_image","twitter_misc":{"Escrito por":"admin","Est. tempo de leitura":"3 minutos"},"schema":{"@context":"https:\/\/schema.org","@graph":[{"@type":"WebSite","@id":"https:\/\/franciscanos.org.br\/noticias\/#website","url":"https:\/\/franciscanos.org.br\/noticias\/","name":"Not\u00edcias - Franciscanos","description":"Prov\u00edncia Franciscana da Imaculada Concei\u00e7\u00e3o do Brasil - Ordem dos Frades Menores - OFM","potentialAction":[{"@type":"SearchAction","target":{"@type":"EntryPoint","urlTemplate":"https:\/\/franciscanos.org.br\/noticias\/?s={search_term_string}"},"query-input":"required name=search_term_string"}],"inLanguage":"pt-BR"},{"@type":"ImageObject","inLanguage":"pt-BR","@id":"https:\/\/franciscanos.org.br\/noticias\/papa-intuicao-crista-e-oracao-pelos-corruptos.html#primaryimage","url":"https:\/\/franciscanos.org.br\/noticias\/wp-content\/uploads\/2017\/11\/marta_180917g.jpg","contentUrl":"https:\/\/franciscanos.org.br\/noticias\/wp-content\/uploads\/2017\/11\/marta_180917g.jpg","width":273,"height":181},{"@type":"WebPage","@id":"https:\/\/franciscanos.org.br\/noticias\/papa-intuicao-crista-e-oracao-pelos-corruptos.html#webpage","url":"https:\/\/franciscanos.org.br\/noticias\/papa-intuicao-crista-e-oracao-pelos-corruptos.html","name":"Papa: \"Intui\u00e7\u00e3o crist\u00e3 e ora\u00e7\u00e3o pelos corruptos\" - Not\u00edcias - Franciscanos","isPartOf":{"@id":"https:\/\/franciscanos.org.br\/noticias\/#website"},"primaryImageOfPage":{"@id":"https:\/\/franciscanos.org.br\/noticias\/papa-intuicao-crista-e-oracao-pelos-corruptos.html#primaryimage"},"datePublished":"2017-11-10T10:17:00+00:00","dateModified":"2020-06-08T19:32:56+00:00","author":{"@id":"https:\/\/franciscanos.org.br\/noticias\/#\/schema\/person\/b38fbf43118f02820bd932f2e4b14ad3"},"breadcrumb":{"@id":"https:\/\/franciscanos.org.br\/noticias\/papa-intuicao-crista-e-oracao-pelos-corruptos.html#breadcrumb"},"inLanguage":"pt-BR","potentialAction":[{"@type":"ReadAction","target":["https:\/\/franciscanos.org.br\/noticias\/papa-intuicao-crista-e-oracao-pelos-corruptos.html"]}]},{"@type":"BreadcrumbList","@id":"https:\/\/franciscanos.org.br\/noticias\/papa-intuicao-crista-e-oracao-pelos-corruptos.html#breadcrumb","itemListElement":[{"@type":"ListItem","position":1,"name":"Home","item":"https:\/\/franciscanos.org.br\/noticias"},{"@type":"ListItem","position":2,"name":"Papa: &#8220;Intui\u00e7\u00e3o crist\u00e3 e ora\u00e7\u00e3o pelos corruptos&#8221;"}]},{"@type":"Person","@id":"https:\/\/franciscanos.org.br\/noticias\/#\/schema\/person\/b38fbf43118f02820bd932f2e4b14ad3","name":"admin","image":{"@type":"ImageObject","inLanguage":"pt-BR","@id":"https:\/\/franciscanos.org.br\/noticias\/#\/schema\/person\/image\/","url":"https:\/\/secure.gravatar.com\/avatar\/e8495742d34d0ba6448ea1c628263b3e?s=96&d=mm&r=g","contentUrl":"https:\/\/secure.gravatar.com\/avatar\/e8495742d34d0ba6448ea1c628263b3e?s=96&d=mm&r=g","caption":"admin"},"url":"https:\/\/franciscanos.org.br\/noticias\/author\/admin"}]}},"_links":{"self":[{"href":"https:\/\/franciscanos.org.br\/noticias\/wp-json\/wp\/v2\/posts\/145259"}],"collection":[{"href":"https:\/\/franciscanos.org.br\/noticias\/wp-json\/wp\/v2\/posts"}],"about":[{"href":"https:\/\/franciscanos.org.br\/noticias\/wp-json\/wp\/v2\/types\/post"}],"author":[{"embeddable":true,"href":"https:\/\/franciscanos.org.br\/noticias\/wp-json\/wp\/v2\/users\/1"}],"replies":[{"embeddable":true,"href":"https:\/\/franciscanos.org.br\/noticias\/wp-json\/wp\/v2\/comments?post=145259"}],"version-history":[{"count":1,"href":"https:\/\/franciscanos.org.br\/noticias\/wp-json\/wp\/v2\/posts\/145259\/revisions"}],"predecessor-version":[{"id":225200,"href":"https:\/\/franciscanos.org.br\/noticias\/wp-json\/wp\/v2\/posts\/145259\/revisions\/225200"}],"wp:featuredmedia":[{"embeddable":true,"href":"https:\/\/franciscanos.org.br\/noticias\/wp-json\/wp\/v2\/media\/204300"}],"wp:attachment":[{"href":"https:\/\/franciscanos.org.br\/noticias\/wp-json\/wp\/v2\/media?parent=145259"}],"wp:term":[{"taxonomy":"category","embeddable":true,"href":"https:\/\/franciscanos.org.br\/noticias\/wp-json\/wp\/v2\/categories?post=145259"},{"taxonomy":"post_tag","embeddable":true,"href":"https:\/\/franciscanos.org.br\/noticias\/wp-json\/wp\/v2\/tags?post=145259"}],"curies":[{"name":"wp","href":"https:\/\/api.w.org\/{rel}","templated":true}]}}