{"id":145220,"date":"2017-11-09T08:42:26","date_gmt":"2017-11-09T10:42:26","guid":{"rendered":"http:\/\/franciscanos.org.br\/?p=145220"},"modified":"2020-06-08T16:33:43","modified_gmt":"2020-06-08T19:33:43","slug":"papa-francisco-edificar-custodiar-e-purificar-a-igreja","status":"publish","type":"post","link":"https:\/\/franciscanos.org.br\/noticias\/papa-francisco-edificar-custodiar-e-purificar-a-igreja.html","title":{"rendered":"Papa:\u00a0edificar, custodiar e purificar a Igreja"},"content":{"rendered":"<p><img loading=\"lazy\" src=\"http:\/\/franciscanos.org.br\/wp-content\/uploads\/2017\/09\/marta_180917g.jpg\" alt=\"marta_180917g\" width=\"830\" height=\"401\" \/><\/p>\n<p><strong>Cidade do Vaticano<\/strong> \u2013 O Papa Francisco celebrou na manh\u00e3 desta quinta-feira a missa na capela da Casa Santa Marta. O Pont\u00edfice dedicou sua homilia ao anivers\u00e1rio de Consagra\u00e7\u00e3o da Bas\u00edlica de S\u00e3o Jo\u00e3o de Latr\u00e3o, que a liturgia celebra neste dia 9 de novembro.<\/p>\n<p>Inspirando-se nas leituras, o Papa falou de tr\u00eas palavras: edificar, custodiar e purificar a Igreja. Antes de tudo, \u201cedificar a Igreja\u201d. O seu fundamento, recordou Francisco, \u00e9 Jesus Cristo:<br \/>\nEle \u00e9 a pedra angular neste edif\u00edcio. Sem Jesus Cristo, a Igreja n\u00e3o existe. Por qu\u00ea? Porque n\u00e3o h\u00e1 fundamento. E se constru\u00edmos uma igreja \u2013 pensemos numa igreja material \u2013 sem fundamento, o que acontece? Cai. Cai inteira. Se n\u00e3o h\u00e1 Jesus Cristo vivo na Igreja, ela cai.<\/p>\n<p>E n\u00f3s, o que somos?, perguntou ainda o Papa. \u201cSomos pedras vivas\u201d, n\u00e3o iguais, cada uma diferente, porque \u201cesta \u00e9 a riqueza da Igreja. Cada um de n\u00f3s constr\u00f3i segundo o dom que Deus deu. N\u00e3o podemos pensar numa Igreja uniforme: isso n\u00e3o \u00e9 Igreja\u201d. Portanto, \u201ccustodiar a Igreja\u201d, consciente do Esp\u00edrito de Deus que habita em n\u00f3s:\u00a0Quantos crist\u00e3os hoje sabem quem \u00e9 Jesus Cristo, sabem quem \u00e9 o Pai \u2013 porque rezam o Pai Nosso? Mas quando voc\u00ea fala do Esp\u00edrito Santo&#8230; \u201cSim, sim&#8230; ah, \u00e9 a pomba, a pomba\u201d e para ali. Mas o Esp\u00edrito Santo \u00e9 a vida da Igreja, \u00e9 a sua vida, \u00e9 a minha vida&#8230;. N\u00f3s somos templo do Esp\u00edrito Santo e devemos custodiar o Esp\u00edrito Santo, a tal ponto que Paulo aconselha os crist\u00e3os \u201ca n\u00e3o entristec\u00ea-lo\u201d, isto \u00e9, n\u00e3o ter uma conduta contr\u00e1ria \u00e0 harmonia que o Esp\u00edrito Santo faz dentro de n\u00f3s e na Igreja. Ele \u00e9 a harmonia, ele faz a harmonia deste edif\u00edcio.<\/p>\n<p>Por fim, \u201cpurificar a Igreja\u201d, a partir de n\u00f3s mesmos:\u00a0E n\u00f3s somos todos pecadores: todos. Todos. Se algu\u00e9m de voc\u00eas n\u00e3o for, levante a m\u00e3o, porque seria uma bela curiosidade. Todos somos pecadores. E por isso devemos purificar-nos continuamente. E purificar tamb\u00e9m a comunidade: a comunidade diocesana, a comunidade crist\u00e3, a comunidade universal da Igreja. Para faz\u00ea-la crescer.<\/p>\n<hr \/>\n<p><em>Fonte: Vatican News<\/em><\/p>\n","protected":false},"excerpt":{"rendered":"<p>Missa em Santa Marta<\/p>\n","protected":false},"author":1,"featured_media":202976,"comment_status":"open","ping_status":"open","sticky":false,"template":"","format":"standard","meta":[],"categories":[1428],"tags":[1586],"acf":[],"yoast_head":"<!-- This site is optimized with the Yoast SEO plugin v19.2 - https:\/\/yoast.com\/wordpress\/plugins\/seo\/ -->\n<title>Papa:\u00a0edificar, custodiar e purificar a Igreja - Not\u00edcias - Franciscanos<\/title>\n<meta name=\"robots\" content=\"index, follow, max-snippet:-1, max-image-preview:large, max-video-preview:-1\" \/>\n<link rel=\"canonical\" href=\"https:\/\/franciscanos.org.br\/noticias\/papa-francisco-edificar-custodiar-e-purificar-a-igreja.html\" \/>\n<meta property=\"og:locale\" content=\"pt_BR\" \/>\n<meta property=\"og:type\" content=\"article\" \/>\n<meta property=\"og:title\" content=\"Papa:\u00a0edificar, custodiar e purificar a Igreja - Not\u00edcias - Franciscanos\" \/>\n<meta property=\"og:description\" content=\"Missa em Santa Marta\" \/>\n<meta property=\"og:url\" content=\"https:\/\/franciscanos.org.br\/noticias\/papa-francisco-edificar-custodiar-e-purificar-a-igreja.html\" \/>\n<meta property=\"og:site_name\" content=\"Not\u00edcias - Franciscanos\" \/>\n<meta property=\"article:published_time\" content=\"2017-11-09T10:42:26+00:00\" \/>\n<meta property=\"article:modified_time\" content=\"2020-06-08T19:33:43+00:00\" \/>\n<meta property=\"og:image\" content=\"https:\/\/franciscanos.org.br\/noticias\/wp-content\/uploads\/2017\/09\/marta_180917g.jpg\" \/>\n\t<meta property=\"og:image:width\" content=\"273\" \/>\n\t<meta property=\"og:image:height\" content=\"181\" \/>\n\t<meta property=\"og:image:type\" content=\"image\/jpeg\" \/>\n<meta name=\"author\" content=\"admin\" \/>\n<meta name=\"twitter:card\" content=\"summary_large_image\" \/>\n<meta name=\"twitter:label1\" content=\"Escrito por\" \/>\n\t<meta name=\"twitter:data1\" content=\"admin\" \/>\n\t<meta name=\"twitter:label2\" content=\"Est. tempo de leitura\" \/>\n\t<meta name=\"twitter:data2\" content=\"2 minutos\" \/>\n<script type=\"application\/ld+json\" class=\"yoast-schema-graph\">{\"@context\":\"https:\/\/schema.org\",\"@graph\":[{\"@type\":\"WebSite\",\"@id\":\"https:\/\/franciscanos.org.br\/noticias\/#website\",\"url\":\"https:\/\/franciscanos.org.br\/noticias\/\",\"name\":\"Not\u00edcias - Franciscanos\",\"description\":\"Prov\u00edncia Franciscana da Imaculada Concei\u00e7\u00e3o do Brasil - Ordem dos Frades Menores - OFM\",\"potentialAction\":[{\"@type\":\"SearchAction\",\"target\":{\"@type\":\"EntryPoint\",\"urlTemplate\":\"https:\/\/franciscanos.org.br\/noticias\/?s={search_term_string}\"},\"query-input\":\"required name=search_term_string\"}],\"inLanguage\":\"pt-BR\"},{\"@type\":\"ImageObject\",\"inLanguage\":\"pt-BR\",\"@id\":\"https:\/\/franciscanos.org.br\/noticias\/papa-francisco-edificar-custodiar-e-purificar-a-igreja.html#primaryimage\",\"url\":\"https:\/\/franciscanos.org.br\/noticias\/wp-content\/uploads\/2017\/09\/marta_180917g.jpg\",\"contentUrl\":\"https:\/\/franciscanos.org.br\/noticias\/wp-content\/uploads\/2017\/09\/marta_180917g.jpg\",\"width\":273,\"height\":181},{\"@type\":\"WebPage\",\"@id\":\"https:\/\/franciscanos.org.br\/noticias\/papa-francisco-edificar-custodiar-e-purificar-a-igreja.html#webpage\",\"url\":\"https:\/\/franciscanos.org.br\/noticias\/papa-francisco-edificar-custodiar-e-purificar-a-igreja.html\",\"name\":\"Papa:\u00a0edificar, custodiar e purificar a Igreja - Not\u00edcias - Franciscanos\",\"isPartOf\":{\"@id\":\"https:\/\/franciscanos.org.br\/noticias\/#website\"},\"primaryImageOfPage\":{\"@id\":\"https:\/\/franciscanos.org.br\/noticias\/papa-francisco-edificar-custodiar-e-purificar-a-igreja.html#primaryimage\"},\"datePublished\":\"2017-11-09T10:42:26+00:00\",\"dateModified\":\"2020-06-08T19:33:43+00:00\",\"author\":{\"@id\":\"https:\/\/franciscanos.org.br\/noticias\/#\/schema\/person\/b38fbf43118f02820bd932f2e4b14ad3\"},\"breadcrumb\":{\"@id\":\"https:\/\/franciscanos.org.br\/noticias\/papa-francisco-edificar-custodiar-e-purificar-a-igreja.html#breadcrumb\"},\"inLanguage\":\"pt-BR\",\"potentialAction\":[{\"@type\":\"ReadAction\",\"target\":[\"https:\/\/franciscanos.org.br\/noticias\/papa-francisco-edificar-custodiar-e-purificar-a-igreja.html\"]}]},{\"@type\":\"BreadcrumbList\",\"@id\":\"https:\/\/franciscanos.org.br\/noticias\/papa-francisco-edificar-custodiar-e-purificar-a-igreja.html#breadcrumb\",\"itemListElement\":[{\"@type\":\"ListItem\",\"position\":1,\"name\":\"Home\",\"item\":\"https:\/\/franciscanos.org.br\/noticias\"},{\"@type\":\"ListItem\",\"position\":2,\"name\":\"Papa:\u00a0edificar, custodiar e purificar a Igreja\"}]},{\"@type\":\"Person\",\"@id\":\"https:\/\/franciscanos.org.br\/noticias\/#\/schema\/person\/b38fbf43118f02820bd932f2e4b14ad3\",\"name\":\"admin\",\"image\":{\"@type\":\"ImageObject\",\"inLanguage\":\"pt-BR\",\"@id\":\"https:\/\/franciscanos.org.br\/noticias\/#\/schema\/person\/image\/\",\"url\":\"https:\/\/secure.gravatar.com\/avatar\/e8495742d34d0ba6448ea1c628263b3e?s=96&d=mm&r=g\",\"contentUrl\":\"https:\/\/secure.gravatar.com\/avatar\/e8495742d34d0ba6448ea1c628263b3e?s=96&d=mm&r=g\",\"caption\":\"admin\"},\"url\":\"https:\/\/franciscanos.org.br\/noticias\/author\/admin\"}]}<\/script>\n<!-- \/ Yoast SEO plugin. -->","yoast_head_json":{"title":"Papa:\u00a0edificar, custodiar e purificar a Igreja - Not\u00edcias - Franciscanos","robots":{"index":"index","follow":"follow","max-snippet":"max-snippet:-1","max-image-preview":"max-image-preview:large","max-video-preview":"max-video-preview:-1"},"canonical":"https:\/\/franciscanos.org.br\/noticias\/papa-francisco-edificar-custodiar-e-purificar-a-igreja.html","og_locale":"pt_BR","og_type":"article","og_title":"Papa:\u00a0edificar, custodiar e purificar a Igreja - Not\u00edcias - Franciscanos","og_description":"Missa em Santa Marta","og_url":"https:\/\/franciscanos.org.br\/noticias\/papa-francisco-edificar-custodiar-e-purificar-a-igreja.html","og_site_name":"Not\u00edcias - Franciscanos","article_published_time":"2017-11-09T10:42:26+00:00","article_modified_time":"2020-06-08T19:33:43+00:00","og_image":[{"width":273,"height":181,"url":"https:\/\/franciscanos.org.br\/noticias\/wp-content\/uploads\/2017\/09\/marta_180917g.jpg","type":"image\/jpeg"}],"author":"admin","twitter_card":"summary_large_image","twitter_misc":{"Escrito por":"admin","Est. tempo de leitura":"2 minutos"},"schema":{"@context":"https:\/\/schema.org","@graph":[{"@type":"WebSite","@id":"https:\/\/franciscanos.org.br\/noticias\/#website","url":"https:\/\/franciscanos.org.br\/noticias\/","name":"Not\u00edcias - Franciscanos","description":"Prov\u00edncia Franciscana da Imaculada Concei\u00e7\u00e3o do Brasil - Ordem dos Frades Menores - OFM","potentialAction":[{"@type":"SearchAction","target":{"@type":"EntryPoint","urlTemplate":"https:\/\/franciscanos.org.br\/noticias\/?s={search_term_string}"},"query-input":"required name=search_term_string"}],"inLanguage":"pt-BR"},{"@type":"ImageObject","inLanguage":"pt-BR","@id":"https:\/\/franciscanos.org.br\/noticias\/papa-francisco-edificar-custodiar-e-purificar-a-igreja.html#primaryimage","url":"https:\/\/franciscanos.org.br\/noticias\/wp-content\/uploads\/2017\/09\/marta_180917g.jpg","contentUrl":"https:\/\/franciscanos.org.br\/noticias\/wp-content\/uploads\/2017\/09\/marta_180917g.jpg","width":273,"height":181},{"@type":"WebPage","@id":"https:\/\/franciscanos.org.br\/noticias\/papa-francisco-edificar-custodiar-e-purificar-a-igreja.html#webpage","url":"https:\/\/franciscanos.org.br\/noticias\/papa-francisco-edificar-custodiar-e-purificar-a-igreja.html","name":"Papa:\u00a0edificar, custodiar e purificar a Igreja - Not\u00edcias - Franciscanos","isPartOf":{"@id":"https:\/\/franciscanos.org.br\/noticias\/#website"},"primaryImageOfPage":{"@id":"https:\/\/franciscanos.org.br\/noticias\/papa-francisco-edificar-custodiar-e-purificar-a-igreja.html#primaryimage"},"datePublished":"2017-11-09T10:42:26+00:00","dateModified":"2020-06-08T19:33:43+00:00","author":{"@id":"https:\/\/franciscanos.org.br\/noticias\/#\/schema\/person\/b38fbf43118f02820bd932f2e4b14ad3"},"breadcrumb":{"@id":"https:\/\/franciscanos.org.br\/noticias\/papa-francisco-edificar-custodiar-e-purificar-a-igreja.html#breadcrumb"},"inLanguage":"pt-BR","potentialAction":[{"@type":"ReadAction","target":["https:\/\/franciscanos.org.br\/noticias\/papa-francisco-edificar-custodiar-e-purificar-a-igreja.html"]}]},{"@type":"BreadcrumbList","@id":"https:\/\/franciscanos.org.br\/noticias\/papa-francisco-edificar-custodiar-e-purificar-a-igreja.html#breadcrumb","itemListElement":[{"@type":"ListItem","position":1,"name":"Home","item":"https:\/\/franciscanos.org.br\/noticias"},{"@type":"ListItem","position":2,"name":"Papa:\u00a0edificar, custodiar e purificar a Igreja"}]},{"@type":"Person","@id":"https:\/\/franciscanos.org.br\/noticias\/#\/schema\/person\/b38fbf43118f02820bd932f2e4b14ad3","name":"admin","image":{"@type":"ImageObject","inLanguage":"pt-BR","@id":"https:\/\/franciscanos.org.br\/noticias\/#\/schema\/person\/image\/","url":"https:\/\/secure.gravatar.com\/avatar\/e8495742d34d0ba6448ea1c628263b3e?s=96&d=mm&r=g","contentUrl":"https:\/\/secure.gravatar.com\/avatar\/e8495742d34d0ba6448ea1c628263b3e?s=96&d=mm&r=g","caption":"admin"},"url":"https:\/\/franciscanos.org.br\/noticias\/author\/admin"}]}},"_links":{"self":[{"href":"https:\/\/franciscanos.org.br\/noticias\/wp-json\/wp\/v2\/posts\/145220"}],"collection":[{"href":"https:\/\/franciscanos.org.br\/noticias\/wp-json\/wp\/v2\/posts"}],"about":[{"href":"https:\/\/franciscanos.org.br\/noticias\/wp-json\/wp\/v2\/types\/post"}],"author":[{"embeddable":true,"href":"https:\/\/franciscanos.org.br\/noticias\/wp-json\/wp\/v2\/users\/1"}],"replies":[{"embeddable":true,"href":"https:\/\/franciscanos.org.br\/noticias\/wp-json\/wp\/v2\/comments?post=145220"}],"version-history":[{"count":1,"href":"https:\/\/franciscanos.org.br\/noticias\/wp-json\/wp\/v2\/posts\/145220\/revisions"}],"predecessor-version":[{"id":225201,"href":"https:\/\/franciscanos.org.br\/noticias\/wp-json\/wp\/v2\/posts\/145220\/revisions\/225201"}],"wp:featuredmedia":[{"embeddable":true,"href":"https:\/\/franciscanos.org.br\/noticias\/wp-json\/wp\/v2\/media\/202976"}],"wp:attachment":[{"href":"https:\/\/franciscanos.org.br\/noticias\/wp-json\/wp\/v2\/media?parent=145220"}],"wp:term":[{"taxonomy":"category","embeddable":true,"href":"https:\/\/franciscanos.org.br\/noticias\/wp-json\/wp\/v2\/categories?post=145220"},{"taxonomy":"post_tag","embeddable":true,"href":"https:\/\/franciscanos.org.br\/noticias\/wp-json\/wp\/v2\/tags?post=145220"}],"curies":[{"name":"wp","href":"https:\/\/api.w.org\/{rel}","templated":true}]}}