{"id":145192,"date":"2017-11-08T09:42:45","date_gmt":"2017-11-08T11:42:45","guid":{"rendered":"http:\/\/franciscanos.org.br\/?p=145192"},"modified":"2020-06-08T16:34:22","modified_gmt":"2020-06-08T19:34:22","slug":"papa-inicia-serie-de-reflexoes-sobre-a-eucaristia","status":"publish","type":"post","link":"https:\/\/franciscanos.org.br\/noticias\/papa-inicia-serie-de-reflexoes-sobre-a-eucaristia.html","title":{"rendered":"Papa inicia s\u00e9rie de reflex\u00f5es sobre a Eucaristia"},"content":{"rendered":"<p><img loading=\"lazy\" src=\"http:\/\/franciscanos.org.br\/wp-content\/uploads\/2017\/11\/audiencia_081117G.jpg\" alt=\"audiencia_081117G\" width=\"830\" height=\"399\" \/><br \/>\n<strong>Cidade do Vaticano<\/strong> \u2013 A Pra\u00e7a S. Pedro acolheu milhares de fi\u00e9is para a Audi\u00eancia Geral desta quarta-feira ensolarada de outono (08\/11) no Vaticano.\u00a0Ap\u00f3s saudar os peregrinos de papam\u00f3vel, ao se dirigir a eles o Papa Francisco anunciou um novo ciclo de catequeses depois concluir na semana passada a s\u00e9rie sobre a esperan\u00e7a.\u00a0A partir de agora, o tema ser\u00e1 dedicado ao \u201ccora\u00e7\u00e3o\u201d da Igreja, isto \u00e9, a Eucaristia. Para Francisco, \u00e9 fundamental que os crist\u00e3os compreendam bem o valor e o significado da missa, para viver sempre mais plenamente a rela\u00e7\u00e3o com Deus.<\/p>\n<p>\u201cN\u00e3o podemos esquecer o grande n\u00famero de crist\u00e3os que, no mundo inteiro, em 2000 anos de hist\u00f3ria, resistiram at\u00e9 a morte para defender a Eucaristia; e quantos, ainda hoje, arriscam a vida para participar da missa dominical.\u201d<\/p>\n<p>De fato, Jesus diz aos seus disc\u00edpulos: \u201cSe n\u00e3o comerdes a carne do Filho do homem, e n\u00e3o beberdes o seu sangue, n\u00e3o tereis vida em v\u00f3s mesmos. Quem come a minha carne e bebe o meu sangue tem a vida eterna, e eu o ressuscitarei no \u00faltimo dia. (Jo\u00e3o 6,53-54)\u201d.<\/p>\n<p>O Papa ent\u00e3o manifestou o desejo de dedicar as pr\u00f3ximas catequeses para responder a algumas perguntas importantes sobre a Eucaristia e a Missa, para redescobrir, ou descobrir, como a f\u00e9 resplende o amor de Deus atrav\u00e9s deste mist\u00e9rio.<\/p>\n<p>Francisco citou o Conc\u00edlio Vaticano II, que promoveu uma adequada renova\u00e7\u00e3o da Liturgia para conduzir os crist\u00e3os a compreenderem a grandeza da f\u00e9 e a beleza do encontro com Cristo. Um tema central que os padres conciliares destacaram foi a forma\u00e7\u00e3o lit\u00fargica dos fi\u00e9is, indispens\u00e1vel para uma verdadeira renova\u00e7\u00e3o.\u00a0\u201cE esta \u00e9 justamente a finalidade do clico de catequeses que hoje iniciamos: crescer no conhecimento do grande dom que Deus nos doou na Eucaristia.\u201d<\/p>\n<p>A Eucaristia, explicou o Papa, \u00e9 um acontecimento \u201cmaravilhoso\u201d, no qual Jesus Cristo, nossa vida, se faz presente. \u201cParticipar da missa \u00e9 viver outra vez a paix\u00e3o e a morte redentora do Senhor. \u00c9 uma teofania: o Senhor se faz presente no altar para ser oferecido ao Pai para a salva\u00e7\u00e3o do mundo.&#8221;<\/p>\n<p>\u201cO Senhor est\u00e1 ali conosco, presente. Mas muitas vezes, n\u00f3s vamos l\u00e1, conversamos enquanto o sacerdote celebra a eucaristia, mas n\u00e3o celebramos com ele. Mas \u00e9 o Senhor. Se hoje viesse aqui o presidente da Rep\u00fablica, ou uma pessoa muito importante, certamente todos ficar\u00edamos perto dele para saud\u00e1-lo. Quando vamos \u00e0 missa, ali est\u00e1 o Senhor. Mas estamos distra\u00eddos. Mas, padre, as missas s\u00e3o chatas. A missa n\u00e3o, os sacerdotes! Ent\u00e3o eles devem se converter.\u201d<\/p>\n<p>O Pont\u00edfice fez algumas perguntas \u00e0s quais pretende responder como, por exemplo: por que se faz o sinal da cruz e o ato penitencial no in\u00edcio da missa? \u201cVoc\u00eas j\u00e1 viram como as crian\u00e7as fazem o sinal da cruz? N\u00e3o se sabe bem o que \u00e9, se \u00e9 um desenho&#8230; \u00c9 importante ensinar as crian\u00e7as a fazerem o sinal da cruz, pois assim tem in\u00edcio a missa, a vida, o dia.\u201d<\/p>\n<p>E as leituras, qual o seu significado? Ou por que, a um certo ponto, o sacerdote diz \u2018cora\u00e7\u00f5es ao alto? \u201cEle n\u00e3o diz celulares ao alto para tirar foto! N\u00e3o! Fico triste quando celebro e vejo muitos fi\u00e9is com os celulares ao alto. N\u00e3o s\u00f3 os fi\u00e9is, mas tamb\u00e9m sacerdotes e at\u00e9 bispos. A missa n\u00e3o \u00e9 espet\u00e1culo, \u00e9 ir ao encontro da paix\u00e3o e ressurrei\u00e7\u00e3o do Senhor. Lembrem-se: chega de celulares.\u201d<br \/>\n\u201cAtrav\u00e9s dessas catequeses, concluiu o Papa, gostaria de redescobrir com voc\u00eas a beleza que se esconde na celebra\u00e7\u00e3o eucar\u00edstica e que, quando desvelada, d\u00e1 pleno sentido \u00e0 vida de cada um de n\u00f3s. Que Nossa Senhora nos acompanhe nesta nova etapa do percurso.\u201d<\/p>\n<hr \/>\n<p><em>Fonte: Vatican News<\/em><\/p>\n","protected":false},"excerpt":{"rendered":"<p>Audi\u00eancia Geral<\/p>\n","protected":false},"author":1,"featured_media":201347,"comment_status":"open","ping_status":"open","sticky":false,"template":"","format":"standard","meta":[],"categories":[1428],"tags":[487],"acf":[],"yoast_head":"<!-- This site is optimized with the Yoast SEO plugin v19.2 - https:\/\/yoast.com\/wordpress\/plugins\/seo\/ -->\n<title>Papa inicia s\u00e9rie de reflex\u00f5es sobre a Eucaristia - Not\u00edcias - Franciscanos<\/title>\n<meta name=\"robots\" content=\"index, follow, max-snippet:-1, max-image-preview:large, max-video-preview:-1\" \/>\n<link rel=\"canonical\" href=\"https:\/\/franciscanos.org.br\/noticias\/papa-inicia-serie-de-reflexoes-sobre-a-eucaristia.html\" \/>\n<meta property=\"og:locale\" content=\"pt_BR\" \/>\n<meta property=\"og:type\" content=\"article\" \/>\n<meta property=\"og:title\" content=\"Papa inicia s\u00e9rie de reflex\u00f5es sobre a Eucaristia - Not\u00edcias - Franciscanos\" \/>\n<meta property=\"og:description\" content=\"Audi\u00eancia Geral\" \/>\n<meta property=\"og:url\" content=\"https:\/\/franciscanos.org.br\/noticias\/papa-inicia-serie-de-reflexoes-sobre-a-eucaristia.html\" \/>\n<meta property=\"og:site_name\" content=\"Not\u00edcias - Franciscanos\" \/>\n<meta property=\"article:published_time\" content=\"2017-11-08T11:42:45+00:00\" \/>\n<meta property=\"article:modified_time\" content=\"2020-06-08T19:34:22+00:00\" \/>\n<meta property=\"og:image\" content=\"https:\/\/franciscanos.org.br\/noticias\/wp-content\/uploads\/2017\/11\/audiencia_081117G.jpg\" \/>\n\t<meta property=\"og:image:width\" content=\"273\" \/>\n\t<meta property=\"og:image:height\" content=\"181\" \/>\n\t<meta property=\"og:image:type\" content=\"image\/jpeg\" \/>\n<meta name=\"author\" content=\"admin\" \/>\n<meta name=\"twitter:card\" content=\"summary_large_image\" \/>\n<meta name=\"twitter:label1\" content=\"Escrito por\" \/>\n\t<meta name=\"twitter:data1\" content=\"admin\" \/>\n\t<meta name=\"twitter:label2\" content=\"Est. tempo de leitura\" \/>\n\t<meta name=\"twitter:data2\" content=\"3 minutos\" \/>\n<script type=\"application\/ld+json\" class=\"yoast-schema-graph\">{\"@context\":\"https:\/\/schema.org\",\"@graph\":[{\"@type\":\"WebSite\",\"@id\":\"https:\/\/franciscanos.org.br\/noticias\/#website\",\"url\":\"https:\/\/franciscanos.org.br\/noticias\/\",\"name\":\"Not\u00edcias - Franciscanos\",\"description\":\"Prov\u00edncia Franciscana da Imaculada Concei\u00e7\u00e3o do Brasil - Ordem dos Frades Menores - OFM\",\"potentialAction\":[{\"@type\":\"SearchAction\",\"target\":{\"@type\":\"EntryPoint\",\"urlTemplate\":\"https:\/\/franciscanos.org.br\/noticias\/?s={search_term_string}\"},\"query-input\":\"required name=search_term_string\"}],\"inLanguage\":\"pt-BR\"},{\"@type\":\"ImageObject\",\"inLanguage\":\"pt-BR\",\"@id\":\"https:\/\/franciscanos.org.br\/noticias\/papa-inicia-serie-de-reflexoes-sobre-a-eucaristia.html#primaryimage\",\"url\":\"https:\/\/franciscanos.org.br\/noticias\/wp-content\/uploads\/2017\/11\/audiencia_081117G.jpg\",\"contentUrl\":\"https:\/\/franciscanos.org.br\/noticias\/wp-content\/uploads\/2017\/11\/audiencia_081117G.jpg\",\"width\":273,\"height\":181},{\"@type\":\"WebPage\",\"@id\":\"https:\/\/franciscanos.org.br\/noticias\/papa-inicia-serie-de-reflexoes-sobre-a-eucaristia.html#webpage\",\"url\":\"https:\/\/franciscanos.org.br\/noticias\/papa-inicia-serie-de-reflexoes-sobre-a-eucaristia.html\",\"name\":\"Papa inicia s\u00e9rie de reflex\u00f5es sobre a Eucaristia - Not\u00edcias - Franciscanos\",\"isPartOf\":{\"@id\":\"https:\/\/franciscanos.org.br\/noticias\/#website\"},\"primaryImageOfPage\":{\"@id\":\"https:\/\/franciscanos.org.br\/noticias\/papa-inicia-serie-de-reflexoes-sobre-a-eucaristia.html#primaryimage\"},\"datePublished\":\"2017-11-08T11:42:45+00:00\",\"dateModified\":\"2020-06-08T19:34:22+00:00\",\"author\":{\"@id\":\"https:\/\/franciscanos.org.br\/noticias\/#\/schema\/person\/b38fbf43118f02820bd932f2e4b14ad3\"},\"breadcrumb\":{\"@id\":\"https:\/\/franciscanos.org.br\/noticias\/papa-inicia-serie-de-reflexoes-sobre-a-eucaristia.html#breadcrumb\"},\"inLanguage\":\"pt-BR\",\"potentialAction\":[{\"@type\":\"ReadAction\",\"target\":[\"https:\/\/franciscanos.org.br\/noticias\/papa-inicia-serie-de-reflexoes-sobre-a-eucaristia.html\"]}]},{\"@type\":\"BreadcrumbList\",\"@id\":\"https:\/\/franciscanos.org.br\/noticias\/papa-inicia-serie-de-reflexoes-sobre-a-eucaristia.html#breadcrumb\",\"itemListElement\":[{\"@type\":\"ListItem\",\"position\":1,\"name\":\"Home\",\"item\":\"https:\/\/franciscanos.org.br\/noticias\"},{\"@type\":\"ListItem\",\"position\":2,\"name\":\"Papa inicia s\u00e9rie de reflex\u00f5es sobre a Eucaristia\"}]},{\"@type\":\"Person\",\"@id\":\"https:\/\/franciscanos.org.br\/noticias\/#\/schema\/person\/b38fbf43118f02820bd932f2e4b14ad3\",\"name\":\"admin\",\"image\":{\"@type\":\"ImageObject\",\"inLanguage\":\"pt-BR\",\"@id\":\"https:\/\/franciscanos.org.br\/noticias\/#\/schema\/person\/image\/\",\"url\":\"https:\/\/secure.gravatar.com\/avatar\/e8495742d34d0ba6448ea1c628263b3e?s=96&d=mm&r=g\",\"contentUrl\":\"https:\/\/secure.gravatar.com\/avatar\/e8495742d34d0ba6448ea1c628263b3e?s=96&d=mm&r=g\",\"caption\":\"admin\"},\"url\":\"https:\/\/franciscanos.org.br\/noticias\/author\/admin\"}]}<\/script>\n<!-- \/ Yoast SEO plugin. -->","yoast_head_json":{"title":"Papa inicia s\u00e9rie de reflex\u00f5es sobre a Eucaristia - Not\u00edcias - Franciscanos","robots":{"index":"index","follow":"follow","max-snippet":"max-snippet:-1","max-image-preview":"max-image-preview:large","max-video-preview":"max-video-preview:-1"},"canonical":"https:\/\/franciscanos.org.br\/noticias\/papa-inicia-serie-de-reflexoes-sobre-a-eucaristia.html","og_locale":"pt_BR","og_type":"article","og_title":"Papa inicia s\u00e9rie de reflex\u00f5es sobre a Eucaristia - Not\u00edcias - Franciscanos","og_description":"Audi\u00eancia Geral","og_url":"https:\/\/franciscanos.org.br\/noticias\/papa-inicia-serie-de-reflexoes-sobre-a-eucaristia.html","og_site_name":"Not\u00edcias - Franciscanos","article_published_time":"2017-11-08T11:42:45+00:00","article_modified_time":"2020-06-08T19:34:22+00:00","og_image":[{"width":273,"height":181,"url":"https:\/\/franciscanos.org.br\/noticias\/wp-content\/uploads\/2017\/11\/audiencia_081117G.jpg","type":"image\/jpeg"}],"author":"admin","twitter_card":"summary_large_image","twitter_misc":{"Escrito por":"admin","Est. tempo de leitura":"3 minutos"},"schema":{"@context":"https:\/\/schema.org","@graph":[{"@type":"WebSite","@id":"https:\/\/franciscanos.org.br\/noticias\/#website","url":"https:\/\/franciscanos.org.br\/noticias\/","name":"Not\u00edcias - Franciscanos","description":"Prov\u00edncia Franciscana da Imaculada Concei\u00e7\u00e3o do Brasil - Ordem dos Frades Menores - OFM","potentialAction":[{"@type":"SearchAction","target":{"@type":"EntryPoint","urlTemplate":"https:\/\/franciscanos.org.br\/noticias\/?s={search_term_string}"},"query-input":"required name=search_term_string"}],"inLanguage":"pt-BR"},{"@type":"ImageObject","inLanguage":"pt-BR","@id":"https:\/\/franciscanos.org.br\/noticias\/papa-inicia-serie-de-reflexoes-sobre-a-eucaristia.html#primaryimage","url":"https:\/\/franciscanos.org.br\/noticias\/wp-content\/uploads\/2017\/11\/audiencia_081117G.jpg","contentUrl":"https:\/\/franciscanos.org.br\/noticias\/wp-content\/uploads\/2017\/11\/audiencia_081117G.jpg","width":273,"height":181},{"@type":"WebPage","@id":"https:\/\/franciscanos.org.br\/noticias\/papa-inicia-serie-de-reflexoes-sobre-a-eucaristia.html#webpage","url":"https:\/\/franciscanos.org.br\/noticias\/papa-inicia-serie-de-reflexoes-sobre-a-eucaristia.html","name":"Papa inicia s\u00e9rie de reflex\u00f5es sobre a Eucaristia - Not\u00edcias - Franciscanos","isPartOf":{"@id":"https:\/\/franciscanos.org.br\/noticias\/#website"},"primaryImageOfPage":{"@id":"https:\/\/franciscanos.org.br\/noticias\/papa-inicia-serie-de-reflexoes-sobre-a-eucaristia.html#primaryimage"},"datePublished":"2017-11-08T11:42:45+00:00","dateModified":"2020-06-08T19:34:22+00:00","author":{"@id":"https:\/\/franciscanos.org.br\/noticias\/#\/schema\/person\/b38fbf43118f02820bd932f2e4b14ad3"},"breadcrumb":{"@id":"https:\/\/franciscanos.org.br\/noticias\/papa-inicia-serie-de-reflexoes-sobre-a-eucaristia.html#breadcrumb"},"inLanguage":"pt-BR","potentialAction":[{"@type":"ReadAction","target":["https:\/\/franciscanos.org.br\/noticias\/papa-inicia-serie-de-reflexoes-sobre-a-eucaristia.html"]}]},{"@type":"BreadcrumbList","@id":"https:\/\/franciscanos.org.br\/noticias\/papa-inicia-serie-de-reflexoes-sobre-a-eucaristia.html#breadcrumb","itemListElement":[{"@type":"ListItem","position":1,"name":"Home","item":"https:\/\/franciscanos.org.br\/noticias"},{"@type":"ListItem","position":2,"name":"Papa inicia s\u00e9rie de reflex\u00f5es sobre a Eucaristia"}]},{"@type":"Person","@id":"https:\/\/franciscanos.org.br\/noticias\/#\/schema\/person\/b38fbf43118f02820bd932f2e4b14ad3","name":"admin","image":{"@type":"ImageObject","inLanguage":"pt-BR","@id":"https:\/\/franciscanos.org.br\/noticias\/#\/schema\/person\/image\/","url":"https:\/\/secure.gravatar.com\/avatar\/e8495742d34d0ba6448ea1c628263b3e?s=96&d=mm&r=g","contentUrl":"https:\/\/secure.gravatar.com\/avatar\/e8495742d34d0ba6448ea1c628263b3e?s=96&d=mm&r=g","caption":"admin"},"url":"https:\/\/franciscanos.org.br\/noticias\/author\/admin"}]}},"_links":{"self":[{"href":"https:\/\/franciscanos.org.br\/noticias\/wp-json\/wp\/v2\/posts\/145192"}],"collection":[{"href":"https:\/\/franciscanos.org.br\/noticias\/wp-json\/wp\/v2\/posts"}],"about":[{"href":"https:\/\/franciscanos.org.br\/noticias\/wp-json\/wp\/v2\/types\/post"}],"author":[{"embeddable":true,"href":"https:\/\/franciscanos.org.br\/noticias\/wp-json\/wp\/v2\/users\/1"}],"replies":[{"embeddable":true,"href":"https:\/\/franciscanos.org.br\/noticias\/wp-json\/wp\/v2\/comments?post=145192"}],"version-history":[{"count":1,"href":"https:\/\/franciscanos.org.br\/noticias\/wp-json\/wp\/v2\/posts\/145192\/revisions"}],"predecessor-version":[{"id":225202,"href":"https:\/\/franciscanos.org.br\/noticias\/wp-json\/wp\/v2\/posts\/145192\/revisions\/225202"}],"wp:featuredmedia":[{"embeddable":true,"href":"https:\/\/franciscanos.org.br\/noticias\/wp-json\/wp\/v2\/media\/201347"}],"wp:attachment":[{"href":"https:\/\/franciscanos.org.br\/noticias\/wp-json\/wp\/v2\/media?parent=145192"}],"wp:term":[{"taxonomy":"category","embeddable":true,"href":"https:\/\/franciscanos.org.br\/noticias\/wp-json\/wp\/v2\/categories?post=145192"},{"taxonomy":"post_tag","embeddable":true,"href":"https:\/\/franciscanos.org.br\/noticias\/wp-json\/wp\/v2\/tags?post=145192"}],"curies":[{"name":"wp","href":"https:\/\/api.w.org\/{rel}","templated":true}]}}