{"id":144982,"date":"2017-11-07T09:42:02","date_gmt":"2017-11-07T11:42:02","guid":{"rendered":"http:\/\/franciscanos.org.br\/?p=144982"},"modified":"2020-06-08T16:35:04","modified_gmt":"2020-06-08T19:35:04","slug":"papa-perder-a-capacidade-de-sentir-se-amado-e-perder-tudo","status":"publish","type":"post","link":"https:\/\/franciscanos.org.br\/noticias\/papa-perder-a-capacidade-de-sentir-se-amado-e-perder-tudo.html","title":{"rendered":"Perder a capacidade de sentir-se amado \u00e9 perder tudo"},"content":{"rendered":"<p><img loading=\"lazy\" src=\"http:\/\/franciscanos.org.br\/wp-content\/uploads\/2017\/02\/martaG_070217.jpg\" alt=\"martaG_070217\" width=\"830\" height=\"401\" \/><\/p>\n<p><strong>Cidade do Vaticano<\/strong> \u2013 O Papa Francisco celebrou na manh\u00e3 desta ter\u00e7a-feira (07\/11) a missa na capela da Casa Santa Marta.\u00a0Em sua homilia, o Pont\u00edfice falou da capacidade de sentir-se amado, comentando o trecho de Lucas (Lc 14,15-24) da Liturgia de hoje. No texto, a par\u00e1bola narra um homem que organizou uma grande ceia e convidou muita gente.<\/p>\n<p>Os primeiros convidados n\u00e3o quiseram ir porque n\u00e3o lhes interessava nem o jantar nem as pessoas nem o convite do senhor: estavam ocupados com os pr\u00f3prios interesses, mais importantes do que o convite. Havia quem tinha comprado cinco juntas de bois, um terreno ou quem tinha se casado. Substancialmente, se perguntavam o que tinham a ganhar. Estavam \u201cocupados\u201d, como aquele homem que mandou construir armaz\u00e9ns para acumular os seus bens, mas morreu na mesma noite. Estavam presos aos interesses a tal ponto que isso os levava a uma \u201cescravid\u00e3o do Esp\u00edrito\u201d, isto \u00e9, a ser \u201cincapazes de entender a gratuidade do convite\u201d. Uma atitude da qual o Papa adverte:\u00a0E se n\u00e3o se entende a gratuidade do convite de Deus, n\u00e3o se entende nada. A iniciativa de Deus \u00e9 gratuita. Mas para ir a este banquete o que se deve pagar? O bilhete de entrada \u00e9 estar doente, \u00e9 ser pobre, \u00e9 ser pecador\u2026 Eles (assim) os deixam entrar, este \u00e9 o bilhete de entrada: estar necessitado seja no corpo, seja na alma. Mas para a necessidade de cuidado, da cura, ter necessidade de amor \u2026<\/p>\n<p>Portanto, existem duas atitudes: de um lado, a atitude de Deus que n\u00e3o deixa pagar nada e diz, depois, ao servo de conduzir os pobres, os aleijados, bons e maus: se trata de uma gratuidade que \u201cn\u00e3o tem limites\u201d, Deus \u201crecebe todos\u201d, destacou o Papa. De outro, a atitude dos primeiros convidados, que ao inv\u00e9s n\u00e3o entendem a gratuidade. Assim como o irm\u00e3o mais velho do Filho Pr\u00f3digo, que n\u00e3o quer ir ao banquete organizado pelo pai para seu irm\u00e3o que havia ido embora: n\u00e3o entende.<\/p>\n<p>\u201cMas ele gastou todo o dinheiro, gastou a heran\u00e7a, com os v\u00edcios, com os pecados, e o senhor lhe faz festa? E eu que sou cat\u00f3lico, praticante, vou a Missa todos os domingos, fa\u00e7o coisas, e para mim nada?\u2019 Esse n\u00e3o entende a gratuidade da salva\u00e7\u00e3o, ele acha que a salva\u00e7\u00e3o \u00e9 fruto do \u201cEu pago e o Senhor me salva\u201d. Pago com isso, com isso, com aquilo&#8230; N\u00e3o, a salva\u00e7\u00e3o \u00e9 gratuita! E se voc\u00ea n\u00e3o entrar nessa din\u00e2mica de gratuidade, voc\u00ea n\u00e3o entende nada. A salva\u00e7\u00e3o \u00e9 um presente de Deus ao qual se responde com outro presente, o presente do meu cora\u00e7\u00e3o\u201d.<\/p>\n<p>O Papa Francisco retorna ainda sobre aqueles que pensam nos seus pr\u00f3prios interesses, que quando ouvem falar de presentes, sabem que devem fazer, mas imediatamente pensam na \u201ccontrapartida\u201d: \u201cEu lhe darei esse presente\u201d e ele \u201cdepois em outra ocasi\u00e3o, ir\u00e1 me dar outro\u201d.<\/p>\n<p>O Senhor, ao inv\u00e9s, \u201cn\u00e3o pede nada em troca\u201d: \u201csomente amor, fidelidade, como Ele \u00e9 amor e \u00e9 fiel\u201d, diz o Papa, evidenciando que \u201ca salva\u00e7\u00e3o n\u00e3o se compra, simplesmente se entra no banquete\u201d. \u201cBem-aventurados os que receber\u00e3o alimento no Reino de Deus&#8221;: isto \u00e9 salva\u00e7\u00e3o.<\/p>\n<p>Aqueles que n\u00e3o est\u00e3o dispostos a entrar no banquete, \u201cse sentem seguros\u201d, \u201csalvos do modo deles, fora do banquete\u201d: \u201celes perderam o sentido de gratuidade &#8211; explica Francisco \u2013 \u201co sentido do amor\u201d. \u201cEles perderam \u2013 acrescenta -, algo maior e mais bonito ainda, e isso \u00e9 muito ruim: eles perderam a capacidade de se sentirem amados\u201d.<\/p>\n<p>\u201cE quando voc\u00ea perde &#8211; eu n\u00e3o digo a capacidade de amar, porque ela se recupera &#8211; a capacidade de se sentir amado, n\u00e3o h\u00e1 esperan\u00e7a, voc\u00ea perdeu tudo. Isso nos faz pensar na escrita na porta do inferno de Dante: \u201cDeixe a esperan\u00e7a\u201d, voc\u00ea perdeu tudo. Devemos pensar na frente deste Senhor: \u201cPorque eu digo, quero que a minha casa fique cheia\u201d, este Senhor, que \u00e9 t\u00e3o grande, que \u00e9 t\u00e3o amoroso, com a sua gratuidade quer encher a casa. Pe\u00e7amos ao Senhor que nos salve de perder a capacidade de nos sentir amados\u201d.<\/p>\n<hr \/>\n<p><em>Fonte: Vatican News<\/em><\/p>\n","protected":false},"excerpt":{"rendered":"<p>Missa em Santa Marta<\/p>\n","protected":false},"author":1,"featured_media":203264,"comment_status":"open","ping_status":"open","sticky":false,"template":"","format":"standard","meta":[],"categories":[1428],"tags":[1586],"acf":[],"yoast_head":"<!-- This site is optimized with the Yoast SEO plugin v19.2 - https:\/\/yoast.com\/wordpress\/plugins\/seo\/ -->\n<title>Perder a capacidade de sentir-se amado \u00e9 perder tudo - Not\u00edcias - Franciscanos<\/title>\n<meta name=\"robots\" content=\"index, follow, max-snippet:-1, max-image-preview:large, max-video-preview:-1\" \/>\n<link rel=\"canonical\" href=\"https:\/\/franciscanos.org.br\/noticias\/papa-perder-a-capacidade-de-sentir-se-amado-e-perder-tudo.html\" \/>\n<meta property=\"og:locale\" content=\"pt_BR\" \/>\n<meta property=\"og:type\" content=\"article\" \/>\n<meta property=\"og:title\" content=\"Perder a capacidade de sentir-se amado \u00e9 perder tudo - Not\u00edcias - Franciscanos\" \/>\n<meta property=\"og:description\" content=\"Missa em Santa Marta\" \/>\n<meta property=\"og:url\" content=\"https:\/\/franciscanos.org.br\/noticias\/papa-perder-a-capacidade-de-sentir-se-amado-e-perder-tudo.html\" \/>\n<meta property=\"og:site_name\" content=\"Not\u00edcias - Franciscanos\" \/>\n<meta property=\"article:published_time\" content=\"2017-11-07T11:42:02+00:00\" \/>\n<meta property=\"article:modified_time\" content=\"2020-06-08T19:35:04+00:00\" \/>\n<meta property=\"og:image\" content=\"https:\/\/franciscanos.org.br\/noticias\/wp-content\/uploads\/2017\/11\/papa_031017.jpg\" \/>\n\t<meta property=\"og:image:width\" content=\"273\" \/>\n\t<meta property=\"og:image:height\" content=\"172\" \/>\n\t<meta property=\"og:image:type\" content=\"image\/jpeg\" \/>\n<meta name=\"author\" content=\"admin\" \/>\n<meta name=\"twitter:card\" content=\"summary_large_image\" \/>\n<meta name=\"twitter:label1\" content=\"Escrito por\" \/>\n\t<meta name=\"twitter:data1\" content=\"admin\" \/>\n\t<meta name=\"twitter:label2\" content=\"Est. tempo de leitura\" \/>\n\t<meta name=\"twitter:data2\" content=\"4 minutos\" \/>\n<script type=\"application\/ld+json\" class=\"yoast-schema-graph\">{\"@context\":\"https:\/\/schema.org\",\"@graph\":[{\"@type\":\"WebSite\",\"@id\":\"https:\/\/franciscanos.org.br\/noticias\/#website\",\"url\":\"https:\/\/franciscanos.org.br\/noticias\/\",\"name\":\"Not\u00edcias - Franciscanos\",\"description\":\"Prov\u00edncia Franciscana da Imaculada Concei\u00e7\u00e3o do Brasil - Ordem dos Frades Menores - OFM\",\"potentialAction\":[{\"@type\":\"SearchAction\",\"target\":{\"@type\":\"EntryPoint\",\"urlTemplate\":\"https:\/\/franciscanos.org.br\/noticias\/?s={search_term_string}\"},\"query-input\":\"required name=search_term_string\"}],\"inLanguage\":\"pt-BR\"},{\"@type\":\"ImageObject\",\"inLanguage\":\"pt-BR\",\"@id\":\"https:\/\/franciscanos.org.br\/noticias\/papa-perder-a-capacidade-de-sentir-se-amado-e-perder-tudo.html#primaryimage\",\"url\":\"https:\/\/franciscanos.org.br\/noticias\/wp-content\/uploads\/2017\/11\/papa_031017.jpg\",\"contentUrl\":\"https:\/\/franciscanos.org.br\/noticias\/wp-content\/uploads\/2017\/11\/papa_031017.jpg\",\"width\":273,\"height\":172},{\"@type\":\"WebPage\",\"@id\":\"https:\/\/franciscanos.org.br\/noticias\/papa-perder-a-capacidade-de-sentir-se-amado-e-perder-tudo.html#webpage\",\"url\":\"https:\/\/franciscanos.org.br\/noticias\/papa-perder-a-capacidade-de-sentir-se-amado-e-perder-tudo.html\",\"name\":\"Perder a capacidade de sentir-se amado \u00e9 perder tudo - Not\u00edcias - Franciscanos\",\"isPartOf\":{\"@id\":\"https:\/\/franciscanos.org.br\/noticias\/#website\"},\"primaryImageOfPage\":{\"@id\":\"https:\/\/franciscanos.org.br\/noticias\/papa-perder-a-capacidade-de-sentir-se-amado-e-perder-tudo.html#primaryimage\"},\"datePublished\":\"2017-11-07T11:42:02+00:00\",\"dateModified\":\"2020-06-08T19:35:04+00:00\",\"author\":{\"@id\":\"https:\/\/franciscanos.org.br\/noticias\/#\/schema\/person\/b38fbf43118f02820bd932f2e4b14ad3\"},\"breadcrumb\":{\"@id\":\"https:\/\/franciscanos.org.br\/noticias\/papa-perder-a-capacidade-de-sentir-se-amado-e-perder-tudo.html#breadcrumb\"},\"inLanguage\":\"pt-BR\",\"potentialAction\":[{\"@type\":\"ReadAction\",\"target\":[\"https:\/\/franciscanos.org.br\/noticias\/papa-perder-a-capacidade-de-sentir-se-amado-e-perder-tudo.html\"]}]},{\"@type\":\"BreadcrumbList\",\"@id\":\"https:\/\/franciscanos.org.br\/noticias\/papa-perder-a-capacidade-de-sentir-se-amado-e-perder-tudo.html#breadcrumb\",\"itemListElement\":[{\"@type\":\"ListItem\",\"position\":1,\"name\":\"Home\",\"item\":\"https:\/\/franciscanos.org.br\/noticias\"},{\"@type\":\"ListItem\",\"position\":2,\"name\":\"Perder a capacidade de sentir-se amado \u00e9 perder tudo\"}]},{\"@type\":\"Person\",\"@id\":\"https:\/\/franciscanos.org.br\/noticias\/#\/schema\/person\/b38fbf43118f02820bd932f2e4b14ad3\",\"name\":\"admin\",\"image\":{\"@type\":\"ImageObject\",\"inLanguage\":\"pt-BR\",\"@id\":\"https:\/\/franciscanos.org.br\/noticias\/#\/schema\/person\/image\/\",\"url\":\"https:\/\/secure.gravatar.com\/avatar\/e8495742d34d0ba6448ea1c628263b3e?s=96&d=mm&r=g\",\"contentUrl\":\"https:\/\/secure.gravatar.com\/avatar\/e8495742d34d0ba6448ea1c628263b3e?s=96&d=mm&r=g\",\"caption\":\"admin\"},\"url\":\"https:\/\/franciscanos.org.br\/noticias\/author\/admin\"}]}<\/script>\n<!-- \/ Yoast SEO plugin. -->","yoast_head_json":{"title":"Perder a capacidade de sentir-se amado \u00e9 perder tudo - Not\u00edcias - Franciscanos","robots":{"index":"index","follow":"follow","max-snippet":"max-snippet:-1","max-image-preview":"max-image-preview:large","max-video-preview":"max-video-preview:-1"},"canonical":"https:\/\/franciscanos.org.br\/noticias\/papa-perder-a-capacidade-de-sentir-se-amado-e-perder-tudo.html","og_locale":"pt_BR","og_type":"article","og_title":"Perder a capacidade de sentir-se amado \u00e9 perder tudo - Not\u00edcias - Franciscanos","og_description":"Missa em Santa Marta","og_url":"https:\/\/franciscanos.org.br\/noticias\/papa-perder-a-capacidade-de-sentir-se-amado-e-perder-tudo.html","og_site_name":"Not\u00edcias - Franciscanos","article_published_time":"2017-11-07T11:42:02+00:00","article_modified_time":"2020-06-08T19:35:04+00:00","og_image":[{"width":273,"height":172,"url":"https:\/\/franciscanos.org.br\/noticias\/wp-content\/uploads\/2017\/11\/papa_031017.jpg","type":"image\/jpeg"}],"author":"admin","twitter_card":"summary_large_image","twitter_misc":{"Escrito por":"admin","Est. tempo de leitura":"4 minutos"},"schema":{"@context":"https:\/\/schema.org","@graph":[{"@type":"WebSite","@id":"https:\/\/franciscanos.org.br\/noticias\/#website","url":"https:\/\/franciscanos.org.br\/noticias\/","name":"Not\u00edcias - Franciscanos","description":"Prov\u00edncia Franciscana da Imaculada Concei\u00e7\u00e3o do Brasil - Ordem dos Frades Menores - OFM","potentialAction":[{"@type":"SearchAction","target":{"@type":"EntryPoint","urlTemplate":"https:\/\/franciscanos.org.br\/noticias\/?s={search_term_string}"},"query-input":"required name=search_term_string"}],"inLanguage":"pt-BR"},{"@type":"ImageObject","inLanguage":"pt-BR","@id":"https:\/\/franciscanos.org.br\/noticias\/papa-perder-a-capacidade-de-sentir-se-amado-e-perder-tudo.html#primaryimage","url":"https:\/\/franciscanos.org.br\/noticias\/wp-content\/uploads\/2017\/11\/papa_031017.jpg","contentUrl":"https:\/\/franciscanos.org.br\/noticias\/wp-content\/uploads\/2017\/11\/papa_031017.jpg","width":273,"height":172},{"@type":"WebPage","@id":"https:\/\/franciscanos.org.br\/noticias\/papa-perder-a-capacidade-de-sentir-se-amado-e-perder-tudo.html#webpage","url":"https:\/\/franciscanos.org.br\/noticias\/papa-perder-a-capacidade-de-sentir-se-amado-e-perder-tudo.html","name":"Perder a capacidade de sentir-se amado \u00e9 perder tudo - Not\u00edcias - Franciscanos","isPartOf":{"@id":"https:\/\/franciscanos.org.br\/noticias\/#website"},"primaryImageOfPage":{"@id":"https:\/\/franciscanos.org.br\/noticias\/papa-perder-a-capacidade-de-sentir-se-amado-e-perder-tudo.html#primaryimage"},"datePublished":"2017-11-07T11:42:02+00:00","dateModified":"2020-06-08T19:35:04+00:00","author":{"@id":"https:\/\/franciscanos.org.br\/noticias\/#\/schema\/person\/b38fbf43118f02820bd932f2e4b14ad3"},"breadcrumb":{"@id":"https:\/\/franciscanos.org.br\/noticias\/papa-perder-a-capacidade-de-sentir-se-amado-e-perder-tudo.html#breadcrumb"},"inLanguage":"pt-BR","potentialAction":[{"@type":"ReadAction","target":["https:\/\/franciscanos.org.br\/noticias\/papa-perder-a-capacidade-de-sentir-se-amado-e-perder-tudo.html"]}]},{"@type":"BreadcrumbList","@id":"https:\/\/franciscanos.org.br\/noticias\/papa-perder-a-capacidade-de-sentir-se-amado-e-perder-tudo.html#breadcrumb","itemListElement":[{"@type":"ListItem","position":1,"name":"Home","item":"https:\/\/franciscanos.org.br\/noticias"},{"@type":"ListItem","position":2,"name":"Perder a capacidade de sentir-se amado \u00e9 perder tudo"}]},{"@type":"Person","@id":"https:\/\/franciscanos.org.br\/noticias\/#\/schema\/person\/b38fbf43118f02820bd932f2e4b14ad3","name":"admin","image":{"@type":"ImageObject","inLanguage":"pt-BR","@id":"https:\/\/franciscanos.org.br\/noticias\/#\/schema\/person\/image\/","url":"https:\/\/secure.gravatar.com\/avatar\/e8495742d34d0ba6448ea1c628263b3e?s=96&d=mm&r=g","contentUrl":"https:\/\/secure.gravatar.com\/avatar\/e8495742d34d0ba6448ea1c628263b3e?s=96&d=mm&r=g","caption":"admin"},"url":"https:\/\/franciscanos.org.br\/noticias\/author\/admin"}]}},"_links":{"self":[{"href":"https:\/\/franciscanos.org.br\/noticias\/wp-json\/wp\/v2\/posts\/144982"}],"collection":[{"href":"https:\/\/franciscanos.org.br\/noticias\/wp-json\/wp\/v2\/posts"}],"about":[{"href":"https:\/\/franciscanos.org.br\/noticias\/wp-json\/wp\/v2\/types\/post"}],"author":[{"embeddable":true,"href":"https:\/\/franciscanos.org.br\/noticias\/wp-json\/wp\/v2\/users\/1"}],"replies":[{"embeddable":true,"href":"https:\/\/franciscanos.org.br\/noticias\/wp-json\/wp\/v2\/comments?post=144982"}],"version-history":[{"count":1,"href":"https:\/\/franciscanos.org.br\/noticias\/wp-json\/wp\/v2\/posts\/144982\/revisions"}],"predecessor-version":[{"id":225203,"href":"https:\/\/franciscanos.org.br\/noticias\/wp-json\/wp\/v2\/posts\/144982\/revisions\/225203"}],"wp:featuredmedia":[{"embeddable":true,"href":"https:\/\/franciscanos.org.br\/noticias\/wp-json\/wp\/v2\/media\/203264"}],"wp:attachment":[{"href":"https:\/\/franciscanos.org.br\/noticias\/wp-json\/wp\/v2\/media?parent=144982"}],"wp:term":[{"taxonomy":"category","embeddable":true,"href":"https:\/\/franciscanos.org.br\/noticias\/wp-json\/wp\/v2\/categories?post=144982"},{"taxonomy":"post_tag","embeddable":true,"href":"https:\/\/franciscanos.org.br\/noticias\/wp-json\/wp\/v2\/tags?post=144982"}],"curies":[{"name":"wp","href":"https:\/\/api.w.org\/{rel}","templated":true}]}}