{"id":144828,"date":"2017-11-01T10:36:47","date_gmt":"2017-11-01T12:36:47","guid":{"rendered":"http:\/\/franciscanos.org.br\/?p=144828"},"modified":"2020-06-08T16:37:16","modified_gmt":"2020-06-08T19:37:16","slug":"a-santidade-e-para-todos-nao-para-super-homens","status":"publish","type":"post","link":"https:\/\/franciscanos.org.br\/noticias\/a-santidade-e-para-todos-nao-para-super-homens.html","title":{"rendered":"A santidade \u00e9 para todos, n\u00e3o para super-homens"},"content":{"rendered":"<p><img loading=\"lazy\" src=\"http:\/\/franciscanos.org.br\/wp-content\/uploads\/2017\/11\/papa_011117.jpg\" alt=\"papa_011117\" width=\"830\" height=\"401\" \/><\/p>\n<p><strong>Cidade do Vaticano<\/strong> \u2013 No dia em que a Igreja celebra a Solenidade de Todos os Santos, o Papa Francisco rezou com os fi\u00e9is o Angelus na Pra\u00e7a S. Pedro (01\/11).\u00a0Na alocu\u00e7\u00e3o que precedeu a ora\u00e7\u00e3o mariana, o Pont\u00edfice falou das caracter\u00edsticas dos santos, afirmando n\u00e3o se tratar de \u201cmodelos perfeitos\u201d, mas de pessoas tocadas por Deus. \u201cPodemos compar\u00e1-los com os vitrais das igrejas, que fazem entrar a luz em diferentes tonalidades de cor. Os santos s\u00e3o nossos irm\u00e3os e irm\u00e3s que acolheram a luz de Deus em seu cora\u00e7\u00e3o e a transmitiram ao mundo, cada um segundo a pr\u00f3pria \u2018tonalidade\u2019. Mas todos foram transparentes, lutaram para retirar as manchas e as obscuridades do pecado, de modo que a luz de Deus pudesse passar. Este \u00e9 o objetivo da vida, tamb\u00e9m para n\u00f3s.\u201d<\/p>\n<p>A felicidade, acrescentou o Papa, n\u00e3o est\u00e1 em ter ou se tornar algu\u00e9m. A verdadeira felicidade \u00e9 estar com o Senhor e viver por amor. Os ingredientes para a vida feliz se chamam bem-aventuran\u00e7as: s\u00e3o beatos os simples, os humildes que d\u00e3o lugar a Deus, que sabem chorar pelos outros e pelos pr\u00f3prios erros, permanecem mansos, lutam pela justi\u00e7a, s\u00e3o misericordiosos com todos, trabalham pela paz , n\u00e3o odeiam e, mesmo quando sofrem, respondem ao mal com o bem.<\/p>\n<p>\u201cEis as bem-aventuran\u00e7as. N\u00e3o requerem gestos extraordin\u00e1rios, n\u00e3o s\u00e3o para super-homens, mas para quem vive as prova\u00e7\u00f5es e as fadigas de todos os dias. Os santos s\u00e3o assim: respiram como todos o ar polu\u00eddo que h\u00e1 no mundo, mas no caminho jamais perdem de vista o percurso de Jesus, indicado nas bem-aventuran\u00e7as, que s\u00e3o como o mapa da vida crist\u00e3.\u201d<\/p>\n<p>Hoje, disse ainda Francisco, \u00e9 a festa daqueles que alcan\u00e7aram a meta indicada por este mapa: n\u00e3o s\u00e3o s\u00f3 os santos do calend\u00e1rio, mas os muitos irm\u00e3os e irm\u00e3s \u201cda porta ao lado\u201d, que talvez tenhamos encontrado e conhecido. \u201c\u00c9 uma festa de fam\u00edlia, de muitas pessoas simples e escondidas que, na realidade, ajudam Deus a levar avante o mundo. E quantas pessoas assim existem hoje!\u201d, disse o Pont\u00edfice, pedindo um aplauso da multid\u00e3o a esses santos.<\/p>\n<p>De modo especial, o Papa falou de duas bem-aventuran\u00e7as: \u201cbeatos os pobres em esp\u00edrito\u201d e \u201cos mortos que morreram no Senhor\u201d.<\/p>\n<p>A primeira significa que n\u00e3o se vive pelo sucesso, pelo poder e o dinheiro, mas s\u00e3o bem-aventurados os que acreditam que o Senhor \u00e9 o tesouro da vida. J\u00e1 a segunda, que n\u00e3o se encontra no Evangelho, mas no final da B\u00edblia, \u00e9 um convite a recordar com gratid\u00e3o os nossos caros e a rezar por eles, como nos pede a festa de Finados.<\/p>\n<p>\u201cQue a M\u00e3e de Deus, Rainha dos Santos e Porta dos C\u00e9us, interceda pelo nosso caminho de santidade e pelos nossos caros que nos precederam e j\u00e1 partiram para P\u00e1tria celeste\u201d, foi a invoca\u00e7\u00e3o de Francisco antes de rezar o Angelus.<\/p>\n<hr \/>\n<p><em>Fonte: Vatican News<\/em><\/p>\n","protected":false},"excerpt":{"rendered":"<p>Angelus<\/p>\n","protected":false},"author":1,"featured_media":204255,"comment_status":"open","ping_status":"open","sticky":false,"template":"","format":"standard","meta":[],"categories":[1428],"tags":[403],"acf":[],"yoast_head":"<!-- This site is optimized with the Yoast SEO plugin v19.2 - https:\/\/yoast.com\/wordpress\/plugins\/seo\/ -->\n<title>A santidade \u00e9 para todos, n\u00e3o para super-homens - Not\u00edcias - Franciscanos<\/title>\n<meta name=\"robots\" content=\"index, follow, max-snippet:-1, max-image-preview:large, max-video-preview:-1\" \/>\n<link rel=\"canonical\" href=\"https:\/\/franciscanos.org.br\/noticias\/a-santidade-e-para-todos-nao-para-super-homens.html\" \/>\n<meta property=\"og:locale\" content=\"pt_BR\" \/>\n<meta property=\"og:type\" content=\"article\" \/>\n<meta property=\"og:title\" content=\"A santidade \u00e9 para todos, n\u00e3o para super-homens - Not\u00edcias - Franciscanos\" \/>\n<meta property=\"og:description\" content=\"Angelus\" \/>\n<meta property=\"og:url\" content=\"https:\/\/franciscanos.org.br\/noticias\/a-santidade-e-para-todos-nao-para-super-homens.html\" \/>\n<meta property=\"og:site_name\" content=\"Not\u00edcias - Franciscanos\" \/>\n<meta property=\"article:published_time\" content=\"2017-11-01T12:36:47+00:00\" \/>\n<meta property=\"article:modified_time\" content=\"2020-06-08T19:37:16+00:00\" \/>\n<meta property=\"og:image\" content=\"https:\/\/franciscanos.org.br\/noticias\/wp-content\/uploads\/2017\/11\/papa_011117.jpg\" \/>\n\t<meta property=\"og:image:width\" content=\"273\" \/>\n\t<meta property=\"og:image:height\" content=\"181\" \/>\n\t<meta property=\"og:image:type\" content=\"image\/jpeg\" \/>\n<meta name=\"author\" content=\"admin\" \/>\n<meta name=\"twitter:card\" content=\"summary_large_image\" \/>\n<meta name=\"twitter:label1\" content=\"Escrito por\" \/>\n\t<meta name=\"twitter:data1\" content=\"admin\" \/>\n\t<meta name=\"twitter:label2\" content=\"Est. tempo de leitura\" \/>\n\t<meta name=\"twitter:data2\" content=\"3 minutos\" \/>\n<script type=\"application\/ld+json\" class=\"yoast-schema-graph\">{\"@context\":\"https:\/\/schema.org\",\"@graph\":[{\"@type\":\"WebSite\",\"@id\":\"https:\/\/franciscanos.org.br\/noticias\/#website\",\"url\":\"https:\/\/franciscanos.org.br\/noticias\/\",\"name\":\"Not\u00edcias - Franciscanos\",\"description\":\"Prov\u00edncia Franciscana da Imaculada Concei\u00e7\u00e3o do Brasil - Ordem dos Frades Menores - OFM\",\"potentialAction\":[{\"@type\":\"SearchAction\",\"target\":{\"@type\":\"EntryPoint\",\"urlTemplate\":\"https:\/\/franciscanos.org.br\/noticias\/?s={search_term_string}\"},\"query-input\":\"required name=search_term_string\"}],\"inLanguage\":\"pt-BR\"},{\"@type\":\"ImageObject\",\"inLanguage\":\"pt-BR\",\"@id\":\"https:\/\/franciscanos.org.br\/noticias\/a-santidade-e-para-todos-nao-para-super-homens.html#primaryimage\",\"url\":\"https:\/\/franciscanos.org.br\/noticias\/wp-content\/uploads\/2017\/11\/papa_011117.jpg\",\"contentUrl\":\"https:\/\/franciscanos.org.br\/noticias\/wp-content\/uploads\/2017\/11\/papa_011117.jpg\",\"width\":273,\"height\":181},{\"@type\":\"WebPage\",\"@id\":\"https:\/\/franciscanos.org.br\/noticias\/a-santidade-e-para-todos-nao-para-super-homens.html#webpage\",\"url\":\"https:\/\/franciscanos.org.br\/noticias\/a-santidade-e-para-todos-nao-para-super-homens.html\",\"name\":\"A santidade \u00e9 para todos, n\u00e3o para super-homens - Not\u00edcias - Franciscanos\",\"isPartOf\":{\"@id\":\"https:\/\/franciscanos.org.br\/noticias\/#website\"},\"primaryImageOfPage\":{\"@id\":\"https:\/\/franciscanos.org.br\/noticias\/a-santidade-e-para-todos-nao-para-super-homens.html#primaryimage\"},\"datePublished\":\"2017-11-01T12:36:47+00:00\",\"dateModified\":\"2020-06-08T19:37:16+00:00\",\"author\":{\"@id\":\"https:\/\/franciscanos.org.br\/noticias\/#\/schema\/person\/b38fbf43118f02820bd932f2e4b14ad3\"},\"breadcrumb\":{\"@id\":\"https:\/\/franciscanos.org.br\/noticias\/a-santidade-e-para-todos-nao-para-super-homens.html#breadcrumb\"},\"inLanguage\":\"pt-BR\",\"potentialAction\":[{\"@type\":\"ReadAction\",\"target\":[\"https:\/\/franciscanos.org.br\/noticias\/a-santidade-e-para-todos-nao-para-super-homens.html\"]}]},{\"@type\":\"BreadcrumbList\",\"@id\":\"https:\/\/franciscanos.org.br\/noticias\/a-santidade-e-para-todos-nao-para-super-homens.html#breadcrumb\",\"itemListElement\":[{\"@type\":\"ListItem\",\"position\":1,\"name\":\"Home\",\"item\":\"https:\/\/franciscanos.org.br\/noticias\"},{\"@type\":\"ListItem\",\"position\":2,\"name\":\"A santidade \u00e9 para todos, n\u00e3o para super-homens\"}]},{\"@type\":\"Person\",\"@id\":\"https:\/\/franciscanos.org.br\/noticias\/#\/schema\/person\/b38fbf43118f02820bd932f2e4b14ad3\",\"name\":\"admin\",\"image\":{\"@type\":\"ImageObject\",\"inLanguage\":\"pt-BR\",\"@id\":\"https:\/\/franciscanos.org.br\/noticias\/#\/schema\/person\/image\/\",\"url\":\"https:\/\/secure.gravatar.com\/avatar\/e8495742d34d0ba6448ea1c628263b3e?s=96&d=mm&r=g\",\"contentUrl\":\"https:\/\/secure.gravatar.com\/avatar\/e8495742d34d0ba6448ea1c628263b3e?s=96&d=mm&r=g\",\"caption\":\"admin\"},\"url\":\"https:\/\/franciscanos.org.br\/noticias\/author\/admin\"}]}<\/script>\n<!-- \/ Yoast SEO plugin. -->","yoast_head_json":{"title":"A santidade \u00e9 para todos, n\u00e3o para super-homens - Not\u00edcias - Franciscanos","robots":{"index":"index","follow":"follow","max-snippet":"max-snippet:-1","max-image-preview":"max-image-preview:large","max-video-preview":"max-video-preview:-1"},"canonical":"https:\/\/franciscanos.org.br\/noticias\/a-santidade-e-para-todos-nao-para-super-homens.html","og_locale":"pt_BR","og_type":"article","og_title":"A santidade \u00e9 para todos, n\u00e3o para super-homens - Not\u00edcias - Franciscanos","og_description":"Angelus","og_url":"https:\/\/franciscanos.org.br\/noticias\/a-santidade-e-para-todos-nao-para-super-homens.html","og_site_name":"Not\u00edcias - Franciscanos","article_published_time":"2017-11-01T12:36:47+00:00","article_modified_time":"2020-06-08T19:37:16+00:00","og_image":[{"width":273,"height":181,"url":"https:\/\/franciscanos.org.br\/noticias\/wp-content\/uploads\/2017\/11\/papa_011117.jpg","type":"image\/jpeg"}],"author":"admin","twitter_card":"summary_large_image","twitter_misc":{"Escrito por":"admin","Est. tempo de leitura":"3 minutos"},"schema":{"@context":"https:\/\/schema.org","@graph":[{"@type":"WebSite","@id":"https:\/\/franciscanos.org.br\/noticias\/#website","url":"https:\/\/franciscanos.org.br\/noticias\/","name":"Not\u00edcias - Franciscanos","description":"Prov\u00edncia Franciscana da Imaculada Concei\u00e7\u00e3o do Brasil - Ordem dos Frades Menores - OFM","potentialAction":[{"@type":"SearchAction","target":{"@type":"EntryPoint","urlTemplate":"https:\/\/franciscanos.org.br\/noticias\/?s={search_term_string}"},"query-input":"required name=search_term_string"}],"inLanguage":"pt-BR"},{"@type":"ImageObject","inLanguage":"pt-BR","@id":"https:\/\/franciscanos.org.br\/noticias\/a-santidade-e-para-todos-nao-para-super-homens.html#primaryimage","url":"https:\/\/franciscanos.org.br\/noticias\/wp-content\/uploads\/2017\/11\/papa_011117.jpg","contentUrl":"https:\/\/franciscanos.org.br\/noticias\/wp-content\/uploads\/2017\/11\/papa_011117.jpg","width":273,"height":181},{"@type":"WebPage","@id":"https:\/\/franciscanos.org.br\/noticias\/a-santidade-e-para-todos-nao-para-super-homens.html#webpage","url":"https:\/\/franciscanos.org.br\/noticias\/a-santidade-e-para-todos-nao-para-super-homens.html","name":"A santidade \u00e9 para todos, n\u00e3o para super-homens - Not\u00edcias - Franciscanos","isPartOf":{"@id":"https:\/\/franciscanos.org.br\/noticias\/#website"},"primaryImageOfPage":{"@id":"https:\/\/franciscanos.org.br\/noticias\/a-santidade-e-para-todos-nao-para-super-homens.html#primaryimage"},"datePublished":"2017-11-01T12:36:47+00:00","dateModified":"2020-06-08T19:37:16+00:00","author":{"@id":"https:\/\/franciscanos.org.br\/noticias\/#\/schema\/person\/b38fbf43118f02820bd932f2e4b14ad3"},"breadcrumb":{"@id":"https:\/\/franciscanos.org.br\/noticias\/a-santidade-e-para-todos-nao-para-super-homens.html#breadcrumb"},"inLanguage":"pt-BR","potentialAction":[{"@type":"ReadAction","target":["https:\/\/franciscanos.org.br\/noticias\/a-santidade-e-para-todos-nao-para-super-homens.html"]}]},{"@type":"BreadcrumbList","@id":"https:\/\/franciscanos.org.br\/noticias\/a-santidade-e-para-todos-nao-para-super-homens.html#breadcrumb","itemListElement":[{"@type":"ListItem","position":1,"name":"Home","item":"https:\/\/franciscanos.org.br\/noticias"},{"@type":"ListItem","position":2,"name":"A santidade \u00e9 para todos, n\u00e3o para super-homens"}]},{"@type":"Person","@id":"https:\/\/franciscanos.org.br\/noticias\/#\/schema\/person\/b38fbf43118f02820bd932f2e4b14ad3","name":"admin","image":{"@type":"ImageObject","inLanguage":"pt-BR","@id":"https:\/\/franciscanos.org.br\/noticias\/#\/schema\/person\/image\/","url":"https:\/\/secure.gravatar.com\/avatar\/e8495742d34d0ba6448ea1c628263b3e?s=96&d=mm&r=g","contentUrl":"https:\/\/secure.gravatar.com\/avatar\/e8495742d34d0ba6448ea1c628263b3e?s=96&d=mm&r=g","caption":"admin"},"url":"https:\/\/franciscanos.org.br\/noticias\/author\/admin"}]}},"_links":{"self":[{"href":"https:\/\/franciscanos.org.br\/noticias\/wp-json\/wp\/v2\/posts\/144828"}],"collection":[{"href":"https:\/\/franciscanos.org.br\/noticias\/wp-json\/wp\/v2\/posts"}],"about":[{"href":"https:\/\/franciscanos.org.br\/noticias\/wp-json\/wp\/v2\/types\/post"}],"author":[{"embeddable":true,"href":"https:\/\/franciscanos.org.br\/noticias\/wp-json\/wp\/v2\/users\/1"}],"replies":[{"embeddable":true,"href":"https:\/\/franciscanos.org.br\/noticias\/wp-json\/wp\/v2\/comments?post=144828"}],"version-history":[{"count":1,"href":"https:\/\/franciscanos.org.br\/noticias\/wp-json\/wp\/v2\/posts\/144828\/revisions"}],"predecessor-version":[{"id":225206,"href":"https:\/\/franciscanos.org.br\/noticias\/wp-json\/wp\/v2\/posts\/144828\/revisions\/225206"}],"wp:featuredmedia":[{"embeddable":true,"href":"https:\/\/franciscanos.org.br\/noticias\/wp-json\/wp\/v2\/media\/204255"}],"wp:attachment":[{"href":"https:\/\/franciscanos.org.br\/noticias\/wp-json\/wp\/v2\/media?parent=144828"}],"wp:term":[{"taxonomy":"category","embeddable":true,"href":"https:\/\/franciscanos.org.br\/noticias\/wp-json\/wp\/v2\/categories?post=144828"},{"taxonomy":"post_tag","embeddable":true,"href":"https:\/\/franciscanos.org.br\/noticias\/wp-json\/wp\/v2\/tags?post=144828"}],"curies":[{"name":"wp","href":"https:\/\/api.w.org\/{rel}","templated":true}]}}