{"id":144796,"date":"2017-10-31T09:57:43","date_gmt":"2017-10-31T11:57:43","guid":{"rendered":"http:\/\/franciscanos.org.br\/?p=144796"},"modified":"2020-06-08T16:38:50","modified_gmt":"2020-06-08T19:38:50","slug":"papa-e-preciso-coragem-para-fazer-crescer-o-reino-de-deus","status":"publish","type":"post","link":"https:\/\/franciscanos.org.br\/noticias\/papa-e-preciso-coragem-para-fazer-crescer-o-reino-de-deus.html","title":{"rendered":"\u00c9 preciso coragem para fazer crescer o Reino de Deus"},"content":{"rendered":"<p><img loading=\"lazy\" src=\"http:\/\/franciscanos.org.br\/wp-content\/uploads\/2017\/10\/marta_311017.jpg\" alt=\"marta_311017\" width=\"830\" height=\"400\" \/><\/p>\n<p><strong>Cidade do Vaticano<\/strong> \u2013 \u00c9 preciso coragem para fazer crescer o Reino de Deus: foi o que disse o Papa na homilia da missa celebrada na manh\u00e3 de ter\u00e7a-feira (31\/10) na capela da Casa Santa Marta.\u00a0Inspirando-se no Evangelho do dia (Lucas 13,18-21), em que Jesus compara o Reino de Deus ao gr\u00e3o de mostarda e ao fermento, o Papa nota que esses dois elementos s\u00e3o pequenos, mas mesmo assim \u201ct\u00eam dentro uma pot\u00eancia\u201d que cresce . Assim \u00e9 o Reino de Deus: a sua pot\u00eancia vem de dentro. Tamb\u00e9m S\u00e3o Paulo na Carta aos Romanos, proposta na Primeira Leitura, ressalta quantas tens\u00f5es existem na vida: sofrimentos que, por\u00e9m, \u201cn\u00e3o s\u00e3o compar\u00e1veis \u00e0 gl\u00f3ria que nos aguarda\u201d. Trata-se, portanto, de \u201cuma tens\u00e3o entre sofrimento e gl\u00f3ria\u201d. Nessas tens\u00f5es h\u00e1, de fato, \u201cuma ardente expectativa\u201d por uma \u201crevela\u00e7\u00e3o grandiosa do Reino de Deus\u201d. Uma expectativa n\u00e3o somente nossa \u2013 destacou Francisco -, mas tamb\u00e9m da cria\u00e7\u00e3o, submetida \u00e0 caducidade assim \u201ccomo n\u00f3s\u201d e \u201cpropenso \u00e0 revela\u00e7\u00e3o dos filhos de Deus\u201d. E a for\u00e7a interna que \u201cnos leva em esperan\u00e7a \u00e0 plenitude do Reino de Deus\u201d \u00e9 aquela do Esp\u00edrito Santo.<\/p>\n<p>\u201c\u00c9 justamente a esperan\u00e7a que nos leva \u00e0 plenitude, a esperan\u00e7a de sair desta pris\u00e3o, desta limita\u00e7\u00e3o, desta escravid\u00e3o, desta corrup\u00e7\u00e3o e chegar \u00e0 gl\u00f3ria: um caminho de esperan\u00e7a. E a esperan\u00e7a \u00e9 um dom do Esp\u00edrito. \u00c9 propriamente o Esp\u00edrito Santo que est\u00e1 dentro de n\u00f3s e leva a isso: a algo grandioso, a uma liberta\u00e7\u00e3o, a uma grande gl\u00f3ria. E para isso Jesus diz: \u2018Dentro da semente de mostarda, daquele gr\u00e3o pequenininho, h\u00e1 uma for\u00e7a que desencadeia um crescimento inimagin\u00e1vel\u2019\u201d.<\/p>\n<p>\u201cDentro de n\u00f3s e na cria\u00e7\u00e3o\u201d \u2013 reitera o Papa \u2013 \u201ch\u00e1 uma for\u00e7a que desencadeia: h\u00e1 o Esp\u00edrito Santo\u201d, que \u201cnos d\u00e1 a esperan\u00e7a\u201d. E Francisco explica concretamente o que quer dizer viver em esperan\u00e7a: deixar que \u201cessas for\u00e7as do Esp\u00edrito\u201d \u201cnos ajudem a crescer\u201d rumo \u00e0 plenitude que nos aguarda na gl\u00f3ria. Mas assim como o fermento dever ser misturado e a mostarda lan\u00e7ada, porque do contr\u00e1rio aquela for\u00e7a interior permanece ali, o mesmo vale para o Reino de Deus que \u201ccresce a partir de dentro, n\u00e3o por proselitismo\u201d, adverte o Papa:\u00a0\u201cCresce a partir de dentro, com a for\u00e7a do Esp\u00edrito Santo. E sempre a Igreja teve seja a coragem de pegar e lan\u00e7ar, de pegar e misturar, teve tamb\u00e9m o medo de faz\u00ea-lo. E muitas vezes n\u00f3s vemos que se prefere uma pastoral de manuten\u00e7\u00e3o e n\u00e3o deixar que o Reino cres\u00e7a. Mas, vamos permanecer aquilo que somos, pequeninos, ali, estamos seguros \u2026 E o Reino n\u00e3o cresce. Para que o Reino cres\u00e7a \u00e9 preciso coragem: de lan\u00e7ar o gr\u00e3o, de misturar o fermento\u201d.<\/p>\n<p>\u00c9 verdade que, por\u00e9m, se lan\u00e7ada a semente ela se perde, e que se misturado o fermento \u201ceu sujo as m\u00e3os\u201d \u2013 destacou o Papa \u2013 porque \u201ch\u00e1 sempre alguma perda ao semear o Reino de Deus\u201d:<br \/>\n\u201cAi daqueles que pregam o Reino de Deus com a ilus\u00e3o de n\u00e3o sujar as m\u00e3os. Estes s\u00e3o guardi\u00f5es de museus: preferem as coisas belas, e n\u00e3o este gesto de lan\u00e7ar para que a for\u00e7a se desencadeie, de misturar para que a for\u00e7a fa\u00e7a crescer. Esta \u00e9 a mensagem de Jesus e de Paulo: esta tens\u00e3o que vai da escravid\u00e3o do pecado, para ser simples, \u00e0 plenitude da gl\u00f3ria. E a esperan\u00e7a \u00e9 aquela que vai avante, a esperan\u00e7a n\u00e3o desilude: porque a esperan\u00e7a \u00e9 muito pequena, a esperan\u00e7a \u00e9 t\u00e3o pequena quanto o gr\u00e3o e o fermento\u201d.<\/p>\n<p>A esperan\u00e7a \u201c\u00e9 a virtude mais humilde\u201d, \u201ca serva\u201d, mas onde existe a esperan\u00e7a, existe o Esp\u00edrito Santo, que leva em frente o Reino de Deus.\u00a0E o Papa, como de costume, conclui convidando os fi\u00e9is a fazerem-se algumas perguntas: hoje, perguntemo-nos, se acreditamos que na esperan\u00e7a h\u00e1 no Esp\u00edrito Santo com quem falar.<\/p>\n<hr \/>\n<p><em>Fonte: Vatican News<\/em><\/p>\n","protected":false},"excerpt":{"rendered":"<p>Missa em Santa Marta<\/p>\n","protected":false},"author":1,"featured_media":194661,"comment_status":"open","ping_status":"open","sticky":false,"template":"","format":"standard","meta":[],"categories":[1428],"tags":[1586],"acf":[],"yoast_head":"<!-- This site is optimized with the Yoast SEO plugin v19.2 - https:\/\/yoast.com\/wordpress\/plugins\/seo\/ -->\n<title>\u00c9 preciso coragem para fazer crescer o Reino de Deus - Not\u00edcias - Franciscanos<\/title>\n<meta name=\"robots\" content=\"index, follow, max-snippet:-1, max-image-preview:large, max-video-preview:-1\" \/>\n<link rel=\"canonical\" href=\"https:\/\/franciscanos.org.br\/noticias\/papa-e-preciso-coragem-para-fazer-crescer-o-reino-de-deus.html\" \/>\n<meta property=\"og:locale\" content=\"pt_BR\" \/>\n<meta property=\"og:type\" content=\"article\" \/>\n<meta property=\"og:title\" content=\"\u00c9 preciso coragem para fazer crescer o Reino de Deus - Not\u00edcias - Franciscanos\" \/>\n<meta property=\"og:description\" content=\"Missa em Santa Marta\" \/>\n<meta property=\"og:url\" content=\"https:\/\/franciscanos.org.br\/noticias\/papa-e-preciso-coragem-para-fazer-crescer-o-reino-de-deus.html\" \/>\n<meta property=\"og:site_name\" content=\"Not\u00edcias - Franciscanos\" \/>\n<meta property=\"article:published_time\" content=\"2017-10-31T11:57:43+00:00\" \/>\n<meta property=\"article:modified_time\" content=\"2020-06-08T19:38:50+00:00\" \/>\n<meta property=\"og:image\" content=\"https:\/\/franciscanos.org.br\/noticias\/wp-content\/uploads\/2017\/10\/marta_311017.jpg\" \/>\n\t<meta property=\"og:image:width\" content=\"273\" \/>\n\t<meta property=\"og:image:height\" content=\"181\" \/>\n\t<meta property=\"og:image:type\" content=\"image\/jpeg\" \/>\n<meta name=\"author\" content=\"admin\" \/>\n<meta name=\"twitter:card\" content=\"summary_large_image\" \/>\n<meta name=\"twitter:label1\" content=\"Escrito por\" \/>\n\t<meta name=\"twitter:data1\" content=\"admin\" \/>\n\t<meta name=\"twitter:label2\" content=\"Est. tempo de leitura\" \/>\n\t<meta name=\"twitter:data2\" content=\"4 minutos\" \/>\n<script type=\"application\/ld+json\" class=\"yoast-schema-graph\">{\"@context\":\"https:\/\/schema.org\",\"@graph\":[{\"@type\":\"WebSite\",\"@id\":\"https:\/\/franciscanos.org.br\/noticias\/#website\",\"url\":\"https:\/\/franciscanos.org.br\/noticias\/\",\"name\":\"Not\u00edcias - Franciscanos\",\"description\":\"Prov\u00edncia Franciscana da Imaculada Concei\u00e7\u00e3o do Brasil - Ordem dos Frades Menores - OFM\",\"potentialAction\":[{\"@type\":\"SearchAction\",\"target\":{\"@type\":\"EntryPoint\",\"urlTemplate\":\"https:\/\/franciscanos.org.br\/noticias\/?s={search_term_string}\"},\"query-input\":\"required name=search_term_string\"}],\"inLanguage\":\"pt-BR\"},{\"@type\":\"ImageObject\",\"inLanguage\":\"pt-BR\",\"@id\":\"https:\/\/franciscanos.org.br\/noticias\/papa-e-preciso-coragem-para-fazer-crescer-o-reino-de-deus.html#primaryimage\",\"url\":\"https:\/\/franciscanos.org.br\/noticias\/wp-content\/uploads\/2017\/10\/marta_311017.jpg\",\"contentUrl\":\"https:\/\/franciscanos.org.br\/noticias\/wp-content\/uploads\/2017\/10\/marta_311017.jpg\",\"width\":273,\"height\":181},{\"@type\":\"WebPage\",\"@id\":\"https:\/\/franciscanos.org.br\/noticias\/papa-e-preciso-coragem-para-fazer-crescer-o-reino-de-deus.html#webpage\",\"url\":\"https:\/\/franciscanos.org.br\/noticias\/papa-e-preciso-coragem-para-fazer-crescer-o-reino-de-deus.html\",\"name\":\"\u00c9 preciso coragem para fazer crescer o Reino de Deus - Not\u00edcias - Franciscanos\",\"isPartOf\":{\"@id\":\"https:\/\/franciscanos.org.br\/noticias\/#website\"},\"primaryImageOfPage\":{\"@id\":\"https:\/\/franciscanos.org.br\/noticias\/papa-e-preciso-coragem-para-fazer-crescer-o-reino-de-deus.html#primaryimage\"},\"datePublished\":\"2017-10-31T11:57:43+00:00\",\"dateModified\":\"2020-06-08T19:38:50+00:00\",\"author\":{\"@id\":\"https:\/\/franciscanos.org.br\/noticias\/#\/schema\/person\/b38fbf43118f02820bd932f2e4b14ad3\"},\"breadcrumb\":{\"@id\":\"https:\/\/franciscanos.org.br\/noticias\/papa-e-preciso-coragem-para-fazer-crescer-o-reino-de-deus.html#breadcrumb\"},\"inLanguage\":\"pt-BR\",\"potentialAction\":[{\"@type\":\"ReadAction\",\"target\":[\"https:\/\/franciscanos.org.br\/noticias\/papa-e-preciso-coragem-para-fazer-crescer-o-reino-de-deus.html\"]}]},{\"@type\":\"BreadcrumbList\",\"@id\":\"https:\/\/franciscanos.org.br\/noticias\/papa-e-preciso-coragem-para-fazer-crescer-o-reino-de-deus.html#breadcrumb\",\"itemListElement\":[{\"@type\":\"ListItem\",\"position\":1,\"name\":\"Home\",\"item\":\"https:\/\/franciscanos.org.br\/noticias\"},{\"@type\":\"ListItem\",\"position\":2,\"name\":\"\u00c9 preciso coragem para fazer crescer o Reino de Deus\"}]},{\"@type\":\"Person\",\"@id\":\"https:\/\/franciscanos.org.br\/noticias\/#\/schema\/person\/b38fbf43118f02820bd932f2e4b14ad3\",\"name\":\"admin\",\"image\":{\"@type\":\"ImageObject\",\"inLanguage\":\"pt-BR\",\"@id\":\"https:\/\/franciscanos.org.br\/noticias\/#\/schema\/person\/image\/\",\"url\":\"https:\/\/secure.gravatar.com\/avatar\/e8495742d34d0ba6448ea1c628263b3e?s=96&d=mm&r=g\",\"contentUrl\":\"https:\/\/secure.gravatar.com\/avatar\/e8495742d34d0ba6448ea1c628263b3e?s=96&d=mm&r=g\",\"caption\":\"admin\"},\"url\":\"https:\/\/franciscanos.org.br\/noticias\/author\/admin\"}]}<\/script>\n<!-- \/ Yoast SEO plugin. -->","yoast_head_json":{"title":"\u00c9 preciso coragem para fazer crescer o Reino de Deus - Not\u00edcias - Franciscanos","robots":{"index":"index","follow":"follow","max-snippet":"max-snippet:-1","max-image-preview":"max-image-preview:large","max-video-preview":"max-video-preview:-1"},"canonical":"https:\/\/franciscanos.org.br\/noticias\/papa-e-preciso-coragem-para-fazer-crescer-o-reino-de-deus.html","og_locale":"pt_BR","og_type":"article","og_title":"\u00c9 preciso coragem para fazer crescer o Reino de Deus - Not\u00edcias - Franciscanos","og_description":"Missa em Santa Marta","og_url":"https:\/\/franciscanos.org.br\/noticias\/papa-e-preciso-coragem-para-fazer-crescer-o-reino-de-deus.html","og_site_name":"Not\u00edcias - Franciscanos","article_published_time":"2017-10-31T11:57:43+00:00","article_modified_time":"2020-06-08T19:38:50+00:00","og_image":[{"width":273,"height":181,"url":"https:\/\/franciscanos.org.br\/noticias\/wp-content\/uploads\/2017\/10\/marta_311017.jpg","type":"image\/jpeg"}],"author":"admin","twitter_card":"summary_large_image","twitter_misc":{"Escrito por":"admin","Est. tempo de leitura":"4 minutos"},"schema":{"@context":"https:\/\/schema.org","@graph":[{"@type":"WebSite","@id":"https:\/\/franciscanos.org.br\/noticias\/#website","url":"https:\/\/franciscanos.org.br\/noticias\/","name":"Not\u00edcias - Franciscanos","description":"Prov\u00edncia Franciscana da Imaculada Concei\u00e7\u00e3o do Brasil - Ordem dos Frades Menores - OFM","potentialAction":[{"@type":"SearchAction","target":{"@type":"EntryPoint","urlTemplate":"https:\/\/franciscanos.org.br\/noticias\/?s={search_term_string}"},"query-input":"required name=search_term_string"}],"inLanguage":"pt-BR"},{"@type":"ImageObject","inLanguage":"pt-BR","@id":"https:\/\/franciscanos.org.br\/noticias\/papa-e-preciso-coragem-para-fazer-crescer-o-reino-de-deus.html#primaryimage","url":"https:\/\/franciscanos.org.br\/noticias\/wp-content\/uploads\/2017\/10\/marta_311017.jpg","contentUrl":"https:\/\/franciscanos.org.br\/noticias\/wp-content\/uploads\/2017\/10\/marta_311017.jpg","width":273,"height":181},{"@type":"WebPage","@id":"https:\/\/franciscanos.org.br\/noticias\/papa-e-preciso-coragem-para-fazer-crescer-o-reino-de-deus.html#webpage","url":"https:\/\/franciscanos.org.br\/noticias\/papa-e-preciso-coragem-para-fazer-crescer-o-reino-de-deus.html","name":"\u00c9 preciso coragem para fazer crescer o Reino de Deus - Not\u00edcias - Franciscanos","isPartOf":{"@id":"https:\/\/franciscanos.org.br\/noticias\/#website"},"primaryImageOfPage":{"@id":"https:\/\/franciscanos.org.br\/noticias\/papa-e-preciso-coragem-para-fazer-crescer-o-reino-de-deus.html#primaryimage"},"datePublished":"2017-10-31T11:57:43+00:00","dateModified":"2020-06-08T19:38:50+00:00","author":{"@id":"https:\/\/franciscanos.org.br\/noticias\/#\/schema\/person\/b38fbf43118f02820bd932f2e4b14ad3"},"breadcrumb":{"@id":"https:\/\/franciscanos.org.br\/noticias\/papa-e-preciso-coragem-para-fazer-crescer-o-reino-de-deus.html#breadcrumb"},"inLanguage":"pt-BR","potentialAction":[{"@type":"ReadAction","target":["https:\/\/franciscanos.org.br\/noticias\/papa-e-preciso-coragem-para-fazer-crescer-o-reino-de-deus.html"]}]},{"@type":"BreadcrumbList","@id":"https:\/\/franciscanos.org.br\/noticias\/papa-e-preciso-coragem-para-fazer-crescer-o-reino-de-deus.html#breadcrumb","itemListElement":[{"@type":"ListItem","position":1,"name":"Home","item":"https:\/\/franciscanos.org.br\/noticias"},{"@type":"ListItem","position":2,"name":"\u00c9 preciso coragem para fazer crescer o Reino de Deus"}]},{"@type":"Person","@id":"https:\/\/franciscanos.org.br\/noticias\/#\/schema\/person\/b38fbf43118f02820bd932f2e4b14ad3","name":"admin","image":{"@type":"ImageObject","inLanguage":"pt-BR","@id":"https:\/\/franciscanos.org.br\/noticias\/#\/schema\/person\/image\/","url":"https:\/\/secure.gravatar.com\/avatar\/e8495742d34d0ba6448ea1c628263b3e?s=96&d=mm&r=g","contentUrl":"https:\/\/secure.gravatar.com\/avatar\/e8495742d34d0ba6448ea1c628263b3e?s=96&d=mm&r=g","caption":"admin"},"url":"https:\/\/franciscanos.org.br\/noticias\/author\/admin"}]}},"_links":{"self":[{"href":"https:\/\/franciscanos.org.br\/noticias\/wp-json\/wp\/v2\/posts\/144796"}],"collection":[{"href":"https:\/\/franciscanos.org.br\/noticias\/wp-json\/wp\/v2\/posts"}],"about":[{"href":"https:\/\/franciscanos.org.br\/noticias\/wp-json\/wp\/v2\/types\/post"}],"author":[{"embeddable":true,"href":"https:\/\/franciscanos.org.br\/noticias\/wp-json\/wp\/v2\/users\/1"}],"replies":[{"embeddable":true,"href":"https:\/\/franciscanos.org.br\/noticias\/wp-json\/wp\/v2\/comments?post=144796"}],"version-history":[{"count":1,"href":"https:\/\/franciscanos.org.br\/noticias\/wp-json\/wp\/v2\/posts\/144796\/revisions"}],"predecessor-version":[{"id":225208,"href":"https:\/\/franciscanos.org.br\/noticias\/wp-json\/wp\/v2\/posts\/144796\/revisions\/225208"}],"wp:featuredmedia":[{"embeddable":true,"href":"https:\/\/franciscanos.org.br\/noticias\/wp-json\/wp\/v2\/media\/194661"}],"wp:attachment":[{"href":"https:\/\/franciscanos.org.br\/noticias\/wp-json\/wp\/v2\/media?parent=144796"}],"wp:term":[{"taxonomy":"category","embeddable":true,"href":"https:\/\/franciscanos.org.br\/noticias\/wp-json\/wp\/v2\/categories?post=144796"},{"taxonomy":"post_tag","embeddable":true,"href":"https:\/\/franciscanos.org.br\/noticias\/wp-json\/wp\/v2\/tags?post=144796"}],"curies":[{"name":"wp","href":"https:\/\/api.w.org\/{rel}","templated":true}]}}