{"id":144701,"date":"2017-10-30T09:43:41","date_gmt":"2017-10-30T11:43:41","guid":{"rendered":"http:\/\/franciscanos.org.br\/?p=144701"},"modified":"2020-06-08T16:39:33","modified_gmt":"2020-06-08T19:39:33","slug":"ser-bom-pastor-e-ter-a-capacidade-de-se-comover","status":"publish","type":"post","link":"https:\/\/franciscanos.org.br\/noticias\/ser-bom-pastor-e-ter-a-capacidade-de-se-comover.html","title":{"rendered":"Ser bom pastor \u00e9 ter a capacidade de se comover"},"content":{"rendered":"<p><img loading=\"lazy\" src=\"http:\/\/franciscanos.org.br\/wp-content\/uploads\/2017\/10\/marta_301017g.jpg\" alt=\"marta_301017g\" width=\"830\" height=\"450\" \/><\/p>\n<p><strong>Cidade do Vaticano<\/strong> \u2013 O Papa come\u00e7ou a semana celebrando a missa na capela da Casa Santa Marta (30\/10).\u00a0Em sua homilia, Francisco comentou o epis\u00f3dio narrado por Lucas no Evangelho do dia, da cura da mulher encurvada.<\/p>\n<p>Na sinagoga, no s\u00e1bado, Jesus encontra uma mulher que n\u00e3o conseguia endireitar-se, \u201cuma doen\u00e7a na coluna que h\u00e1 anos a obrigava a viver assim\u201d, explicou o Papa. E o evangelista usa cinco verbos para descrever o que faz Jesus: a viu, a chamou, lhe falou, imp\u00f4s as m\u00e3os sobre ela e a curou.<\/p>\n<p>Cinco verbos de proximidade, destacou Francisco, porque \u201cum bom pastor est\u00e1 pr\u00f3ximo, sempre\u201d. Na par\u00e1bola do bom pastor, ele est\u00e1 pr\u00f3ximo da ovelha perdida, deixa as outras e vai procur\u00e1-la. N\u00e3o pode ficar distante do seu povo.<\/p>\n<p>Ao contr\u00e1rio, os cl\u00e9rigos, doutores da Lei, fariseus, saduceus, os ilustres viviam separados do povo, repreendendo-o continuamente. Eles n\u00e3o eram bons pastores, esclareceu o Papa, estavam fechados no pr\u00f3prio grupo e n\u00e3o se interessavam pelo povo. \u201cTalvez estivessem preocupados, quando acabava o servi\u00e7o religioso, em controlar quanto dinheiro havia nas ofertas\u201d. Mas n\u00e3o estavam pr\u00f3ximos \u00e0s pessoas.<\/p>\n<p>Jesus, ao contr\u00e1rio, \u00e9 pr\u00f3ximo, e a sua proximidade vem daquilo que Cristo sente no cora\u00e7\u00e3o: \u201cJesus se comoveu\u201d, diz outro trecho do Evangelho.\u00a0\u201cPor isso, Jesus sempre estava ali com as pessoas descartadas por aquele grupinho clerical: estavam ali os pobres, os doentes, os pecadores e os leprosos; estavam todos ali, porque Jesus tinha essa capacidade de se comover diante da doen\u00e7a, era um bom pastor. Um bom pastor que se aproxima e tem a capacidade de se comover. Eu diria que \u00e9 a terceira caracter\u00edstica de um bom pastor \u00e9 a de n\u00e3o se envergonhar da carne, tocar a carne ferida, como fez Jesus com esta mulher: tocou, imp\u00f4s as m\u00e3os, tocou os leprosos, tocou os pecadores.\u201d<\/p>\n<p>\u201cUm bom pastor\u201d, prosseguiu o Papa, \u201cn\u00e3o diz: sim, est\u00e1 bom. Sim, sim eu pr\u00f3ximo a voc\u00ea no Esp\u00edrito. Isso \u00e9 dist\u00e2ncia. Mas fazer o que Deus Pai fez, aproximar-se, por compaix\u00e3o, por miseric\u00f3rdia, na carne de seu Filho\u201d.<\/p>\n<p>O grande pastor, o Pai, nos ensinou como faz um bom pastor: abaixou-se, esvaziou-se a si mesmo, aniquilou-se, tomou a condi\u00e7\u00e3o de servo.\u00a0\u201cMas, e esses outros, aqueles que seguem o caminho do clericalismo, aproximam-se de quem?\u201d Aproximam-se sempre ao poder de turno ou ao dinheiro. S\u00e3o pastores maus. Eles pensam apenas como subir no poder, ser amigos do poder, negociam tudo ou pensam nos bolsos. Estes s\u00e3o hip\u00f3critas, capazes de tudo. O povo n\u00e3o tem import\u00e2ncia para essas pessoas. Quando Jesus lhes diz aquele adjetivo que utiliza muitas vezes com eles, hip\u00f3critas, eles se ofendem: Mas n\u00f3s, n\u00e3o, n\u00f3s seguimos a lei\u201d.<\/p>\n<p>Quando o povo de Deus v\u00ea que os maus pastores s\u00e3o espancados, fica feliz, recorda Francisco, e isso \u00e9 um pecado, sim, mas eles sofreram tanto que \u201cgostam\u201d um pouco disso.<\/p>\n<p>Mas o bom pastor, enfatiza o Pont\u00edfice, \u00e9 Jesus que v\u00ea, chama, fala, toca e cura. \u00c9 o Pai que se faz no seu Filho carne, por compaix\u00e3o:\u00a0\u201c\u00c9 uma gra\u00e7a para o povo de Deus ter bons pastores, pastores como Jesus, que n\u00e3o tem vergonha de tocar a carne ferida, que sabem que sobre isso &#8211; e n\u00e3o apenas eles, mas tamb\u00e9m todos n\u00f3s &#8211; seremos julgados: estava com fome, estava na pris\u00e3o, estava doente &#8230; Os crit\u00e9rios do protocolo final s\u00e3o os crit\u00e9rios da proximidade, os crit\u00e9rios dessa proximidade total, o tocar, o compartilhar a situa\u00e7\u00e3o do povo de Deus. N\u00e3o nos esque\u00e7amos disso: o bom pastor est\u00e1 sempre perto das pessoas sempre, como Deus nosso Pai se aproximou de n\u00f3s, em Jesus Cristo feito carne\u201d.<\/p>\n<hr \/>\n<p><em>Fonte: Vatican News<\/em><\/p>\n","protected":false},"excerpt":{"rendered":"<p>Missa em Santa Marta<\/p>\n","protected":false},"author":1,"featured_media":203265,"comment_status":"open","ping_status":"open","sticky":false,"template":"","format":"standard","meta":[],"categories":[1428],"tags":[1586],"acf":[],"yoast_head":"<!-- This site is optimized with the Yoast SEO plugin v19.2 - https:\/\/yoast.com\/wordpress\/plugins\/seo\/ -->\n<title>Ser bom pastor \u00e9 ter a capacidade de se comover - Not\u00edcias - Franciscanos<\/title>\n<meta name=\"robots\" content=\"index, follow, max-snippet:-1, max-image-preview:large, max-video-preview:-1\" \/>\n<link rel=\"canonical\" href=\"https:\/\/franciscanos.org.br\/noticias\/ser-bom-pastor-e-ter-a-capacidade-de-se-comover.html\" \/>\n<meta property=\"og:locale\" content=\"pt_BR\" \/>\n<meta property=\"og:type\" content=\"article\" \/>\n<meta property=\"og:title\" content=\"Ser bom pastor \u00e9 ter a capacidade de se comover - Not\u00edcias - Franciscanos\" \/>\n<meta property=\"og:description\" content=\"Missa em Santa Marta\" \/>\n<meta property=\"og:url\" content=\"https:\/\/franciscanos.org.br\/noticias\/ser-bom-pastor-e-ter-a-capacidade-de-se-comover.html\" \/>\n<meta property=\"og:site_name\" content=\"Not\u00edcias - Franciscanos\" \/>\n<meta property=\"article:published_time\" content=\"2017-10-30T11:43:41+00:00\" \/>\n<meta property=\"article:modified_time\" content=\"2020-06-08T19:39:33+00:00\" \/>\n<meta property=\"og:image\" content=\"https:\/\/franciscanos.org.br\/noticias\/wp-content\/uploads\/2017\/10\/marta_301017g.jpg\" \/>\n\t<meta property=\"og:image:width\" content=\"273\" \/>\n\t<meta property=\"og:image:height\" content=\"172\" \/>\n\t<meta property=\"og:image:type\" content=\"image\/jpeg\" \/>\n<meta name=\"author\" content=\"admin\" \/>\n<meta name=\"twitter:card\" content=\"summary_large_image\" \/>\n<meta name=\"twitter:label1\" content=\"Escrito por\" \/>\n\t<meta name=\"twitter:data1\" content=\"admin\" \/>\n\t<meta name=\"twitter:label2\" content=\"Est. tempo de leitura\" \/>\n\t<meta name=\"twitter:data2\" content=\"3 minutos\" \/>\n<script type=\"application\/ld+json\" class=\"yoast-schema-graph\">{\"@context\":\"https:\/\/schema.org\",\"@graph\":[{\"@type\":\"WebSite\",\"@id\":\"https:\/\/franciscanos.org.br\/noticias\/#website\",\"url\":\"https:\/\/franciscanos.org.br\/noticias\/\",\"name\":\"Not\u00edcias - Franciscanos\",\"description\":\"Prov\u00edncia Franciscana da Imaculada Concei\u00e7\u00e3o do Brasil - Ordem dos Frades Menores - OFM\",\"potentialAction\":[{\"@type\":\"SearchAction\",\"target\":{\"@type\":\"EntryPoint\",\"urlTemplate\":\"https:\/\/franciscanos.org.br\/noticias\/?s={search_term_string}\"},\"query-input\":\"required name=search_term_string\"}],\"inLanguage\":\"pt-BR\"},{\"@type\":\"ImageObject\",\"inLanguage\":\"pt-BR\",\"@id\":\"https:\/\/franciscanos.org.br\/noticias\/ser-bom-pastor-e-ter-a-capacidade-de-se-comover.html#primaryimage\",\"url\":\"https:\/\/franciscanos.org.br\/noticias\/wp-content\/uploads\/2017\/10\/marta_301017g.jpg\",\"contentUrl\":\"https:\/\/franciscanos.org.br\/noticias\/wp-content\/uploads\/2017\/10\/marta_301017g.jpg\",\"width\":273,\"height\":172},{\"@type\":\"WebPage\",\"@id\":\"https:\/\/franciscanos.org.br\/noticias\/ser-bom-pastor-e-ter-a-capacidade-de-se-comover.html#webpage\",\"url\":\"https:\/\/franciscanos.org.br\/noticias\/ser-bom-pastor-e-ter-a-capacidade-de-se-comover.html\",\"name\":\"Ser bom pastor \u00e9 ter a capacidade de se comover - Not\u00edcias - Franciscanos\",\"isPartOf\":{\"@id\":\"https:\/\/franciscanos.org.br\/noticias\/#website\"},\"primaryImageOfPage\":{\"@id\":\"https:\/\/franciscanos.org.br\/noticias\/ser-bom-pastor-e-ter-a-capacidade-de-se-comover.html#primaryimage\"},\"datePublished\":\"2017-10-30T11:43:41+00:00\",\"dateModified\":\"2020-06-08T19:39:33+00:00\",\"author\":{\"@id\":\"https:\/\/franciscanos.org.br\/noticias\/#\/schema\/person\/b38fbf43118f02820bd932f2e4b14ad3\"},\"breadcrumb\":{\"@id\":\"https:\/\/franciscanos.org.br\/noticias\/ser-bom-pastor-e-ter-a-capacidade-de-se-comover.html#breadcrumb\"},\"inLanguage\":\"pt-BR\",\"potentialAction\":[{\"@type\":\"ReadAction\",\"target\":[\"https:\/\/franciscanos.org.br\/noticias\/ser-bom-pastor-e-ter-a-capacidade-de-se-comover.html\"]}]},{\"@type\":\"BreadcrumbList\",\"@id\":\"https:\/\/franciscanos.org.br\/noticias\/ser-bom-pastor-e-ter-a-capacidade-de-se-comover.html#breadcrumb\",\"itemListElement\":[{\"@type\":\"ListItem\",\"position\":1,\"name\":\"Home\",\"item\":\"https:\/\/franciscanos.org.br\/noticias\"},{\"@type\":\"ListItem\",\"position\":2,\"name\":\"Ser bom pastor \u00e9 ter a capacidade de se comover\"}]},{\"@type\":\"Person\",\"@id\":\"https:\/\/franciscanos.org.br\/noticias\/#\/schema\/person\/b38fbf43118f02820bd932f2e4b14ad3\",\"name\":\"admin\",\"image\":{\"@type\":\"ImageObject\",\"inLanguage\":\"pt-BR\",\"@id\":\"https:\/\/franciscanos.org.br\/noticias\/#\/schema\/person\/image\/\",\"url\":\"https:\/\/secure.gravatar.com\/avatar\/e8495742d34d0ba6448ea1c628263b3e?s=96&d=mm&r=g\",\"contentUrl\":\"https:\/\/secure.gravatar.com\/avatar\/e8495742d34d0ba6448ea1c628263b3e?s=96&d=mm&r=g\",\"caption\":\"admin\"},\"url\":\"https:\/\/franciscanos.org.br\/noticias\/author\/admin\"}]}<\/script>\n<!-- \/ Yoast SEO plugin. -->","yoast_head_json":{"title":"Ser bom pastor \u00e9 ter a capacidade de se comover - Not\u00edcias - Franciscanos","robots":{"index":"index","follow":"follow","max-snippet":"max-snippet:-1","max-image-preview":"max-image-preview:large","max-video-preview":"max-video-preview:-1"},"canonical":"https:\/\/franciscanos.org.br\/noticias\/ser-bom-pastor-e-ter-a-capacidade-de-se-comover.html","og_locale":"pt_BR","og_type":"article","og_title":"Ser bom pastor \u00e9 ter a capacidade de se comover - Not\u00edcias - Franciscanos","og_description":"Missa em Santa Marta","og_url":"https:\/\/franciscanos.org.br\/noticias\/ser-bom-pastor-e-ter-a-capacidade-de-se-comover.html","og_site_name":"Not\u00edcias - Franciscanos","article_published_time":"2017-10-30T11:43:41+00:00","article_modified_time":"2020-06-08T19:39:33+00:00","og_image":[{"width":273,"height":172,"url":"https:\/\/franciscanos.org.br\/noticias\/wp-content\/uploads\/2017\/10\/marta_301017g.jpg","type":"image\/jpeg"}],"author":"admin","twitter_card":"summary_large_image","twitter_misc":{"Escrito por":"admin","Est. tempo de leitura":"3 minutos"},"schema":{"@context":"https:\/\/schema.org","@graph":[{"@type":"WebSite","@id":"https:\/\/franciscanos.org.br\/noticias\/#website","url":"https:\/\/franciscanos.org.br\/noticias\/","name":"Not\u00edcias - Franciscanos","description":"Prov\u00edncia Franciscana da Imaculada Concei\u00e7\u00e3o do Brasil - Ordem dos Frades Menores - OFM","potentialAction":[{"@type":"SearchAction","target":{"@type":"EntryPoint","urlTemplate":"https:\/\/franciscanos.org.br\/noticias\/?s={search_term_string}"},"query-input":"required name=search_term_string"}],"inLanguage":"pt-BR"},{"@type":"ImageObject","inLanguage":"pt-BR","@id":"https:\/\/franciscanos.org.br\/noticias\/ser-bom-pastor-e-ter-a-capacidade-de-se-comover.html#primaryimage","url":"https:\/\/franciscanos.org.br\/noticias\/wp-content\/uploads\/2017\/10\/marta_301017g.jpg","contentUrl":"https:\/\/franciscanos.org.br\/noticias\/wp-content\/uploads\/2017\/10\/marta_301017g.jpg","width":273,"height":172},{"@type":"WebPage","@id":"https:\/\/franciscanos.org.br\/noticias\/ser-bom-pastor-e-ter-a-capacidade-de-se-comover.html#webpage","url":"https:\/\/franciscanos.org.br\/noticias\/ser-bom-pastor-e-ter-a-capacidade-de-se-comover.html","name":"Ser bom pastor \u00e9 ter a capacidade de se comover - Not\u00edcias - Franciscanos","isPartOf":{"@id":"https:\/\/franciscanos.org.br\/noticias\/#website"},"primaryImageOfPage":{"@id":"https:\/\/franciscanos.org.br\/noticias\/ser-bom-pastor-e-ter-a-capacidade-de-se-comover.html#primaryimage"},"datePublished":"2017-10-30T11:43:41+00:00","dateModified":"2020-06-08T19:39:33+00:00","author":{"@id":"https:\/\/franciscanos.org.br\/noticias\/#\/schema\/person\/b38fbf43118f02820bd932f2e4b14ad3"},"breadcrumb":{"@id":"https:\/\/franciscanos.org.br\/noticias\/ser-bom-pastor-e-ter-a-capacidade-de-se-comover.html#breadcrumb"},"inLanguage":"pt-BR","potentialAction":[{"@type":"ReadAction","target":["https:\/\/franciscanos.org.br\/noticias\/ser-bom-pastor-e-ter-a-capacidade-de-se-comover.html"]}]},{"@type":"BreadcrumbList","@id":"https:\/\/franciscanos.org.br\/noticias\/ser-bom-pastor-e-ter-a-capacidade-de-se-comover.html#breadcrumb","itemListElement":[{"@type":"ListItem","position":1,"name":"Home","item":"https:\/\/franciscanos.org.br\/noticias"},{"@type":"ListItem","position":2,"name":"Ser bom pastor \u00e9 ter a capacidade de se comover"}]},{"@type":"Person","@id":"https:\/\/franciscanos.org.br\/noticias\/#\/schema\/person\/b38fbf43118f02820bd932f2e4b14ad3","name":"admin","image":{"@type":"ImageObject","inLanguage":"pt-BR","@id":"https:\/\/franciscanos.org.br\/noticias\/#\/schema\/person\/image\/","url":"https:\/\/secure.gravatar.com\/avatar\/e8495742d34d0ba6448ea1c628263b3e?s=96&d=mm&r=g","contentUrl":"https:\/\/secure.gravatar.com\/avatar\/e8495742d34d0ba6448ea1c628263b3e?s=96&d=mm&r=g","caption":"admin"},"url":"https:\/\/franciscanos.org.br\/noticias\/author\/admin"}]}},"_links":{"self":[{"href":"https:\/\/franciscanos.org.br\/noticias\/wp-json\/wp\/v2\/posts\/144701"}],"collection":[{"href":"https:\/\/franciscanos.org.br\/noticias\/wp-json\/wp\/v2\/posts"}],"about":[{"href":"https:\/\/franciscanos.org.br\/noticias\/wp-json\/wp\/v2\/types\/post"}],"author":[{"embeddable":true,"href":"https:\/\/franciscanos.org.br\/noticias\/wp-json\/wp\/v2\/users\/1"}],"replies":[{"embeddable":true,"href":"https:\/\/franciscanos.org.br\/noticias\/wp-json\/wp\/v2\/comments?post=144701"}],"version-history":[{"count":1,"href":"https:\/\/franciscanos.org.br\/noticias\/wp-json\/wp\/v2\/posts\/144701\/revisions"}],"predecessor-version":[{"id":225209,"href":"https:\/\/franciscanos.org.br\/noticias\/wp-json\/wp\/v2\/posts\/144701\/revisions\/225209"}],"wp:featuredmedia":[{"embeddable":true,"href":"https:\/\/franciscanos.org.br\/noticias\/wp-json\/wp\/v2\/media\/203265"}],"wp:attachment":[{"href":"https:\/\/franciscanos.org.br\/noticias\/wp-json\/wp\/v2\/media?parent=144701"}],"wp:term":[{"taxonomy":"category","embeddable":true,"href":"https:\/\/franciscanos.org.br\/noticias\/wp-json\/wp\/v2\/categories?post=144701"},{"taxonomy":"post_tag","embeddable":true,"href":"https:\/\/franciscanos.org.br\/noticias\/wp-json\/wp\/v2\/tags?post=144701"}],"curies":[{"name":"wp","href":"https:\/\/api.w.org\/{rel}","templated":true}]}}