{"id":144680,"date":"2017-10-29T17:41:43","date_gmt":"2017-10-29T19:41:43","guid":{"rendered":"http:\/\/franciscanos.org.br\/?p=144680"},"modified":"2021-08-29T10:26:53","modified_gmt":"2021-08-29T13:26:53","slug":"papa-sem-o-amor-vida-e-fe-permanecem-estereis","status":"publish","type":"post","link":"https:\/\/franciscanos.org.br\/noticias\/papa-sem-o-amor-vida-e-fe-permanecem-estereis.html","title":{"rendered":"Papa: sem o amor, vida e f\u00e9 permanecem est\u00e9reis"},"content":{"rendered":"<p>&nbsp;<\/p>\n<p>&nbsp;<\/p>\n<p><img loading=\"lazy\" class=\"alignnone size-full wp-image-233925\" src=\"https:\/\/franciscanos.org.br\/noticias\/wp-content\/uploads\/2021\/08\/angelus_290821.jpg\" alt=\"\" width=\"1280\" height=\"720\" srcset=\"https:\/\/franciscanos.org.br\/noticias\/wp-content\/uploads\/2021\/08\/angelus_290821.jpg 1280w, https:\/\/franciscanos.org.br\/noticias\/wp-content\/uploads\/2021\/08\/angelus_290821-450x253.jpg 450w, https:\/\/franciscanos.org.br\/noticias\/wp-content\/uploads\/2021\/08\/angelus_290821-1024x576.jpg 1024w, https:\/\/franciscanos.org.br\/noticias\/wp-content\/uploads\/2021\/08\/angelus_290821-768x432.jpg 768w, https:\/\/franciscanos.org.br\/noticias\/wp-content\/uploads\/2021\/08\/angelus_290821-150x84.jpg 150w\" sizes=\"(max-width: 1280px) 100vw, 1280px\" \/><\/p>\n<p><strong>Cidade do Vaticano<\/strong> \u2013 \u201cO amor d\u00e1 impulso e fecundidade \u00e0 vida e ao caminho de f\u00e9: sem o amor, quer a vida quer a f\u00e9, permanecem est\u00e9reis\u201d.\u00a0Dirigindo-se da janela do apartamento pontif\u00edcio aos milhares de fi\u00e9is e turistas presentes na Pra\u00e7a S\u00e3o Pedro, o Papa Francisco refletiu no Angelus deste 30\u00ba Domingo do Tempo Comum sobre o mandamento do amor: a Deus em primeiro lugar, e ao pr\u00f3ximo como a si mesmo.\u00a0\u201cTu podes fazer coisas boas, cumprir todos os preceitos, tantas coisas boas, mas se tu n\u00e3o tens amor, isto n\u00e3o serve\u201d, advertiu Francisco, que inspirou-se na passagem de Mateus proposta pela liturgia do dia.<\/p>\n<p>Os fariseus queriam colocar Jesus \u00e0 prova, perguntando a ele qual era o maior mandamento da Lei. \u201cUma pergunta insidiosa \u2013 observa o Papa &#8211; porque na Lei de Mois\u00e9s s\u00e3o mencionados mais de 600 preceitos\u201d.\u00a0Ent\u00e3o Jesus responde: \u201cAmar\u00e1s o Senhor teu Deus de todo o teu cora\u00e7\u00e3o, de toda a tua alma, de todo o teu entendimento\u201d, acrescentando, \u201cAmar\u00e1s ao teu pr\u00f3ximo como a ti mesmo\u201d.<\/p>\n<p>&#8220;Esta resposta de Jesus n\u00e3o \u00e9 algo que se deduz automaticamente, porque entre os m\u00faltiplos preceitos da lei judaica, os mais importantes eram os dez mandamentos, comunicados diretamente por Deus a Mois\u00e9s, como condi\u00e7\u00e3o do pacto de alian\u00e7a com o povo&#8221;: \u201cMas Jesus quer fazer entender que sem o Amor por Deus e pelo pr\u00f3ximo n\u00e3o existe verdadeira fidelidade a esta alian\u00e7a com o Senhor. Tu podes fazer coisas boas, cumprir todos os preceitos, tantas coisas boas, mas se tu n\u00e3o tens amor, isto n\u00e3o serve\u201d.<\/p>\n<p>O Papa cita o Livro do \u00caxodo, onde explica que para estar em Alian\u00e7a com o Senhor, n\u00e3o se pode maltratar \u201caqueles que desfrutam de sua prote\u00e7\u00e3o\u2019:\u00a0\u201cE quem s\u00e3o estes que desfrutam de sua prote\u00e7\u00e3o? Diz a B\u00edblia: a vi\u00fava, o \u00f3rf\u00e3o, o estrangeiro, o migrante, isto \u00e9, as pessoas mais sozinhas e indefesas\u201d.<\/p>\n<p>Ao responder aos fariseus, Jesus tamb\u00e9m tenta ajud\u00e1-los \u201ca colocar ordem em sua religiosidade\u201d, distinguindo \u201caquilo que realmente \u00e9 importante\u201d, daquilo \u201cque \u00e9 menos importante\u201d: \u201cE Jesus viveu exatamente assim a sua vida: pregando e fazendo aquilo que realmente \u00e9 importante e \u00e9 essencial, isto \u00e9, o amor. O amor d\u00e1 impulso e fecundidade \u00e0 vida e ao caminho de f\u00e9: sem o amor, quer a vida quer a f\u00e9 permanecem est\u00e9reis\u201d.<\/p>\n<p>O que Jesus prop\u00f5e nesta p\u00e1gina do Evangelho \u2013 explicou Francisco &#8211; \u00e9 um ideal estupendo, que corresponde ao desejo mais aut\u00eantico de nosso cora\u00e7\u00e3o:\u00a0\u201cDe fato, n\u00f3s fomos criados para amar e ser amados. Deus, que \u00e9 amor, nos criou para tornar-nos part\u00edcipes da sua vida, para sermos amados por Ele e para am\u00e1-lo, e para amar com Ele todas as outras pessoas. Este \u00e9 o \u201csonho\u201d de Deus para o homem\u201d.<\/p>\n<p>Mas para conseguir realizar isto, \u201ctemos necessidade da sua gra\u00e7a, temos necessidade de receber em n\u00f3s a capacidade de amar que prov\u00e9m do pr\u00f3prio Deus\u201d:\u00a0\u201cJesus se oferece a n\u00f3s na Eucaristia justamente para isto. Nela, n\u00f3s recebemos o seu Corpo e o seu sangue, isto \u00e9, recebemos Jesus na express\u00e3o m\u00e1xima de seu amor, quando Ele ofereceu a si mesmo ao Pai para a nossa salva\u00e7\u00e3o\u201d.<\/p>\n<p>Que a Virgem Santa \u2013 foi sua invoca\u00e7\u00e3o final \u2013 \u201cnos ajude a acolher em nossa vida \u201co grande mandamento\u201d do amor de Deus e do pr\u00f3ximo\u201d, pois se o conhecemos desde pequeno, nunca deixaremos de nos converter a ele, para \u201ccoloc\u00e1-lo em pr\u00e1tica nas diversas situa\u00e7\u00f5es em que nos encontramos&#8221;.<\/p>\n<hr \/>\n<p><em>Fonte: Vatican News<\/em><\/p>\n","protected":false},"excerpt":{"rendered":"<p>Angelus<\/p>\n","protected":false},"author":1,"featured_media":233926,"comment_status":"open","ping_status":"open","sticky":false,"template":"","format":"standard","meta":[],"categories":[1428],"tags":[403],"acf":[],"yoast_head":"<!-- This site is optimized with the Yoast SEO plugin v19.2 - https:\/\/yoast.com\/wordpress\/plugins\/seo\/ -->\n<title>Papa: sem o amor, vida e f\u00e9 permanecem est\u00e9reis - Not\u00edcias - Franciscanos<\/title>\n<meta name=\"robots\" content=\"index, follow, max-snippet:-1, max-image-preview:large, max-video-preview:-1\" \/>\n<link rel=\"canonical\" href=\"https:\/\/franciscanos.org.br\/noticias\/papa-sem-o-amor-vida-e-fe-permanecem-estereis.html\" \/>\n<meta property=\"og:locale\" content=\"pt_BR\" \/>\n<meta property=\"og:type\" content=\"article\" \/>\n<meta property=\"og:title\" content=\"Papa: sem o amor, vida e f\u00e9 permanecem est\u00e9reis - Not\u00edcias - Franciscanos\" \/>\n<meta property=\"og:description\" content=\"Angelus\" \/>\n<meta property=\"og:url\" content=\"https:\/\/franciscanos.org.br\/noticias\/papa-sem-o-amor-vida-e-fe-permanecem-estereis.html\" \/>\n<meta property=\"og:site_name\" content=\"Not\u00edcias - Franciscanos\" \/>\n<meta property=\"article:published_time\" content=\"2017-10-29T19:41:43+00:00\" \/>\n<meta property=\"article:modified_time\" content=\"2021-08-29T13:26:53+00:00\" \/>\n<meta property=\"og:image\" content=\"https:\/\/franciscanos.org.br\/noticias\/wp-content\/uploads\/2021\/08\/angelus_290821d.jpg\" \/>\n\t<meta property=\"og:image:width\" content=\"800\" \/>\n\t<meta property=\"og:image:height\" content=\"550\" \/>\n\t<meta property=\"og:image:type\" content=\"image\/jpeg\" \/>\n<meta name=\"author\" content=\"admin\" \/>\n<meta name=\"twitter:card\" content=\"summary_large_image\" \/>\n<meta name=\"twitter:label1\" content=\"Escrito por\" \/>\n\t<meta name=\"twitter:data1\" content=\"admin\" \/>\n\t<meta name=\"twitter:label2\" content=\"Est. tempo de leitura\" \/>\n\t<meta name=\"twitter:data2\" content=\"3 minutos\" \/>\n<script type=\"application\/ld+json\" class=\"yoast-schema-graph\">{\"@context\":\"https:\/\/schema.org\",\"@graph\":[{\"@type\":\"WebSite\",\"@id\":\"https:\/\/franciscanos.org.br\/noticias\/#website\",\"url\":\"https:\/\/franciscanos.org.br\/noticias\/\",\"name\":\"Not\u00edcias - Franciscanos\",\"description\":\"Prov\u00edncia Franciscana da Imaculada Concei\u00e7\u00e3o do Brasil - Ordem dos Frades Menores - OFM\",\"potentialAction\":[{\"@type\":\"SearchAction\",\"target\":{\"@type\":\"EntryPoint\",\"urlTemplate\":\"https:\/\/franciscanos.org.br\/noticias\/?s={search_term_string}\"},\"query-input\":\"required name=search_term_string\"}],\"inLanguage\":\"pt-BR\"},{\"@type\":\"ImageObject\",\"inLanguage\":\"pt-BR\",\"@id\":\"https:\/\/franciscanos.org.br\/noticias\/papa-sem-o-amor-vida-e-fe-permanecem-estereis.html#primaryimage\",\"url\":\"https:\/\/franciscanos.org.br\/noticias\/wp-content\/uploads\/2021\/08\/angelus_290821d.jpg\",\"contentUrl\":\"https:\/\/franciscanos.org.br\/noticias\/wp-content\/uploads\/2021\/08\/angelus_290821d.jpg\",\"width\":800,\"height\":550},{\"@type\":\"WebPage\",\"@id\":\"https:\/\/franciscanos.org.br\/noticias\/papa-sem-o-amor-vida-e-fe-permanecem-estereis.html#webpage\",\"url\":\"https:\/\/franciscanos.org.br\/noticias\/papa-sem-o-amor-vida-e-fe-permanecem-estereis.html\",\"name\":\"Papa: sem o amor, vida e f\u00e9 permanecem est\u00e9reis - Not\u00edcias - Franciscanos\",\"isPartOf\":{\"@id\":\"https:\/\/franciscanos.org.br\/noticias\/#website\"},\"primaryImageOfPage\":{\"@id\":\"https:\/\/franciscanos.org.br\/noticias\/papa-sem-o-amor-vida-e-fe-permanecem-estereis.html#primaryimage\"},\"datePublished\":\"2017-10-29T19:41:43+00:00\",\"dateModified\":\"2021-08-29T13:26:53+00:00\",\"author\":{\"@id\":\"https:\/\/franciscanos.org.br\/noticias\/#\/schema\/person\/b38fbf43118f02820bd932f2e4b14ad3\"},\"breadcrumb\":{\"@id\":\"https:\/\/franciscanos.org.br\/noticias\/papa-sem-o-amor-vida-e-fe-permanecem-estereis.html#breadcrumb\"},\"inLanguage\":\"pt-BR\",\"potentialAction\":[{\"@type\":\"ReadAction\",\"target\":[\"https:\/\/franciscanos.org.br\/noticias\/papa-sem-o-amor-vida-e-fe-permanecem-estereis.html\"]}]},{\"@type\":\"BreadcrumbList\",\"@id\":\"https:\/\/franciscanos.org.br\/noticias\/papa-sem-o-amor-vida-e-fe-permanecem-estereis.html#breadcrumb\",\"itemListElement\":[{\"@type\":\"ListItem\",\"position\":1,\"name\":\"Home\",\"item\":\"https:\/\/franciscanos.org.br\/noticias\"},{\"@type\":\"ListItem\",\"position\":2,\"name\":\"Papa: sem o amor, vida e f\u00e9 permanecem est\u00e9reis\"}]},{\"@type\":\"Person\",\"@id\":\"https:\/\/franciscanos.org.br\/noticias\/#\/schema\/person\/b38fbf43118f02820bd932f2e4b14ad3\",\"name\":\"admin\",\"image\":{\"@type\":\"ImageObject\",\"inLanguage\":\"pt-BR\",\"@id\":\"https:\/\/franciscanos.org.br\/noticias\/#\/schema\/person\/image\/\",\"url\":\"https:\/\/secure.gravatar.com\/avatar\/e8495742d34d0ba6448ea1c628263b3e?s=96&d=mm&r=g\",\"contentUrl\":\"https:\/\/secure.gravatar.com\/avatar\/e8495742d34d0ba6448ea1c628263b3e?s=96&d=mm&r=g\",\"caption\":\"admin\"},\"url\":\"https:\/\/franciscanos.org.br\/noticias\/author\/admin\"}]}<\/script>\n<!-- \/ Yoast SEO plugin. -->","yoast_head_json":{"title":"Papa: sem o amor, vida e f\u00e9 permanecem est\u00e9reis - Not\u00edcias - Franciscanos","robots":{"index":"index","follow":"follow","max-snippet":"max-snippet:-1","max-image-preview":"max-image-preview:large","max-video-preview":"max-video-preview:-1"},"canonical":"https:\/\/franciscanos.org.br\/noticias\/papa-sem-o-amor-vida-e-fe-permanecem-estereis.html","og_locale":"pt_BR","og_type":"article","og_title":"Papa: sem o amor, vida e f\u00e9 permanecem est\u00e9reis - Not\u00edcias - Franciscanos","og_description":"Angelus","og_url":"https:\/\/franciscanos.org.br\/noticias\/papa-sem-o-amor-vida-e-fe-permanecem-estereis.html","og_site_name":"Not\u00edcias - Franciscanos","article_published_time":"2017-10-29T19:41:43+00:00","article_modified_time":"2021-08-29T13:26:53+00:00","og_image":[{"width":800,"height":550,"url":"https:\/\/franciscanos.org.br\/noticias\/wp-content\/uploads\/2021\/08\/angelus_290821d.jpg","type":"image\/jpeg"}],"author":"admin","twitter_card":"summary_large_image","twitter_misc":{"Escrito por":"admin","Est. tempo de leitura":"3 minutos"},"schema":{"@context":"https:\/\/schema.org","@graph":[{"@type":"WebSite","@id":"https:\/\/franciscanos.org.br\/noticias\/#website","url":"https:\/\/franciscanos.org.br\/noticias\/","name":"Not\u00edcias - Franciscanos","description":"Prov\u00edncia Franciscana da Imaculada Concei\u00e7\u00e3o do Brasil - Ordem dos Frades Menores - OFM","potentialAction":[{"@type":"SearchAction","target":{"@type":"EntryPoint","urlTemplate":"https:\/\/franciscanos.org.br\/noticias\/?s={search_term_string}"},"query-input":"required name=search_term_string"}],"inLanguage":"pt-BR"},{"@type":"ImageObject","inLanguage":"pt-BR","@id":"https:\/\/franciscanos.org.br\/noticias\/papa-sem-o-amor-vida-e-fe-permanecem-estereis.html#primaryimage","url":"https:\/\/franciscanos.org.br\/noticias\/wp-content\/uploads\/2021\/08\/angelus_290821d.jpg","contentUrl":"https:\/\/franciscanos.org.br\/noticias\/wp-content\/uploads\/2021\/08\/angelus_290821d.jpg","width":800,"height":550},{"@type":"WebPage","@id":"https:\/\/franciscanos.org.br\/noticias\/papa-sem-o-amor-vida-e-fe-permanecem-estereis.html#webpage","url":"https:\/\/franciscanos.org.br\/noticias\/papa-sem-o-amor-vida-e-fe-permanecem-estereis.html","name":"Papa: sem o amor, vida e f\u00e9 permanecem est\u00e9reis - Not\u00edcias - Franciscanos","isPartOf":{"@id":"https:\/\/franciscanos.org.br\/noticias\/#website"},"primaryImageOfPage":{"@id":"https:\/\/franciscanos.org.br\/noticias\/papa-sem-o-amor-vida-e-fe-permanecem-estereis.html#primaryimage"},"datePublished":"2017-10-29T19:41:43+00:00","dateModified":"2021-08-29T13:26:53+00:00","author":{"@id":"https:\/\/franciscanos.org.br\/noticias\/#\/schema\/person\/b38fbf43118f02820bd932f2e4b14ad3"},"breadcrumb":{"@id":"https:\/\/franciscanos.org.br\/noticias\/papa-sem-o-amor-vida-e-fe-permanecem-estereis.html#breadcrumb"},"inLanguage":"pt-BR","potentialAction":[{"@type":"ReadAction","target":["https:\/\/franciscanos.org.br\/noticias\/papa-sem-o-amor-vida-e-fe-permanecem-estereis.html"]}]},{"@type":"BreadcrumbList","@id":"https:\/\/franciscanos.org.br\/noticias\/papa-sem-o-amor-vida-e-fe-permanecem-estereis.html#breadcrumb","itemListElement":[{"@type":"ListItem","position":1,"name":"Home","item":"https:\/\/franciscanos.org.br\/noticias"},{"@type":"ListItem","position":2,"name":"Papa: sem o amor, vida e f\u00e9 permanecem est\u00e9reis"}]},{"@type":"Person","@id":"https:\/\/franciscanos.org.br\/noticias\/#\/schema\/person\/b38fbf43118f02820bd932f2e4b14ad3","name":"admin","image":{"@type":"ImageObject","inLanguage":"pt-BR","@id":"https:\/\/franciscanos.org.br\/noticias\/#\/schema\/person\/image\/","url":"https:\/\/secure.gravatar.com\/avatar\/e8495742d34d0ba6448ea1c628263b3e?s=96&d=mm&r=g","contentUrl":"https:\/\/secure.gravatar.com\/avatar\/e8495742d34d0ba6448ea1c628263b3e?s=96&d=mm&r=g","caption":"admin"},"url":"https:\/\/franciscanos.org.br\/noticias\/author\/admin"}]}},"_links":{"self":[{"href":"https:\/\/franciscanos.org.br\/noticias\/wp-json\/wp\/v2\/posts\/144680"}],"collection":[{"href":"https:\/\/franciscanos.org.br\/noticias\/wp-json\/wp\/v2\/posts"}],"about":[{"href":"https:\/\/franciscanos.org.br\/noticias\/wp-json\/wp\/v2\/types\/post"}],"author":[{"embeddable":true,"href":"https:\/\/franciscanos.org.br\/noticias\/wp-json\/wp\/v2\/users\/1"}],"replies":[{"embeddable":true,"href":"https:\/\/franciscanos.org.br\/noticias\/wp-json\/wp\/v2\/comments?post=144680"}],"version-history":[{"count":2,"href":"https:\/\/franciscanos.org.br\/noticias\/wp-json\/wp\/v2\/posts\/144680\/revisions"}],"predecessor-version":[{"id":233953,"href":"https:\/\/franciscanos.org.br\/noticias\/wp-json\/wp\/v2\/posts\/144680\/revisions\/233953"}],"wp:featuredmedia":[{"embeddable":true,"href":"https:\/\/franciscanos.org.br\/noticias\/wp-json\/wp\/v2\/media\/233926"}],"wp:attachment":[{"href":"https:\/\/franciscanos.org.br\/noticias\/wp-json\/wp\/v2\/media?parent=144680"}],"wp:term":[{"taxonomy":"category","embeddable":true,"href":"https:\/\/franciscanos.org.br\/noticias\/wp-json\/wp\/v2\/categories?post=144680"},{"taxonomy":"post_tag","embeddable":true,"href":"https:\/\/franciscanos.org.br\/noticias\/wp-json\/wp\/v2\/tags?post=144680"}],"curies":[{"name":"wp","href":"https:\/\/api.w.org\/{rel}","templated":true}]}}