{"id":144639,"date":"2017-10-26T15:51:42","date_gmt":"2017-10-26T17:51:42","guid":{"rendered":"http:\/\/franciscanos.org.br\/?p=144639"},"modified":"2019-01-23T08:54:42","modified_gmt":"2019-01-23T10:54:42","slug":"apesar-de-tudo-e-preciso-vencer-a-tentacao-do-desanimo","status":"publish","type":"post","link":"https:\/\/franciscanos.org.br\/noticias\/apesar-de-tudo-e-preciso-vencer-a-tentacao-do-desanimo.html","title":{"rendered":"Bispos lan\u00e7am nota sobre atual momento pol\u00edtico"},"content":{"rendered":"<p><strong><img loading=\"lazy\" class=\"alignleft\" src=\"http:\/\/franciscanos.org.br\/wp-content\/uploads\/2017\/05\/cnbb_190517G.jpg\" alt=\"cnbb_190517G\" width=\"830\" height=\"400\" \/><\/strong><\/p>\n<p><strong>Bras\u00edlia (DF) &#8211;<\/strong> Por meio de nota, divulgada nesta quinta-feira, 26, em coletiva de imprensa na sede provis\u00f3ria da Confer\u00eancia Nacional dos Bispos do Brasil (CNBB), em Bras\u00edlia (DF), a presid\u00eancia da CNBB manifestou mais uma vez sua apreens\u00e3o e indigna\u00e7\u00e3o com a grave realidade pol\u00edtico-social vivida pelo pa\u00eds, que afeta tanto a popula\u00e7\u00e3o quanto as institui\u00e7\u00f5es brasileiras. No texto, a entidade repudia a falta de \u00e9tica que se instalou nas institui\u00e7\u00f5es p\u00fablicas, empresas, grupos sociais e na atua\u00e7\u00e3o de in\u00fameros pol\u00edticos que \u201ctraindo a miss\u00e3o para a qual foram eleitos, jogam a atividade pol\u00edtica no descr\u00e9dito\u201d.<\/p>\n<p>A Confer\u00eancia criticou tamb\u00e9m a apatia e o desinteresse pela pol\u00edtica, que cresce cada dia mais no meio da popula\u00e7\u00e3o brasileira, inclusive nos movimentos sociais. Apesar de tudo, a entidade diz que \u00e9 preciso vencer a tenta\u00e7\u00e3o do des\u00e2nimo, pois s\u00f3 uma rea\u00e7\u00e3o do povo, consciente e organizado, no exerc\u00edcio de sua cidadania \u00e9 capaz de purificar a pol\u00edtica e a esperan\u00e7a dos cidad\u00e3os que \u201cparecem n\u00e3o mais acreditar na for\u00e7a transformadora e renovadora do voto\u201d.<\/p>\n<p>Na ocasi\u00e3o, os bispos tamb\u00e9m lan\u00e7aram outras duas notas. Uma sobre a Portaria 1129 do Minist\u00e9rio do Trabalho, sobre o trabalho escravo e uma sobre o fundamentalismo e intoler\u00e2ncia contra s\u00edmbolos da f\u00e9<\/p>\n<p><strong>Confira a nota na \u00edntegra sobre o atual momento pol\u00edtico brasileiro:\u00a0<\/strong><\/p>\n<blockquote><p><em>\u201cAprendei a fazer o bem, buscai o que \u00e9 correto, defendei o direito do oprimido\u201d (Is 1,17)<\/em><\/p><\/blockquote>\n<p>A Confer\u00eancia Nacional dos Bispos do Brasil-CNBB, atrav\u00e9s de seu Conselho Permanente, reunido em Bras\u00edlia de 24 a 26 de outubro de 2017, manifesta, mais uma vez, sua apreens\u00e3o e indigna\u00e7\u00e3o com a grave realidade pol\u00edtico-social vivida pelo Pa\u00eds, afetando tanto a popula\u00e7\u00e3o quanto as institui\u00e7\u00f5es brasileiras.<\/p>\n<p>Repudiamos a falta de \u00e9tica, que h\u00e1 d\u00e9cadas, se instalou e continua instalada em institui\u00e7\u00f5es p\u00fablicas, empresas, grupos sociais e na atua\u00e7\u00e3o de in\u00fameros pol\u00edticos que, traindo a miss\u00e3o para a qual foram eleitos, jogam a atividade pol\u00edtica no descr\u00e9dito. A barganha na libera\u00e7\u00e3o de emendas parlamentares pelo Governo \u00e9 uma afronta aos brasileiros. A retirada de indispens\u00e1veis recursos da sa\u00fade, da educa\u00e7\u00e3o, dos programas sociais consolidados, do Sistema \u00danico de Assist\u00eancia Social (SUAS), do Programa de Cisternas no Nordeste, aprofunda o drama da pobreza de milh\u00f5es de pessoas. O div\u00f3rcio entre o mundo pol\u00edtico e a sociedade brasileira \u00e9 grave.<\/p>\n<p>A apatia, o desencanto e o desinteresse pela pol\u00edtica, que vemos crescer dia a dia no meio da popula\u00e7\u00e3o brasileira, inclusive nos movimentos sociais, t\u00eam sua raiz mais profunda em pr\u00e1ticas pol\u00edticas que comprometem a busca do bem comum, privilegiando interesses particulares. Tais pr\u00e1ticas ferem a pol\u00edtica e a esperan\u00e7a dos cidad\u00e3os que parecem n\u00e3o mais acreditar na for\u00e7a transformadora e renovadora do voto. \u00c9 grave tirar a esperan\u00e7a de um povo. Urge ficar atentos, pois, situa\u00e7\u00f5es como esta abrem espa\u00e7o para salvadores da p\u00e1tria, radicalismos e fundamentalismos que aumentam a crise e o sofrimento, especialmente dos mais pobres, al\u00e9m de amea\u00e7ar a democracia no Pa\u00eds.<\/p>\n<p>Apesar de tudo, \u00e9 preciso vencer a tenta\u00e7\u00e3o do des\u00e2nimo. S\u00f3 uma rea\u00e7\u00e3o do povo, consciente e organizado, no exerc\u00edcio de sua cidadania, \u00e9 capaz de purificar a pol\u00edtica, banindo de seu meio aqueles que seguem o caminho da corrup\u00e7\u00e3o e do desprezo pelo bem comum. Incentivamos a popula\u00e7\u00e3o a ser protagonista das mudan\u00e7as de que o Brasil precisa, manifestando-se, de forma pac\u00edfica, sempre que seus direitos e conquistas forem amea\u00e7ados.<\/p>\n<p>Chamados a \u201cesperar contra toda esperan\u00e7a\u201d (Rm 4,18) e certos de que Deus n\u00e3o nos abandona, contamos com a atua\u00e7\u00e3o dos pol\u00edticos que honram seu mandato, buscando o bem comum.<\/p>\n<p>Nossa Senhora Aparecida, Padroeira do Brasil, anime e encoraje seus filhos e filhas no compromisso de construir um Pa\u00eds justo, solid\u00e1rio e fraterno.<\/p>\n<p><strong>Bras\u00edlia, 26 de outubro de 2017.<\/strong><br \/>\nFonte: CNBB | Foto: George Campos (USP imagens)<\/p>\n","protected":false},"excerpt":{"rendered":"<p>CNBB<\/p>\n","protected":false},"author":1,"featured_media":195900,"comment_status":"open","ping_status":"open","sticky":false,"template":"","format":"standard","meta":[],"categories":[1],"tags":[29],"acf":[],"yoast_head":"<!-- This site is optimized with the Yoast SEO plugin v19.2 - https:\/\/yoast.com\/wordpress\/plugins\/seo\/ -->\n<title>Bispos lan\u00e7am nota sobre atual momento pol\u00edtico - Not\u00edcias - Franciscanos<\/title>\n<meta name=\"robots\" content=\"index, follow, max-snippet:-1, max-image-preview:large, max-video-preview:-1\" \/>\n<link rel=\"canonical\" href=\"https:\/\/franciscanos.org.br\/noticias\/apesar-de-tudo-e-preciso-vencer-a-tentacao-do-desanimo.html\" \/>\n<meta property=\"og:locale\" content=\"pt_BR\" \/>\n<meta property=\"og:type\" content=\"article\" \/>\n<meta property=\"og:title\" content=\"Bispos lan\u00e7am nota sobre atual momento pol\u00edtico - Not\u00edcias - Franciscanos\" \/>\n<meta property=\"og:description\" content=\"CNBB\" \/>\n<meta property=\"og:url\" content=\"https:\/\/franciscanos.org.br\/noticias\/apesar-de-tudo-e-preciso-vencer-a-tentacao-do-desanimo.html\" \/>\n<meta property=\"og:site_name\" content=\"Not\u00edcias - Franciscanos\" \/>\n<meta property=\"article:published_time\" content=\"2017-10-26T17:51:42+00:00\" \/>\n<meta property=\"article:modified_time\" content=\"2019-01-23T10:54:42+00:00\" \/>\n<meta property=\"og:image\" content=\"https:\/\/franciscanos.org.br\/noticias\/wp-content\/uploads\/2017\/10\/bandeira.jpg\" \/>\n\t<meta property=\"og:image:width\" content=\"273\" \/>\n\t<meta property=\"og:image:height\" content=\"181\" \/>\n\t<meta property=\"og:image:type\" content=\"image\/jpeg\" \/>\n<meta name=\"author\" content=\"admin\" \/>\n<meta name=\"twitter:card\" content=\"summary_large_image\" \/>\n<meta name=\"twitter:label1\" content=\"Escrito por\" \/>\n\t<meta name=\"twitter:data1\" content=\"admin\" \/>\n\t<meta name=\"twitter:label2\" content=\"Est. tempo de leitura\" \/>\n\t<meta name=\"twitter:data2\" content=\"4 minutos\" \/>\n<script type=\"application\/ld+json\" class=\"yoast-schema-graph\">{\"@context\":\"https:\/\/schema.org\",\"@graph\":[{\"@type\":\"WebSite\",\"@id\":\"https:\/\/franciscanos.org.br\/noticias\/#website\",\"url\":\"https:\/\/franciscanos.org.br\/noticias\/\",\"name\":\"Not\u00edcias - Franciscanos\",\"description\":\"Prov\u00edncia Franciscana da Imaculada Concei\u00e7\u00e3o do Brasil - Ordem dos Frades Menores - OFM\",\"potentialAction\":[{\"@type\":\"SearchAction\",\"target\":{\"@type\":\"EntryPoint\",\"urlTemplate\":\"https:\/\/franciscanos.org.br\/noticias\/?s={search_term_string}\"},\"query-input\":\"required name=search_term_string\"}],\"inLanguage\":\"pt-BR\"},{\"@type\":\"ImageObject\",\"inLanguage\":\"pt-BR\",\"@id\":\"https:\/\/franciscanos.org.br\/noticias\/apesar-de-tudo-e-preciso-vencer-a-tentacao-do-desanimo.html#primaryimage\",\"url\":\"https:\/\/franciscanos.org.br\/noticias\/wp-content\/uploads\/2017\/10\/bandeira.jpg\",\"contentUrl\":\"https:\/\/franciscanos.org.br\/noticias\/wp-content\/uploads\/2017\/10\/bandeira.jpg\",\"width\":273,\"height\":181,\"caption\":\"Usu\u00e1rio lendo noticias no computador.\"},{\"@type\":\"WebPage\",\"@id\":\"https:\/\/franciscanos.org.br\/noticias\/apesar-de-tudo-e-preciso-vencer-a-tentacao-do-desanimo.html#webpage\",\"url\":\"https:\/\/franciscanos.org.br\/noticias\/apesar-de-tudo-e-preciso-vencer-a-tentacao-do-desanimo.html\",\"name\":\"Bispos lan\u00e7am nota sobre atual momento pol\u00edtico - Not\u00edcias - Franciscanos\",\"isPartOf\":{\"@id\":\"https:\/\/franciscanos.org.br\/noticias\/#website\"},\"primaryImageOfPage\":{\"@id\":\"https:\/\/franciscanos.org.br\/noticias\/apesar-de-tudo-e-preciso-vencer-a-tentacao-do-desanimo.html#primaryimage\"},\"datePublished\":\"2017-10-26T17:51:42+00:00\",\"dateModified\":\"2019-01-23T10:54:42+00:00\",\"author\":{\"@id\":\"https:\/\/franciscanos.org.br\/noticias\/#\/schema\/person\/b38fbf43118f02820bd932f2e4b14ad3\"},\"breadcrumb\":{\"@id\":\"https:\/\/franciscanos.org.br\/noticias\/apesar-de-tudo-e-preciso-vencer-a-tentacao-do-desanimo.html#breadcrumb\"},\"inLanguage\":\"pt-BR\",\"potentialAction\":[{\"@type\":\"ReadAction\",\"target\":[\"https:\/\/franciscanos.org.br\/noticias\/apesar-de-tudo-e-preciso-vencer-a-tentacao-do-desanimo.html\"]}]},{\"@type\":\"BreadcrumbList\",\"@id\":\"https:\/\/franciscanos.org.br\/noticias\/apesar-de-tudo-e-preciso-vencer-a-tentacao-do-desanimo.html#breadcrumb\",\"itemListElement\":[{\"@type\":\"ListItem\",\"position\":1,\"name\":\"Home\",\"item\":\"https:\/\/franciscanos.org.br\/noticias\"},{\"@type\":\"ListItem\",\"position\":2,\"name\":\"Bispos lan\u00e7am nota sobre atual momento pol\u00edtico\"}]},{\"@type\":\"Person\",\"@id\":\"https:\/\/franciscanos.org.br\/noticias\/#\/schema\/person\/b38fbf43118f02820bd932f2e4b14ad3\",\"name\":\"admin\",\"image\":{\"@type\":\"ImageObject\",\"inLanguage\":\"pt-BR\",\"@id\":\"https:\/\/franciscanos.org.br\/noticias\/#\/schema\/person\/image\/\",\"url\":\"https:\/\/secure.gravatar.com\/avatar\/e8495742d34d0ba6448ea1c628263b3e?s=96&d=mm&r=g\",\"contentUrl\":\"https:\/\/secure.gravatar.com\/avatar\/e8495742d34d0ba6448ea1c628263b3e?s=96&d=mm&r=g\",\"caption\":\"admin\"},\"url\":\"https:\/\/franciscanos.org.br\/noticias\/author\/admin\"}]}<\/script>\n<!-- \/ Yoast SEO plugin. -->","yoast_head_json":{"title":"Bispos lan\u00e7am nota sobre atual momento pol\u00edtico - Not\u00edcias - Franciscanos","robots":{"index":"index","follow":"follow","max-snippet":"max-snippet:-1","max-image-preview":"max-image-preview:large","max-video-preview":"max-video-preview:-1"},"canonical":"https:\/\/franciscanos.org.br\/noticias\/apesar-de-tudo-e-preciso-vencer-a-tentacao-do-desanimo.html","og_locale":"pt_BR","og_type":"article","og_title":"Bispos lan\u00e7am nota sobre atual momento pol\u00edtico - Not\u00edcias - Franciscanos","og_description":"CNBB","og_url":"https:\/\/franciscanos.org.br\/noticias\/apesar-de-tudo-e-preciso-vencer-a-tentacao-do-desanimo.html","og_site_name":"Not\u00edcias - Franciscanos","article_published_time":"2017-10-26T17:51:42+00:00","article_modified_time":"2019-01-23T10:54:42+00:00","og_image":[{"width":273,"height":181,"url":"https:\/\/franciscanos.org.br\/noticias\/wp-content\/uploads\/2017\/10\/bandeira.jpg","type":"image\/jpeg"}],"author":"admin","twitter_card":"summary_large_image","twitter_misc":{"Escrito por":"admin","Est. tempo de leitura":"4 minutos"},"schema":{"@context":"https:\/\/schema.org","@graph":[{"@type":"WebSite","@id":"https:\/\/franciscanos.org.br\/noticias\/#website","url":"https:\/\/franciscanos.org.br\/noticias\/","name":"Not\u00edcias - Franciscanos","description":"Prov\u00edncia Franciscana da Imaculada Concei\u00e7\u00e3o do Brasil - Ordem dos Frades Menores - OFM","potentialAction":[{"@type":"SearchAction","target":{"@type":"EntryPoint","urlTemplate":"https:\/\/franciscanos.org.br\/noticias\/?s={search_term_string}"},"query-input":"required name=search_term_string"}],"inLanguage":"pt-BR"},{"@type":"ImageObject","inLanguage":"pt-BR","@id":"https:\/\/franciscanos.org.br\/noticias\/apesar-de-tudo-e-preciso-vencer-a-tentacao-do-desanimo.html#primaryimage","url":"https:\/\/franciscanos.org.br\/noticias\/wp-content\/uploads\/2017\/10\/bandeira.jpg","contentUrl":"https:\/\/franciscanos.org.br\/noticias\/wp-content\/uploads\/2017\/10\/bandeira.jpg","width":273,"height":181,"caption":"Usu\u00e1rio lendo noticias no computador."},{"@type":"WebPage","@id":"https:\/\/franciscanos.org.br\/noticias\/apesar-de-tudo-e-preciso-vencer-a-tentacao-do-desanimo.html#webpage","url":"https:\/\/franciscanos.org.br\/noticias\/apesar-de-tudo-e-preciso-vencer-a-tentacao-do-desanimo.html","name":"Bispos lan\u00e7am nota sobre atual momento pol\u00edtico - Not\u00edcias - Franciscanos","isPartOf":{"@id":"https:\/\/franciscanos.org.br\/noticias\/#website"},"primaryImageOfPage":{"@id":"https:\/\/franciscanos.org.br\/noticias\/apesar-de-tudo-e-preciso-vencer-a-tentacao-do-desanimo.html#primaryimage"},"datePublished":"2017-10-26T17:51:42+00:00","dateModified":"2019-01-23T10:54:42+00:00","author":{"@id":"https:\/\/franciscanos.org.br\/noticias\/#\/schema\/person\/b38fbf43118f02820bd932f2e4b14ad3"},"breadcrumb":{"@id":"https:\/\/franciscanos.org.br\/noticias\/apesar-de-tudo-e-preciso-vencer-a-tentacao-do-desanimo.html#breadcrumb"},"inLanguage":"pt-BR","potentialAction":[{"@type":"ReadAction","target":["https:\/\/franciscanos.org.br\/noticias\/apesar-de-tudo-e-preciso-vencer-a-tentacao-do-desanimo.html"]}]},{"@type":"BreadcrumbList","@id":"https:\/\/franciscanos.org.br\/noticias\/apesar-de-tudo-e-preciso-vencer-a-tentacao-do-desanimo.html#breadcrumb","itemListElement":[{"@type":"ListItem","position":1,"name":"Home","item":"https:\/\/franciscanos.org.br\/noticias"},{"@type":"ListItem","position":2,"name":"Bispos lan\u00e7am nota sobre atual momento pol\u00edtico"}]},{"@type":"Person","@id":"https:\/\/franciscanos.org.br\/noticias\/#\/schema\/person\/b38fbf43118f02820bd932f2e4b14ad3","name":"admin","image":{"@type":"ImageObject","inLanguage":"pt-BR","@id":"https:\/\/franciscanos.org.br\/noticias\/#\/schema\/person\/image\/","url":"https:\/\/secure.gravatar.com\/avatar\/e8495742d34d0ba6448ea1c628263b3e?s=96&d=mm&r=g","contentUrl":"https:\/\/secure.gravatar.com\/avatar\/e8495742d34d0ba6448ea1c628263b3e?s=96&d=mm&r=g","caption":"admin"},"url":"https:\/\/franciscanos.org.br\/noticias\/author\/admin"}]}},"_links":{"self":[{"href":"https:\/\/franciscanos.org.br\/noticias\/wp-json\/wp\/v2\/posts\/144639"}],"collection":[{"href":"https:\/\/franciscanos.org.br\/noticias\/wp-json\/wp\/v2\/posts"}],"about":[{"href":"https:\/\/franciscanos.org.br\/noticias\/wp-json\/wp\/v2\/types\/post"}],"author":[{"embeddable":true,"href":"https:\/\/franciscanos.org.br\/noticias\/wp-json\/wp\/v2\/users\/1"}],"replies":[{"embeddable":true,"href":"https:\/\/franciscanos.org.br\/noticias\/wp-json\/wp\/v2\/comments?post=144639"}],"version-history":[{"count":0,"href":"https:\/\/franciscanos.org.br\/noticias\/wp-json\/wp\/v2\/posts\/144639\/revisions"}],"wp:featuredmedia":[{"embeddable":true,"href":"https:\/\/franciscanos.org.br\/noticias\/wp-json\/wp\/v2\/media\/195900"}],"wp:attachment":[{"href":"https:\/\/franciscanos.org.br\/noticias\/wp-json\/wp\/v2\/media?parent=144639"}],"wp:term":[{"taxonomy":"category","embeddable":true,"href":"https:\/\/franciscanos.org.br\/noticias\/wp-json\/wp\/v2\/categories?post=144639"},{"taxonomy":"post_tag","embeddable":true,"href":"https:\/\/franciscanos.org.br\/noticias\/wp-json\/wp\/v2\/tags?post=144639"}],"curies":[{"name":"wp","href":"https:\/\/api.w.org\/{rel}","templated":true}]}}