{"id":144583,"date":"2017-10-25T17:37:11","date_gmt":"2017-10-25T19:37:11","guid":{"rendered":"http:\/\/franciscanos.org.br\/?p=144583"},"modified":"2019-04-29T11:07:21","modified_gmt":"2019-04-29T14:07:21","slug":"frente-reflete-os-desafios-e-riscos-da-comunicacao","status":"publish","type":"post","link":"https:\/\/franciscanos.org.br\/noticias\/frente-reflete-os-desafios-e-riscos-da-comunicacao.html","title":{"rendered":"Frente reflete os desafios e riscos da Comunica\u00e7\u00e3o"},"content":{"rendered":"<p><img loading=\"lazy\" src=\"http:\/\/franciscanos.org.br\/wp-content\/uploads\/2017\/10\/comunica_251017g.jpg\" alt=\"comunica_251017g\" width=\"830\" height=\"400\" \/><br \/>\n<strong>Frei Augusto Luiz Gabriel e \u00c9rika Augusto<\/strong><\/p>\n<p><strong>Rondinha (PR)<\/strong> \u2013 Nesta quarta-feira, 25, os participantes reunidos para o Encontro Ampliado da Frente de Evangeliza\u00e7\u00e3o da Comunica\u00e7\u00e3o refletiram os desafios da comunica\u00e7\u00e3o, tendo sempre em vista a juventude, tema que norteou as palestras desde a manh\u00e3 de ontem.<\/p>\n<p>Mois\u00e9s Sbardelotto, mestre e doutor em Ci\u00eancias da Comunica\u00e7\u00e3o, deu continuidade \u00e0s palestras do dia anterior , falando sobre os desafios e os riscos da comunica\u00e7\u00e3o e da converg\u00eancia de m\u00eddias.<\/p>\n<p>Ele animou os participantes a olharem com esperan\u00e7a para as novas tecnologias. Segundo ele, muitas vezes tem-se a falsa vis\u00e3o de que a tecnologia afasta as pessoas, quando na verdade\u00a0o que surgiu foi uma mudan\u00e7a no modo de se relacionar. \u201cPor tr\u00e1s dos aparatos tecnol\u00f3gicos, est\u00e1 presente a rela\u00e7\u00e3o, a comunica\u00e7\u00e3o. Talvez precisamos mudar nossa concep\u00e7\u00e3o da cultura, das rela\u00e7\u00f5es para poder enxergar isso com outros olhos\u201d, afirmou Sbardelotto.<\/p>\n<p>Um dos riscos apontados pelo ga\u00facho foi o tecnicismo, ou seja, imaginar que a tecnologia resolver\u00e1 todos os problemas. \u201cSe a gente n\u00e3o tem uma perspectiva comunicacional por tr\u00e1s, a tecnologia n\u00e3o vai servir para nada\u201d, afirmou. E apontou tr\u00eas riscos no modo de se relacionar com a tecnologia: absolutismo, fetichismo e solucionismo. O palestrante ressaltou a import\u00e2ncia de perguntar-se: por que investir em tecnologia? Para qu\u00ea? \u201cQuando a gente entende os porqu\u00eas e os para qu\u00eas, a gente vai ter uma presen\u00e7a muito mais eficaz e efetiva\u201d, acrescentou.<\/p>\n<p>Outro desafio apontado por Mois\u00e9s Sbardelotto foi a sobreinforma\u00e7\u00e3o, o excesso de informa\u00e7\u00e3o recebido\u00a0diariamente atrav\u00e9s dos smartphones, sites, etc. \u201cA gente \u00e9 inundado de dados e informa\u00e7\u00f5es. A gente se satisfaz com a mera informa\u00e7\u00e3o, n\u00e3o damos um salto para o conhecimento, muito menos para a sabedoria\u201d, afirmou. Para ele, a sobrecarga de informa\u00e7\u00e3o recebida diariamente impede o receptor de relacionar estas informa\u00e7\u00f5es, gerando uma opini\u00e3o pessoal.<\/p>\n<p>Para encerrar, o palestrante apontou quatro desafios para os comunicadores:<br \/>\n<strong>1. Desafio da boa informa\u00e7\u00e3o:<\/strong><br \/>\nComo comunicar uma boa informa\u00e7\u00e3o? O Papa Francisco apontou tr\u00eas grandes pecados da m\u00eddia, que servem a todos os comunicadores: fugir da desinforma\u00e7\u00e3o, da difama\u00e7\u00e3o e da cal\u00fania.<br \/>\n<strong>2. Desafio da boa nova:<\/strong><br \/>\nLer os fatos do presente com a lente de uma boa not\u00edcia, ter esperan\u00e7a diante dos acontecimentos, perceber a a\u00e7\u00e3o de Deus diante da realidade.<br \/>\n<strong>3. Desafio de Aparecida:<\/strong><br \/>\nAssim como os pescadores fizeram h\u00e1 300 anos, transformar a a\u00e7\u00e3o comunicacional em comunidade. Os pescadores n\u00e3o sa\u00edram com peixes nas redes, mas a imagem de Nossa Senhora, formando a partir desta a\u00e7\u00e3o uma nova comunidade. Muitas vezes a a\u00e7\u00e3o comunicacional n\u00e3o vai render audi\u00eancia, \u201clikes\u201d, mas vai transformar a realidade daquele que recebe.<br \/>\n<strong>4. Desafio de Santo Ambr\u00f3sio:<\/strong><br \/>\nNunca perder as ra\u00edzes, a tradi\u00e7\u00e3o. Buscar as coisas novas sem perder as coisas antigas. Uma \u00e1rvore sem ra\u00edzes n\u00e3o sobrevive, uma \u00e1rvore sem flores, sem colorido, n\u00e3o chama a aten\u00e7\u00e3o. As flores s\u00e3o passageiras, a raiz \u00e9 permanente. Assim deve ser a comunica\u00e7\u00e3o, com valores s\u00f3lidos.<\/p>\n<p><strong>Apresenta\u00e7\u00e3o das 5 Frentes de Evangeliza\u00e7\u00e3o da Prov\u00edncia<\/strong><br \/>\n<img loading=\"lazy\" class=\"alignright wp-image-144587\" src=\"http:\/\/franciscanos.org.br\/wp-content\/uploads\/2017\/10\/comunica3_251017.jpg\" alt=\"comunica3_251017\" width=\"400\" height=\"409\" \/>Frei C\u00e9sar K\u00fclkamp, Vig\u00e1rio Provincial e Secret\u00e1rio para a Evangeliza\u00e7\u00e3o, fez uma fala apresentando o Plano de Evangeliza\u00e7\u00e3o da Prov\u00edncia. Ele explicou cada uma das 5 frentes: Par\u00f3quias, Santu\u00e1rios e Centros de Acolhimento; Educa\u00e7\u00e3o; Comunica\u00e7\u00e3o; Solidariedade com os empobrecidos e Miss\u00e3o, destacando de modo especial a Comunica\u00e7\u00e3o. Ele apresentou um breve hist\u00f3rico da comunica\u00e7\u00e3o na Prov\u00edncia, desde as primeiras a\u00e7\u00f5es em 1901, com a funda\u00e7\u00e3o da Tipografia da Escola Gratuita S\u00e3o Jos\u00e9, hoje Editora Vozes; tamb\u00e9m com a funda\u00e7\u00e3o de jornais em Lages (Cruzeiro do Sul, em 1902), em Curitiba (Der Kompass, 1902) e Rodeio (L\u2019Amico, 1902). Ele salientou que todas as a\u00e7\u00f5es feitas em todas as frentes t\u00eam como horizonte o servi\u00e7o da vida evang\u00e9lica e da miss\u00e3o.<br \/>\nO Secret\u00e1rio falou ainda da import\u00e2ncia dos leigos em todas as Frentes de Evangeliza\u00e7\u00e3o e dos apelos da Ordem dos Frades Menores. \u201cNos nossos trabalhos, o leigo n\u00e3o \u00e9 compreendido como um suplente. Ele compartilha da miss\u00e3o, porque o nosso modo de estar, de trabalhar, j\u00e1 \u00e9 an\u00fancio, j\u00e1 \u00e9 evangeliza\u00e7\u00e3o. Os leigos nos ajudam a compreender o carisma e, na atua\u00e7\u00e3o, a desenvolverem melhor como deve ser a nossa presen\u00e7a franciscana no mundo de hoje\u201d, acrescentou.<\/p>\n<p>Frei C\u00e9sar destacou ainda a import\u00e2ncia de olhar al\u00e9m da realidade provincial, ampliando o horizonte para outras necessidades, como a quest\u00e3o ambiental, sobretudo na Amaz\u00f4nia, com o desmatamento e assoreamento dos rios, a quest\u00e3o dos refugiados e a minera\u00e7\u00e3o.<br \/>\nO\u00a0frade\u00a0afirmou a import\u00e2ncia do trabalho em rede dentro de cada uma das Frentes de Evangeliza\u00e7\u00e3o e tamb\u00e9m a necessidade da integra\u00e7\u00e3o entre as Frentes. Para ele, o Encontro fortalece o trabalho em rede e faz com que os participantes se tornem multiplicadores do modo de ser franciscano, n\u00e3o se detendo na a\u00e7\u00e3o, no como fazer, mas refletindo o como e o porqu\u00ea. \u201cA gente n\u00e3o quer simplesmente ter mais uma r\u00e1dio, mas se \u00e9 um mecanismo de evangeliza\u00e7\u00e3o, de estar no meio da cultura, \u00e9 v\u00e1lido. N\u00e3o s\u00f3 transmitindo uma programa\u00e7\u00e3o religiosa, mas no modo de transmitir not\u00edcias, no modo de estar em cada um destes lugares, ser sinal de fraternidade, de minoridade, de valores do Evangelho\u201d, concluiu.<\/p>\n<p>Ao final, Frei Gustavo Medella, coordenador de Frente de Evangeliza\u00e7\u00e3o da Comunica\u00e7\u00e3o e Definidor Provincial, agradeceu os presentes e animou todos nos trabalhos locais.<\/p>\n<p><strong>Mem\u00f3ria de Santo Ant\u00f4nio de Sant\u2019Ana Galv\u00e3o<\/strong><br \/>\n<img loading=\"lazy\" src=\"http:\/\/franciscanos.org.br\/wp-content\/uploads\/2017\/10\/comunica2_251017.jpg\" alt=\"comunica2_251017\" width=\"830\" height=\"400\" \/><br \/>\nO dia come\u00e7ou cedo, \u00e0s 7h15, com a Celebra\u00e7\u00e3o Eucar\u00edstica. A missa, presidida por Frei C\u00e9sar K\u00fclkamp e concelebrada por Frei Rodrigo Silva, mestre e coordenador de Forma\u00e7\u00e3o Inicial e Frei Ary Pintarelli, recordou a mem\u00f3ria de Frei Galv\u00e3o, santo celebrado neste 25 de outubro. Em sua homilia, Frei C\u00e9sar recordou a vida e obra de Frei Galv\u00e3o e destacou a proximidade dos frades com o santo, que nasceu em Guaratinguet\u00e1 e morou muitos anos em S\u00e3o Paulo, no Convento S\u00e3o Francisco.<\/p>\n<p><strong>CONFIRA O V\u00cdDEO:<\/strong><br \/>\n<iframe loading=\"lazy\" src=\"https:\/\/www.youtube.com\/embed\/47DUA8118o0\" width=\"100%\" height=\"420\" frameborder=\"0\" allowfullscreen=\"allowfullscreen\"><\/iframe><\/p>\n","protected":false},"excerpt":{"rendered":"<p>Frente da Comunica\u00e7\u00e3o<\/p>\n","protected":false},"author":1,"featured_media":204035,"comment_status":"open","ping_status":"open","sticky":false,"template":"","format":"standard","meta":[],"categories":[1],"tags":[550],"acf":[],"yoast_head":"<!-- This site is optimized with the Yoast SEO plugin v19.2 - https:\/\/yoast.com\/wordpress\/plugins\/seo\/ -->\n<title>Frente reflete os desafios e riscos da Comunica\u00e7\u00e3o - Not\u00edcias - Franciscanos<\/title>\n<meta name=\"robots\" content=\"index, follow, max-snippet:-1, max-image-preview:large, max-video-preview:-1\" \/>\n<link rel=\"canonical\" href=\"https:\/\/franciscanos.org.br\/noticias\/frente-reflete-os-desafios-e-riscos-da-comunicacao.html\" \/>\n<meta property=\"og:locale\" content=\"pt_BR\" \/>\n<meta property=\"og:type\" content=\"article\" \/>\n<meta property=\"og:title\" content=\"Frente reflete os desafios e riscos da Comunica\u00e7\u00e3o - Not\u00edcias - Franciscanos\" \/>\n<meta property=\"og:description\" content=\"Frente da Comunica\u00e7\u00e3o\" \/>\n<meta property=\"og:url\" content=\"https:\/\/franciscanos.org.br\/noticias\/frente-reflete-os-desafios-e-riscos-da-comunicacao.html\" \/>\n<meta property=\"og:site_name\" content=\"Not\u00edcias - Franciscanos\" \/>\n<meta property=\"article:published_time\" content=\"2017-10-25T19:37:11+00:00\" \/>\n<meta property=\"article:modified_time\" content=\"2019-04-29T14:07:21+00:00\" \/>\n<meta property=\"og:image\" content=\"https:\/\/franciscanos.org.br\/noticias\/wp-content\/uploads\/2017\/10\/comunica_251017g.jpg\" \/>\n\t<meta property=\"og:image:width\" content=\"273\" \/>\n\t<meta property=\"og:image:height\" content=\"181\" \/>\n\t<meta property=\"og:image:type\" content=\"image\/jpeg\" \/>\n<meta name=\"author\" content=\"admin\" \/>\n<meta name=\"twitter:card\" content=\"summary_large_image\" \/>\n<meta name=\"twitter:label1\" content=\"Escrito por\" \/>\n\t<meta name=\"twitter:data1\" content=\"admin\" \/>\n\t<meta name=\"twitter:label2\" content=\"Est. tempo de leitura\" \/>\n\t<meta name=\"twitter:data2\" content=\"5 minutos\" \/>\n<script type=\"application\/ld+json\" class=\"yoast-schema-graph\">{\"@context\":\"https:\/\/schema.org\",\"@graph\":[{\"@type\":\"WebSite\",\"@id\":\"https:\/\/franciscanos.org.br\/noticias\/#website\",\"url\":\"https:\/\/franciscanos.org.br\/noticias\/\",\"name\":\"Not\u00edcias - Franciscanos\",\"description\":\"Prov\u00edncia Franciscana da Imaculada Concei\u00e7\u00e3o do Brasil - Ordem dos Frades Menores - OFM\",\"potentialAction\":[{\"@type\":\"SearchAction\",\"target\":{\"@type\":\"EntryPoint\",\"urlTemplate\":\"https:\/\/franciscanos.org.br\/noticias\/?s={search_term_string}\"},\"query-input\":\"required name=search_term_string\"}],\"inLanguage\":\"pt-BR\"},{\"@type\":\"ImageObject\",\"inLanguage\":\"pt-BR\",\"@id\":\"https:\/\/franciscanos.org.br\/noticias\/frente-reflete-os-desafios-e-riscos-da-comunicacao.html#primaryimage\",\"url\":\"https:\/\/franciscanos.org.br\/noticias\/wp-content\/uploads\/2017\/10\/comunica_251017g.jpg\",\"contentUrl\":\"https:\/\/franciscanos.org.br\/noticias\/wp-content\/uploads\/2017\/10\/comunica_251017g.jpg\",\"width\":273,\"height\":181},{\"@type\":\"WebPage\",\"@id\":\"https:\/\/franciscanos.org.br\/noticias\/frente-reflete-os-desafios-e-riscos-da-comunicacao.html#webpage\",\"url\":\"https:\/\/franciscanos.org.br\/noticias\/frente-reflete-os-desafios-e-riscos-da-comunicacao.html\",\"name\":\"Frente reflete os desafios e riscos da Comunica\u00e7\u00e3o - Not\u00edcias - Franciscanos\",\"isPartOf\":{\"@id\":\"https:\/\/franciscanos.org.br\/noticias\/#website\"},\"primaryImageOfPage\":{\"@id\":\"https:\/\/franciscanos.org.br\/noticias\/frente-reflete-os-desafios-e-riscos-da-comunicacao.html#primaryimage\"},\"datePublished\":\"2017-10-25T19:37:11+00:00\",\"dateModified\":\"2019-04-29T14:07:21+00:00\",\"author\":{\"@id\":\"https:\/\/franciscanos.org.br\/noticias\/#\/schema\/person\/b38fbf43118f02820bd932f2e4b14ad3\"},\"breadcrumb\":{\"@id\":\"https:\/\/franciscanos.org.br\/noticias\/frente-reflete-os-desafios-e-riscos-da-comunicacao.html#breadcrumb\"},\"inLanguage\":\"pt-BR\",\"potentialAction\":[{\"@type\":\"ReadAction\",\"target\":[\"https:\/\/franciscanos.org.br\/noticias\/frente-reflete-os-desafios-e-riscos-da-comunicacao.html\"]}]},{\"@type\":\"BreadcrumbList\",\"@id\":\"https:\/\/franciscanos.org.br\/noticias\/frente-reflete-os-desafios-e-riscos-da-comunicacao.html#breadcrumb\",\"itemListElement\":[{\"@type\":\"ListItem\",\"position\":1,\"name\":\"Home\",\"item\":\"https:\/\/franciscanos.org.br\/noticias\"},{\"@type\":\"ListItem\",\"position\":2,\"name\":\"Frente reflete os desafios e riscos da Comunica\u00e7\u00e3o\"}]},{\"@type\":\"Person\",\"@id\":\"https:\/\/franciscanos.org.br\/noticias\/#\/schema\/person\/b38fbf43118f02820bd932f2e4b14ad3\",\"name\":\"admin\",\"image\":{\"@type\":\"ImageObject\",\"inLanguage\":\"pt-BR\",\"@id\":\"https:\/\/franciscanos.org.br\/noticias\/#\/schema\/person\/image\/\",\"url\":\"https:\/\/secure.gravatar.com\/avatar\/e8495742d34d0ba6448ea1c628263b3e?s=96&d=mm&r=g\",\"contentUrl\":\"https:\/\/secure.gravatar.com\/avatar\/e8495742d34d0ba6448ea1c628263b3e?s=96&d=mm&r=g\",\"caption\":\"admin\"},\"url\":\"https:\/\/franciscanos.org.br\/noticias\/author\/admin\"}]}<\/script>\n<!-- \/ Yoast SEO plugin. -->","yoast_head_json":{"title":"Frente reflete os desafios e riscos da Comunica\u00e7\u00e3o - Not\u00edcias - Franciscanos","robots":{"index":"index","follow":"follow","max-snippet":"max-snippet:-1","max-image-preview":"max-image-preview:large","max-video-preview":"max-video-preview:-1"},"canonical":"https:\/\/franciscanos.org.br\/noticias\/frente-reflete-os-desafios-e-riscos-da-comunicacao.html","og_locale":"pt_BR","og_type":"article","og_title":"Frente reflete os desafios e riscos da Comunica\u00e7\u00e3o - Not\u00edcias - Franciscanos","og_description":"Frente da Comunica\u00e7\u00e3o","og_url":"https:\/\/franciscanos.org.br\/noticias\/frente-reflete-os-desafios-e-riscos-da-comunicacao.html","og_site_name":"Not\u00edcias - Franciscanos","article_published_time":"2017-10-25T19:37:11+00:00","article_modified_time":"2019-04-29T14:07:21+00:00","og_image":[{"width":273,"height":181,"url":"https:\/\/franciscanos.org.br\/noticias\/wp-content\/uploads\/2017\/10\/comunica_251017g.jpg","type":"image\/jpeg"}],"author":"admin","twitter_card":"summary_large_image","twitter_misc":{"Escrito por":"admin","Est. tempo de leitura":"5 minutos"},"schema":{"@context":"https:\/\/schema.org","@graph":[{"@type":"WebSite","@id":"https:\/\/franciscanos.org.br\/noticias\/#website","url":"https:\/\/franciscanos.org.br\/noticias\/","name":"Not\u00edcias - Franciscanos","description":"Prov\u00edncia Franciscana da Imaculada Concei\u00e7\u00e3o do Brasil - Ordem dos Frades Menores - OFM","potentialAction":[{"@type":"SearchAction","target":{"@type":"EntryPoint","urlTemplate":"https:\/\/franciscanos.org.br\/noticias\/?s={search_term_string}"},"query-input":"required name=search_term_string"}],"inLanguage":"pt-BR"},{"@type":"ImageObject","inLanguage":"pt-BR","@id":"https:\/\/franciscanos.org.br\/noticias\/frente-reflete-os-desafios-e-riscos-da-comunicacao.html#primaryimage","url":"https:\/\/franciscanos.org.br\/noticias\/wp-content\/uploads\/2017\/10\/comunica_251017g.jpg","contentUrl":"https:\/\/franciscanos.org.br\/noticias\/wp-content\/uploads\/2017\/10\/comunica_251017g.jpg","width":273,"height":181},{"@type":"WebPage","@id":"https:\/\/franciscanos.org.br\/noticias\/frente-reflete-os-desafios-e-riscos-da-comunicacao.html#webpage","url":"https:\/\/franciscanos.org.br\/noticias\/frente-reflete-os-desafios-e-riscos-da-comunicacao.html","name":"Frente reflete os desafios e riscos da Comunica\u00e7\u00e3o - Not\u00edcias - Franciscanos","isPartOf":{"@id":"https:\/\/franciscanos.org.br\/noticias\/#website"},"primaryImageOfPage":{"@id":"https:\/\/franciscanos.org.br\/noticias\/frente-reflete-os-desafios-e-riscos-da-comunicacao.html#primaryimage"},"datePublished":"2017-10-25T19:37:11+00:00","dateModified":"2019-04-29T14:07:21+00:00","author":{"@id":"https:\/\/franciscanos.org.br\/noticias\/#\/schema\/person\/b38fbf43118f02820bd932f2e4b14ad3"},"breadcrumb":{"@id":"https:\/\/franciscanos.org.br\/noticias\/frente-reflete-os-desafios-e-riscos-da-comunicacao.html#breadcrumb"},"inLanguage":"pt-BR","potentialAction":[{"@type":"ReadAction","target":["https:\/\/franciscanos.org.br\/noticias\/frente-reflete-os-desafios-e-riscos-da-comunicacao.html"]}]},{"@type":"BreadcrumbList","@id":"https:\/\/franciscanos.org.br\/noticias\/frente-reflete-os-desafios-e-riscos-da-comunicacao.html#breadcrumb","itemListElement":[{"@type":"ListItem","position":1,"name":"Home","item":"https:\/\/franciscanos.org.br\/noticias"},{"@type":"ListItem","position":2,"name":"Frente reflete os desafios e riscos da Comunica\u00e7\u00e3o"}]},{"@type":"Person","@id":"https:\/\/franciscanos.org.br\/noticias\/#\/schema\/person\/b38fbf43118f02820bd932f2e4b14ad3","name":"admin","image":{"@type":"ImageObject","inLanguage":"pt-BR","@id":"https:\/\/franciscanos.org.br\/noticias\/#\/schema\/person\/image\/","url":"https:\/\/secure.gravatar.com\/avatar\/e8495742d34d0ba6448ea1c628263b3e?s=96&d=mm&r=g","contentUrl":"https:\/\/secure.gravatar.com\/avatar\/e8495742d34d0ba6448ea1c628263b3e?s=96&d=mm&r=g","caption":"admin"},"url":"https:\/\/franciscanos.org.br\/noticias\/author\/admin"}]}},"_links":{"self":[{"href":"https:\/\/franciscanos.org.br\/noticias\/wp-json\/wp\/v2\/posts\/144583"}],"collection":[{"href":"https:\/\/franciscanos.org.br\/noticias\/wp-json\/wp\/v2\/posts"}],"about":[{"href":"https:\/\/franciscanos.org.br\/noticias\/wp-json\/wp\/v2\/types\/post"}],"author":[{"embeddable":true,"href":"https:\/\/franciscanos.org.br\/noticias\/wp-json\/wp\/v2\/users\/1"}],"replies":[{"embeddable":true,"href":"https:\/\/franciscanos.org.br\/noticias\/wp-json\/wp\/v2\/comments?post=144583"}],"version-history":[{"count":0,"href":"https:\/\/franciscanos.org.br\/noticias\/wp-json\/wp\/v2\/posts\/144583\/revisions"}],"wp:featuredmedia":[{"embeddable":true,"href":"https:\/\/franciscanos.org.br\/noticias\/wp-json\/wp\/v2\/media\/204035"}],"wp:attachment":[{"href":"https:\/\/franciscanos.org.br\/noticias\/wp-json\/wp\/v2\/media?parent=144583"}],"wp:term":[{"taxonomy":"category","embeddable":true,"href":"https:\/\/franciscanos.org.br\/noticias\/wp-json\/wp\/v2\/categories?post=144583"},{"taxonomy":"post_tag","embeddable":true,"href":"https:\/\/franciscanos.org.br\/noticias\/wp-json\/wp\/v2\/tags?post=144583"}],"curies":[{"name":"wp","href":"https:\/\/api.w.org\/{rel}","templated":true}]}}