{"id":144485,"date":"2017-10-22T09:23:47","date_gmt":"2017-10-22T11:23:47","guid":{"rendered":"http:\/\/franciscanos.org.br\/?p=144485"},"modified":"2021-08-29T10:25:29","modified_gmt":"2021-08-29T13:25:29","slug":"a-confianca-prioritaria-em-deus-e-a-esperanca-nele-nao-levam-a-uma-fuga-da-realidade","status":"publish","type":"post","link":"https:\/\/franciscanos.org.br\/noticias\/a-confianca-prioritaria-em-deus-e-a-esperanca-nele-nao-levam-a-uma-fuga-da-realidade.html","title":{"rendered":"Papa: \u00c9 Ele que lhe deu tudo o que voc\u00ea \u00e9 e o que voc\u00ea tem"},"content":{"rendered":"<p>&nbsp;<\/p>\n<p><img loading=\"lazy\" class=\"alignnone size-full wp-image-233926\" src=\"https:\/\/franciscanos.org.br\/noticias\/wp-content\/uploads\/2021\/08\/angelus_290821d.jpg\" alt=\"\" width=\"800\" height=\"550\" srcset=\"https:\/\/franciscanos.org.br\/noticias\/wp-content\/uploads\/2021\/08\/angelus_290821d.jpg 800w, https:\/\/franciscanos.org.br\/noticias\/wp-content\/uploads\/2021\/08\/angelus_290821d-450x309.jpg 450w, https:\/\/franciscanos.org.br\/noticias\/wp-content\/uploads\/2021\/08\/angelus_290821d-768x528.jpg 768w, https:\/\/franciscanos.org.br\/noticias\/wp-content\/uploads\/2021\/08\/angelus_290821d-150x103.jpg 150w, https:\/\/franciscanos.org.br\/noticias\/wp-content\/uploads\/2021\/08\/angelus_290821d-320x220.jpg 320w\" sizes=\"(max-width: 800px) 100vw, 800px\" \/><\/p>\n<p><strong>Cidade do Vaticano<\/strong> &#8211; O Papa Francisco rezou a ora\u00e7\u00e3o mariana do Angelus, deste domingo (22\/10), Dia Mundial das Miss\u00f5es, com os fi\u00e9is e peregrinos reunidos na Pra\u00e7a S\u00e3o Pedro. \u201cO Evangelho deste domingo nos apresenta um novo face a face entre Jesus e seus opositores. O tema abordado \u00e9 o do tributo a C\u00e9sar: uma pergunta &#8216;espinhosa&#8217;, sobre se \u00e9 l\u00edcito ou n\u00e3o pagar o imposto ao imperador de Roma, que era submetida \u00e0 Palestina no tempo de Jesus. As posi\u00e7\u00f5es eram diferentes. Portanto, a pergunta feita pelos fariseus: \u00c9 l\u00edcito ou n\u00e3o pagar imposto a C\u00e9sar? Era uma armadilha para o Mestre. De fato, dependendo de como tivesse respondido, ele seria acusado de estar a favor ou contra Roma\u201d, disse o Papa na alocu\u00e7\u00e3o antes da ora\u00e7\u00e3o.<\/p>\n<p>O Pont\u00edfice ressaltou \u201cque Jesus, tamb\u00e9m neste caso, responde com calma e aproveita a pergunta maliciosa para dar uma li\u00e7\u00e3o importante, colocando-se acima da pol\u00eamica e coaliz\u00f5es opostas\u201d. Ele diz aos fariseus: Mostrem-me a moeda do imposto. Eles levaram ent\u00e3o a moeda a Ele, e Jesus, olhando a moeda, perguntou-lhes: De quem \u00e9 a figura e a inscri\u00e7\u00e3o? Os fariseus responderam: De C\u00e9sar. Ent\u00e3o Jesus conclui: \u00abPois deem a C\u00e9sar o que \u00e9 de C\u00e9sar, e a Deus o que \u00e9 de Deus\u00bb.<\/p>\n<p>\u201cPor um lado, intimando a restituir ao imperador o que lhe pertence, Jesus declara que pagar o imposto n\u00e3o \u00e9 um ato de idolatria, mas um ato devido \u00e0 autoridade terrena; por outro lado, e \u00e9 aqui Jesus d\u00e1 um &#8216;tapa de luva&#8217;, lembrando o primado de Deus, pede para dar ao Senhor da vida do homem e da hist\u00f3ria o que lhe cabe\u201d.<br \/>\nSegundo o Papa, \u201ca refer\u00eancia \u00e0 imagem de C\u00e9sar, cunhada na moeda, diz que \u00e9 justo sentir-se plenamente, com direitos e deveres, cidad\u00e3os do Estado; mas, simbolicamente, faz pensar na outra imagem impressa em cada homem: a imagem de Deus\u201d.<\/p>\n<p>\u201cEle \u00e9 o Senhor de tudo, e n\u00f3s, que fomos criados &#8216;\u00e0 sua imagem&#8217; pertencemos sobretudo a Ele. A partir da pergunta colocada pelos fariseus, Jesus faz uma pergunta mais radical e vital para cada um de n\u00f3s, uma pergunta que n\u00f3s podemos nos fazer: a quem perten\u00e7o? \u00c0 fam\u00edlia, \u00e0 cidade, aos amigos, \u00e0 escola, ao trabalho, \u00e0 pol\u00edtica, ao Estado? Sim, claro. Mas primeiramente, Jesus nos recorda: voc\u00ea pertence a Deus. Esta \u00e9 a perten\u00e7a fundamental. \u00c9 Ele que lhe deu tudo o que voc\u00ea \u00e9 e o que voc\u00ea tem. Portanto, a nossa vida, podemos e devemos viv\u00ea-la todos os dias no reconhecimento dessa nossa perten\u00e7a fundamental e no reconhecimento do cora\u00e7\u00e3o para com nosso Pai, que cria cada um de n\u00f3s individualmente, \u00fanico, mas sempre segundo a imagem de seu amado Filho, Jesus. \u00c9 um maravilhoso mist\u00e9rio\u201d.<\/p>\n<p>O Papa disse ainda que \u201co crist\u00e3o \u00e9 chamado a se comprometer concretamente nas realidades humanas e sociais sem contrapor &#8220;Deus&#8221; e &#8220;C\u00e9sar&#8221;, contrapor Deus e C\u00e9sar seria um comportamento fundamentalista. O crist\u00e3o \u00e9 chamado a comprometer-se concretamente com as realidades terrenas, mas iluminando-as com a luz que vem de Deus. A confian\u00e7a priorit\u00e1ria em Deus e a esperan\u00e7a Nele n\u00e3o levam a uma fuga da realidade, mas sim a trabalhar e dar a Deus o que lhe pertence. \u00c9 por isso que o fiel olha a realidade futura, a de Deus, para viver a vida terrena em plenitude e responder com coragem aos seus desafios\u201d.<\/p>\n<p>Francisco pediu \u00e0 Virgem Maria para que \u201cnos ajude a viver sempre de acordo com a imagem de Deus que trazemos em n\u00f3s, dentro, dando tamb\u00e9m a nossa contribui\u00e7\u00e3o na constru\u00e7\u00e3o da cidade terrena\u201d.<\/p>\n","protected":false},"excerpt":{"rendered":"<p>Angelus<\/p>\n","protected":false},"author":1,"featured_media":233925,"comment_status":"open","ping_status":"open","sticky":false,"template":"","format":"standard","meta":[],"categories":[1428],"tags":[403],"acf":[],"yoast_head":"<!-- This site is optimized with the Yoast SEO plugin v19.2 - https:\/\/yoast.com\/wordpress\/plugins\/seo\/ -->\n<title>Papa: \u00c9 Ele que lhe deu tudo o que voc\u00ea \u00e9 e o que voc\u00ea tem - Not\u00edcias - Franciscanos<\/title>\n<meta name=\"robots\" content=\"index, follow, max-snippet:-1, max-image-preview:large, max-video-preview:-1\" \/>\n<link rel=\"canonical\" href=\"https:\/\/franciscanos.org.br\/noticias\/a-confianca-prioritaria-em-deus-e-a-esperanca-nele-nao-levam-a-uma-fuga-da-realidade.html\" \/>\n<meta property=\"og:locale\" content=\"pt_BR\" \/>\n<meta property=\"og:type\" content=\"article\" \/>\n<meta property=\"og:title\" content=\"Papa: \u00c9 Ele que lhe deu tudo o que voc\u00ea \u00e9 e o que voc\u00ea tem - Not\u00edcias - Franciscanos\" \/>\n<meta property=\"og:description\" content=\"Angelus\" \/>\n<meta property=\"og:url\" content=\"https:\/\/franciscanos.org.br\/noticias\/a-confianca-prioritaria-em-deus-e-a-esperanca-nele-nao-levam-a-uma-fuga-da-realidade.html\" \/>\n<meta property=\"og:site_name\" content=\"Not\u00edcias - Franciscanos\" \/>\n<meta property=\"article:published_time\" content=\"2017-10-22T11:23:47+00:00\" \/>\n<meta property=\"article:modified_time\" content=\"2021-08-29T13:25:29+00:00\" \/>\n<meta property=\"og:image\" content=\"https:\/\/franciscanos.org.br\/noticias\/wp-content\/uploads\/2021\/08\/angelus_290821.jpg\" \/>\n\t<meta property=\"og:image:width\" content=\"1280\" \/>\n\t<meta property=\"og:image:height\" content=\"720\" \/>\n\t<meta property=\"og:image:type\" content=\"image\/jpeg\" \/>\n<meta name=\"author\" content=\"admin\" \/>\n<meta name=\"twitter:card\" content=\"summary_large_image\" \/>\n<meta name=\"twitter:label1\" content=\"Escrito por\" \/>\n\t<meta name=\"twitter:data1\" content=\"admin\" \/>\n\t<meta name=\"twitter:label2\" content=\"Est. tempo de leitura\" \/>\n\t<meta name=\"twitter:data2\" content=\"3 minutos\" \/>\n<script type=\"application\/ld+json\" class=\"yoast-schema-graph\">{\"@context\":\"https:\/\/schema.org\",\"@graph\":[{\"@type\":\"WebSite\",\"@id\":\"https:\/\/franciscanos.org.br\/noticias\/#website\",\"url\":\"https:\/\/franciscanos.org.br\/noticias\/\",\"name\":\"Not\u00edcias - Franciscanos\",\"description\":\"Prov\u00edncia Franciscana da Imaculada Concei\u00e7\u00e3o do Brasil - Ordem dos Frades Menores - OFM\",\"potentialAction\":[{\"@type\":\"SearchAction\",\"target\":{\"@type\":\"EntryPoint\",\"urlTemplate\":\"https:\/\/franciscanos.org.br\/noticias\/?s={search_term_string}\"},\"query-input\":\"required name=search_term_string\"}],\"inLanguage\":\"pt-BR\"},{\"@type\":\"ImageObject\",\"inLanguage\":\"pt-BR\",\"@id\":\"https:\/\/franciscanos.org.br\/noticias\/a-confianca-prioritaria-em-deus-e-a-esperanca-nele-nao-levam-a-uma-fuga-da-realidade.html#primaryimage\",\"url\":\"https:\/\/franciscanos.org.br\/noticias\/wp-content\/uploads\/2021\/08\/angelus_290821.jpg\",\"contentUrl\":\"https:\/\/franciscanos.org.br\/noticias\/wp-content\/uploads\/2021\/08\/angelus_290821.jpg\",\"width\":1280,\"height\":720},{\"@type\":\"WebPage\",\"@id\":\"https:\/\/franciscanos.org.br\/noticias\/a-confianca-prioritaria-em-deus-e-a-esperanca-nele-nao-levam-a-uma-fuga-da-realidade.html#webpage\",\"url\":\"https:\/\/franciscanos.org.br\/noticias\/a-confianca-prioritaria-em-deus-e-a-esperanca-nele-nao-levam-a-uma-fuga-da-realidade.html\",\"name\":\"Papa: \u00c9 Ele que lhe deu tudo o que voc\u00ea \u00e9 e o que voc\u00ea tem - Not\u00edcias - Franciscanos\",\"isPartOf\":{\"@id\":\"https:\/\/franciscanos.org.br\/noticias\/#website\"},\"primaryImageOfPage\":{\"@id\":\"https:\/\/franciscanos.org.br\/noticias\/a-confianca-prioritaria-em-deus-e-a-esperanca-nele-nao-levam-a-uma-fuga-da-realidade.html#primaryimage\"},\"datePublished\":\"2017-10-22T11:23:47+00:00\",\"dateModified\":\"2021-08-29T13:25:29+00:00\",\"author\":{\"@id\":\"https:\/\/franciscanos.org.br\/noticias\/#\/schema\/person\/b38fbf43118f02820bd932f2e4b14ad3\"},\"breadcrumb\":{\"@id\":\"https:\/\/franciscanos.org.br\/noticias\/a-confianca-prioritaria-em-deus-e-a-esperanca-nele-nao-levam-a-uma-fuga-da-realidade.html#breadcrumb\"},\"inLanguage\":\"pt-BR\",\"potentialAction\":[{\"@type\":\"ReadAction\",\"target\":[\"https:\/\/franciscanos.org.br\/noticias\/a-confianca-prioritaria-em-deus-e-a-esperanca-nele-nao-levam-a-uma-fuga-da-realidade.html\"]}]},{\"@type\":\"BreadcrumbList\",\"@id\":\"https:\/\/franciscanos.org.br\/noticias\/a-confianca-prioritaria-em-deus-e-a-esperanca-nele-nao-levam-a-uma-fuga-da-realidade.html#breadcrumb\",\"itemListElement\":[{\"@type\":\"ListItem\",\"position\":1,\"name\":\"Home\",\"item\":\"https:\/\/franciscanos.org.br\/noticias\"},{\"@type\":\"ListItem\",\"position\":2,\"name\":\"Papa: \u00c9 Ele que lhe deu tudo o que voc\u00ea \u00e9 e o que voc\u00ea tem\"}]},{\"@type\":\"Person\",\"@id\":\"https:\/\/franciscanos.org.br\/noticias\/#\/schema\/person\/b38fbf43118f02820bd932f2e4b14ad3\",\"name\":\"admin\",\"image\":{\"@type\":\"ImageObject\",\"inLanguage\":\"pt-BR\",\"@id\":\"https:\/\/franciscanos.org.br\/noticias\/#\/schema\/person\/image\/\",\"url\":\"https:\/\/secure.gravatar.com\/avatar\/e8495742d34d0ba6448ea1c628263b3e?s=96&d=mm&r=g\",\"contentUrl\":\"https:\/\/secure.gravatar.com\/avatar\/e8495742d34d0ba6448ea1c628263b3e?s=96&d=mm&r=g\",\"caption\":\"admin\"},\"url\":\"https:\/\/franciscanos.org.br\/noticias\/author\/admin\"}]}<\/script>\n<!-- \/ Yoast SEO plugin. -->","yoast_head_json":{"title":"Papa: \u00c9 Ele que lhe deu tudo o que voc\u00ea \u00e9 e o que voc\u00ea tem - Not\u00edcias - Franciscanos","robots":{"index":"index","follow":"follow","max-snippet":"max-snippet:-1","max-image-preview":"max-image-preview:large","max-video-preview":"max-video-preview:-1"},"canonical":"https:\/\/franciscanos.org.br\/noticias\/a-confianca-prioritaria-em-deus-e-a-esperanca-nele-nao-levam-a-uma-fuga-da-realidade.html","og_locale":"pt_BR","og_type":"article","og_title":"Papa: \u00c9 Ele que lhe deu tudo o que voc\u00ea \u00e9 e o que voc\u00ea tem - Not\u00edcias - Franciscanos","og_description":"Angelus","og_url":"https:\/\/franciscanos.org.br\/noticias\/a-confianca-prioritaria-em-deus-e-a-esperanca-nele-nao-levam-a-uma-fuga-da-realidade.html","og_site_name":"Not\u00edcias - Franciscanos","article_published_time":"2017-10-22T11:23:47+00:00","article_modified_time":"2021-08-29T13:25:29+00:00","og_image":[{"width":1280,"height":720,"url":"https:\/\/franciscanos.org.br\/noticias\/wp-content\/uploads\/2021\/08\/angelus_290821.jpg","type":"image\/jpeg"}],"author":"admin","twitter_card":"summary_large_image","twitter_misc":{"Escrito por":"admin","Est. tempo de leitura":"3 minutos"},"schema":{"@context":"https:\/\/schema.org","@graph":[{"@type":"WebSite","@id":"https:\/\/franciscanos.org.br\/noticias\/#website","url":"https:\/\/franciscanos.org.br\/noticias\/","name":"Not\u00edcias - Franciscanos","description":"Prov\u00edncia Franciscana da Imaculada Concei\u00e7\u00e3o do Brasil - Ordem dos Frades Menores - OFM","potentialAction":[{"@type":"SearchAction","target":{"@type":"EntryPoint","urlTemplate":"https:\/\/franciscanos.org.br\/noticias\/?s={search_term_string}"},"query-input":"required name=search_term_string"}],"inLanguage":"pt-BR"},{"@type":"ImageObject","inLanguage":"pt-BR","@id":"https:\/\/franciscanos.org.br\/noticias\/a-confianca-prioritaria-em-deus-e-a-esperanca-nele-nao-levam-a-uma-fuga-da-realidade.html#primaryimage","url":"https:\/\/franciscanos.org.br\/noticias\/wp-content\/uploads\/2021\/08\/angelus_290821.jpg","contentUrl":"https:\/\/franciscanos.org.br\/noticias\/wp-content\/uploads\/2021\/08\/angelus_290821.jpg","width":1280,"height":720},{"@type":"WebPage","@id":"https:\/\/franciscanos.org.br\/noticias\/a-confianca-prioritaria-em-deus-e-a-esperanca-nele-nao-levam-a-uma-fuga-da-realidade.html#webpage","url":"https:\/\/franciscanos.org.br\/noticias\/a-confianca-prioritaria-em-deus-e-a-esperanca-nele-nao-levam-a-uma-fuga-da-realidade.html","name":"Papa: \u00c9 Ele que lhe deu tudo o que voc\u00ea \u00e9 e o que voc\u00ea tem - Not\u00edcias - Franciscanos","isPartOf":{"@id":"https:\/\/franciscanos.org.br\/noticias\/#website"},"primaryImageOfPage":{"@id":"https:\/\/franciscanos.org.br\/noticias\/a-confianca-prioritaria-em-deus-e-a-esperanca-nele-nao-levam-a-uma-fuga-da-realidade.html#primaryimage"},"datePublished":"2017-10-22T11:23:47+00:00","dateModified":"2021-08-29T13:25:29+00:00","author":{"@id":"https:\/\/franciscanos.org.br\/noticias\/#\/schema\/person\/b38fbf43118f02820bd932f2e4b14ad3"},"breadcrumb":{"@id":"https:\/\/franciscanos.org.br\/noticias\/a-confianca-prioritaria-em-deus-e-a-esperanca-nele-nao-levam-a-uma-fuga-da-realidade.html#breadcrumb"},"inLanguage":"pt-BR","potentialAction":[{"@type":"ReadAction","target":["https:\/\/franciscanos.org.br\/noticias\/a-confianca-prioritaria-em-deus-e-a-esperanca-nele-nao-levam-a-uma-fuga-da-realidade.html"]}]},{"@type":"BreadcrumbList","@id":"https:\/\/franciscanos.org.br\/noticias\/a-confianca-prioritaria-em-deus-e-a-esperanca-nele-nao-levam-a-uma-fuga-da-realidade.html#breadcrumb","itemListElement":[{"@type":"ListItem","position":1,"name":"Home","item":"https:\/\/franciscanos.org.br\/noticias"},{"@type":"ListItem","position":2,"name":"Papa: \u00c9 Ele que lhe deu tudo o que voc\u00ea \u00e9 e o que voc\u00ea tem"}]},{"@type":"Person","@id":"https:\/\/franciscanos.org.br\/noticias\/#\/schema\/person\/b38fbf43118f02820bd932f2e4b14ad3","name":"admin","image":{"@type":"ImageObject","inLanguage":"pt-BR","@id":"https:\/\/franciscanos.org.br\/noticias\/#\/schema\/person\/image\/","url":"https:\/\/secure.gravatar.com\/avatar\/e8495742d34d0ba6448ea1c628263b3e?s=96&d=mm&r=g","contentUrl":"https:\/\/secure.gravatar.com\/avatar\/e8495742d34d0ba6448ea1c628263b3e?s=96&d=mm&r=g","caption":"admin"},"url":"https:\/\/franciscanos.org.br\/noticias\/author\/admin"}]}},"_links":{"self":[{"href":"https:\/\/franciscanos.org.br\/noticias\/wp-json\/wp\/v2\/posts\/144485"}],"collection":[{"href":"https:\/\/franciscanos.org.br\/noticias\/wp-json\/wp\/v2\/posts"}],"about":[{"href":"https:\/\/franciscanos.org.br\/noticias\/wp-json\/wp\/v2\/types\/post"}],"author":[{"embeddable":true,"href":"https:\/\/franciscanos.org.br\/noticias\/wp-json\/wp\/v2\/users\/1"}],"replies":[{"embeddable":true,"href":"https:\/\/franciscanos.org.br\/noticias\/wp-json\/wp\/v2\/comments?post=144485"}],"version-history":[{"count":2,"href":"https:\/\/franciscanos.org.br\/noticias\/wp-json\/wp\/v2\/posts\/144485\/revisions"}],"predecessor-version":[{"id":233952,"href":"https:\/\/franciscanos.org.br\/noticias\/wp-json\/wp\/v2\/posts\/144485\/revisions\/233952"}],"wp:featuredmedia":[{"embeddable":true,"href":"https:\/\/franciscanos.org.br\/noticias\/wp-json\/wp\/v2\/media\/233925"}],"wp:attachment":[{"href":"https:\/\/franciscanos.org.br\/noticias\/wp-json\/wp\/v2\/media?parent=144485"}],"wp:term":[{"taxonomy":"category","embeddable":true,"href":"https:\/\/franciscanos.org.br\/noticias\/wp-json\/wp\/v2\/categories?post=144485"},{"taxonomy":"post_tag","embeddable":true,"href":"https:\/\/franciscanos.org.br\/noticias\/wp-json\/wp\/v2\/tags?post=144485"}],"curies":[{"name":"wp","href":"https:\/\/api.w.org\/{rel}","templated":true}]}}