{"id":144443,"date":"2017-10-20T08:27:46","date_gmt":"2017-10-20T10:27:46","guid":{"rendered":"http:\/\/franciscanos.org.br\/?p=144443"},"modified":"2020-06-08T16:45:33","modified_gmt":"2020-06-08T19:45:33","slug":"papa-nem-maquiagens-nem-hipocrisia-so-verdades-no-coracao","status":"publish","type":"post","link":"https:\/\/franciscanos.org.br\/noticias\/papa-nem-maquiagens-nem-hipocrisia-so-verdades-no-coracao.html","title":{"rendered":"Nem maquiagens nem hipocrisia, s\u00f3 verdades no cora\u00e7\u00e3o"},"content":{"rendered":"<p><img loading=\"lazy\" src=\"http:\/\/franciscanos.org.br\/wp-content\/uploads\/2016\/09\/marta_090916g.jpg\" alt=\"marta_090916g\" width=\"830\" height=\"401\" \/><\/p>\n<p><strong>Cidade do Vaticano<\/strong> \u2013 O Senhor nos d\u00ea a gra\u00e7a da \u201cverdade interior\u201d. Esta foi a ora\u00e7\u00e3o do Papa na missa celebrada na manh\u00e3 de sexta-feira (20\/10) na capela da Casa Santa Marta.\u00a0Francisco comentou a Carta de S\u00e3o Paulo aos Romanos, em que se exorta a aderir com um ato de f\u00e9 a Deus, explicando qual seja o \u201cverdadeiro perd\u00e3o de Deus\u201d, isto \u00e9, o perd\u00e3o gratuito que vem da Sua gra\u00e7a, da Sua vontade, e n\u00e3o certamente do que pensamos obter com as nossas obras.<\/p>\n<p>\u201cAs nossas obras s\u00e3o a resposta ao amor gratuito de Deus, que nos justificou e que nos perdoa sempre. E a nossa santidade \u00e9 justamente receber sempre este perd\u00e3o. \u00c9 o Senhor, Ele nos perdoou o pecado original e nos perdoa todas as vezes que O procuramos. N\u00f3s n\u00e3o podemos perdoar os nossos pecados com as nossas obras, somente Ele perdoa. N\u00f3s podemos responder com as nossas obras a este perd\u00e3o.\u201d<\/p>\n<p>No Evangelho do dia, de Lucas, prossegue o Pont\u00edfice, Jesus nos faz entender \u201coutro modo de buscar a justifica\u00e7\u00e3o\u201d, propondo-nos a imagem \u201cdos que se creem justos pelas apar\u00eancias\u201d: ou seja, os que sabem fazer \u201ccara de santo\u201d, como \u201cse fossem santos\u201d, diz Francisco. \u201cS\u00e3o os hip\u00f3critas.\u201d Dentro eles, \u201cest\u00e1 tudo sujo\u201d, mas externamente querem \u201caparecer\u201d justos e bons, mostrando que jejuam, rezam ou d\u00e3o esmola. Mas dentro do cora\u00e7\u00e3o n\u00e3o t\u00eam nada, \u201cn\u00e3o t\u00eam subst\u00e2ncia\u201d, t\u00eam \u201cuma vida hip\u00f3crita\u201d, a verdade deles \u00e9 inexistente:\u00a0\u201cEssas pessoas maquiam a alma, vivem de maquiagem, a santidade \u00e9 uma maquiagem para eles. Jesus sempre nos pede para sermos verdadeiros, mas verdadeiros dentro do cora\u00e7\u00e3o. E, se alguma coisa aparecer, que apare\u00e7a esta verdade, aquilo que temos dentro do cora\u00e7\u00e3o. Por isso se d\u00e1 este conselho: quando rezar, reze escondido; quando jejuar, a\u00ed sim, maquie-se um pouco, para que ningu\u00e9m veja no rosto a fraqueza do jejum; e quando der esmola, que a sua m\u00e3o esquerda n\u00e3o saiba o que faz a direita, fa\u00e7a escondido.\u201d<\/p>\n<p>Eles usam \u201ca justifica\u00e7\u00e3o da apar\u00eancia\u201d, afirmou o Papa. S\u00e3o \u201cbolhas de sab\u00e3o\u201d que hoje existem e amanh\u00e3 n\u00e3o existem mais:\u00a0\u201cJesus nos pede coer\u00eancia de vida, coer\u00eancia entre aquilo que fazemos e aquilo que vivemos dentro. A falsidade faz muito mal, a hipocrisia faz muito mal, \u00e9 um modo de viver. No Salmo, pedimos a gra\u00e7a da verdade diante do Senhor. \u00c9 belo o que pedimos: &#8216;Senhor, contei o meu pecado, n\u00e3o o escondi, n\u00e3o encobri a minha culpa, n\u00e3o maquiei a minha alma. Eu disse: \u2018Confessarei ao Senhor as minhas iniquidades\u2019 e o Senhor tirou a minha culpa e o meu pecado\u2019. A verdade sempre diante do Senhor, sempre. E esta verdade diante de Deus \u00e9 aquela que abre o caminho para que o Senhor nos perdoe.\u201d<\/p>\n<p>A hipocrisia se torna assim um \u201ch\u00e1bito\u201d: portanto, a estrada indicada por Francisco n\u00e3o \u00e9 acusar os outros, mas aprender a \u201csabedoria de acusar a si mesmos\u201d, sem encobrir as nossas culpas diante do Senhor.<\/p>\n<hr \/>\n<p><em>Fonte: Vatican News<\/em><\/p>\n","protected":false},"excerpt":{"rendered":"<p>Missa em Santa Marta<\/p>\n","protected":false},"author":1,"featured_media":199389,"comment_status":"open","ping_status":"open","sticky":false,"template":"","format":"standard","meta":[],"categories":[1428],"tags":[1586],"acf":[],"yoast_head":"<!-- This site is optimized with the Yoast SEO plugin v19.2 - https:\/\/yoast.com\/wordpress\/plugins\/seo\/ -->\n<title>Nem maquiagens nem hipocrisia, s\u00f3 verdades no cora\u00e7\u00e3o - Not\u00edcias - Franciscanos<\/title>\n<meta name=\"robots\" content=\"index, follow, max-snippet:-1, max-image-preview:large, max-video-preview:-1\" \/>\n<link rel=\"canonical\" href=\"https:\/\/franciscanos.org.br\/noticias\/papa-nem-maquiagens-nem-hipocrisia-so-verdades-no-coracao.html\" \/>\n<meta property=\"og:locale\" content=\"pt_BR\" \/>\n<meta property=\"og:type\" content=\"article\" \/>\n<meta property=\"og:title\" content=\"Nem maquiagens nem hipocrisia, s\u00f3 verdades no cora\u00e7\u00e3o - Not\u00edcias - Franciscanos\" \/>\n<meta property=\"og:description\" content=\"Missa em Santa Marta\" \/>\n<meta property=\"og:url\" content=\"https:\/\/franciscanos.org.br\/noticias\/papa-nem-maquiagens-nem-hipocrisia-so-verdades-no-coracao.html\" \/>\n<meta property=\"og:site_name\" content=\"Not\u00edcias - Franciscanos\" \/>\n<meta property=\"article:published_time\" content=\"2017-10-20T10:27:46+00:00\" \/>\n<meta property=\"article:modified_time\" content=\"2020-06-08T19:45:33+00:00\" \/>\n<meta property=\"og:image\" content=\"https:\/\/franciscanos.org.br\/noticias\/wp-content\/uploads\/2017\/10\/marta_090916g-1.jpg\" \/>\n\t<meta property=\"og:image:width\" content=\"273\" \/>\n\t<meta property=\"og:image:height\" content=\"181\" \/>\n\t<meta property=\"og:image:type\" content=\"image\/jpeg\" \/>\n<meta name=\"author\" content=\"admin\" \/>\n<meta name=\"twitter:card\" content=\"summary_large_image\" \/>\n<meta name=\"twitter:label1\" content=\"Escrito por\" \/>\n\t<meta name=\"twitter:data1\" content=\"admin\" \/>\n\t<meta name=\"twitter:label2\" content=\"Est. tempo de leitura\" \/>\n\t<meta name=\"twitter:data2\" content=\"3 minutos\" \/>\n<script type=\"application\/ld+json\" class=\"yoast-schema-graph\">{\"@context\":\"https:\/\/schema.org\",\"@graph\":[{\"@type\":\"WebSite\",\"@id\":\"https:\/\/franciscanos.org.br\/noticias\/#website\",\"url\":\"https:\/\/franciscanos.org.br\/noticias\/\",\"name\":\"Not\u00edcias - Franciscanos\",\"description\":\"Prov\u00edncia Franciscana da Imaculada Concei\u00e7\u00e3o do Brasil - Ordem dos Frades Menores - OFM\",\"potentialAction\":[{\"@type\":\"SearchAction\",\"target\":{\"@type\":\"EntryPoint\",\"urlTemplate\":\"https:\/\/franciscanos.org.br\/noticias\/?s={search_term_string}\"},\"query-input\":\"required name=search_term_string\"}],\"inLanguage\":\"pt-BR\"},{\"@type\":\"ImageObject\",\"inLanguage\":\"pt-BR\",\"@id\":\"https:\/\/franciscanos.org.br\/noticias\/papa-nem-maquiagens-nem-hipocrisia-so-verdades-no-coracao.html#primaryimage\",\"url\":\"https:\/\/franciscanos.org.br\/noticias\/wp-content\/uploads\/2017\/10\/marta_090916g-1.jpg\",\"contentUrl\":\"https:\/\/franciscanos.org.br\/noticias\/wp-content\/uploads\/2017\/10\/marta_090916g-1.jpg\",\"width\":273,\"height\":181},{\"@type\":\"WebPage\",\"@id\":\"https:\/\/franciscanos.org.br\/noticias\/papa-nem-maquiagens-nem-hipocrisia-so-verdades-no-coracao.html#webpage\",\"url\":\"https:\/\/franciscanos.org.br\/noticias\/papa-nem-maquiagens-nem-hipocrisia-so-verdades-no-coracao.html\",\"name\":\"Nem maquiagens nem hipocrisia, s\u00f3 verdades no cora\u00e7\u00e3o - Not\u00edcias - Franciscanos\",\"isPartOf\":{\"@id\":\"https:\/\/franciscanos.org.br\/noticias\/#website\"},\"primaryImageOfPage\":{\"@id\":\"https:\/\/franciscanos.org.br\/noticias\/papa-nem-maquiagens-nem-hipocrisia-so-verdades-no-coracao.html#primaryimage\"},\"datePublished\":\"2017-10-20T10:27:46+00:00\",\"dateModified\":\"2020-06-08T19:45:33+00:00\",\"author\":{\"@id\":\"https:\/\/franciscanos.org.br\/noticias\/#\/schema\/person\/b38fbf43118f02820bd932f2e4b14ad3\"},\"breadcrumb\":{\"@id\":\"https:\/\/franciscanos.org.br\/noticias\/papa-nem-maquiagens-nem-hipocrisia-so-verdades-no-coracao.html#breadcrumb\"},\"inLanguage\":\"pt-BR\",\"potentialAction\":[{\"@type\":\"ReadAction\",\"target\":[\"https:\/\/franciscanos.org.br\/noticias\/papa-nem-maquiagens-nem-hipocrisia-so-verdades-no-coracao.html\"]}]},{\"@type\":\"BreadcrumbList\",\"@id\":\"https:\/\/franciscanos.org.br\/noticias\/papa-nem-maquiagens-nem-hipocrisia-so-verdades-no-coracao.html#breadcrumb\",\"itemListElement\":[{\"@type\":\"ListItem\",\"position\":1,\"name\":\"Home\",\"item\":\"https:\/\/franciscanos.org.br\/noticias\"},{\"@type\":\"ListItem\",\"position\":2,\"name\":\"Nem maquiagens nem hipocrisia, s\u00f3 verdades no cora\u00e7\u00e3o\"}]},{\"@type\":\"Person\",\"@id\":\"https:\/\/franciscanos.org.br\/noticias\/#\/schema\/person\/b38fbf43118f02820bd932f2e4b14ad3\",\"name\":\"admin\",\"image\":{\"@type\":\"ImageObject\",\"inLanguage\":\"pt-BR\",\"@id\":\"https:\/\/franciscanos.org.br\/noticias\/#\/schema\/person\/image\/\",\"url\":\"https:\/\/secure.gravatar.com\/avatar\/e8495742d34d0ba6448ea1c628263b3e?s=96&d=mm&r=g\",\"contentUrl\":\"https:\/\/secure.gravatar.com\/avatar\/e8495742d34d0ba6448ea1c628263b3e?s=96&d=mm&r=g\",\"caption\":\"admin\"},\"url\":\"https:\/\/franciscanos.org.br\/noticias\/author\/admin\"}]}<\/script>\n<!-- \/ Yoast SEO plugin. -->","yoast_head_json":{"title":"Nem maquiagens nem hipocrisia, s\u00f3 verdades no cora\u00e7\u00e3o - Not\u00edcias - Franciscanos","robots":{"index":"index","follow":"follow","max-snippet":"max-snippet:-1","max-image-preview":"max-image-preview:large","max-video-preview":"max-video-preview:-1"},"canonical":"https:\/\/franciscanos.org.br\/noticias\/papa-nem-maquiagens-nem-hipocrisia-so-verdades-no-coracao.html","og_locale":"pt_BR","og_type":"article","og_title":"Nem maquiagens nem hipocrisia, s\u00f3 verdades no cora\u00e7\u00e3o - Not\u00edcias - Franciscanos","og_description":"Missa em Santa Marta","og_url":"https:\/\/franciscanos.org.br\/noticias\/papa-nem-maquiagens-nem-hipocrisia-so-verdades-no-coracao.html","og_site_name":"Not\u00edcias - Franciscanos","article_published_time":"2017-10-20T10:27:46+00:00","article_modified_time":"2020-06-08T19:45:33+00:00","og_image":[{"width":273,"height":181,"url":"https:\/\/franciscanos.org.br\/noticias\/wp-content\/uploads\/2017\/10\/marta_090916g-1.jpg","type":"image\/jpeg"}],"author":"admin","twitter_card":"summary_large_image","twitter_misc":{"Escrito por":"admin","Est. tempo de leitura":"3 minutos"},"schema":{"@context":"https:\/\/schema.org","@graph":[{"@type":"WebSite","@id":"https:\/\/franciscanos.org.br\/noticias\/#website","url":"https:\/\/franciscanos.org.br\/noticias\/","name":"Not\u00edcias - Franciscanos","description":"Prov\u00edncia Franciscana da Imaculada Concei\u00e7\u00e3o do Brasil - Ordem dos Frades Menores - OFM","potentialAction":[{"@type":"SearchAction","target":{"@type":"EntryPoint","urlTemplate":"https:\/\/franciscanos.org.br\/noticias\/?s={search_term_string}"},"query-input":"required name=search_term_string"}],"inLanguage":"pt-BR"},{"@type":"ImageObject","inLanguage":"pt-BR","@id":"https:\/\/franciscanos.org.br\/noticias\/papa-nem-maquiagens-nem-hipocrisia-so-verdades-no-coracao.html#primaryimage","url":"https:\/\/franciscanos.org.br\/noticias\/wp-content\/uploads\/2017\/10\/marta_090916g-1.jpg","contentUrl":"https:\/\/franciscanos.org.br\/noticias\/wp-content\/uploads\/2017\/10\/marta_090916g-1.jpg","width":273,"height":181},{"@type":"WebPage","@id":"https:\/\/franciscanos.org.br\/noticias\/papa-nem-maquiagens-nem-hipocrisia-so-verdades-no-coracao.html#webpage","url":"https:\/\/franciscanos.org.br\/noticias\/papa-nem-maquiagens-nem-hipocrisia-so-verdades-no-coracao.html","name":"Nem maquiagens nem hipocrisia, s\u00f3 verdades no cora\u00e7\u00e3o - Not\u00edcias - Franciscanos","isPartOf":{"@id":"https:\/\/franciscanos.org.br\/noticias\/#website"},"primaryImageOfPage":{"@id":"https:\/\/franciscanos.org.br\/noticias\/papa-nem-maquiagens-nem-hipocrisia-so-verdades-no-coracao.html#primaryimage"},"datePublished":"2017-10-20T10:27:46+00:00","dateModified":"2020-06-08T19:45:33+00:00","author":{"@id":"https:\/\/franciscanos.org.br\/noticias\/#\/schema\/person\/b38fbf43118f02820bd932f2e4b14ad3"},"breadcrumb":{"@id":"https:\/\/franciscanos.org.br\/noticias\/papa-nem-maquiagens-nem-hipocrisia-so-verdades-no-coracao.html#breadcrumb"},"inLanguage":"pt-BR","potentialAction":[{"@type":"ReadAction","target":["https:\/\/franciscanos.org.br\/noticias\/papa-nem-maquiagens-nem-hipocrisia-so-verdades-no-coracao.html"]}]},{"@type":"BreadcrumbList","@id":"https:\/\/franciscanos.org.br\/noticias\/papa-nem-maquiagens-nem-hipocrisia-so-verdades-no-coracao.html#breadcrumb","itemListElement":[{"@type":"ListItem","position":1,"name":"Home","item":"https:\/\/franciscanos.org.br\/noticias"},{"@type":"ListItem","position":2,"name":"Nem maquiagens nem hipocrisia, s\u00f3 verdades no cora\u00e7\u00e3o"}]},{"@type":"Person","@id":"https:\/\/franciscanos.org.br\/noticias\/#\/schema\/person\/b38fbf43118f02820bd932f2e4b14ad3","name":"admin","image":{"@type":"ImageObject","inLanguage":"pt-BR","@id":"https:\/\/franciscanos.org.br\/noticias\/#\/schema\/person\/image\/","url":"https:\/\/secure.gravatar.com\/avatar\/e8495742d34d0ba6448ea1c628263b3e?s=96&d=mm&r=g","contentUrl":"https:\/\/secure.gravatar.com\/avatar\/e8495742d34d0ba6448ea1c628263b3e?s=96&d=mm&r=g","caption":"admin"},"url":"https:\/\/franciscanos.org.br\/noticias\/author\/admin"}]}},"_links":{"self":[{"href":"https:\/\/franciscanos.org.br\/noticias\/wp-json\/wp\/v2\/posts\/144443"}],"collection":[{"href":"https:\/\/franciscanos.org.br\/noticias\/wp-json\/wp\/v2\/posts"}],"about":[{"href":"https:\/\/franciscanos.org.br\/noticias\/wp-json\/wp\/v2\/types\/post"}],"author":[{"embeddable":true,"href":"https:\/\/franciscanos.org.br\/noticias\/wp-json\/wp\/v2\/users\/1"}],"replies":[{"embeddable":true,"href":"https:\/\/franciscanos.org.br\/noticias\/wp-json\/wp\/v2\/comments?post=144443"}],"version-history":[{"count":1,"href":"https:\/\/franciscanos.org.br\/noticias\/wp-json\/wp\/v2\/posts\/144443\/revisions"}],"predecessor-version":[{"id":225214,"href":"https:\/\/franciscanos.org.br\/noticias\/wp-json\/wp\/v2\/posts\/144443\/revisions\/225214"}],"wp:featuredmedia":[{"embeddable":true,"href":"https:\/\/franciscanos.org.br\/noticias\/wp-json\/wp\/v2\/media\/199389"}],"wp:attachment":[{"href":"https:\/\/franciscanos.org.br\/noticias\/wp-json\/wp\/v2\/media?parent=144443"}],"wp:term":[{"taxonomy":"category","embeddable":true,"href":"https:\/\/franciscanos.org.br\/noticias\/wp-json\/wp\/v2\/categories?post=144443"},{"taxonomy":"post_tag","embeddable":true,"href":"https:\/\/franciscanos.org.br\/noticias\/wp-json\/wp\/v2\/tags?post=144443"}],"curies":[{"name":"wp","href":"https:\/\/api.w.org\/{rel}","templated":true}]}}