{"id":144375,"date":"2017-10-18T10:25:22","date_gmt":"2017-10-18T12:25:22","guid":{"rendered":"http:\/\/franciscanos.org.br\/?p=144375"},"modified":"2019-04-29T10:06:34","modified_gmt":"2019-04-29T13:06:34","slug":"fraternidade-do-pari-festeja-90-anos-de-fundacao","status":"publish","type":"post","link":"https:\/\/franciscanos.org.br\/noticias\/fraternidade-do-pari-festeja-90-anos-de-fundacao.html","title":{"rendered":"Fraternidade do Pari festeja 90 anos de funda\u00e7\u00e3o"},"content":{"rendered":"<p><img loading=\"lazy\" src=\"http:\/\/franciscanos.org.br\/wp-content\/uploads\/2017\/10\/ofs_181017.jpg\" alt=\"ofs_181017\" width=\"830\" height=\"400\" \/><\/p>\n<p><strong>S\u00e3o Paulo (SP) &#8211;<\/strong> A Ordem Franciscana Secular da Par\u00f3quia Santo Ant\u00f4nio do Pari comemorou com imensa alegria franciscana, no dia 15 de outubro, seus 90 anos de funda\u00e7\u00e3o. A funda\u00e7\u00e3o foi em 27 de julho de 1927.<\/p>\n<p>A Fraternidade, que leva o nome do padroeiro da par\u00f3quia, louvou e agradeceu a Deus pela espiritualidade e viv\u00eancia franciscana que perduram por todo esse tempo.\u00a0A missa, presidida pelo p\u00e1roco Frei Germano Guesser, congregou irm\u00e3os de OFS de v\u00e1rias outras Fraternidades e paroquianos para celebrar a Gra\u00e7a de Cristo, presente, em Paz e Bem, na vida de Francisco e na vida de todos os que seguem o Evangelho, como aprendizes seus.<\/p>\n<p>A seguir, a Fraternidade Santo Ant\u00f4nio ofereceu um delicioso caf\u00e9 de confraterniza\u00e7\u00e3o para todos, reunindo cerca de 130 pessoas, entre paroquianos e membros da OFS.<\/p>\n<p>Durante o caf\u00e9, foi encenada uma pe\u00e7a teatral, dirigida pelo pr\u00f3prio autor, o irm\u00e3o Rafael Marques, mostrando, com seriedade e bom humor, como alguns fatos da vida de S\u00e3o Francisco tocaram o cora\u00e7\u00e3o e mudaram a vida dos personagens. Um texto genial e tocante, que uniu, na apresenta\u00e7\u00e3o, irm\u00e3os da Fraternidade local e paroquianos.<\/p>\n<p>Ap\u00f3s o entusiasmado \u201cParab\u00e9ns\u201d, foi servido um bolo saboroso, ao som de cantos franciscanos e religiosos, lindamente interpretados pela irm\u00e3 Heloisa Marques, com seu viol\u00e3o, acompanhada pelo pessoal presente.<\/p>\n<p>Dessa manh\u00e3 cheia de b\u00ean\u00e7\u00e3os, todos sa\u00edram felizes e agradecidos ao Conselho da Fraternidade Santo Ant\u00f4nio do Pari (Maria Helena Marques da Silva, Luis Gonzaga Garcia, Celina Creusa da Silva, Martinha da Silva, F\u00e1bio Pinto da Silva) que, muito carinhosamente, a promoveu, com a ajuda fraterna de algumas irm\u00e3s e volunt\u00e1rias da par\u00f3quia. Foi uma verdadeira festa de irm\u00e3os! Louvado seja o Senhor!<\/p>\n<p><strong>Lourdes Bona, especial para este site\u00a0<\/strong><\/p>\n\n","protected":false},"excerpt":{"rendered":"<p>OFS<\/p>\n","protected":false},"author":1,"featured_media":204014,"comment_status":"open","ping_status":"open","sticky":false,"template":"","format":"standard","meta":[],"categories":[1],"tags":[60],"acf":[],"yoast_head":"<!-- This site is optimized with the Yoast SEO plugin v19.2 - https:\/\/yoast.com\/wordpress\/plugins\/seo\/ -->\n<title>Fraternidade do Pari festeja 90 anos de funda\u00e7\u00e3o - Not\u00edcias - Franciscanos<\/title>\n<meta name=\"robots\" content=\"index, follow, max-snippet:-1, max-image-preview:large, max-video-preview:-1\" \/>\n<link rel=\"canonical\" href=\"https:\/\/franciscanos.org.br\/noticias\/fraternidade-do-pari-festeja-90-anos-de-fundacao.html\" \/>\n<meta property=\"og:locale\" content=\"pt_BR\" \/>\n<meta property=\"og:type\" content=\"article\" \/>\n<meta property=\"og:title\" content=\"Fraternidade do Pari festeja 90 anos de funda\u00e7\u00e3o - Not\u00edcias - Franciscanos\" \/>\n<meta property=\"og:description\" content=\"OFS\" \/>\n<meta property=\"og:url\" content=\"https:\/\/franciscanos.org.br\/noticias\/fraternidade-do-pari-festeja-90-anos-de-fundacao.html\" \/>\n<meta property=\"og:site_name\" content=\"Not\u00edcias - Franciscanos\" \/>\n<meta property=\"article:published_time\" content=\"2017-10-18T12:25:22+00:00\" \/>\n<meta property=\"article:modified_time\" content=\"2019-04-29T13:06:34+00:00\" \/>\n<meta property=\"og:image\" content=\"https:\/\/franciscanos.org.br\/noticias\/wp-content\/uploads\/2017\/10\/ofs_181017.jpg\" \/>\n\t<meta property=\"og:image:width\" content=\"273\" \/>\n\t<meta property=\"og:image:height\" content=\"181\" \/>\n\t<meta property=\"og:image:type\" content=\"image\/jpeg\" \/>\n<meta name=\"author\" content=\"admin\" \/>\n<meta name=\"twitter:card\" content=\"summary_large_image\" \/>\n<meta name=\"twitter:label1\" content=\"Escrito por\" \/>\n\t<meta name=\"twitter:data1\" content=\"admin\" \/>\n\t<meta name=\"twitter:label2\" content=\"Est. tempo de leitura\" \/>\n\t<meta name=\"twitter:data2\" content=\"2 minutos\" \/>\n<script type=\"application\/ld+json\" class=\"yoast-schema-graph\">{\"@context\":\"https:\/\/schema.org\",\"@graph\":[{\"@type\":\"WebSite\",\"@id\":\"https:\/\/franciscanos.org.br\/noticias\/#website\",\"url\":\"https:\/\/franciscanos.org.br\/noticias\/\",\"name\":\"Not\u00edcias - Franciscanos\",\"description\":\"Prov\u00edncia Franciscana da Imaculada Concei\u00e7\u00e3o do Brasil - Ordem dos Frades Menores - OFM\",\"potentialAction\":[{\"@type\":\"SearchAction\",\"target\":{\"@type\":\"EntryPoint\",\"urlTemplate\":\"https:\/\/franciscanos.org.br\/noticias\/?s={search_term_string}\"},\"query-input\":\"required name=search_term_string\"}],\"inLanguage\":\"pt-BR\"},{\"@type\":\"ImageObject\",\"inLanguage\":\"pt-BR\",\"@id\":\"https:\/\/franciscanos.org.br\/noticias\/fraternidade-do-pari-festeja-90-anos-de-fundacao.html#primaryimage\",\"url\":\"https:\/\/franciscanos.org.br\/noticias\/wp-content\/uploads\/2017\/10\/ofs_181017.jpg\",\"contentUrl\":\"https:\/\/franciscanos.org.br\/noticias\/wp-content\/uploads\/2017\/10\/ofs_181017.jpg\",\"width\":273,\"height\":181},{\"@type\":\"WebPage\",\"@id\":\"https:\/\/franciscanos.org.br\/noticias\/fraternidade-do-pari-festeja-90-anos-de-fundacao.html#webpage\",\"url\":\"https:\/\/franciscanos.org.br\/noticias\/fraternidade-do-pari-festeja-90-anos-de-fundacao.html\",\"name\":\"Fraternidade do Pari festeja 90 anos de funda\u00e7\u00e3o - Not\u00edcias - Franciscanos\",\"isPartOf\":{\"@id\":\"https:\/\/franciscanos.org.br\/noticias\/#website\"},\"primaryImageOfPage\":{\"@id\":\"https:\/\/franciscanos.org.br\/noticias\/fraternidade-do-pari-festeja-90-anos-de-fundacao.html#primaryimage\"},\"datePublished\":\"2017-10-18T12:25:22+00:00\",\"dateModified\":\"2019-04-29T13:06:34+00:00\",\"author\":{\"@id\":\"https:\/\/franciscanos.org.br\/noticias\/#\/schema\/person\/b38fbf43118f02820bd932f2e4b14ad3\"},\"breadcrumb\":{\"@id\":\"https:\/\/franciscanos.org.br\/noticias\/fraternidade-do-pari-festeja-90-anos-de-fundacao.html#breadcrumb\"},\"inLanguage\":\"pt-BR\",\"potentialAction\":[{\"@type\":\"ReadAction\",\"target\":[\"https:\/\/franciscanos.org.br\/noticias\/fraternidade-do-pari-festeja-90-anos-de-fundacao.html\"]}]},{\"@type\":\"BreadcrumbList\",\"@id\":\"https:\/\/franciscanos.org.br\/noticias\/fraternidade-do-pari-festeja-90-anos-de-fundacao.html#breadcrumb\",\"itemListElement\":[{\"@type\":\"ListItem\",\"position\":1,\"name\":\"Home\",\"item\":\"https:\/\/franciscanos.org.br\/noticias\"},{\"@type\":\"ListItem\",\"position\":2,\"name\":\"Fraternidade do Pari festeja 90 anos de funda\u00e7\u00e3o\"}]},{\"@type\":\"Person\",\"@id\":\"https:\/\/franciscanos.org.br\/noticias\/#\/schema\/person\/b38fbf43118f02820bd932f2e4b14ad3\",\"name\":\"admin\",\"image\":{\"@type\":\"ImageObject\",\"inLanguage\":\"pt-BR\",\"@id\":\"https:\/\/franciscanos.org.br\/noticias\/#\/schema\/person\/image\/\",\"url\":\"https:\/\/secure.gravatar.com\/avatar\/e8495742d34d0ba6448ea1c628263b3e?s=96&d=mm&r=g\",\"contentUrl\":\"https:\/\/secure.gravatar.com\/avatar\/e8495742d34d0ba6448ea1c628263b3e?s=96&d=mm&r=g\",\"caption\":\"admin\"},\"url\":\"https:\/\/franciscanos.org.br\/noticias\/author\/admin\"}]}<\/script>\n<!-- \/ Yoast SEO plugin. -->","yoast_head_json":{"title":"Fraternidade do Pari festeja 90 anos de funda\u00e7\u00e3o - Not\u00edcias - Franciscanos","robots":{"index":"index","follow":"follow","max-snippet":"max-snippet:-1","max-image-preview":"max-image-preview:large","max-video-preview":"max-video-preview:-1"},"canonical":"https:\/\/franciscanos.org.br\/noticias\/fraternidade-do-pari-festeja-90-anos-de-fundacao.html","og_locale":"pt_BR","og_type":"article","og_title":"Fraternidade do Pari festeja 90 anos de funda\u00e7\u00e3o - Not\u00edcias - Franciscanos","og_description":"OFS","og_url":"https:\/\/franciscanos.org.br\/noticias\/fraternidade-do-pari-festeja-90-anos-de-fundacao.html","og_site_name":"Not\u00edcias - Franciscanos","article_published_time":"2017-10-18T12:25:22+00:00","article_modified_time":"2019-04-29T13:06:34+00:00","og_image":[{"width":273,"height":181,"url":"https:\/\/franciscanos.org.br\/noticias\/wp-content\/uploads\/2017\/10\/ofs_181017.jpg","type":"image\/jpeg"}],"author":"admin","twitter_card":"summary_large_image","twitter_misc":{"Escrito por":"admin","Est. tempo de leitura":"2 minutos"},"schema":{"@context":"https:\/\/schema.org","@graph":[{"@type":"WebSite","@id":"https:\/\/franciscanos.org.br\/noticias\/#website","url":"https:\/\/franciscanos.org.br\/noticias\/","name":"Not\u00edcias - Franciscanos","description":"Prov\u00edncia Franciscana da Imaculada Concei\u00e7\u00e3o do Brasil - Ordem dos Frades Menores - OFM","potentialAction":[{"@type":"SearchAction","target":{"@type":"EntryPoint","urlTemplate":"https:\/\/franciscanos.org.br\/noticias\/?s={search_term_string}"},"query-input":"required name=search_term_string"}],"inLanguage":"pt-BR"},{"@type":"ImageObject","inLanguage":"pt-BR","@id":"https:\/\/franciscanos.org.br\/noticias\/fraternidade-do-pari-festeja-90-anos-de-fundacao.html#primaryimage","url":"https:\/\/franciscanos.org.br\/noticias\/wp-content\/uploads\/2017\/10\/ofs_181017.jpg","contentUrl":"https:\/\/franciscanos.org.br\/noticias\/wp-content\/uploads\/2017\/10\/ofs_181017.jpg","width":273,"height":181},{"@type":"WebPage","@id":"https:\/\/franciscanos.org.br\/noticias\/fraternidade-do-pari-festeja-90-anos-de-fundacao.html#webpage","url":"https:\/\/franciscanos.org.br\/noticias\/fraternidade-do-pari-festeja-90-anos-de-fundacao.html","name":"Fraternidade do Pari festeja 90 anos de funda\u00e7\u00e3o - Not\u00edcias - Franciscanos","isPartOf":{"@id":"https:\/\/franciscanos.org.br\/noticias\/#website"},"primaryImageOfPage":{"@id":"https:\/\/franciscanos.org.br\/noticias\/fraternidade-do-pari-festeja-90-anos-de-fundacao.html#primaryimage"},"datePublished":"2017-10-18T12:25:22+00:00","dateModified":"2019-04-29T13:06:34+00:00","author":{"@id":"https:\/\/franciscanos.org.br\/noticias\/#\/schema\/person\/b38fbf43118f02820bd932f2e4b14ad3"},"breadcrumb":{"@id":"https:\/\/franciscanos.org.br\/noticias\/fraternidade-do-pari-festeja-90-anos-de-fundacao.html#breadcrumb"},"inLanguage":"pt-BR","potentialAction":[{"@type":"ReadAction","target":["https:\/\/franciscanos.org.br\/noticias\/fraternidade-do-pari-festeja-90-anos-de-fundacao.html"]}]},{"@type":"BreadcrumbList","@id":"https:\/\/franciscanos.org.br\/noticias\/fraternidade-do-pari-festeja-90-anos-de-fundacao.html#breadcrumb","itemListElement":[{"@type":"ListItem","position":1,"name":"Home","item":"https:\/\/franciscanos.org.br\/noticias"},{"@type":"ListItem","position":2,"name":"Fraternidade do Pari festeja 90 anos de funda\u00e7\u00e3o"}]},{"@type":"Person","@id":"https:\/\/franciscanos.org.br\/noticias\/#\/schema\/person\/b38fbf43118f02820bd932f2e4b14ad3","name":"admin","image":{"@type":"ImageObject","inLanguage":"pt-BR","@id":"https:\/\/franciscanos.org.br\/noticias\/#\/schema\/person\/image\/","url":"https:\/\/secure.gravatar.com\/avatar\/e8495742d34d0ba6448ea1c628263b3e?s=96&d=mm&r=g","contentUrl":"https:\/\/secure.gravatar.com\/avatar\/e8495742d34d0ba6448ea1c628263b3e?s=96&d=mm&r=g","caption":"admin"},"url":"https:\/\/franciscanos.org.br\/noticias\/author\/admin"}]}},"_links":{"self":[{"href":"https:\/\/franciscanos.org.br\/noticias\/wp-json\/wp\/v2\/posts\/144375"}],"collection":[{"href":"https:\/\/franciscanos.org.br\/noticias\/wp-json\/wp\/v2\/posts"}],"about":[{"href":"https:\/\/franciscanos.org.br\/noticias\/wp-json\/wp\/v2\/types\/post"}],"author":[{"embeddable":true,"href":"https:\/\/franciscanos.org.br\/noticias\/wp-json\/wp\/v2\/users\/1"}],"replies":[{"embeddable":true,"href":"https:\/\/franciscanos.org.br\/noticias\/wp-json\/wp\/v2\/comments?post=144375"}],"version-history":[{"count":0,"href":"https:\/\/franciscanos.org.br\/noticias\/wp-json\/wp\/v2\/posts\/144375\/revisions"}],"wp:featuredmedia":[{"embeddable":true,"href":"https:\/\/franciscanos.org.br\/noticias\/wp-json\/wp\/v2\/media\/204014"}],"wp:attachment":[{"href":"https:\/\/franciscanos.org.br\/noticias\/wp-json\/wp\/v2\/media?parent=144375"}],"wp:term":[{"taxonomy":"category","embeddable":true,"href":"https:\/\/franciscanos.org.br\/noticias\/wp-json\/wp\/v2\/categories?post=144375"},{"taxonomy":"post_tag","embeddable":true,"href":"https:\/\/franciscanos.org.br\/noticias\/wp-json\/wp\/v2\/tags?post=144375"}],"curies":[{"name":"wp","href":"https:\/\/api.w.org\/{rel}","templated":true}]}}