{"id":144352,"date":"2017-10-18T08:21:38","date_gmt":"2017-10-18T10:21:38","guid":{"rendered":"http:\/\/franciscanos.org.br\/?p=144352"},"modified":"2020-06-08T16:46:35","modified_gmt":"2020-06-08T19:46:35","slug":"papa-francisco-diante-da-morte-conservar-a-chama-da-fe","status":"publish","type":"post","link":"https:\/\/franciscanos.org.br\/noticias\/papa-francisco-diante-da-morte-conservar-a-chama-da-fe.html","title":{"rendered":"Papa: &#8220;Diante da morte, conservar a chama da f\u00e9&#8221;"},"content":{"rendered":"<p><img loading=\"lazy\" src=\"http:\/\/franciscanos.org.br\/wp-content\/uploads\/2017\/10\/papa_181017.jpg\" alt=\"papa_181017\" width=\"820\" height=\"439\" \/><\/p>\n<p><strong>Cidade do Vaticano<\/strong> \u2013 Na Audi\u00eancia Geral desta quarta-feira (18\/10), o Papa Francisco deu continuidade ao ciclo de catequeses que vem fazendo sobre a esperan\u00e7a crist\u00e3, refletindo sobre o tema \u2018Felizes os mortos que morrem no Senhor\u2019.\u00a0Cerca de 30 mil pessoas participaram do encontro na Pra\u00e7a S\u00e3o Pedro. Deficientes visuais, enfermos e muitos peregrinos idosos vieram de v\u00e1rias cidades da It\u00e1lia, tomando parte do \u2018Dia dos av\u00f3s\u2019. O Papa saudou especialmente os grupos vindos do Brasil, em particular os fi\u00e9is da Arquidiocese de Natal com o bispo, Dom Jaime, e os da arquidiocese de Londrina, convidando todos a permanecer fi\u00e9is a Cristo Jesus, como os Protom\u00e1rtires do Brasil.<\/p>\n<p>\u201cO Esp\u00edrito Santo vos ilumine para poderdes levar a B\u00ean\u00e7\u00e3o de Deus a todos os homens. A Virgem M\u00e3e vele sobre o vosso caminho e vos proteja\u201d.<\/p>\n<p>\u201cHoje eu gostaria de fazer uma rela\u00e7\u00e3o entre a esperan\u00e7a crist\u00e3 e a realidade da morte, uma realidade que a nossa civiliza\u00e7\u00e3o moderna tende cada vez mais a cancelar. Assim, quando chega a morte de algu\u00e9m que nos \u00e9 querido, ou a nossa pr\u00f3pria morte, nos encontramos despreparados\u201d, disse o Papa, iniciando a catequese.<\/p>\n<p>Francisco mencionou o trecho do Evangelho de Jo\u00e3o, quando a Marta, que chora pela morte de seu irm\u00e3o L\u00e1zaro, Jesus assegura: \u201cTeu irm\u00e3o ressuscitar\u00e1, pois quem cr\u00ea em Mim, mesmo que tenha morrido, viver\u00e1\u201d. \u201cEu n\u00e3o sou a morte; Eu sou a ressurrei\u00e7\u00e3o e a vida. Cr\u00eas nisto?\u201d, pergunta ele a Marta. O Papa lembrou que Jesus faz a mesma pergunta a cada um de n\u00f3s, sempre que a morte dilacera o tecido da vida e dos afetos. Com a morte, a nossa exist\u00eancia toca o \u00e1pice, tendo diante de n\u00f3s a vertente da f\u00e9 ou o precip\u00edcio do nada.<\/p>\n<p><strong>A filha de Jairo e a dor do pai<\/strong><\/p>\n<p>O desafio que ent\u00e3o nos lan\u00e7a Jesus \u00e9 continuar a crer. Assim fez Ele com Jairo, a quem acabam de comunicar que a sua filha morreu, n\u00e3o h\u00e1 mais nada a fazer&#8230; de que serve incomodar o Mestre?! Jesus ouve e apressa-se a tranquilizar Jairo: \u201cN\u00e3o tenhas receio; cr\u00ea somente!\u201d.<\/p>\n<p>O Senhor sabe que aquele pai \u00e9 tentado a deixar-se cair na ang\u00fastia e no desespero, e recomenda-lhe que conserve acesa a chamazinha que arde no seu cora\u00e7\u00e3o: a f\u00e9. \u201cN\u00e3o tenhas medo! Continua a manter acesa a chama da f\u00e9!\u201d E valeu? Sim; Jesus, chegando na casa dele, ressuscita a menina e entrega-a viva aos pais. No caso de L\u00e1zaro, ressuscita-o quatro dias depois de ele ter morrido; j\u00e1 estava sepultado. E Jesus manda-o sair do t\u00famulo\u201d.<\/p>\n<p>Concluindo, o Papa afirmou que a esperan\u00e7a crist\u00e3 se apoia e se alimenta desta posi\u00e7\u00e3o que Jesus assume contra a morte. Por n\u00f3s, nada podemos; ficamos indefesos perante o mist\u00e9rio da morte.<\/p>\n<p>\u201cN\u00e3o tenhas receio \u2013 diz-nos Jesus \u2013, cr\u00ea somente!\u201d. A gra\u00e7a de que necessitamos naquele momento \u2013 uma gra\u00e7a imensa! \u2013 \u00e9 conservar acesa no cora\u00e7\u00e3o a chama da f\u00e9. Porque Jesus h\u00e1 de vir, tomar-nos-\u00e1 pela m\u00e3o, como fez com a filha de Jairo, e ordenar-nos-\u00e1: \u201cLevanta-te, ressuscita\u201d.<\/p>\n<p><strong>ATAQUES NA SOM\u00c1LIA<\/strong><\/p>\n<p>Na Audi\u00eancia Geral desta quarta-feira o Papa Francisco condenou com veem\u00eancia o ataque terrorista na Som\u00e1lia, assegurando sua ora\u00e7\u00e3o \u00e0s v\u00edtimas e implorando a convers\u00e3o dos violentos:<\/p>\n<p>\u201cDesejo expressar a minha dor pela trag\u00e9dia ocorrida h\u00e1 alguns dias em Mogad\u00edscio, Som\u00e1lia, que provocou mais de 300 mortes, entre as quais algumas crian\u00e7as. Este ato terrorista merece a mais firme condena\u00e7\u00e3o, tamb\u00e9m porque se volta contra uma popula\u00e7\u00e3o j\u00e1 t\u00e3o provada. Rezo pelos falecidos e pelos feridos, pelos seus familiares e por todo o povo da Som\u00e1lia. Imploro a convers\u00e3o dos violentos e encorajo a todos, que com grandes dificuldades, trabalham pela paz naquela terra martirizada\u201d.<\/p>\n<p>O atentado que ocorreu no s\u00e1bado, em Mogad\u00edscio, causou a morte de mais de 300 pessoas. A falta de um atendimento adequado \u00e0s v\u00edtimas agrava a situa\u00e7\u00e3o de um pa\u00eds cuja hist\u00f3ria est\u00e1 ligada \u00e0 guerra, ao terrorismo do &#8220;al Shabaab&#8221;, \u00e0 pirataria no Oceano \u00cdndico e aos cont\u00ednuos ciclos de secas..<\/p>\n<p>Segundo alguns analistas, a crise no Golfo\u00a0entre Catar e Emirados \u00c1rabes poderia estar por tr\u00e1s do atentado.<\/p>\n<hr \/>\n<p><em>Fonte: Vatican News<\/em><\/p>\n","protected":false},"excerpt":{"rendered":"<p>Audi\u00eancia Geral<\/p>\n","protected":false},"author":1,"featured_media":204011,"comment_status":"open","ping_status":"open","sticky":false,"template":"","format":"standard","meta":[],"categories":[1428],"tags":[487],"acf":[],"yoast_head":"<!-- This site is optimized with the Yoast SEO plugin v19.2 - https:\/\/yoast.com\/wordpress\/plugins\/seo\/ -->\n<title>Papa: &quot;Diante da morte, conservar a chama da f\u00e9&quot; - Not\u00edcias - Franciscanos<\/title>\n<meta name=\"robots\" content=\"index, follow, max-snippet:-1, max-image-preview:large, max-video-preview:-1\" \/>\n<link rel=\"canonical\" href=\"https:\/\/franciscanos.org.br\/noticias\/papa-francisco-diante-da-morte-conservar-a-chama-da-fe.html\" \/>\n<meta property=\"og:locale\" content=\"pt_BR\" \/>\n<meta property=\"og:type\" content=\"article\" \/>\n<meta property=\"og:title\" content=\"Papa: &quot;Diante da morte, conservar a chama da f\u00e9&quot; - Not\u00edcias - Franciscanos\" \/>\n<meta property=\"og:description\" content=\"Audi\u00eancia Geral\" \/>\n<meta property=\"og:url\" content=\"https:\/\/franciscanos.org.br\/noticias\/papa-francisco-diante-da-morte-conservar-a-chama-da-fe.html\" \/>\n<meta property=\"og:site_name\" content=\"Not\u00edcias - Franciscanos\" \/>\n<meta property=\"article:published_time\" content=\"2017-10-18T10:21:38+00:00\" \/>\n<meta property=\"article:modified_time\" content=\"2020-06-08T19:46:35+00:00\" \/>\n<meta property=\"og:image\" content=\"https:\/\/franciscanos.org.br\/noticias\/wp-content\/uploads\/2017\/10\/papa_181017.jpg\" \/>\n\t<meta property=\"og:image:width\" content=\"273\" \/>\n\t<meta property=\"og:image:height\" content=\"181\" \/>\n\t<meta property=\"og:image:type\" content=\"image\/jpeg\" \/>\n<meta name=\"author\" content=\"admin\" \/>\n<meta name=\"twitter:card\" content=\"summary_large_image\" \/>\n<meta name=\"twitter:label1\" content=\"Escrito por\" \/>\n\t<meta name=\"twitter:data1\" content=\"admin\" \/>\n\t<meta name=\"twitter:label2\" content=\"Est. tempo de leitura\" \/>\n\t<meta name=\"twitter:data2\" content=\"4 minutos\" \/>\n<script type=\"application\/ld+json\" class=\"yoast-schema-graph\">{\"@context\":\"https:\/\/schema.org\",\"@graph\":[{\"@type\":\"WebSite\",\"@id\":\"https:\/\/franciscanos.org.br\/noticias\/#website\",\"url\":\"https:\/\/franciscanos.org.br\/noticias\/\",\"name\":\"Not\u00edcias - Franciscanos\",\"description\":\"Prov\u00edncia Franciscana da Imaculada Concei\u00e7\u00e3o do Brasil - Ordem dos Frades Menores - OFM\",\"potentialAction\":[{\"@type\":\"SearchAction\",\"target\":{\"@type\":\"EntryPoint\",\"urlTemplate\":\"https:\/\/franciscanos.org.br\/noticias\/?s={search_term_string}\"},\"query-input\":\"required name=search_term_string\"}],\"inLanguage\":\"pt-BR\"},{\"@type\":\"ImageObject\",\"inLanguage\":\"pt-BR\",\"@id\":\"https:\/\/franciscanos.org.br\/noticias\/papa-francisco-diante-da-morte-conservar-a-chama-da-fe.html#primaryimage\",\"url\":\"https:\/\/franciscanos.org.br\/noticias\/wp-content\/uploads\/2017\/10\/papa_181017.jpg\",\"contentUrl\":\"https:\/\/franciscanos.org.br\/noticias\/wp-content\/uploads\/2017\/10\/papa_181017.jpg\",\"width\":273,\"height\":181},{\"@type\":\"WebPage\",\"@id\":\"https:\/\/franciscanos.org.br\/noticias\/papa-francisco-diante-da-morte-conservar-a-chama-da-fe.html#webpage\",\"url\":\"https:\/\/franciscanos.org.br\/noticias\/papa-francisco-diante-da-morte-conservar-a-chama-da-fe.html\",\"name\":\"Papa: \\\"Diante da morte, conservar a chama da f\u00e9\\\" - Not\u00edcias - Franciscanos\",\"isPartOf\":{\"@id\":\"https:\/\/franciscanos.org.br\/noticias\/#website\"},\"primaryImageOfPage\":{\"@id\":\"https:\/\/franciscanos.org.br\/noticias\/papa-francisco-diante-da-morte-conservar-a-chama-da-fe.html#primaryimage\"},\"datePublished\":\"2017-10-18T10:21:38+00:00\",\"dateModified\":\"2020-06-08T19:46:35+00:00\",\"author\":{\"@id\":\"https:\/\/franciscanos.org.br\/noticias\/#\/schema\/person\/b38fbf43118f02820bd932f2e4b14ad3\"},\"breadcrumb\":{\"@id\":\"https:\/\/franciscanos.org.br\/noticias\/papa-francisco-diante-da-morte-conservar-a-chama-da-fe.html#breadcrumb\"},\"inLanguage\":\"pt-BR\",\"potentialAction\":[{\"@type\":\"ReadAction\",\"target\":[\"https:\/\/franciscanos.org.br\/noticias\/papa-francisco-diante-da-morte-conservar-a-chama-da-fe.html\"]}]},{\"@type\":\"BreadcrumbList\",\"@id\":\"https:\/\/franciscanos.org.br\/noticias\/papa-francisco-diante-da-morte-conservar-a-chama-da-fe.html#breadcrumb\",\"itemListElement\":[{\"@type\":\"ListItem\",\"position\":1,\"name\":\"Home\",\"item\":\"https:\/\/franciscanos.org.br\/noticias\"},{\"@type\":\"ListItem\",\"position\":2,\"name\":\"Papa: &#8220;Diante da morte, conservar a chama da f\u00e9&#8221;\"}]},{\"@type\":\"Person\",\"@id\":\"https:\/\/franciscanos.org.br\/noticias\/#\/schema\/person\/b38fbf43118f02820bd932f2e4b14ad3\",\"name\":\"admin\",\"image\":{\"@type\":\"ImageObject\",\"inLanguage\":\"pt-BR\",\"@id\":\"https:\/\/franciscanos.org.br\/noticias\/#\/schema\/person\/image\/\",\"url\":\"https:\/\/secure.gravatar.com\/avatar\/e8495742d34d0ba6448ea1c628263b3e?s=96&d=mm&r=g\",\"contentUrl\":\"https:\/\/secure.gravatar.com\/avatar\/e8495742d34d0ba6448ea1c628263b3e?s=96&d=mm&r=g\",\"caption\":\"admin\"},\"url\":\"https:\/\/franciscanos.org.br\/noticias\/author\/admin\"}]}<\/script>\n<!-- \/ Yoast SEO plugin. -->","yoast_head_json":{"title":"Papa: \"Diante da morte, conservar a chama da f\u00e9\" - Not\u00edcias - Franciscanos","robots":{"index":"index","follow":"follow","max-snippet":"max-snippet:-1","max-image-preview":"max-image-preview:large","max-video-preview":"max-video-preview:-1"},"canonical":"https:\/\/franciscanos.org.br\/noticias\/papa-francisco-diante-da-morte-conservar-a-chama-da-fe.html","og_locale":"pt_BR","og_type":"article","og_title":"Papa: \"Diante da morte, conservar a chama da f\u00e9\" - Not\u00edcias - Franciscanos","og_description":"Audi\u00eancia Geral","og_url":"https:\/\/franciscanos.org.br\/noticias\/papa-francisco-diante-da-morte-conservar-a-chama-da-fe.html","og_site_name":"Not\u00edcias - Franciscanos","article_published_time":"2017-10-18T10:21:38+00:00","article_modified_time":"2020-06-08T19:46:35+00:00","og_image":[{"width":273,"height":181,"url":"https:\/\/franciscanos.org.br\/noticias\/wp-content\/uploads\/2017\/10\/papa_181017.jpg","type":"image\/jpeg"}],"author":"admin","twitter_card":"summary_large_image","twitter_misc":{"Escrito por":"admin","Est. tempo de leitura":"4 minutos"},"schema":{"@context":"https:\/\/schema.org","@graph":[{"@type":"WebSite","@id":"https:\/\/franciscanos.org.br\/noticias\/#website","url":"https:\/\/franciscanos.org.br\/noticias\/","name":"Not\u00edcias - Franciscanos","description":"Prov\u00edncia Franciscana da Imaculada Concei\u00e7\u00e3o do Brasil - Ordem dos Frades Menores - OFM","potentialAction":[{"@type":"SearchAction","target":{"@type":"EntryPoint","urlTemplate":"https:\/\/franciscanos.org.br\/noticias\/?s={search_term_string}"},"query-input":"required name=search_term_string"}],"inLanguage":"pt-BR"},{"@type":"ImageObject","inLanguage":"pt-BR","@id":"https:\/\/franciscanos.org.br\/noticias\/papa-francisco-diante-da-morte-conservar-a-chama-da-fe.html#primaryimage","url":"https:\/\/franciscanos.org.br\/noticias\/wp-content\/uploads\/2017\/10\/papa_181017.jpg","contentUrl":"https:\/\/franciscanos.org.br\/noticias\/wp-content\/uploads\/2017\/10\/papa_181017.jpg","width":273,"height":181},{"@type":"WebPage","@id":"https:\/\/franciscanos.org.br\/noticias\/papa-francisco-diante-da-morte-conservar-a-chama-da-fe.html#webpage","url":"https:\/\/franciscanos.org.br\/noticias\/papa-francisco-diante-da-morte-conservar-a-chama-da-fe.html","name":"Papa: \"Diante da morte, conservar a chama da f\u00e9\" - Not\u00edcias - Franciscanos","isPartOf":{"@id":"https:\/\/franciscanos.org.br\/noticias\/#website"},"primaryImageOfPage":{"@id":"https:\/\/franciscanos.org.br\/noticias\/papa-francisco-diante-da-morte-conservar-a-chama-da-fe.html#primaryimage"},"datePublished":"2017-10-18T10:21:38+00:00","dateModified":"2020-06-08T19:46:35+00:00","author":{"@id":"https:\/\/franciscanos.org.br\/noticias\/#\/schema\/person\/b38fbf43118f02820bd932f2e4b14ad3"},"breadcrumb":{"@id":"https:\/\/franciscanos.org.br\/noticias\/papa-francisco-diante-da-morte-conservar-a-chama-da-fe.html#breadcrumb"},"inLanguage":"pt-BR","potentialAction":[{"@type":"ReadAction","target":["https:\/\/franciscanos.org.br\/noticias\/papa-francisco-diante-da-morte-conservar-a-chama-da-fe.html"]}]},{"@type":"BreadcrumbList","@id":"https:\/\/franciscanos.org.br\/noticias\/papa-francisco-diante-da-morte-conservar-a-chama-da-fe.html#breadcrumb","itemListElement":[{"@type":"ListItem","position":1,"name":"Home","item":"https:\/\/franciscanos.org.br\/noticias"},{"@type":"ListItem","position":2,"name":"Papa: &#8220;Diante da morte, conservar a chama da f\u00e9&#8221;"}]},{"@type":"Person","@id":"https:\/\/franciscanos.org.br\/noticias\/#\/schema\/person\/b38fbf43118f02820bd932f2e4b14ad3","name":"admin","image":{"@type":"ImageObject","inLanguage":"pt-BR","@id":"https:\/\/franciscanos.org.br\/noticias\/#\/schema\/person\/image\/","url":"https:\/\/secure.gravatar.com\/avatar\/e8495742d34d0ba6448ea1c628263b3e?s=96&d=mm&r=g","contentUrl":"https:\/\/secure.gravatar.com\/avatar\/e8495742d34d0ba6448ea1c628263b3e?s=96&d=mm&r=g","caption":"admin"},"url":"https:\/\/franciscanos.org.br\/noticias\/author\/admin"}]}},"_links":{"self":[{"href":"https:\/\/franciscanos.org.br\/noticias\/wp-json\/wp\/v2\/posts\/144352"}],"collection":[{"href":"https:\/\/franciscanos.org.br\/noticias\/wp-json\/wp\/v2\/posts"}],"about":[{"href":"https:\/\/franciscanos.org.br\/noticias\/wp-json\/wp\/v2\/types\/post"}],"author":[{"embeddable":true,"href":"https:\/\/franciscanos.org.br\/noticias\/wp-json\/wp\/v2\/users\/1"}],"replies":[{"embeddable":true,"href":"https:\/\/franciscanos.org.br\/noticias\/wp-json\/wp\/v2\/comments?post=144352"}],"version-history":[{"count":1,"href":"https:\/\/franciscanos.org.br\/noticias\/wp-json\/wp\/v2\/posts\/144352\/revisions"}],"predecessor-version":[{"id":225216,"href":"https:\/\/franciscanos.org.br\/noticias\/wp-json\/wp\/v2\/posts\/144352\/revisions\/225216"}],"wp:featuredmedia":[{"embeddable":true,"href":"https:\/\/franciscanos.org.br\/noticias\/wp-json\/wp\/v2\/media\/204011"}],"wp:attachment":[{"href":"https:\/\/franciscanos.org.br\/noticias\/wp-json\/wp\/v2\/media?parent=144352"}],"wp:term":[{"taxonomy":"category","embeddable":true,"href":"https:\/\/franciscanos.org.br\/noticias\/wp-json\/wp\/v2\/categories?post=144352"},{"taxonomy":"post_tag","embeddable":true,"href":"https:\/\/franciscanos.org.br\/noticias\/wp-json\/wp\/v2\/tags?post=144352"}],"curies":[{"name":"wp","href":"https:\/\/api.w.org\/{rel}","templated":true}]}}