{"id":144331,"date":"2017-10-17T21:16:43","date_gmt":"2017-10-17T23:16:43","guid":{"rendered":"http:\/\/franciscanos.org.br\/?p=144331"},"modified":"2020-06-25T13:33:59","modified_gmt":"2020-06-25T16:33:59","slug":"falece-frei-nelson-rabelo-em-pato-branco","status":"publish","type":"post","link":"https:\/\/franciscanos.org.br\/noticias\/falece-frei-nelson-rabelo-em-pato-branco.html","title":{"rendered":"Falece Frei Nelson Rabelo em Pato Branco"},"content":{"rendered":"<p><strong><img loading=\"lazy\" class=\"alignright size-full wp-image-144333\" src=\"http:\/\/franciscanos.org.br\/wp-content\/uploads\/2017\/10\/nelson_171017.jpg\" alt=\"nelson_171017\" width=\"284\" height=\"500\" \/><\/strong><\/p>\n<p>Nosso confrade Frei Nelson Rabelo faleceu na tarde de 17\/10, \u00e0s 17h50, na Policl\u00ednica, de Pato Branco.<\/p>\n<p>Frei Nelson j\u00e1 manifestava problemas de sa\u00fade no decorrer do ano passado. Em junho de 2016, teve um AVC isqu\u00eamico, sem sequelas. No final do m\u00eas de janeiro deste ano, come\u00e7aram os lapsos de mem\u00f3ria. Resson\u00e2ncia magn\u00e9tica realizada no dia 16 de fevereiro revelava um n\u00f3dulo na parte de tr\u00e1s do c\u00e9rebro, no hemisf\u00e9rio direito. Come\u00e7ava seu calv\u00e1rio de Frei Nelson!<\/p>\n<p>No dia 06 de mar\u00e7o, no Hospital S\u00e3o Lucas, de Pato Branco, ele\u00a0foi submetido a cirurgia para remover o tumor. Passou 21 longos \u00a0dias em tratamento na UTI. A partir do dia 03 de abril, com alta hospitalar, passou a ser cuidado em casa, com ajuda de profissionais e dos confrades.<\/p>\n<p>Na semana passada, Frei Nelson Rabelo foi submetido a uma cirurgia para substitui\u00e7\u00e3o da sonda nasal pela sonda g\u00e1strica. Deste procedimento decorreu uma hemorragia e, al\u00e9m desta complica\u00e7\u00e3o, por causa da suspens\u00e3o dos medicamentos neurol\u00f3gicos em vista da interven\u00e7\u00e3o, Frei Nelson apresentou um epis\u00f3dio de convuls\u00e3o. Estas complica\u00e7\u00f5es o levaram para a UTI.<\/p>\n<p>A cirurgia foi refeita e correu bem. Frei Nelson retornou para o quarto, na expectativa de receber alta para casa. No entanto, na manh\u00e3 desta ter\u00e7a-feira, o quadro voltou a se agravar, com complica\u00e7\u00f5es card\u00edacas e pulmonares. Frei Nelson foi novamente levado para a UTI da Policl\u00ednica, onde veio a falecer.<\/p>\n<p><strong>Desde ontem \u00e0 noite (22h30), o corpo ser\u00e1 velado na igreja matriz de Pedro Ap\u00f3stolo. Hoje, 18 de outubro, \u00e0s 18h00, haver\u00e1 a Missa de Ex\u00e9quias, e, em seguida, o corpo de Frei Nelson ser\u00e1 sepultado no mausol\u00e9u dos frades, ao lado da igreja.<\/strong><\/p>\n<p><strong>\u00a0<img loading=\"lazy\" class=\"alignleft wp-image-144334 size-full\" src=\"http:\/\/franciscanos.org.br\/wp-content\/uploads\/2017\/10\/nelson_171017_1.jpg\" alt=\"nelson_171017_1\" width=\"395\" height=\"500\" \/><\/strong><strong>Dados pessoais, forma\u00e7\u00e3o e atividades<\/strong><\/p>\n<p>&#8211; Nascimento: 05.12.1940 (<strong>76 anos de idade<\/strong>)<\/p>\n<p>&#8211; Natural de Paredes de Sapuca\u00ed, Cordisl\u00e2ndia, MG.<\/p>\n<p>&#8211;\u00a0Vesti\u00e7\u00e3o: 1961 \u2013 Rodeio<\/p>\n<p>&#8211; 1962 \u2013 1963 \u2013 Curitiba \u2013 Estudos de Filosofia;<\/p>\n<p>&#8211; 1964 \u2013 Petr\u00f3polis \u2013 1\u00ba ano de Teologia;<\/p>\n<p>&#8211; final de 1964 \u2013 deixa a Ordem e trabalha na R\u00e1dio Celinauta, de Pato Branco, PR.<\/p>\n<p>&#8211; final de 1965 \u2013 retorno \u00e0 Ordem;<\/p>\n<p>&#8211; Noviciado: 19.12.1966 \u2013 Rodeio;<\/p>\n<p>&#8211; Primeira Profiss\u00e3o: 20.12.1967 (<strong>49 anos de Vida Franciscana<\/strong>)<\/p>\n<p>&#8211; Profiss\u00e3o Solene: 30.12.1969<\/p>\n<p>&#8211; Ordena\u00e7\u00e3o Presbiteral: 20.12.1969 (<strong>47 anos de Sacerd\u00f3cio<\/strong>)<\/p>\n<p>&#8211; 20.03.1971 \u2013 Pato Branco \u2013 vig\u00e1rio paroquial e diretor t\u00e9cnico e chefe do pessoal da R\u00e1dio;<\/p>\n<p>&#8211; Janeiro de 1972 \u2013 transfere-se para Porto Alegre para cursar a Faculdade de Comunica\u00e7\u00e3o Social;<\/p>\n<p>&#8211; 1975 \u2013 Pato Branco \u2013 trabalho na R\u00e1dio;<\/p>\n<p>&#8211; 05.12.1979 \u2013 guardi\u00e3o at\u00e9 1988; atividades na R\u00e1dio e TV;<\/p>\n<p>&#8211; 06.01.2002 \u2013 Roma \u2013 It\u00e1lia \u2013 a servi\u00e7o da R\u00e1dio Vaticano;<\/p>\n<p>&#8211; 01.10.2003 \u2013 retorno ao Brasil;<\/p>\n<p>&#8211; 07.11.2003 \u2013 Pato Branco \u2013 vig\u00e1rio da casa, vig\u00e1rio paroquial e servi\u00e7o da Comunica\u00e7\u00e3o;<\/p>\n<p><strong>O frade menor<\/strong><\/p>\n<p>Frei Nelson foi um grande entusiasta da Comunica\u00e7\u00e3o. A ela dedicou grande parte de seu tempo e esfor\u00e7os. As \u00fanicas vezes que foi transferido de Pato Branco foi para estudar Comunica\u00e7\u00e3o na PUC de Porto Alegre, e depois, para trabalhar na R\u00e1dio Vaticano, em Roma. Este grande interesse ele o diz nas suas Mem\u00f3rias: \u201cJ\u00e1 no semin\u00e1rio de Agudos cultivava o teatro, a m\u00fasica, o cinema e a produ\u00e7\u00e3o liter\u00e1ria. Naturalmente pendi para a \u00e1rea da Comunica\u00e7\u00e3o Social, que se tornou meu campo preferido de a\u00e7\u00e3o. Meu gosto \u00e9 a produ\u00e7\u00e3o e n\u00e3o tanto o gerenciamento dos meios\u201d.<\/p>\n<p>Para Frei Nelson, cultivar a espiritualidade \u00e9 \u201ccultivar o Sol da proximidade de Deus, que nos d\u00e1 calor e vida. Aquecidos e nutridos pelo amor Dele podemos levar calor e vida aos demais\u201d. Frei Nelson confessa que um dos conte\u00fados mais influentes na sua forma\u00e7\u00e3o pessoal est\u00e1 no \u201cItinerarium mentis in Deum\u201d. Segundo ele, at\u00e9 o acusativo latino \u201cin\u201d \u00e9 todo significativo: o ir para dentro de Deus expressa um processo de supera\u00e7\u00e3o constante at\u00e9 poder mergulhar no Ser Maior. Hoje Frei Nelson cumpriu seu \u201citinerarium\u201d, sua supera\u00e7\u00e3o final, seu mergulho no Amor Infinito.<\/p>\n<p><strong>R.I.P.<\/strong><strong>\u00a0\u00a0<\/strong><\/p>\n<p><a href=\"https:\/\/www.facebook.com\/TVSudoesteParana\/videos\/708147042728147\/?hc_ref=ARRDVdsYDVRur-rWozR3RfAhoVdw4NJYZb9Zs4YjEcbRJp2MGm9CemvfaTo-vi3b6Vw\" target=\"_blank\" rel=\"noopener noreferrer\">Confira o document\u00e1rio Nelson Franciscano, produzido pela Funda\u00e7\u00e3o Cultural Celinauta<\/a><\/p>\n","protected":false},"excerpt":{"rendered":"<p>Frade era grande entusiasta da Comunica\u00e7\u00e3o<\/p>\n","protected":false},"author":1,"featured_media":194710,"comment_status":"open","ping_status":"open","sticky":false,"template":"","format":"standard","meta":[],"categories":[1],"tags":[1160],"acf":[],"yoast_head":"<!-- This site is optimized with the Yoast SEO plugin v19.2 - https:\/\/yoast.com\/wordpress\/plugins\/seo\/ -->\n<title>Falece Frei Nelson Rabelo em Pato Branco - Not\u00edcias - Franciscanos<\/title>\n<meta name=\"robots\" content=\"index, follow, max-snippet:-1, max-image-preview:large, max-video-preview:-1\" \/>\n<link rel=\"canonical\" href=\"https:\/\/franciscanos.org.br\/noticias\/falece-frei-nelson-rabelo-em-pato-branco.html\" \/>\n<meta property=\"og:locale\" content=\"pt_BR\" \/>\n<meta property=\"og:type\" content=\"article\" \/>\n<meta property=\"og:title\" content=\"Falece Frei Nelson Rabelo em Pato Branco - Not\u00edcias - Franciscanos\" \/>\n<meta property=\"og:description\" content=\"Frade era grande entusiasta da Comunica\u00e7\u00e3o\" \/>\n<meta property=\"og:url\" content=\"https:\/\/franciscanos.org.br\/noticias\/falece-frei-nelson-rabelo-em-pato-branco.html\" \/>\n<meta property=\"og:site_name\" content=\"Not\u00edcias - Franciscanos\" \/>\n<meta property=\"article:published_time\" content=\"2017-10-17T23:16:43+00:00\" \/>\n<meta property=\"article:modified_time\" content=\"2020-06-25T16:33:59+00:00\" \/>\n<meta property=\"og:image\" content=\"https:\/\/franciscanos.org.br\/noticias\/wp-content\/uploads\/2017\/10\/nelson_171017d.jpg\" \/>\n\t<meta property=\"og:image:width\" content=\"273\" \/>\n\t<meta property=\"og:image:height\" content=\"181\" \/>\n\t<meta property=\"og:image:type\" content=\"image\/jpeg\" \/>\n<meta name=\"author\" content=\"admin\" \/>\n<meta name=\"twitter:card\" content=\"summary_large_image\" \/>\n<meta name=\"twitter:label1\" content=\"Escrito por\" \/>\n\t<meta name=\"twitter:data1\" content=\"admin\" \/>\n\t<meta name=\"twitter:label2\" content=\"Est. tempo de leitura\" \/>\n\t<meta name=\"twitter:data2\" content=\"3 minutos\" \/>\n<script type=\"application\/ld+json\" class=\"yoast-schema-graph\">{\"@context\":\"https:\/\/schema.org\",\"@graph\":[{\"@type\":\"WebSite\",\"@id\":\"https:\/\/franciscanos.org.br\/noticias\/#website\",\"url\":\"https:\/\/franciscanos.org.br\/noticias\/\",\"name\":\"Not\u00edcias - Franciscanos\",\"description\":\"Prov\u00edncia Franciscana da Imaculada Concei\u00e7\u00e3o do Brasil - Ordem dos Frades Menores - OFM\",\"potentialAction\":[{\"@type\":\"SearchAction\",\"target\":{\"@type\":\"EntryPoint\",\"urlTemplate\":\"https:\/\/franciscanos.org.br\/noticias\/?s={search_term_string}\"},\"query-input\":\"required name=search_term_string\"}],\"inLanguage\":\"pt-BR\"},{\"@type\":\"ImageObject\",\"inLanguage\":\"pt-BR\",\"@id\":\"https:\/\/franciscanos.org.br\/noticias\/falece-frei-nelson-rabelo-em-pato-branco.html#primaryimage\",\"url\":\"https:\/\/franciscanos.org.br\/noticias\/wp-content\/uploads\/2017\/10\/nelson_171017d.jpg\",\"contentUrl\":\"https:\/\/franciscanos.org.br\/noticias\/wp-content\/uploads\/2017\/10\/nelson_171017d.jpg\",\"width\":273,\"height\":181},{\"@type\":\"WebPage\",\"@id\":\"https:\/\/franciscanos.org.br\/noticias\/falece-frei-nelson-rabelo-em-pato-branco.html#webpage\",\"url\":\"https:\/\/franciscanos.org.br\/noticias\/falece-frei-nelson-rabelo-em-pato-branco.html\",\"name\":\"Falece Frei Nelson Rabelo em Pato Branco - Not\u00edcias - Franciscanos\",\"isPartOf\":{\"@id\":\"https:\/\/franciscanos.org.br\/noticias\/#website\"},\"primaryImageOfPage\":{\"@id\":\"https:\/\/franciscanos.org.br\/noticias\/falece-frei-nelson-rabelo-em-pato-branco.html#primaryimage\"},\"datePublished\":\"2017-10-17T23:16:43+00:00\",\"dateModified\":\"2020-06-25T16:33:59+00:00\",\"author\":{\"@id\":\"https:\/\/franciscanos.org.br\/noticias\/#\/schema\/person\/b38fbf43118f02820bd932f2e4b14ad3\"},\"breadcrumb\":{\"@id\":\"https:\/\/franciscanos.org.br\/noticias\/falece-frei-nelson-rabelo-em-pato-branco.html#breadcrumb\"},\"inLanguage\":\"pt-BR\",\"potentialAction\":[{\"@type\":\"ReadAction\",\"target\":[\"https:\/\/franciscanos.org.br\/noticias\/falece-frei-nelson-rabelo-em-pato-branco.html\"]}]},{\"@type\":\"BreadcrumbList\",\"@id\":\"https:\/\/franciscanos.org.br\/noticias\/falece-frei-nelson-rabelo-em-pato-branco.html#breadcrumb\",\"itemListElement\":[{\"@type\":\"ListItem\",\"position\":1,\"name\":\"Home\",\"item\":\"https:\/\/franciscanos.org.br\/noticias\"},{\"@type\":\"ListItem\",\"position\":2,\"name\":\"Falece Frei Nelson Rabelo em Pato Branco\"}]},{\"@type\":\"Person\",\"@id\":\"https:\/\/franciscanos.org.br\/noticias\/#\/schema\/person\/b38fbf43118f02820bd932f2e4b14ad3\",\"name\":\"admin\",\"image\":{\"@type\":\"ImageObject\",\"inLanguage\":\"pt-BR\",\"@id\":\"https:\/\/franciscanos.org.br\/noticias\/#\/schema\/person\/image\/\",\"url\":\"https:\/\/secure.gravatar.com\/avatar\/e8495742d34d0ba6448ea1c628263b3e?s=96&d=mm&r=g\",\"contentUrl\":\"https:\/\/secure.gravatar.com\/avatar\/e8495742d34d0ba6448ea1c628263b3e?s=96&d=mm&r=g\",\"caption\":\"admin\"},\"url\":\"https:\/\/franciscanos.org.br\/noticias\/author\/admin\"}]}<\/script>\n<!-- \/ Yoast SEO plugin. -->","yoast_head_json":{"title":"Falece Frei Nelson Rabelo em Pato Branco - Not\u00edcias - Franciscanos","robots":{"index":"index","follow":"follow","max-snippet":"max-snippet:-1","max-image-preview":"max-image-preview:large","max-video-preview":"max-video-preview:-1"},"canonical":"https:\/\/franciscanos.org.br\/noticias\/falece-frei-nelson-rabelo-em-pato-branco.html","og_locale":"pt_BR","og_type":"article","og_title":"Falece Frei Nelson Rabelo em Pato Branco - Not\u00edcias - Franciscanos","og_description":"Frade era grande entusiasta da Comunica\u00e7\u00e3o","og_url":"https:\/\/franciscanos.org.br\/noticias\/falece-frei-nelson-rabelo-em-pato-branco.html","og_site_name":"Not\u00edcias - Franciscanos","article_published_time":"2017-10-17T23:16:43+00:00","article_modified_time":"2020-06-25T16:33:59+00:00","og_image":[{"width":273,"height":181,"url":"https:\/\/franciscanos.org.br\/noticias\/wp-content\/uploads\/2017\/10\/nelson_171017d.jpg","type":"image\/jpeg"}],"author":"admin","twitter_card":"summary_large_image","twitter_misc":{"Escrito por":"admin","Est. tempo de leitura":"3 minutos"},"schema":{"@context":"https:\/\/schema.org","@graph":[{"@type":"WebSite","@id":"https:\/\/franciscanos.org.br\/noticias\/#website","url":"https:\/\/franciscanos.org.br\/noticias\/","name":"Not\u00edcias - Franciscanos","description":"Prov\u00edncia Franciscana da Imaculada Concei\u00e7\u00e3o do Brasil - Ordem dos Frades Menores - OFM","potentialAction":[{"@type":"SearchAction","target":{"@type":"EntryPoint","urlTemplate":"https:\/\/franciscanos.org.br\/noticias\/?s={search_term_string}"},"query-input":"required name=search_term_string"}],"inLanguage":"pt-BR"},{"@type":"ImageObject","inLanguage":"pt-BR","@id":"https:\/\/franciscanos.org.br\/noticias\/falece-frei-nelson-rabelo-em-pato-branco.html#primaryimage","url":"https:\/\/franciscanos.org.br\/noticias\/wp-content\/uploads\/2017\/10\/nelson_171017d.jpg","contentUrl":"https:\/\/franciscanos.org.br\/noticias\/wp-content\/uploads\/2017\/10\/nelson_171017d.jpg","width":273,"height":181},{"@type":"WebPage","@id":"https:\/\/franciscanos.org.br\/noticias\/falece-frei-nelson-rabelo-em-pato-branco.html#webpage","url":"https:\/\/franciscanos.org.br\/noticias\/falece-frei-nelson-rabelo-em-pato-branco.html","name":"Falece Frei Nelson Rabelo em Pato Branco - Not\u00edcias - Franciscanos","isPartOf":{"@id":"https:\/\/franciscanos.org.br\/noticias\/#website"},"primaryImageOfPage":{"@id":"https:\/\/franciscanos.org.br\/noticias\/falece-frei-nelson-rabelo-em-pato-branco.html#primaryimage"},"datePublished":"2017-10-17T23:16:43+00:00","dateModified":"2020-06-25T16:33:59+00:00","author":{"@id":"https:\/\/franciscanos.org.br\/noticias\/#\/schema\/person\/b38fbf43118f02820bd932f2e4b14ad3"},"breadcrumb":{"@id":"https:\/\/franciscanos.org.br\/noticias\/falece-frei-nelson-rabelo-em-pato-branco.html#breadcrumb"},"inLanguage":"pt-BR","potentialAction":[{"@type":"ReadAction","target":["https:\/\/franciscanos.org.br\/noticias\/falece-frei-nelson-rabelo-em-pato-branco.html"]}]},{"@type":"BreadcrumbList","@id":"https:\/\/franciscanos.org.br\/noticias\/falece-frei-nelson-rabelo-em-pato-branco.html#breadcrumb","itemListElement":[{"@type":"ListItem","position":1,"name":"Home","item":"https:\/\/franciscanos.org.br\/noticias"},{"@type":"ListItem","position":2,"name":"Falece Frei Nelson Rabelo em Pato Branco"}]},{"@type":"Person","@id":"https:\/\/franciscanos.org.br\/noticias\/#\/schema\/person\/b38fbf43118f02820bd932f2e4b14ad3","name":"admin","image":{"@type":"ImageObject","inLanguage":"pt-BR","@id":"https:\/\/franciscanos.org.br\/noticias\/#\/schema\/person\/image\/","url":"https:\/\/secure.gravatar.com\/avatar\/e8495742d34d0ba6448ea1c628263b3e?s=96&d=mm&r=g","contentUrl":"https:\/\/secure.gravatar.com\/avatar\/e8495742d34d0ba6448ea1c628263b3e?s=96&d=mm&r=g","caption":"admin"},"url":"https:\/\/franciscanos.org.br\/noticias\/author\/admin"}]}},"_links":{"self":[{"href":"https:\/\/franciscanos.org.br\/noticias\/wp-json\/wp\/v2\/posts\/144331"}],"collection":[{"href":"https:\/\/franciscanos.org.br\/noticias\/wp-json\/wp\/v2\/posts"}],"about":[{"href":"https:\/\/franciscanos.org.br\/noticias\/wp-json\/wp\/v2\/types\/post"}],"author":[{"embeddable":true,"href":"https:\/\/franciscanos.org.br\/noticias\/wp-json\/wp\/v2\/users\/1"}],"replies":[{"embeddable":true,"href":"https:\/\/franciscanos.org.br\/noticias\/wp-json\/wp\/v2\/comments?post=144331"}],"version-history":[{"count":1,"href":"https:\/\/franciscanos.org.br\/noticias\/wp-json\/wp\/v2\/posts\/144331\/revisions"}],"predecessor-version":[{"id":226790,"href":"https:\/\/franciscanos.org.br\/noticias\/wp-json\/wp\/v2\/posts\/144331\/revisions\/226790"}],"wp:featuredmedia":[{"embeddable":true,"href":"https:\/\/franciscanos.org.br\/noticias\/wp-json\/wp\/v2\/media\/194710"}],"wp:attachment":[{"href":"https:\/\/franciscanos.org.br\/noticias\/wp-json\/wp\/v2\/media?parent=144331"}],"wp:term":[{"taxonomy":"category","embeddable":true,"href":"https:\/\/franciscanos.org.br\/noticias\/wp-json\/wp\/v2\/categories?post=144331"},{"taxonomy":"post_tag","embeddable":true,"href":"https:\/\/franciscanos.org.br\/noticias\/wp-json\/wp\/v2\/tags?post=144331"}],"curies":[{"name":"wp","href":"https:\/\/api.w.org\/{rel}","templated":true}]}}