{"id":144304,"date":"2017-10-17T08:19:02","date_gmt":"2017-10-17T10:19:02","guid":{"rendered":"http:\/\/franciscanos.org.br\/?p=144304"},"modified":"2020-06-08T16:47:24","modified_gmt":"2020-06-08T19:47:24","slug":"sem-a-palavra-de-deus-nao-ha-lugar-para-o-amor","status":"publish","type":"post","link":"https:\/\/franciscanos.org.br\/noticias\/sem-a-palavra-de-deus-nao-ha-lugar-para-o-amor.html","title":{"rendered":"Sem a Palavra de Deus n\u00e3o h\u00e1 lugar para o amor"},"content":{"rendered":"<p><img loading=\"lazy\" src=\"http:\/\/franciscanos.org.br\/wp-content\/uploads\/2017\/10\/marta_171017.jpg\" alt=\"marta_171017\" width=\"820\" height=\"432\" \/><\/p>\n<p><strong>Cidade do Vaticano<\/strong> \u2013 \u201cN\u00e3o cair na insensatez que consiste na incapacidade de escutar a Palavra de Deus e conduz \u00e0 corrup\u00e7\u00e3o\u201d. Foi o conceito expresso pelo Papa na homilia da Missa matutina, presidida na Casa Santa Marta. Jesus chora com nostalgia \u2013 recorda o Papa \u2013 quando o povo amado se afasta, por insensatez, preferindo apar\u00eancias, \u00eddolos ou ideologias.<\/p>\n<p>A reflex\u00e3o do Papa Francisco come\u00e7a pela palavra \u2018insensatos\u2019, que consta duas vezes na Liturgia do dia. Jesus a diz aos fariseus e S\u00e3o Paulo aos pag\u00e3os. Mas tamb\u00e9m aos G\u00e1latas, crist\u00e3os, o ap\u00f3stolo dos gentios havia dito \u201ctolos\u201d. Esta palavra, al\u00e9m de uma condena\u00e7\u00e3o, \u00e9 uma assinala\u00e7\u00e3o \u2013 afirma Francisco \u2013 porque mostra o caminho da insensatez, que conduz \u00e0 corrup\u00e7\u00e3o. \u201cEstes tr\u00eas grupos de insensatos s\u00e3o corruptos\u201d, observa o Papa.<\/p>\n<p>Aos doutores da lei, Jesus havia dito que pareciam sepulcros decorados: tornam-se corruptos porque se preocupavam apenas em embelezar \u2018o exterior\u2019 das coisas, mas n\u00e3o daquilo que estava dentro, onde est\u00e1 a corrup\u00e7\u00e3o. Eram, portanto, \u201ccorruptos pela vaidade, pela apar\u00eancia, pela beleza exterior, pela justi\u00e7a exterior\u201d.<\/p>\n<p>Os pag\u00e3os, ao contr\u00e1rio, t\u00eam a corrup\u00e7\u00e3o da idolatria: se tornaram corruptos porque trocaram a gl\u00f3ria de Deus pelos \u00eddolos. Existem tamb\u00e9m idolatrias de hoje, como o consumismo &#8211; nota o Papa \u2013, procurar um deus \u2018c\u00f4modo\u2019.<\/p>\n<p>Enfim, os G\u00e1latas, os crist\u00e3os, que se deixaram corromper pelas ideologias, ou seja, deixaram de ser crist\u00e3os para serem \u2018ide\u00f3logos do cristianismo\u2019.<\/p>\n<p>Todos os tr\u00eas grupos, por causa desta insensatez, acabam na corrup\u00e7\u00e3o. Francisco explica no que consiste esta insensatez: \u201cA insensatez \u00e9 n\u00e3o escutar, literalmente \u2018n\u00e3o saber\u2019, \u2018n\u00e3o ouvir\u2019: a incapacidade de escutar a Palavra. Quando a Palavra n\u00e3o entra, eu a deixo entrar porque n\u00e3o a escuto. O tolo n\u00e3o escuta. Ele cr\u00ea que ouve, mas n\u00e3o ouve, n\u00e3o escuta. Fica na dele, sempre. E por isso, a Palavra de Deus n\u00e3o pode entrar no cora\u00e7\u00e3o e n\u00e3o h\u00e1 lugar para o amor. E quando entra, entra destilada, transformada pela concep\u00e7\u00e3o da realidade. Os tolos n\u00e3o sabem ouvir. E esta surdez os leva \u00e0 corrup\u00e7\u00e3o. Quando n\u00e3o entra a Palavra de Deus, n\u00e3o h\u00e1 lugar para o amor e enfim, n\u00e3o h\u00e1 espa\u00e7o para a liberdade\u201d.<br \/>\nE eles se tornam escravos porque trocam \u201ca verdade de Deus com a mentira\u201d e adoram as criaturas em vez do Criador.<\/p>\n<p>\u201cN\u00e3o s\u00e3o livres, e n\u00e3o escutam, essa surdez n\u00e3o deixa espa\u00e7o para o amor nem para a liberdade: isso sempre nos leva \u00e0 escravid\u00e3o. Eu ou\u00e7o a Palavra de Deus? Mas a deixo entrar? Esta Palavra, da qual ouvimos cantando o Aleluia, a Palavra de Deus \u00e9 viva, eficaz, revela os sentimentos e os pensamentos do cora\u00e7\u00e3o. Corta, vai para dentro. Esta Palavra, eu a deixo entrar ou sou surdo a essa palavra? E a transformo em apar\u00eancia, a transformo em idolatria, h\u00e1bitos id\u00f3latras ou a transformo em ideologia? E n\u00e3o entra &#8230; Esta \u00e9 a insensatez dos crist\u00e3os\u201d.<\/p>\n<p>O Papa exorta, em conclus\u00e3o, a olhar para os \u201c\u00edcones dos tolos de hoje\u201d: \u201ch\u00e1 crist\u00e3os tolos e tamb\u00e9m pastores tolos\u201d. \u201cSanto Agostino &#8211; afirma -, \u201cataca-lhes duro, com for\u00e7a\u201d, porque \u201ca tolice dos pastores faz mal ao rebanho\u201d. A refer\u00eancia \u00e9 \u00e0 \u201ctolice do pastor corrupto\u201d, \u00e0 \u201cinsensatez do pastor satisfeito de si mesmo, pag\u00e3o\u201d, e \u00e0 \u201cinsensatez do ide\u00f3logo\u201d.<\/p>\n<p>\u201cOlhemos o \u00edcone dos crist\u00e3os tolos\u201d &#8211; insiste o Papa \u2013 \u201ce ao lado desta insensatez, olhamos para o Senhor que est\u00e1 sempre \u00e0 porta\u201d, ele bate e espera. Seu convite final \u00e9, portanto, de pensar na nostalgia do Senhor por n\u00f3s: \u201cdo primeiro amor que ele teve conosco\u201d: \u201cE se ca\u00edmos nesta insensatez, nos afastamos dele e ele sente essa nostalgia. Nostalgia de n\u00f3s. E Jesus com essa nostalgia chorou, chorou sobre Jerusal\u00e9m: era precisamente a nostalgia de um povo que tinha escolhido, tinha amado, mas que tinha se afastado por insensatez, que tinha preferido as apar\u00eancias, os \u00eddolos ou as ideologias\u201d.<\/p>\n<hr \/>\n<p><em>Fonte: Vatican News<\/em><\/p>\n","protected":false},"excerpt":{"rendered":"<p>Missa em Santa Marta<\/p>\n","protected":false},"author":1,"featured_media":203530,"comment_status":"open","ping_status":"open","sticky":false,"template":"","format":"standard","meta":[],"categories":[1428],"tags":[1586],"acf":[],"yoast_head":"<!-- This site is optimized with the Yoast SEO plugin v19.2 - https:\/\/yoast.com\/wordpress\/plugins\/seo\/ -->\n<title>Sem a Palavra de Deus n\u00e3o h\u00e1 lugar para o amor - Not\u00edcias - Franciscanos<\/title>\n<meta name=\"robots\" content=\"index, follow, max-snippet:-1, max-image-preview:large, max-video-preview:-1\" \/>\n<link rel=\"canonical\" href=\"https:\/\/franciscanos.org.br\/noticias\/sem-a-palavra-de-deus-nao-ha-lugar-para-o-amor.html\" \/>\n<meta property=\"og:locale\" content=\"pt_BR\" \/>\n<meta property=\"og:type\" content=\"article\" \/>\n<meta property=\"og:title\" content=\"Sem a Palavra de Deus n\u00e3o h\u00e1 lugar para o amor - Not\u00edcias - Franciscanos\" \/>\n<meta property=\"og:description\" content=\"Missa em Santa Marta\" \/>\n<meta property=\"og:url\" content=\"https:\/\/franciscanos.org.br\/noticias\/sem-a-palavra-de-deus-nao-ha-lugar-para-o-amor.html\" \/>\n<meta property=\"og:site_name\" content=\"Not\u00edcias - Franciscanos\" \/>\n<meta property=\"article:published_time\" content=\"2017-10-17T10:19:02+00:00\" \/>\n<meta property=\"article:modified_time\" content=\"2020-06-08T19:47:24+00:00\" \/>\n<meta property=\"og:image\" content=\"https:\/\/franciscanos.org.br\/noticias\/wp-content\/uploads\/2017\/10\/marta_171017.jpg\" \/>\n\t<meta property=\"og:image:width\" content=\"273\" \/>\n\t<meta property=\"og:image:height\" content=\"181\" \/>\n\t<meta property=\"og:image:type\" content=\"image\/jpeg\" \/>\n<meta name=\"author\" content=\"admin\" \/>\n<meta name=\"twitter:card\" content=\"summary_large_image\" \/>\n<meta name=\"twitter:label1\" content=\"Escrito por\" \/>\n\t<meta name=\"twitter:data1\" content=\"admin\" \/>\n\t<meta name=\"twitter:label2\" content=\"Est. tempo de leitura\" \/>\n\t<meta name=\"twitter:data2\" content=\"4 minutos\" \/>\n<script type=\"application\/ld+json\" class=\"yoast-schema-graph\">{\"@context\":\"https:\/\/schema.org\",\"@graph\":[{\"@type\":\"WebSite\",\"@id\":\"https:\/\/franciscanos.org.br\/noticias\/#website\",\"url\":\"https:\/\/franciscanos.org.br\/noticias\/\",\"name\":\"Not\u00edcias - Franciscanos\",\"description\":\"Prov\u00edncia Franciscana da Imaculada Concei\u00e7\u00e3o do Brasil - Ordem dos Frades Menores - OFM\",\"potentialAction\":[{\"@type\":\"SearchAction\",\"target\":{\"@type\":\"EntryPoint\",\"urlTemplate\":\"https:\/\/franciscanos.org.br\/noticias\/?s={search_term_string}\"},\"query-input\":\"required name=search_term_string\"}],\"inLanguage\":\"pt-BR\"},{\"@type\":\"ImageObject\",\"inLanguage\":\"pt-BR\",\"@id\":\"https:\/\/franciscanos.org.br\/noticias\/sem-a-palavra-de-deus-nao-ha-lugar-para-o-amor.html#primaryimage\",\"url\":\"https:\/\/franciscanos.org.br\/noticias\/wp-content\/uploads\/2017\/10\/marta_171017.jpg\",\"contentUrl\":\"https:\/\/franciscanos.org.br\/noticias\/wp-content\/uploads\/2017\/10\/marta_171017.jpg\",\"width\":273,\"height\":181},{\"@type\":\"WebPage\",\"@id\":\"https:\/\/franciscanos.org.br\/noticias\/sem-a-palavra-de-deus-nao-ha-lugar-para-o-amor.html#webpage\",\"url\":\"https:\/\/franciscanos.org.br\/noticias\/sem-a-palavra-de-deus-nao-ha-lugar-para-o-amor.html\",\"name\":\"Sem a Palavra de Deus n\u00e3o h\u00e1 lugar para o amor - Not\u00edcias - Franciscanos\",\"isPartOf\":{\"@id\":\"https:\/\/franciscanos.org.br\/noticias\/#website\"},\"primaryImageOfPage\":{\"@id\":\"https:\/\/franciscanos.org.br\/noticias\/sem-a-palavra-de-deus-nao-ha-lugar-para-o-amor.html#primaryimage\"},\"datePublished\":\"2017-10-17T10:19:02+00:00\",\"dateModified\":\"2020-06-08T19:47:24+00:00\",\"author\":{\"@id\":\"https:\/\/franciscanos.org.br\/noticias\/#\/schema\/person\/b38fbf43118f02820bd932f2e4b14ad3\"},\"breadcrumb\":{\"@id\":\"https:\/\/franciscanos.org.br\/noticias\/sem-a-palavra-de-deus-nao-ha-lugar-para-o-amor.html#breadcrumb\"},\"inLanguage\":\"pt-BR\",\"potentialAction\":[{\"@type\":\"ReadAction\",\"target\":[\"https:\/\/franciscanos.org.br\/noticias\/sem-a-palavra-de-deus-nao-ha-lugar-para-o-amor.html\"]}]},{\"@type\":\"BreadcrumbList\",\"@id\":\"https:\/\/franciscanos.org.br\/noticias\/sem-a-palavra-de-deus-nao-ha-lugar-para-o-amor.html#breadcrumb\",\"itemListElement\":[{\"@type\":\"ListItem\",\"position\":1,\"name\":\"Home\",\"item\":\"https:\/\/franciscanos.org.br\/noticias\"},{\"@type\":\"ListItem\",\"position\":2,\"name\":\"Sem a Palavra de Deus n\u00e3o h\u00e1 lugar para o amor\"}]},{\"@type\":\"Person\",\"@id\":\"https:\/\/franciscanos.org.br\/noticias\/#\/schema\/person\/b38fbf43118f02820bd932f2e4b14ad3\",\"name\":\"admin\",\"image\":{\"@type\":\"ImageObject\",\"inLanguage\":\"pt-BR\",\"@id\":\"https:\/\/franciscanos.org.br\/noticias\/#\/schema\/person\/image\/\",\"url\":\"https:\/\/secure.gravatar.com\/avatar\/e8495742d34d0ba6448ea1c628263b3e?s=96&d=mm&r=g\",\"contentUrl\":\"https:\/\/secure.gravatar.com\/avatar\/e8495742d34d0ba6448ea1c628263b3e?s=96&d=mm&r=g\",\"caption\":\"admin\"},\"url\":\"https:\/\/franciscanos.org.br\/noticias\/author\/admin\"}]}<\/script>\n<!-- \/ Yoast SEO plugin. -->","yoast_head_json":{"title":"Sem a Palavra de Deus n\u00e3o h\u00e1 lugar para o amor - Not\u00edcias - Franciscanos","robots":{"index":"index","follow":"follow","max-snippet":"max-snippet:-1","max-image-preview":"max-image-preview:large","max-video-preview":"max-video-preview:-1"},"canonical":"https:\/\/franciscanos.org.br\/noticias\/sem-a-palavra-de-deus-nao-ha-lugar-para-o-amor.html","og_locale":"pt_BR","og_type":"article","og_title":"Sem a Palavra de Deus n\u00e3o h\u00e1 lugar para o amor - Not\u00edcias - Franciscanos","og_description":"Missa em Santa Marta","og_url":"https:\/\/franciscanos.org.br\/noticias\/sem-a-palavra-de-deus-nao-ha-lugar-para-o-amor.html","og_site_name":"Not\u00edcias - Franciscanos","article_published_time":"2017-10-17T10:19:02+00:00","article_modified_time":"2020-06-08T19:47:24+00:00","og_image":[{"width":273,"height":181,"url":"https:\/\/franciscanos.org.br\/noticias\/wp-content\/uploads\/2017\/10\/marta_171017.jpg","type":"image\/jpeg"}],"author":"admin","twitter_card":"summary_large_image","twitter_misc":{"Escrito por":"admin","Est. tempo de leitura":"4 minutos"},"schema":{"@context":"https:\/\/schema.org","@graph":[{"@type":"WebSite","@id":"https:\/\/franciscanos.org.br\/noticias\/#website","url":"https:\/\/franciscanos.org.br\/noticias\/","name":"Not\u00edcias - Franciscanos","description":"Prov\u00edncia Franciscana da Imaculada Concei\u00e7\u00e3o do Brasil - Ordem dos Frades Menores - OFM","potentialAction":[{"@type":"SearchAction","target":{"@type":"EntryPoint","urlTemplate":"https:\/\/franciscanos.org.br\/noticias\/?s={search_term_string}"},"query-input":"required name=search_term_string"}],"inLanguage":"pt-BR"},{"@type":"ImageObject","inLanguage":"pt-BR","@id":"https:\/\/franciscanos.org.br\/noticias\/sem-a-palavra-de-deus-nao-ha-lugar-para-o-amor.html#primaryimage","url":"https:\/\/franciscanos.org.br\/noticias\/wp-content\/uploads\/2017\/10\/marta_171017.jpg","contentUrl":"https:\/\/franciscanos.org.br\/noticias\/wp-content\/uploads\/2017\/10\/marta_171017.jpg","width":273,"height":181},{"@type":"WebPage","@id":"https:\/\/franciscanos.org.br\/noticias\/sem-a-palavra-de-deus-nao-ha-lugar-para-o-amor.html#webpage","url":"https:\/\/franciscanos.org.br\/noticias\/sem-a-palavra-de-deus-nao-ha-lugar-para-o-amor.html","name":"Sem a Palavra de Deus n\u00e3o h\u00e1 lugar para o amor - Not\u00edcias - Franciscanos","isPartOf":{"@id":"https:\/\/franciscanos.org.br\/noticias\/#website"},"primaryImageOfPage":{"@id":"https:\/\/franciscanos.org.br\/noticias\/sem-a-palavra-de-deus-nao-ha-lugar-para-o-amor.html#primaryimage"},"datePublished":"2017-10-17T10:19:02+00:00","dateModified":"2020-06-08T19:47:24+00:00","author":{"@id":"https:\/\/franciscanos.org.br\/noticias\/#\/schema\/person\/b38fbf43118f02820bd932f2e4b14ad3"},"breadcrumb":{"@id":"https:\/\/franciscanos.org.br\/noticias\/sem-a-palavra-de-deus-nao-ha-lugar-para-o-amor.html#breadcrumb"},"inLanguage":"pt-BR","potentialAction":[{"@type":"ReadAction","target":["https:\/\/franciscanos.org.br\/noticias\/sem-a-palavra-de-deus-nao-ha-lugar-para-o-amor.html"]}]},{"@type":"BreadcrumbList","@id":"https:\/\/franciscanos.org.br\/noticias\/sem-a-palavra-de-deus-nao-ha-lugar-para-o-amor.html#breadcrumb","itemListElement":[{"@type":"ListItem","position":1,"name":"Home","item":"https:\/\/franciscanos.org.br\/noticias"},{"@type":"ListItem","position":2,"name":"Sem a Palavra de Deus n\u00e3o h\u00e1 lugar para o amor"}]},{"@type":"Person","@id":"https:\/\/franciscanos.org.br\/noticias\/#\/schema\/person\/b38fbf43118f02820bd932f2e4b14ad3","name":"admin","image":{"@type":"ImageObject","inLanguage":"pt-BR","@id":"https:\/\/franciscanos.org.br\/noticias\/#\/schema\/person\/image\/","url":"https:\/\/secure.gravatar.com\/avatar\/e8495742d34d0ba6448ea1c628263b3e?s=96&d=mm&r=g","contentUrl":"https:\/\/secure.gravatar.com\/avatar\/e8495742d34d0ba6448ea1c628263b3e?s=96&d=mm&r=g","caption":"admin"},"url":"https:\/\/franciscanos.org.br\/noticias\/author\/admin"}]}},"_links":{"self":[{"href":"https:\/\/franciscanos.org.br\/noticias\/wp-json\/wp\/v2\/posts\/144304"}],"collection":[{"href":"https:\/\/franciscanos.org.br\/noticias\/wp-json\/wp\/v2\/posts"}],"about":[{"href":"https:\/\/franciscanos.org.br\/noticias\/wp-json\/wp\/v2\/types\/post"}],"author":[{"embeddable":true,"href":"https:\/\/franciscanos.org.br\/noticias\/wp-json\/wp\/v2\/users\/1"}],"replies":[{"embeddable":true,"href":"https:\/\/franciscanos.org.br\/noticias\/wp-json\/wp\/v2\/comments?post=144304"}],"version-history":[{"count":1,"href":"https:\/\/franciscanos.org.br\/noticias\/wp-json\/wp\/v2\/posts\/144304\/revisions"}],"predecessor-version":[{"id":225217,"href":"https:\/\/franciscanos.org.br\/noticias\/wp-json\/wp\/v2\/posts\/144304\/revisions\/225217"}],"wp:featuredmedia":[{"embeddable":true,"href":"https:\/\/franciscanos.org.br\/noticias\/wp-json\/wp\/v2\/media\/203530"}],"wp:attachment":[{"href":"https:\/\/franciscanos.org.br\/noticias\/wp-json\/wp\/v2\/media?parent=144304"}],"wp:term":[{"taxonomy":"category","embeddable":true,"href":"https:\/\/franciscanos.org.br\/noticias\/wp-json\/wp\/v2\/categories?post=144304"},{"taxonomy":"post_tag","embeddable":true,"href":"https:\/\/franciscanos.org.br\/noticias\/wp-json\/wp\/v2\/tags?post=144304"}],"curies":[{"name":"wp","href":"https:\/\/api.w.org\/{rel}","templated":true}]}}