{"id":14428,"date":"2012-04-02T16:23:18","date_gmt":"2012-04-02T19:23:18","guid":{"rendered":"http:\/\/new.franciscanos.org.br\/?p=14428"},"modified":"2019-09-17T09:32:06","modified_gmt":"2019-09-17T12:32:06","slug":"via-sacra-da-juventude-chega-a-segunda-edicao","status":"publish","type":"post","link":"https:\/\/franciscanos.org.br\/noticias\/via-sacra-da-juventude-chega-a-segunda-edicao.html","title":{"rendered":"Via-Sacra da Juventude chega \u00e0 segunda edi\u00e7\u00e3o"},"content":{"rendered":"<p><a href=\"http:\/\/franciscanos.org.br\/wp-content\/uploads\/2012\/04\/1838_020412.jpg\"><img loading=\"lazy\" class=\"alignleft size-full wp-image-14429\" title=\"1838_020412\" src=\"http:\/\/franciscanos.org.br\/wp-content\/uploads\/2012\/04\/1838_020412.jpg\" alt=\"\" width=\"350\" height=\"263\" \/><\/a>No dia 31 de mar\u00e7o de 2012 aconteceu a 2\u00aa Via-Sacra da Juventude, realizada na Par\u00f3quia S\u00e3o Francisco, organizada pela Juventude Franciscana (Jufra) das Chagas e pelos vocacionados franciscanos.<br \/>\nLogo ap\u00f3s a celebra\u00e7\u00e3o eucar\u00edstica, a Via-Sacra teve inicio com um momento de ora\u00e7\u00e3o e reflex\u00e3o para recordar os \u00faltimos momentos de Cristo, as suas dores e os seus passos durante o percurso at\u00e9 o Calv\u00e1rio.<br \/>\nDurante as reflex\u00f5es de cada esta\u00e7\u00e3o, foram utilizados v\u00eddeos, m\u00fasicas, encena\u00e7\u00f5es teatrais e reflex\u00f5es conduzidas por Frei Alvaci Mendes da Luz, assistente espiritual da Jufra das Chagas.\u00a0\u00a0Refletimos, tamb\u00e9m, atrav\u00e9s das quedas de Jesus, as quedas dos jovens e as dificuldades enfrentadas pela sociedade dentro da \u00f3tica da proposta da Campanha da Fraternidade 2012, que clama por sa\u00fade p\u00fablica e dignidade.<br \/>\nCom esta Via-Sacra teve in\u00edcio a Semana Santa. Fica o convite a todos que estavam presentes a viverem esta Semana com bastante zelo e devo\u00e7\u00e3o, lembrando que Cristo deu sua vida para nos salvar.<br \/>\n<em>Palloma Santos, especial para este site<\/em><br \/>\n[nggallery id=160]<\/p>\n","protected":false},"excerpt":{"rendered":"<p>Jufra<\/p>\n","protected":false},"author":1,"featured_media":211082,"comment_status":"closed","ping_status":"closed","sticky":false,"template":"","format":"standard","meta":[],"categories":[1],"tags":[187],"acf":[],"yoast_head":"<!-- This site is optimized with the Yoast SEO plugin v19.2 - https:\/\/yoast.com\/wordpress\/plugins\/seo\/ -->\n<title>Via-Sacra da Juventude chega \u00e0 segunda edi\u00e7\u00e3o - Not\u00edcias - Franciscanos<\/title>\n<meta name=\"robots\" content=\"index, follow, max-snippet:-1, max-image-preview:large, max-video-preview:-1\" \/>\n<link rel=\"canonical\" href=\"https:\/\/franciscanos.org.br\/noticias\/via-sacra-da-juventude-chega-a-segunda-edicao.html\" \/>\n<meta property=\"og:locale\" content=\"pt_BR\" \/>\n<meta property=\"og:type\" content=\"article\" \/>\n<meta property=\"og:title\" content=\"Via-Sacra da Juventude chega \u00e0 segunda edi\u00e7\u00e3o - Not\u00edcias - Franciscanos\" \/>\n<meta property=\"og:description\" content=\"Jufra\" \/>\n<meta property=\"og:url\" content=\"https:\/\/franciscanos.org.br\/noticias\/via-sacra-da-juventude-chega-a-segunda-edicao.html\" \/>\n<meta property=\"og:site_name\" content=\"Not\u00edcias - Franciscanos\" \/>\n<meta property=\"article:published_time\" content=\"2012-04-02T19:23:18+00:00\" \/>\n<meta property=\"article:modified_time\" content=\"2019-09-17T12:32:06+00:00\" \/>\n<meta property=\"og:image\" content=\"https:\/\/franciscanos.org.br\/noticias\/wp-content\/uploads\/2012\/04\/1838_020412.jpg\" \/>\n\t<meta property=\"og:image:width\" content=\"273\" \/>\n\t<meta property=\"og:image:height\" content=\"182\" \/>\n\t<meta property=\"og:image:type\" content=\"image\/jpeg\" \/>\n<meta name=\"author\" content=\"admin\" \/>\n<meta name=\"twitter:card\" content=\"summary_large_image\" \/>\n<meta name=\"twitter:label1\" content=\"Escrito por\" \/>\n\t<meta name=\"twitter:data1\" content=\"admin\" \/>\n\t<meta name=\"twitter:label2\" content=\"Est. tempo de leitura\" \/>\n\t<meta name=\"twitter:data2\" content=\"1 minuto\" \/>\n<script type=\"application\/ld+json\" class=\"yoast-schema-graph\">{\"@context\":\"https:\/\/schema.org\",\"@graph\":[{\"@type\":\"WebSite\",\"@id\":\"https:\/\/franciscanos.org.br\/noticias\/#website\",\"url\":\"https:\/\/franciscanos.org.br\/noticias\/\",\"name\":\"Not\u00edcias - Franciscanos\",\"description\":\"Prov\u00edncia Franciscana da Imaculada Concei\u00e7\u00e3o do Brasil - Ordem dos Frades Menores - OFM\",\"potentialAction\":[{\"@type\":\"SearchAction\",\"target\":{\"@type\":\"EntryPoint\",\"urlTemplate\":\"https:\/\/franciscanos.org.br\/noticias\/?s={search_term_string}\"},\"query-input\":\"required name=search_term_string\"}],\"inLanguage\":\"pt-BR\"},{\"@type\":\"ImageObject\",\"inLanguage\":\"pt-BR\",\"@id\":\"https:\/\/franciscanos.org.br\/noticias\/via-sacra-da-juventude-chega-a-segunda-edicao.html#primaryimage\",\"url\":\"https:\/\/franciscanos.org.br\/noticias\/wp-content\/uploads\/2012\/04\/1838_020412.jpg\",\"contentUrl\":\"https:\/\/franciscanos.org.br\/noticias\/wp-content\/uploads\/2012\/04\/1838_020412.jpg\",\"width\":273,\"height\":182},{\"@type\":\"WebPage\",\"@id\":\"https:\/\/franciscanos.org.br\/noticias\/via-sacra-da-juventude-chega-a-segunda-edicao.html#webpage\",\"url\":\"https:\/\/franciscanos.org.br\/noticias\/via-sacra-da-juventude-chega-a-segunda-edicao.html\",\"name\":\"Via-Sacra da Juventude chega \u00e0 segunda edi\u00e7\u00e3o - Not\u00edcias - Franciscanos\",\"isPartOf\":{\"@id\":\"https:\/\/franciscanos.org.br\/noticias\/#website\"},\"primaryImageOfPage\":{\"@id\":\"https:\/\/franciscanos.org.br\/noticias\/via-sacra-da-juventude-chega-a-segunda-edicao.html#primaryimage\"},\"datePublished\":\"2012-04-02T19:23:18+00:00\",\"dateModified\":\"2019-09-17T12:32:06+00:00\",\"author\":{\"@id\":\"https:\/\/franciscanos.org.br\/noticias\/#\/schema\/person\/b38fbf43118f02820bd932f2e4b14ad3\"},\"breadcrumb\":{\"@id\":\"https:\/\/franciscanos.org.br\/noticias\/via-sacra-da-juventude-chega-a-segunda-edicao.html#breadcrumb\"},\"inLanguage\":\"pt-BR\",\"potentialAction\":[{\"@type\":\"ReadAction\",\"target\":[\"https:\/\/franciscanos.org.br\/noticias\/via-sacra-da-juventude-chega-a-segunda-edicao.html\"]}]},{\"@type\":\"BreadcrumbList\",\"@id\":\"https:\/\/franciscanos.org.br\/noticias\/via-sacra-da-juventude-chega-a-segunda-edicao.html#breadcrumb\",\"itemListElement\":[{\"@type\":\"ListItem\",\"position\":1,\"name\":\"Home\",\"item\":\"https:\/\/franciscanos.org.br\/noticias\"},{\"@type\":\"ListItem\",\"position\":2,\"name\":\"Via-Sacra da Juventude chega \u00e0 segunda edi\u00e7\u00e3o\"}]},{\"@type\":\"Person\",\"@id\":\"https:\/\/franciscanos.org.br\/noticias\/#\/schema\/person\/b38fbf43118f02820bd932f2e4b14ad3\",\"name\":\"admin\",\"image\":{\"@type\":\"ImageObject\",\"inLanguage\":\"pt-BR\",\"@id\":\"https:\/\/franciscanos.org.br\/noticias\/#\/schema\/person\/image\/\",\"url\":\"https:\/\/secure.gravatar.com\/avatar\/e8495742d34d0ba6448ea1c628263b3e?s=96&d=mm&r=g\",\"contentUrl\":\"https:\/\/secure.gravatar.com\/avatar\/e8495742d34d0ba6448ea1c628263b3e?s=96&d=mm&r=g\",\"caption\":\"admin\"},\"url\":\"https:\/\/franciscanos.org.br\/noticias\/author\/admin\"}]}<\/script>\n<!-- \/ Yoast SEO plugin. -->","yoast_head_json":{"title":"Via-Sacra da Juventude chega \u00e0 segunda edi\u00e7\u00e3o - Not\u00edcias - Franciscanos","robots":{"index":"index","follow":"follow","max-snippet":"max-snippet:-1","max-image-preview":"max-image-preview:large","max-video-preview":"max-video-preview:-1"},"canonical":"https:\/\/franciscanos.org.br\/noticias\/via-sacra-da-juventude-chega-a-segunda-edicao.html","og_locale":"pt_BR","og_type":"article","og_title":"Via-Sacra da Juventude chega \u00e0 segunda edi\u00e7\u00e3o - Not\u00edcias - Franciscanos","og_description":"Jufra","og_url":"https:\/\/franciscanos.org.br\/noticias\/via-sacra-da-juventude-chega-a-segunda-edicao.html","og_site_name":"Not\u00edcias - Franciscanos","article_published_time":"2012-04-02T19:23:18+00:00","article_modified_time":"2019-09-17T12:32:06+00:00","og_image":[{"width":273,"height":182,"url":"https:\/\/franciscanos.org.br\/noticias\/wp-content\/uploads\/2012\/04\/1838_020412.jpg","type":"image\/jpeg"}],"author":"admin","twitter_card":"summary_large_image","twitter_misc":{"Escrito por":"admin","Est. tempo de leitura":"1 minuto"},"schema":{"@context":"https:\/\/schema.org","@graph":[{"@type":"WebSite","@id":"https:\/\/franciscanos.org.br\/noticias\/#website","url":"https:\/\/franciscanos.org.br\/noticias\/","name":"Not\u00edcias - Franciscanos","description":"Prov\u00edncia Franciscana da Imaculada Concei\u00e7\u00e3o do Brasil - Ordem dos Frades Menores - OFM","potentialAction":[{"@type":"SearchAction","target":{"@type":"EntryPoint","urlTemplate":"https:\/\/franciscanos.org.br\/noticias\/?s={search_term_string}"},"query-input":"required name=search_term_string"}],"inLanguage":"pt-BR"},{"@type":"ImageObject","inLanguage":"pt-BR","@id":"https:\/\/franciscanos.org.br\/noticias\/via-sacra-da-juventude-chega-a-segunda-edicao.html#primaryimage","url":"https:\/\/franciscanos.org.br\/noticias\/wp-content\/uploads\/2012\/04\/1838_020412.jpg","contentUrl":"https:\/\/franciscanos.org.br\/noticias\/wp-content\/uploads\/2012\/04\/1838_020412.jpg","width":273,"height":182},{"@type":"WebPage","@id":"https:\/\/franciscanos.org.br\/noticias\/via-sacra-da-juventude-chega-a-segunda-edicao.html#webpage","url":"https:\/\/franciscanos.org.br\/noticias\/via-sacra-da-juventude-chega-a-segunda-edicao.html","name":"Via-Sacra da Juventude chega \u00e0 segunda edi\u00e7\u00e3o - Not\u00edcias - Franciscanos","isPartOf":{"@id":"https:\/\/franciscanos.org.br\/noticias\/#website"},"primaryImageOfPage":{"@id":"https:\/\/franciscanos.org.br\/noticias\/via-sacra-da-juventude-chega-a-segunda-edicao.html#primaryimage"},"datePublished":"2012-04-02T19:23:18+00:00","dateModified":"2019-09-17T12:32:06+00:00","author":{"@id":"https:\/\/franciscanos.org.br\/noticias\/#\/schema\/person\/b38fbf43118f02820bd932f2e4b14ad3"},"breadcrumb":{"@id":"https:\/\/franciscanos.org.br\/noticias\/via-sacra-da-juventude-chega-a-segunda-edicao.html#breadcrumb"},"inLanguage":"pt-BR","potentialAction":[{"@type":"ReadAction","target":["https:\/\/franciscanos.org.br\/noticias\/via-sacra-da-juventude-chega-a-segunda-edicao.html"]}]},{"@type":"BreadcrumbList","@id":"https:\/\/franciscanos.org.br\/noticias\/via-sacra-da-juventude-chega-a-segunda-edicao.html#breadcrumb","itemListElement":[{"@type":"ListItem","position":1,"name":"Home","item":"https:\/\/franciscanos.org.br\/noticias"},{"@type":"ListItem","position":2,"name":"Via-Sacra da Juventude chega \u00e0 segunda edi\u00e7\u00e3o"}]},{"@type":"Person","@id":"https:\/\/franciscanos.org.br\/noticias\/#\/schema\/person\/b38fbf43118f02820bd932f2e4b14ad3","name":"admin","image":{"@type":"ImageObject","inLanguage":"pt-BR","@id":"https:\/\/franciscanos.org.br\/noticias\/#\/schema\/person\/image\/","url":"https:\/\/secure.gravatar.com\/avatar\/e8495742d34d0ba6448ea1c628263b3e?s=96&d=mm&r=g","contentUrl":"https:\/\/secure.gravatar.com\/avatar\/e8495742d34d0ba6448ea1c628263b3e?s=96&d=mm&r=g","caption":"admin"},"url":"https:\/\/franciscanos.org.br\/noticias\/author\/admin"}]}},"_links":{"self":[{"href":"https:\/\/franciscanos.org.br\/noticias\/wp-json\/wp\/v2\/posts\/14428"}],"collection":[{"href":"https:\/\/franciscanos.org.br\/noticias\/wp-json\/wp\/v2\/posts"}],"about":[{"href":"https:\/\/franciscanos.org.br\/noticias\/wp-json\/wp\/v2\/types\/post"}],"author":[{"embeddable":true,"href":"https:\/\/franciscanos.org.br\/noticias\/wp-json\/wp\/v2\/users\/1"}],"replies":[{"embeddable":true,"href":"https:\/\/franciscanos.org.br\/noticias\/wp-json\/wp\/v2\/comments?post=14428"}],"version-history":[{"count":0,"href":"https:\/\/franciscanos.org.br\/noticias\/wp-json\/wp\/v2\/posts\/14428\/revisions"}],"wp:featuredmedia":[{"embeddable":true,"href":"https:\/\/franciscanos.org.br\/noticias\/wp-json\/wp\/v2\/media\/211082"}],"wp:attachment":[{"href":"https:\/\/franciscanos.org.br\/noticias\/wp-json\/wp\/v2\/media?parent=14428"}],"wp:term":[{"taxonomy":"category","embeddable":true,"href":"https:\/\/franciscanos.org.br\/noticias\/wp-json\/wp\/v2\/categories?post=14428"},{"taxonomy":"post_tag","embeddable":true,"href":"https:\/\/franciscanos.org.br\/noticias\/wp-json\/wp\/v2\/tags?post=14428"}],"curies":[{"name":"wp","href":"https:\/\/api.w.org\/{rel}","templated":true}]}}