{"id":144176,"date":"2017-10-15T13:10:39","date_gmt":"2017-10-15T15:10:39","guid":{"rendered":"http:\/\/franciscanos.org.br\/?p=144176"},"modified":"2019-01-17T10:13:34","modified_gmt":"2019-01-17T12:13:34","slug":"144176","status":"publish","type":"post","link":"https:\/\/franciscanos.org.br\/noticias\/144176.html","title":{"rendered":"M\u00e1rtires de Cunha\u00fa e Urua\u00e7u: Brasil tem 30 novos Santos"},"content":{"rendered":"<p><img loading=\"lazy\" src=\"http:\/\/franciscanos.org.br\/wp-content\/uploads\/2017\/10\/martires_151017_2.jpg\" alt=\"martires_151017_2\" width=\"820\" height=\"270\" \/><\/p>\n<p><strong>Cidade do Vaticano<\/strong> \u2013 A Igreja tem 35 novos Santos, e entre eles, 30 brasileiros. Em cerim\u00f4nia presidida pelo Papa Francisco na manh\u00e3 deste domingo (15\/10) na Pra\u00e7a S\u00e3o Pedro, foram canonizados os m\u00e1rtires de Cunha\u00fa e Urua\u00e7u, os Protom\u00e1rtires do M\u00e9xico \u2013 considerados os primeiros m\u00e1rtires do continente americano -, al\u00e9m do sacerdote espanhol Faustino M\u00edguez, fundador do Instituto Calasanzio, Filhas da Divina Pastora, e do Frade Menor Capuchinho italiano Angelo d\u2019Acri.<\/p>\n<p>Ap\u00f3s ser cantado o Veni Creator, o Prefeito da Congrega\u00e7\u00e3o para as Causas dos Santos, Cardeal Angelo Amato, acompanhado pelos Postuladores das Causas, dirigiu-se at\u00e9 o Santo Padre pedindo para que se procedesse \u00e0 canoniza\u00e7\u00e3o dos Beatos, com a leitura de seus nomes.<\/p>\n<p>A seguir, foi lida uma breve biografia dos novos Santos e entoada a Ladainha de todos os Santos, pedindo que por meio da Virgem Maria e de todos os Santos seja sustentado o ato que est\u00e1 para ser cumprido. Por fim, o Santo Padre leu a f\u00f3rmula de canoniza\u00e7\u00e3o.<\/p>\n<p><strong><img loading=\"lazy\" class=\"alignleft size-full wp-image-144178\" src=\"http:\/\/franciscanos.org.br\/wp-content\/uploads\/2017\/10\/martires_151017_3.jpg\" alt=\"martires_151017_3\" width=\"333\" height=\"500\" \/>Homilia<\/strong><br \/>\nSe se perde o amor de vista, \u201ca vida crist\u00e3 torna-se est\u00e9ril, torna-se um corpo sem alma, uma moral imposs\u00edvel, um conjunto de princ\u00edpios e leis a serem respeitadas sem um porqu\u00ea\u201d.<\/p>\n<p>Inspirando-se no Evangelho de Mateus proposto pela Liturgia do dia, o Papa recorda em sua homilia que \u201do Reino de Deus \u00e9 compar\u00e1vel a uma Festa de N\u00fapcias\u201d. N\u00f3s, \u201csomos os amados, os convidados\u201d para estas n\u00fapcias, mas \u201co convite pode ser recusado\u201d. Neste sentido, somos chamados a \u201crenovar a cada dia a op\u00e7\u00e3o de Deus\u201d, vivendo segundo o amor verdadeiro, superando a resigna\u00e7\u00e3o e os caprichos de nosso eu\u201d.<\/p>\n<p><strong>N\u00f3s somos os convidados<\/strong><br \/>\nFrancisco inicia sua reflex\u00e3o explicando que o protagonista da festa de n\u00fapcias \u201c\u00e9 o filho do rei, o noivo, no qual facilmente se vislumbra Jesus\u201d. Mas na par\u00e1bola, n\u00e3o se fala da noiva, \u201cmas de muitos convidados, desejados e esperados: s\u00e3o aqueles que trazem as vestes nupciais: \u201cTais convidados somos n\u00f3s, todos n\u00f3s, porque o Senhor deseja \u00abcelebrar as bodas\u00bb com cada um de n\u00f3s. As n\u00fapcias inauguram uma comunh\u00e3o total de vida: \u00e9 o que Deus deseja ter com cada um de n\u00f3s. Por isso o nosso relacionamento com Ele n\u00e3o se pode limitar ao dos devotados s\u00faditos com o rei, ao dos servos fi\u00e9is com o patr\u00e3o ou ao dos alunos diligentes com o mestre, mas \u00e9, antes de tudo, o relacionamento da noiva amada com o noivo\u201d.<\/p>\n<p><strong>Vida crist\u00e3 \u00e9 uma hist\u00f3ria de amor com Deus<\/strong><br \/>\nEm outras palavras \u2013 explica Francisco \u2013 o Senhor \u201cn\u00e3o se contenta com o nosso bom cumprimento dos deveres e a observ\u00e2ncia de suas leis, mas quer uma verdadeira comunh\u00e3o de vida conosco, uma rela\u00e7\u00e3o feita de di\u00e1logo, confian\u00e7a e amor\u201d: \u201cEsta \u00e9 a vida crist\u00e3, uma hist\u00f3ria de amor com Deus, na qual quem toma gratuitamente a iniciativa \u00e9 o Senhor e nenhum de n\u00f3s pode gloriar-se de ter a exclusividade do convite: ningu\u00e9m \u00e9 privilegiado relativamente aos outros, mas cada um \u00e9 privilegiado diante de Deus. Deste amor gratuito, terno e privilegiado, nasce e renasce incessantemente a vida crist\u00e3\u201d.<\/p>\n<p>Francisco pergunta por\u00e9m, se em nosso dia-a-dia nos recordamos de dizer \u201cao menos uma vez\u201d, \u201cSenhor, vos amo. V\u00f3s sois a minha vida\u201d: \u201cCom efeito, se se perde de vista o amor, a vida crist\u00e3 torna-se est\u00e9ril, torna-se um corpo sem alma, uma moral imposs\u00edvel, um conjunto de princ\u00edpios e leis a respeitar sem um porqu\u00ea. Ao contr\u00e1rio, o Deus da vida espera uma resposta de vida, o Senhor do amor espera uma resposta de amor\u201d.<\/p>\n<p><img loading=\"lazy\" src=\"http:\/\/franciscanos.org.br\/wp-content\/uploads\/2017\/10\/martires_151017_1.jpg\" alt=\"martires_151017_1\" width=\"820\" height=\"409\" \/><\/p>\n<p><strong>Reavivar a mem\u00f3ria do primeiro amor<\/strong><br \/>\nO Papa alerta para o perigo \u201cde uma vida crist\u00e3 rotineira, onde nos contentamos com a \u00abnormalidade\u00bb, sem zelo nem entusiasmo e com a mem\u00f3ria curta\u201d.<br \/>\nNeste sentido, somos chamados a reavivar a mem\u00f3ria do primeiro amor: \u201csomos os amados, os convidados para as n\u00fapcias, e a nossa vida \u00e9 um dom, sendo-nos dada em cada dia a magn\u00edfica oportunidade de responder ao convite\u201d.<\/p>\n<p><strong>A recusa do convite<\/strong><br \/>\nMas este convite pode ser recusado. O Evangelho \u2013 observa o Papa \u2013 relata que muitos convidados disseram n\u00e3o, pois \u201cestavam presos aos pr\u00f3prios interesses\u201d, \u201cao seu campo, ao seu neg\u00f3cio\u201d.<\/p>\n<p>A palavra \u201cseu\u201d \u2013 frisa Francisco \u2013 \u201c\u00e9 a chave para entender o motivo da recusa\u201d. Nos afastamos do amor, \u201cn\u00e3o por malvadez\u201d, mas porque se prefere \u201cas seguran\u00e7as, a autoafirma\u00e7\u00e3o, as comodidades\u201d: \u201cEnt\u00e3o reclinamo-nos nas poltronas dos lucros, dos prazeres, de qualquer passatempo que nos fa\u00e7a estar um pouco alegres. Mas deste modo envelhece-se depressa e mal, porque se envelhece dentro: quando o cora\u00e7\u00e3o n\u00e3o se dilata, fecha-se, envelhece. E quando tudo fica dependente do pr\u00f3prio eu \u2013 daquilo com que concordo, daquilo que me serve, daquilo que pretendo \u2013, tornamo-nos r\u00edgidos e maus, reagimos maltratando por nada, como os convidados do Evangelho que chegam ao ponto de insultar e at\u00e9 matar aqueles que levaram o convite, apenas porque os incomodavam\u201d.<\/p>\n<p><strong>Deus \u00e9 o oposto do ego\u00edsmo<\/strong><br \/>\n\u201cDeus \u00e9 o oposto do ego\u00edsmo, da autorreferencialidade\u201d, pois diante de nossas cont\u00ednuas recusas e fechamentos, \u201cn\u00e3o adia a festa. N\u00e3o se resigna, mas continua a convidar\u201d: \u201cVendo os \u00abn\u00e3os\u00bb, n\u00e3o fecha a porta, mas inclui ainda mais. \u00c0s injusti\u00e7as sofridas, Deus responde com um amor maior. N\u00f3s muitas vezes, quando somos feridos por injusti\u00e7as e recusas, incubamos ressentimento e rancor. Ao contr\u00e1rio Deus, ao mesmo tempo que sofre com os nossos \u00abn\u00e3os\u00bb, continua a relan\u00e7ar, prossegue na prepara\u00e7\u00e3o do bem mesmo para quem faz o mal. Porque assim faz o amor; porque s\u00f3 assim se vence o mal\u201d.<\/p>\n<p>Hoje \u2013 portanto \u2013 \u201ceste Deus que n\u00e3o perde jamais a esperan\u00e7a, nos compromete a fazer como ele, a viver segundo o amor verdadeiro, a superar a resigna\u00e7\u00e3o e os caprichos de nosso \u201ceu\u201d suscet\u00edvel e pregui\u00e7oso&#8221;.<\/p>\n<p><img loading=\"lazy\" src=\"http:\/\/franciscanos.org.br\/wp-content\/uploads\/2017\/10\/martires_151017_7.jpg\" alt=\"martires_151017_7\" width=\"820\" height=\"440\" \/><\/p>\n<p><strong>As vestes dos convidados<\/strong><br \/>\nO Papa destaca ent\u00e3o, um \u00faltimo aspecto do Evangelho do dia: \u201cas vestes dos convidados, que s\u00e3o indispens\u00e1veis\u201d. Ou seja, n\u00e3o basta responder ao convite dizendo sim e basta, \u201cmas \u00e9 preciso vestir\u201d \u201co h\u00e1bito do amor vivido cada dia\u201d, porque \u201cn\u00e3o se pode dizer \u201cSenhor, Senhor\u201d, sem viver e praticar a vontade de Deus. Precisamos nos revestir a cada dia do seu amor, de renovar a cada dia a op\u00e7\u00e3o de Deus\u201d: \u201cOs Santos canonizados hoje, sobretudo os numerosos M\u00e1rtires, indicam-nos esta estrada. Eles n\u00e3o disseram \u00absim\u00bb ao amor com palavras e por um certo tempo, mas com a vida e at\u00e9 ao fim. O seu h\u00e1bito di\u00e1rio foi o amor de Jesus, aquele amor louco que nos amou at\u00e9 ao fim, que deixou o seu perd\u00e3o e as suas vestes a quem O crucificava. Tamb\u00e9m n\u00f3s recebemos no Batismo a veste branca, o vestido nupcial para Deus.\u201d<\/p>\n<p><strong>Perd\u00e3o do Senhor, passo decisivo para entrar na sala das n\u00fapcias<\/strong><br \/>\nQue \u201cpe\u00e7amos a Ele, pela intercess\u00e3o destes nossos irm\u00e3os e irm\u00e3s santos, a gra\u00e7a de optar por trazer cada dia esta veste e de a manter branca\u201d, o que \u00e9 poss\u00edvel, \u201cantes de mais nada, indo sem medo receber o perd\u00e3o do Senhor, o passo decisivo para entrar na sala das n\u00fapcias e celebrar a festa do amor com Ele\u201d.\u00a0Segundo a Sala de Imprensa da Santa S\u00e9, 35 mil fi\u00e9is participaram da celebra\u00e7\u00e3o.<\/p>\n\n<h1><\/h1>\n<h1>M\u00e1rtires de Cunha\u00fa e Urua\u00e7u<\/h1>\n<p>Nossos Beatos M\u00e1rtires Andr\u00e9 de Soveral, Ambr\u00f3sio Francisco Ferro, Mateus Moreira e 27 leigos foram assassinado, em 1645, em defesa da f\u00e9 cat\u00f3lica, em Cunha\u00fa e Urua\u00e7u (RN). Em 1645, os soldados holandeses, de religi\u00e3o Calvinista, ocuparam o nordeste brasileiro, levando consigo um pastor protestante para convencer os residentes a renunciarem \u00e0 sua f\u00e9 cat\u00f3lica. Ao chegarem a Cunha\u00fa (RN), onde residiam v\u00e1rios colonos, que trabalhavam nos canaviais, soldados e \u00edndios tapuias invadiram a Capela do Engenho de Cunha\u00fa, durante a Missa dominical, celebrada pelo Padre Andr\u00e9 de Soveral, e os assassinaram em 16 de julho.<\/p>\n<p>Aterrorizados com o epis\u00f3dio de Cunha\u00fa, muitos moradores de Natal pediram asilo no Forte dos Reis Magos; outros se refugiaram em lugares improvisados. Mas, no dia 3 de outubro, foram levados para as margens do Rio Urua\u00e7u, onde foram massacrados por cerca de 80 \u00edndios e soldados holandeses armados. Segundo cronistas da \u00e9poca, o leigo Mateus Moreira teve o cora\u00e7\u00e3o arrancado pelas costas. Agonizante, Mateus repetia a frase \u201clouvado seja o Sant\u00edssimo Sacramento\u201d.<\/p>\n<p><strong>Protom\u00e1rtires do M\u00e9xico<\/strong><br \/>\nAl\u00e9m dos M\u00e1rtires brasileiros, foram canonizados tamb\u00e9m os Protom\u00e1rtires do M\u00e9xico: Crist\u00f3v\u00e3o, Ant\u00f4nio e Jo\u00e3o, crian\u00e7as que morreram, em 1527 e 1529, por n\u00e3o renunciarem \u00e0 sua f\u00e9 em Jesus Cristo. As crian\u00e7as m\u00e1rtires de Tlaxcala representam os m\u00e1rtires de toda a Am\u00e9rica Latina, porque foram os primeiros a dar testemunho da sua f\u00e9\u201d; foram os primeiros nativos de etnia americana, convertidos \u00e0 f\u00e9 cat\u00f3lica, a derramar seu sangue por Cristo no continente.<\/p>\n<p>Crist\u00f3v\u00e3o nasceu, provavelmente, em 1514; Ant\u00f4nio e Jo\u00e3o por volta de 1516. Foram cruelmente mortos por seus conterr\u00e2neos porque, em nome da f\u00e9 cat\u00f3lica, rejeitaram a idolatria e a poligamia. Crist\u00f3v\u00e3o morreu em 1527 e Ant\u00f4nio e Jo\u00e3o em 1529. As crian\u00e7as M\u00e1rtires de Tlaxcala foram declaradas Padroeiras da Inf\u00e2ncia mexicana.<\/p>\n<p><strong>Outras duas Canoniza\u00e7\u00f5es<\/strong><br \/>\nPor fim, o Papa Francisco canonizou ainda o sacerdote espanhol, Padre Faustino M\u00edguez, fundador do Instituto Calazans das Filhas da Divina da Divina Pastora, e o Frade Menor Capuchinho italiano, \u00c2ngelo de Acre. Faustino M\u00edguez nasceu em Xamir\u00e1s, Espanha, em 1831. Frequentando a escola de S\u00e3o Jos\u00e9 de Calazans, dedicou-se \u00e0 educa\u00e7\u00e3o da inf\u00e2ncia e da juventude, aos sofrimentos e enfermidades da alma e do corpo do povo. Ciente da import\u00e2ncia do papel da mulher na fam\u00edlia e na sociedade, fundou, em 1875, o Instituto das Filhas da Divina Pastora, para a promo\u00e7\u00e3o humana e crist\u00e3 das meninas, especialmente das mais pobres. Padre Faustino morreu em Getafe, aos 94 anos de idade, no dia 8 de mar\u00e7o de 1925.<\/p>\n<p>\u00c2ngelo de Acre nasceu na Cal\u00e1bria, sul da It\u00e1lia, em 1669. Aos 18 anos, entrou para o Convento dos Capuchinhos, em Acre. Fez a profiss\u00e3o religiosa em 1691 e recebeu a ordena\u00e7\u00e3o sacerdotal. Como sacerdote dedicou-se \u00e0 prega\u00e7\u00e3o, simples e fervorosa, acompanhada de milagres e convers\u00f5es, ora\u00e7\u00e3o e muitos \u00eaxtases. Como Provincial Capuchinho foi chamado \u201canjo da paz\u201d e, como verdadeiro filho de S\u00e3o Francisco, achava necess\u00e1rio carregar cinco pedras preciosas: austeridade, simplicidade e observ\u00e2ncia das Regras, inoc\u00eancia de vida e caridade sem limites. Seis meses antes de morrer foi acometido de cegueira. Em 1739, com 70 anos de idade, expirou serenamente na sua terra natal, Acre, onde seus restos mostrais descansam em um grande santu\u00e1rio.<\/p>\n","protected":false},"excerpt":{"rendered":"<p>Canoniza\u00e7\u00e3o<\/p>\n","protected":false},"author":1,"featured_media":194717,"comment_status":"open","ping_status":"open","sticky":false,"template":"","format":"standard","meta":[],"categories":[1],"tags":[1236],"acf":[],"yoast_head":"<!-- This site is optimized with the Yoast SEO plugin v19.2 - https:\/\/yoast.com\/wordpress\/plugins\/seo\/ -->\n<title>M\u00e1rtires de Cunha\u00fa e Urua\u00e7u: Brasil tem 30 novos Santos - Not\u00edcias - Franciscanos<\/title>\n<meta name=\"robots\" content=\"index, follow, max-snippet:-1, max-image-preview:large, max-video-preview:-1\" \/>\n<link rel=\"canonical\" href=\"https:\/\/franciscanos.org.br\/noticias\/144176.html\" \/>\n<meta property=\"og:locale\" content=\"pt_BR\" \/>\n<meta property=\"og:type\" content=\"article\" \/>\n<meta property=\"og:title\" content=\"M\u00e1rtires de Cunha\u00fa e Urua\u00e7u: Brasil tem 30 novos Santos - Not\u00edcias - Franciscanos\" \/>\n<meta property=\"og:description\" content=\"Canoniza\u00e7\u00e3o\" \/>\n<meta property=\"og:url\" content=\"https:\/\/franciscanos.org.br\/noticias\/144176.html\" \/>\n<meta property=\"og:site_name\" content=\"Not\u00edcias - Franciscanos\" \/>\n<meta property=\"article:published_time\" content=\"2017-10-15T15:10:39+00:00\" \/>\n<meta property=\"article:modified_time\" content=\"2019-01-17T12:13:34+00:00\" \/>\n<meta property=\"og:image\" content=\"https:\/\/franciscanos.org.br\/noticias\/wp-content\/uploads\/2017\/10\/martires_brasileiros.jpg\" \/>\n\t<meta property=\"og:image:width\" content=\"273\" \/>\n\t<meta property=\"og:image:height\" content=\"181\" \/>\n\t<meta property=\"og:image:type\" content=\"image\/jpeg\" \/>\n<meta name=\"author\" content=\"admin\" \/>\n<meta name=\"twitter:card\" content=\"summary_large_image\" \/>\n<meta name=\"twitter:label1\" content=\"Escrito por\" \/>\n\t<meta name=\"twitter:data1\" content=\"admin\" \/>\n\t<meta name=\"twitter:label2\" content=\"Est. tempo de leitura\" \/>\n\t<meta name=\"twitter:data2\" content=\"9 minutos\" \/>\n<script type=\"application\/ld+json\" class=\"yoast-schema-graph\">{\"@context\":\"https:\/\/schema.org\",\"@graph\":[{\"@type\":\"WebSite\",\"@id\":\"https:\/\/franciscanos.org.br\/noticias\/#website\",\"url\":\"https:\/\/franciscanos.org.br\/noticias\/\",\"name\":\"Not\u00edcias - Franciscanos\",\"description\":\"Prov\u00edncia Franciscana da Imaculada Concei\u00e7\u00e3o do Brasil - Ordem dos Frades Menores - OFM\",\"potentialAction\":[{\"@type\":\"SearchAction\",\"target\":{\"@type\":\"EntryPoint\",\"urlTemplate\":\"https:\/\/franciscanos.org.br\/noticias\/?s={search_term_string}\"},\"query-input\":\"required name=search_term_string\"}],\"inLanguage\":\"pt-BR\"},{\"@type\":\"ImageObject\",\"inLanguage\":\"pt-BR\",\"@id\":\"https:\/\/franciscanos.org.br\/noticias\/144176.html#primaryimage\",\"url\":\"https:\/\/franciscanos.org.br\/noticias\/wp-content\/uploads\/2017\/10\/martires_brasileiros.jpg\",\"contentUrl\":\"https:\/\/franciscanos.org.br\/noticias\/wp-content\/uploads\/2017\/10\/martires_brasileiros.jpg\",\"width\":273,\"height\":181},{\"@type\":\"WebPage\",\"@id\":\"https:\/\/franciscanos.org.br\/noticias\/144176.html#webpage\",\"url\":\"https:\/\/franciscanos.org.br\/noticias\/144176.html\",\"name\":\"M\u00e1rtires de Cunha\u00fa e Urua\u00e7u: Brasil tem 30 novos Santos - Not\u00edcias - Franciscanos\",\"isPartOf\":{\"@id\":\"https:\/\/franciscanos.org.br\/noticias\/#website\"},\"primaryImageOfPage\":{\"@id\":\"https:\/\/franciscanos.org.br\/noticias\/144176.html#primaryimage\"},\"datePublished\":\"2017-10-15T15:10:39+00:00\",\"dateModified\":\"2019-01-17T12:13:34+00:00\",\"author\":{\"@id\":\"https:\/\/franciscanos.org.br\/noticias\/#\/schema\/person\/b38fbf43118f02820bd932f2e4b14ad3\"},\"breadcrumb\":{\"@id\":\"https:\/\/franciscanos.org.br\/noticias\/144176.html#breadcrumb\"},\"inLanguage\":\"pt-BR\",\"potentialAction\":[{\"@type\":\"ReadAction\",\"target\":[\"https:\/\/franciscanos.org.br\/noticias\/144176.html\"]}]},{\"@type\":\"BreadcrumbList\",\"@id\":\"https:\/\/franciscanos.org.br\/noticias\/144176.html#breadcrumb\",\"itemListElement\":[{\"@type\":\"ListItem\",\"position\":1,\"name\":\"Home\",\"item\":\"https:\/\/franciscanos.org.br\/noticias\"},{\"@type\":\"ListItem\",\"position\":2,\"name\":\"M\u00e1rtires de Cunha\u00fa e Urua\u00e7u: Brasil tem 30 novos Santos\"}]},{\"@type\":\"Person\",\"@id\":\"https:\/\/franciscanos.org.br\/noticias\/#\/schema\/person\/b38fbf43118f02820bd932f2e4b14ad3\",\"name\":\"admin\",\"image\":{\"@type\":\"ImageObject\",\"inLanguage\":\"pt-BR\",\"@id\":\"https:\/\/franciscanos.org.br\/noticias\/#\/schema\/person\/image\/\",\"url\":\"https:\/\/secure.gravatar.com\/avatar\/e8495742d34d0ba6448ea1c628263b3e?s=96&d=mm&r=g\",\"contentUrl\":\"https:\/\/secure.gravatar.com\/avatar\/e8495742d34d0ba6448ea1c628263b3e?s=96&d=mm&r=g\",\"caption\":\"admin\"},\"url\":\"https:\/\/franciscanos.org.br\/noticias\/author\/admin\"}]}<\/script>\n<!-- \/ Yoast SEO plugin. -->","yoast_head_json":{"title":"M\u00e1rtires de Cunha\u00fa e Urua\u00e7u: Brasil tem 30 novos Santos - Not\u00edcias - Franciscanos","robots":{"index":"index","follow":"follow","max-snippet":"max-snippet:-1","max-image-preview":"max-image-preview:large","max-video-preview":"max-video-preview:-1"},"canonical":"https:\/\/franciscanos.org.br\/noticias\/144176.html","og_locale":"pt_BR","og_type":"article","og_title":"M\u00e1rtires de Cunha\u00fa e Urua\u00e7u: Brasil tem 30 novos Santos - Not\u00edcias - Franciscanos","og_description":"Canoniza\u00e7\u00e3o","og_url":"https:\/\/franciscanos.org.br\/noticias\/144176.html","og_site_name":"Not\u00edcias - Franciscanos","article_published_time":"2017-10-15T15:10:39+00:00","article_modified_time":"2019-01-17T12:13:34+00:00","og_image":[{"width":273,"height":181,"url":"https:\/\/franciscanos.org.br\/noticias\/wp-content\/uploads\/2017\/10\/martires_brasileiros.jpg","type":"image\/jpeg"}],"author":"admin","twitter_card":"summary_large_image","twitter_misc":{"Escrito por":"admin","Est. tempo de leitura":"9 minutos"},"schema":{"@context":"https:\/\/schema.org","@graph":[{"@type":"WebSite","@id":"https:\/\/franciscanos.org.br\/noticias\/#website","url":"https:\/\/franciscanos.org.br\/noticias\/","name":"Not\u00edcias - Franciscanos","description":"Prov\u00edncia Franciscana da Imaculada Concei\u00e7\u00e3o do Brasil - Ordem dos Frades Menores - OFM","potentialAction":[{"@type":"SearchAction","target":{"@type":"EntryPoint","urlTemplate":"https:\/\/franciscanos.org.br\/noticias\/?s={search_term_string}"},"query-input":"required name=search_term_string"}],"inLanguage":"pt-BR"},{"@type":"ImageObject","inLanguage":"pt-BR","@id":"https:\/\/franciscanos.org.br\/noticias\/144176.html#primaryimage","url":"https:\/\/franciscanos.org.br\/noticias\/wp-content\/uploads\/2017\/10\/martires_brasileiros.jpg","contentUrl":"https:\/\/franciscanos.org.br\/noticias\/wp-content\/uploads\/2017\/10\/martires_brasileiros.jpg","width":273,"height":181},{"@type":"WebPage","@id":"https:\/\/franciscanos.org.br\/noticias\/144176.html#webpage","url":"https:\/\/franciscanos.org.br\/noticias\/144176.html","name":"M\u00e1rtires de Cunha\u00fa e Urua\u00e7u: Brasil tem 30 novos Santos - Not\u00edcias - Franciscanos","isPartOf":{"@id":"https:\/\/franciscanos.org.br\/noticias\/#website"},"primaryImageOfPage":{"@id":"https:\/\/franciscanos.org.br\/noticias\/144176.html#primaryimage"},"datePublished":"2017-10-15T15:10:39+00:00","dateModified":"2019-01-17T12:13:34+00:00","author":{"@id":"https:\/\/franciscanos.org.br\/noticias\/#\/schema\/person\/b38fbf43118f02820bd932f2e4b14ad3"},"breadcrumb":{"@id":"https:\/\/franciscanos.org.br\/noticias\/144176.html#breadcrumb"},"inLanguage":"pt-BR","potentialAction":[{"@type":"ReadAction","target":["https:\/\/franciscanos.org.br\/noticias\/144176.html"]}]},{"@type":"BreadcrumbList","@id":"https:\/\/franciscanos.org.br\/noticias\/144176.html#breadcrumb","itemListElement":[{"@type":"ListItem","position":1,"name":"Home","item":"https:\/\/franciscanos.org.br\/noticias"},{"@type":"ListItem","position":2,"name":"M\u00e1rtires de Cunha\u00fa e Urua\u00e7u: Brasil tem 30 novos Santos"}]},{"@type":"Person","@id":"https:\/\/franciscanos.org.br\/noticias\/#\/schema\/person\/b38fbf43118f02820bd932f2e4b14ad3","name":"admin","image":{"@type":"ImageObject","inLanguage":"pt-BR","@id":"https:\/\/franciscanos.org.br\/noticias\/#\/schema\/person\/image\/","url":"https:\/\/secure.gravatar.com\/avatar\/e8495742d34d0ba6448ea1c628263b3e?s=96&d=mm&r=g","contentUrl":"https:\/\/secure.gravatar.com\/avatar\/e8495742d34d0ba6448ea1c628263b3e?s=96&d=mm&r=g","caption":"admin"},"url":"https:\/\/franciscanos.org.br\/noticias\/author\/admin"}]}},"_links":{"self":[{"href":"https:\/\/franciscanos.org.br\/noticias\/wp-json\/wp\/v2\/posts\/144176"}],"collection":[{"href":"https:\/\/franciscanos.org.br\/noticias\/wp-json\/wp\/v2\/posts"}],"about":[{"href":"https:\/\/franciscanos.org.br\/noticias\/wp-json\/wp\/v2\/types\/post"}],"author":[{"embeddable":true,"href":"https:\/\/franciscanos.org.br\/noticias\/wp-json\/wp\/v2\/users\/1"}],"replies":[{"embeddable":true,"href":"https:\/\/franciscanos.org.br\/noticias\/wp-json\/wp\/v2\/comments?post=144176"}],"version-history":[{"count":0,"href":"https:\/\/franciscanos.org.br\/noticias\/wp-json\/wp\/v2\/posts\/144176\/revisions"}],"wp:featuredmedia":[{"embeddable":true,"href":"https:\/\/franciscanos.org.br\/noticias\/wp-json\/wp\/v2\/media\/194717"}],"wp:attachment":[{"href":"https:\/\/franciscanos.org.br\/noticias\/wp-json\/wp\/v2\/media?parent=144176"}],"wp:term":[{"taxonomy":"category","embeddable":true,"href":"https:\/\/franciscanos.org.br\/noticias\/wp-json\/wp\/v2\/categories?post=144176"},{"taxonomy":"post_tag","embeddable":true,"href":"https:\/\/franciscanos.org.br\/noticias\/wp-json\/wp\/v2\/tags?post=144176"}],"curies":[{"name":"wp","href":"https:\/\/api.w.org\/{rel}","templated":true}]}}