{"id":144171,"date":"2017-10-13T17:08:53","date_gmt":"2017-10-13T20:08:53","guid":{"rendered":"http:\/\/franciscanos.org.br\/?p=144171"},"modified":"2022-05-19T09:26:44","modified_gmt":"2022-05-19T12:26:44","slug":"frades-estudantes-recebem-ministerio-do-acolitado","status":"publish","type":"post","link":"https:\/\/franciscanos.org.br\/noticias\/frades-estudantes-recebem-ministerio-do-acolitado.html","title":{"rendered":"Frades estudantes recebem Minist\u00e9rio do Acolitado"},"content":{"rendered":"<p><img loading=\"lazy\" src=\"http:\/\/franciscanos.org.br\/wp-content\/uploads\/2017\/10\/acolitato_131017.jpg\" alt=\"acolitato_131017\" width=\"820\" height=\"369\" \/><\/p>\n<p>Na noite do \u00faltimo dia 10 de outubro, dois frades estudantes do quarto ano do tempo da Teologia, Frei Jo\u00e3o Bunga e Frei Ermelindo Francisco, receberam o Minist\u00e9rio do Acolitato das m\u00e3os do Guardi\u00e3o do Convento da Fraternidade do Sagrado Cora\u00e7\u00e3o de Jesus, Frei Jorge Paulo Schiavini. A Santa Missa foi concelebrada por Frei Marcos Andrade, Mestre dos frades estudantes e pelo Padre Fernando Palotino, pertencente \u00e0 Diocese de Coroat\u00e1 no Maranh\u00e3o.<\/p>\n<p><strong>NOSSA SENHORA APARECIDA<\/strong><\/p>\n<p><img loading=\"lazy\" class=\"alignright size-full wp-image-144172\" src=\"http:\/\/franciscanos.org.br\/wp-content\/uploads\/2017\/10\/sagrado_131017.jpg\" alt=\"sagrado_131017\" width=\"400\" height=\"300\" \/><\/p>\n<p>Durante toda a \u00faltima quinta-feira, 12, a Igreja do Sagrado Cora\u00e7\u00e3o de Jesus, em Petr\u00f3polis\/RJ, esteve repleta de fi\u00e9is que se reuniram em comunidade para bem celebrar e festejar a Padroeira do Brasil, Nossa Senhora Aparecida. Ao todo foram tr\u00eas Santas Missas na Matriz e v\u00e1rias outras celebra\u00e7\u00f5es, entre elas Missas, Motorromaria e Prociss\u00f5es, nas Comunidades das Duchas e do Osvaldo Cruz, consagradas \u00e0 Padroeira do Brasil. Durante a Missa das 18h na Matriz, Frei Luiz Fl\u00e1vio ministrou ben\u00e7\u00e3o especial \u00e0s crian\u00e7as que foram convidadas a se reunirem em torno da imagem da Virgem M\u00e3e Sant\u00edssima que este ano completa seu tricenten\u00e1rio.<\/p>\n<p>&nbsp;<\/p>\n<p><strong>Michaell Grillo, pela Pascom do Sagrado<\/strong><\/p>\n","protected":false},"excerpt":{"rendered":"<p>Celebra\u00e7\u00e3o de Institui\u00e7\u00e3o de Ac\u00f3litos<\/p>\n","protected":false},"author":1,"featured_media":192263,"comment_status":"open","ping_status":"open","sticky":false,"template":"","format":"standard","meta":[],"categories":[1],"tags":[1770,604],"acf":[],"yoast_head":"<!-- This site is optimized with the Yoast SEO plugin v19.2 - https:\/\/yoast.com\/wordpress\/plugins\/seo\/ -->\n<title>Frades estudantes recebem Minist\u00e9rio do Acolitado - Not\u00edcias - Franciscanos<\/title>\n<meta name=\"robots\" content=\"index, follow, max-snippet:-1, max-image-preview:large, max-video-preview:-1\" \/>\n<link rel=\"canonical\" href=\"https:\/\/franciscanos.org.br\/noticias\/frades-estudantes-recebem-ministerio-do-acolitado.html\" \/>\n<meta property=\"og:locale\" content=\"pt_BR\" \/>\n<meta property=\"og:type\" content=\"article\" \/>\n<meta property=\"og:title\" content=\"Frades estudantes recebem Minist\u00e9rio do Acolitado - Not\u00edcias - Franciscanos\" \/>\n<meta property=\"og:description\" content=\"Celebra\u00e7\u00e3o de Institui\u00e7\u00e3o de Ac\u00f3litos\" \/>\n<meta property=\"og:url\" content=\"https:\/\/franciscanos.org.br\/noticias\/frades-estudantes-recebem-ministerio-do-acolitado.html\" \/>\n<meta property=\"og:site_name\" content=\"Not\u00edcias - Franciscanos\" \/>\n<meta property=\"article:published_time\" content=\"2017-10-13T20:08:53+00:00\" \/>\n<meta property=\"article:modified_time\" content=\"2022-05-19T12:26:44+00:00\" \/>\n<meta property=\"og:image\" content=\"https:\/\/franciscanos.org.br\/noticias\/wp-content\/uploads\/2017\/10\/acolitato_131017_2.jpg\" \/>\n\t<meta property=\"og:image:width\" content=\"330\" \/>\n\t<meta property=\"og:image:height\" content=\"219\" \/>\n\t<meta property=\"og:image:type\" content=\"image\/jpeg\" \/>\n<meta name=\"author\" content=\"admin\" \/>\n<meta name=\"twitter:card\" content=\"summary_large_image\" \/>\n<meta name=\"twitter:label1\" content=\"Escrito por\" \/>\n\t<meta name=\"twitter:data1\" content=\"admin\" \/>\n\t<meta name=\"twitter:label2\" content=\"Est. tempo de leitura\" \/>\n\t<meta name=\"twitter:data2\" content=\"1 minuto\" \/>\n<script type=\"application\/ld+json\" class=\"yoast-schema-graph\">{\"@context\":\"https:\/\/schema.org\",\"@graph\":[{\"@type\":\"WebSite\",\"@id\":\"https:\/\/franciscanos.org.br\/noticias\/#website\",\"url\":\"https:\/\/franciscanos.org.br\/noticias\/\",\"name\":\"Not\u00edcias - Franciscanos\",\"description\":\"Prov\u00edncia Franciscana da Imaculada Concei\u00e7\u00e3o do Brasil - Ordem dos Frades Menores - OFM\",\"potentialAction\":[{\"@type\":\"SearchAction\",\"target\":{\"@type\":\"EntryPoint\",\"urlTemplate\":\"https:\/\/franciscanos.org.br\/noticias\/?s={search_term_string}\"},\"query-input\":\"required name=search_term_string\"}],\"inLanguage\":\"pt-BR\"},{\"@type\":\"ImageObject\",\"inLanguage\":\"pt-BR\",\"@id\":\"https:\/\/franciscanos.org.br\/noticias\/frades-estudantes-recebem-ministerio-do-acolitado.html#primaryimage\",\"url\":\"https:\/\/franciscanos.org.br\/noticias\/wp-content\/uploads\/2017\/10\/acolitato_131017_2.jpg\",\"contentUrl\":\"https:\/\/franciscanos.org.br\/noticias\/wp-content\/uploads\/2017\/10\/acolitato_131017_2.jpg\",\"width\":330,\"height\":219},{\"@type\":\"WebPage\",\"@id\":\"https:\/\/franciscanos.org.br\/noticias\/frades-estudantes-recebem-ministerio-do-acolitado.html#webpage\",\"url\":\"https:\/\/franciscanos.org.br\/noticias\/frades-estudantes-recebem-ministerio-do-acolitado.html\",\"name\":\"Frades estudantes recebem Minist\u00e9rio do Acolitado - Not\u00edcias - Franciscanos\",\"isPartOf\":{\"@id\":\"https:\/\/franciscanos.org.br\/noticias\/#website\"},\"primaryImageOfPage\":{\"@id\":\"https:\/\/franciscanos.org.br\/noticias\/frades-estudantes-recebem-ministerio-do-acolitado.html#primaryimage\"},\"datePublished\":\"2017-10-13T20:08:53+00:00\",\"dateModified\":\"2022-05-19T12:26:44+00:00\",\"author\":{\"@id\":\"https:\/\/franciscanos.org.br\/noticias\/#\/schema\/person\/b38fbf43118f02820bd932f2e4b14ad3\"},\"breadcrumb\":{\"@id\":\"https:\/\/franciscanos.org.br\/noticias\/frades-estudantes-recebem-ministerio-do-acolitado.html#breadcrumb\"},\"inLanguage\":\"pt-BR\",\"potentialAction\":[{\"@type\":\"ReadAction\",\"target\":[\"https:\/\/franciscanos.org.br\/noticias\/frades-estudantes-recebem-ministerio-do-acolitado.html\"]}]},{\"@type\":\"BreadcrumbList\",\"@id\":\"https:\/\/franciscanos.org.br\/noticias\/frades-estudantes-recebem-ministerio-do-acolitado.html#breadcrumb\",\"itemListElement\":[{\"@type\":\"ListItem\",\"position\":1,\"name\":\"Home\",\"item\":\"https:\/\/franciscanos.org.br\/noticias\"},{\"@type\":\"ListItem\",\"position\":2,\"name\":\"Frades estudantes recebem Minist\u00e9rio do Acolitado\"}]},{\"@type\":\"Person\",\"@id\":\"https:\/\/franciscanos.org.br\/noticias\/#\/schema\/person\/b38fbf43118f02820bd932f2e4b14ad3\",\"name\":\"admin\",\"image\":{\"@type\":\"ImageObject\",\"inLanguage\":\"pt-BR\",\"@id\":\"https:\/\/franciscanos.org.br\/noticias\/#\/schema\/person\/image\/\",\"url\":\"https:\/\/secure.gravatar.com\/avatar\/e8495742d34d0ba6448ea1c628263b3e?s=96&d=mm&r=g\",\"contentUrl\":\"https:\/\/secure.gravatar.com\/avatar\/e8495742d34d0ba6448ea1c628263b3e?s=96&d=mm&r=g\",\"caption\":\"admin\"},\"url\":\"https:\/\/franciscanos.org.br\/noticias\/author\/admin\"}]}<\/script>\n<!-- \/ Yoast SEO plugin. -->","yoast_head_json":{"title":"Frades estudantes recebem Minist\u00e9rio do Acolitado - Not\u00edcias - Franciscanos","robots":{"index":"index","follow":"follow","max-snippet":"max-snippet:-1","max-image-preview":"max-image-preview:large","max-video-preview":"max-video-preview:-1"},"canonical":"https:\/\/franciscanos.org.br\/noticias\/frades-estudantes-recebem-ministerio-do-acolitado.html","og_locale":"pt_BR","og_type":"article","og_title":"Frades estudantes recebem Minist\u00e9rio do Acolitado - Not\u00edcias - Franciscanos","og_description":"Celebra\u00e7\u00e3o de Institui\u00e7\u00e3o de Ac\u00f3litos","og_url":"https:\/\/franciscanos.org.br\/noticias\/frades-estudantes-recebem-ministerio-do-acolitado.html","og_site_name":"Not\u00edcias - Franciscanos","article_published_time":"2017-10-13T20:08:53+00:00","article_modified_time":"2022-05-19T12:26:44+00:00","og_image":[{"width":330,"height":219,"url":"https:\/\/franciscanos.org.br\/noticias\/wp-content\/uploads\/2017\/10\/acolitato_131017_2.jpg","type":"image\/jpeg"}],"author":"admin","twitter_card":"summary_large_image","twitter_misc":{"Escrito por":"admin","Est. tempo de leitura":"1 minuto"},"schema":{"@context":"https:\/\/schema.org","@graph":[{"@type":"WebSite","@id":"https:\/\/franciscanos.org.br\/noticias\/#website","url":"https:\/\/franciscanos.org.br\/noticias\/","name":"Not\u00edcias - Franciscanos","description":"Prov\u00edncia Franciscana da Imaculada Concei\u00e7\u00e3o do Brasil - Ordem dos Frades Menores - OFM","potentialAction":[{"@type":"SearchAction","target":{"@type":"EntryPoint","urlTemplate":"https:\/\/franciscanos.org.br\/noticias\/?s={search_term_string}"},"query-input":"required name=search_term_string"}],"inLanguage":"pt-BR"},{"@type":"ImageObject","inLanguage":"pt-BR","@id":"https:\/\/franciscanos.org.br\/noticias\/frades-estudantes-recebem-ministerio-do-acolitado.html#primaryimage","url":"https:\/\/franciscanos.org.br\/noticias\/wp-content\/uploads\/2017\/10\/acolitato_131017_2.jpg","contentUrl":"https:\/\/franciscanos.org.br\/noticias\/wp-content\/uploads\/2017\/10\/acolitato_131017_2.jpg","width":330,"height":219},{"@type":"WebPage","@id":"https:\/\/franciscanos.org.br\/noticias\/frades-estudantes-recebem-ministerio-do-acolitado.html#webpage","url":"https:\/\/franciscanos.org.br\/noticias\/frades-estudantes-recebem-ministerio-do-acolitado.html","name":"Frades estudantes recebem Minist\u00e9rio do Acolitado - Not\u00edcias - Franciscanos","isPartOf":{"@id":"https:\/\/franciscanos.org.br\/noticias\/#website"},"primaryImageOfPage":{"@id":"https:\/\/franciscanos.org.br\/noticias\/frades-estudantes-recebem-ministerio-do-acolitado.html#primaryimage"},"datePublished":"2017-10-13T20:08:53+00:00","dateModified":"2022-05-19T12:26:44+00:00","author":{"@id":"https:\/\/franciscanos.org.br\/noticias\/#\/schema\/person\/b38fbf43118f02820bd932f2e4b14ad3"},"breadcrumb":{"@id":"https:\/\/franciscanos.org.br\/noticias\/frades-estudantes-recebem-ministerio-do-acolitado.html#breadcrumb"},"inLanguage":"pt-BR","potentialAction":[{"@type":"ReadAction","target":["https:\/\/franciscanos.org.br\/noticias\/frades-estudantes-recebem-ministerio-do-acolitado.html"]}]},{"@type":"BreadcrumbList","@id":"https:\/\/franciscanos.org.br\/noticias\/frades-estudantes-recebem-ministerio-do-acolitado.html#breadcrumb","itemListElement":[{"@type":"ListItem","position":1,"name":"Home","item":"https:\/\/franciscanos.org.br\/noticias"},{"@type":"ListItem","position":2,"name":"Frades estudantes recebem Minist\u00e9rio do Acolitado"}]},{"@type":"Person","@id":"https:\/\/franciscanos.org.br\/noticias\/#\/schema\/person\/b38fbf43118f02820bd932f2e4b14ad3","name":"admin","image":{"@type":"ImageObject","inLanguage":"pt-BR","@id":"https:\/\/franciscanos.org.br\/noticias\/#\/schema\/person\/image\/","url":"https:\/\/secure.gravatar.com\/avatar\/e8495742d34d0ba6448ea1c628263b3e?s=96&d=mm&r=g","contentUrl":"https:\/\/secure.gravatar.com\/avatar\/e8495742d34d0ba6448ea1c628263b3e?s=96&d=mm&r=g","caption":"admin"},"url":"https:\/\/franciscanos.org.br\/noticias\/author\/admin"}]}},"_links":{"self":[{"href":"https:\/\/franciscanos.org.br\/noticias\/wp-json\/wp\/v2\/posts\/144171"}],"collection":[{"href":"https:\/\/franciscanos.org.br\/noticias\/wp-json\/wp\/v2\/posts"}],"about":[{"href":"https:\/\/franciscanos.org.br\/noticias\/wp-json\/wp\/v2\/types\/post"}],"author":[{"embeddable":true,"href":"https:\/\/franciscanos.org.br\/noticias\/wp-json\/wp\/v2\/users\/1"}],"replies":[{"embeddable":true,"href":"https:\/\/franciscanos.org.br\/noticias\/wp-json\/wp\/v2\/comments?post=144171"}],"version-history":[{"count":2,"href":"https:\/\/franciscanos.org.br\/noticias\/wp-json\/wp\/v2\/posts\/144171\/revisions"}],"predecessor-version":[{"id":237945,"href":"https:\/\/franciscanos.org.br\/noticias\/wp-json\/wp\/v2\/posts\/144171\/revisions\/237945"}],"wp:featuredmedia":[{"embeddable":true,"href":"https:\/\/franciscanos.org.br\/noticias\/wp-json\/wp\/v2\/media\/192263"}],"wp:attachment":[{"href":"https:\/\/franciscanos.org.br\/noticias\/wp-json\/wp\/v2\/media?parent=144171"}],"wp:term":[{"taxonomy":"category","embeddable":true,"href":"https:\/\/franciscanos.org.br\/noticias\/wp-json\/wp\/v2\/categories?post=144171"},{"taxonomy":"post_tag","embeddable":true,"href":"https:\/\/franciscanos.org.br\/noticias\/wp-json\/wp\/v2\/tags?post=144171"}],"curies":[{"name":"wp","href":"https:\/\/api.w.org\/{rel}","templated":true}]}}