{"id":14403,"date":"2012-04-02T12:57:39","date_gmt":"2012-04-02T15:57:39","guid":{"rendered":"http:\/\/new.franciscanos.org.br\/?p=14403"},"modified":"2020-11-09T15:51:26","modified_gmt":"2020-11-09T18:51:26","slug":"enfim-o-noviciado-esta-completo","status":"publish","type":"post","link":"https:\/\/franciscanos.org.br\/noticias\/enfim-o-noviciado-esta-completo.html","title":{"rendered":"Enfim, o Noviciado est\u00e1 completo!"},"content":{"rendered":"<p><img loading=\"lazy\" class=\"alignnone size-full wp-image-198954\" src=\"https:\/\/franciscanos.org.br\/noticias\/wp-content\/uploads\/2012\/04\/1835_020412.jpg\" alt=\"\" width=\"830\" height=\"367\" srcset=\"https:\/\/franciscanos.org.br\/noticias\/wp-content\/uploads\/2012\/04\/1835_020412.jpg 830w, https:\/\/franciscanos.org.br\/noticias\/wp-content\/uploads\/2012\/04\/1835_020412-450x199.jpg 450w, https:\/\/franciscanos.org.br\/noticias\/wp-content\/uploads\/2012\/04\/1835_020412-768x340.jpg 768w, https:\/\/franciscanos.org.br\/noticias\/wp-content\/uploads\/2012\/04\/1835_020412-150x66.jpg 150w\" sizes=\"(max-width: 830px) 100vw, 830px\" \/><\/p>\n<p><strong>Rodeio (SC) &#8211;<\/strong> A Nossa fraternidade do Noviciado S\u00e3o Jos\u00e9 finalmente teve a gra\u00e7a de acolher no s\u00e1bado, dia 31 de mar\u00e7o, os irm\u00e3os Alfredo Epalanga Prego, Jo\u00e3o Alberto Bunga, Quintino Viqui Samayenge, Santana Sebasti\u00e3o Cafunda e Tiago Manuel Quingando, provenientes da Funda\u00e7\u00e3o Imaculada M\u00e3e de Deus de Angola. Oh, que espera t\u00e3o ansiosa! Cheios de alegria e entusiasmo, unimo-nos em Cristo para segui-Lo mais de perto a exemplo de nosso Ser\u00e1fico Pai.<\/p>\n<p>Os cinco angolanos eram para terem ingressado na Ordem dos Frades Menores no dia 12 de janeiro, quando teve in\u00edcio o ano de experi\u00eancia do Noviciado. Devido a problemas na documenta\u00e7\u00e3o para a vinda ao Brasil, s\u00f3 agora eles poder\u00e3o dar in\u00edcio a esta experi\u00eancia. Com isso, o ano de Noviciado dos cinco angolanos terminar\u00e1 em 1\u00ba de abril de 2013.<\/p>\n<p>J\u00e1 em nosso recreio fraterno, no Domingo de Ramos, pudemos vivenciar um salutar conv\u00edvio irrigado por apresenta\u00e7\u00f5es musicais ao som de \u201cbatuques angolanos\u201d. Envolvemo-nos numa atmosfera de descontra\u00e7\u00e3o e afabilidade. Tamb\u00e9m congratulamos nosso Ministro Provincial, Frei Fid\u00eancio Vanboemmel, pelo seu anivers\u00e1rio ocorrido no dia 25 do corrente m\u00eas, e ao novi\u00e7o angolano, Frei Santana que fez anivers\u00e1rio no dia 11 de mar\u00e7o.<\/p>\n<p>Durante a Missa das matinas desta segunda-feira da Semana Santa (02\/4), presidida pelo Ministro Provincial, concelebrada por Frei Samuel Ferreira de Lima, Mestre dos novi\u00e7os, Frei Valdir Laurentino, Guardi\u00e3o, Frei Moacir Longo, p\u00e1roco, Frei Abel Schneider e Frei Valmor Cattoni, foram admitidos ao Noviciado na Ordem dos Frades Menores, nossos confrades angolanos \u2013 uma felicidade abrasava seus cora\u00e7\u00f5es resplandecendo em seus sorrisos.<\/p>\n<p>Frei Fid\u00eancio, em sua homilia, salientou enfaticamente o valor do real e puro esp\u00edrito de ren\u00fancia e despojamento, o qual deve ser abra\u00e7ado nesse ano da gra\u00e7a \u2013 \u201cSe algu\u00e9m quiser vir a mim, renuncie a si mesmo, tome sua cruz e me siga\u201d (Mt 16,24) \u2013 ressaltou, desse modo, que este \u201crenunciar-se a si pr\u00f3prio\u201d exige-nos uma atitude de confian\u00e7a, aposta total e ilimitada no grande mist\u00e9rio do Cristo Ressuscitado e o comprometimento com a cruzes de cada dia, onde \u201cconsagravam todo o seu afeto aos irm\u00e3os\u201d(1Cel39). Comprometimento com a vida na fraternidade em Deus e no amor de Deus.<\/p>\n<p>O amor fraterno transpassou as pequenas contrariedades da caminhada: enfim, o Noviciado est\u00e1 completo! Acolhemos com disposi\u00e7\u00e3o nossos confrades angolanos. Realizar-se-\u00e1 na caridade e no amor divino uma rica e frutuosa experi\u00eancia. Desta feita, n\u00e3o somente a casa esta cheia, estamos n\u00f3s repletos de \u00e2nimo e de entusiasmo. Conceda-nos o Alt\u00edssimo e Sumo Bem os dons da humildade com a f\u00e9 e a perseveran\u00e7a.<\/p>\n<p><strong>Frei Jefferson Max<\/strong><\/p>\n","protected":false},"excerpt":{"rendered":"<p>Forma\u00e7\u00e3o e estudos<\/p>\n","protected":false},"author":1,"featured_media":229105,"comment_status":"closed","ping_status":"closed","sticky":false,"template":"","format":"standard","meta":[],"categories":[1],"tags":[135,128],"acf":[],"yoast_head":"<!-- This site is optimized with the Yoast SEO plugin v19.2 - https:\/\/yoast.com\/wordpress\/plugins\/seo\/ -->\n<title>Enfim, o Noviciado est\u00e1 completo! - Not\u00edcias - Franciscanos<\/title>\n<meta name=\"robots\" content=\"index, follow, max-snippet:-1, max-image-preview:large, max-video-preview:-1\" \/>\n<link rel=\"canonical\" href=\"https:\/\/franciscanos.org.br\/noticias\/enfim-o-noviciado-esta-completo.html\" \/>\n<meta property=\"og:locale\" content=\"pt_BR\" \/>\n<meta property=\"og:type\" content=\"article\" \/>\n<meta property=\"og:title\" content=\"Enfim, o Noviciado est\u00e1 completo! - Not\u00edcias - Franciscanos\" \/>\n<meta property=\"og:description\" content=\"Forma\u00e7\u00e3o e estudos\" \/>\n<meta property=\"og:url\" content=\"https:\/\/franciscanos.org.br\/noticias\/enfim-o-noviciado-esta-completo.html\" \/>\n<meta property=\"og:site_name\" content=\"Not\u00edcias - Franciscanos\" \/>\n<meta property=\"article:published_time\" content=\"2012-04-02T15:57:39+00:00\" \/>\n<meta property=\"article:modified_time\" content=\"2020-11-09T18:51:26+00:00\" \/>\n<meta property=\"og:image\" content=\"https:\/\/franciscanos.org.br\/noticias\/wp-content\/uploads\/2012\/04\/novicos.jpg\" \/>\n\t<meta property=\"og:image:width\" content=\"800\" \/>\n\t<meta property=\"og:image:height\" content=\"600\" \/>\n\t<meta property=\"og:image:type\" content=\"image\/jpeg\" \/>\n<meta name=\"author\" content=\"admin\" \/>\n<meta name=\"twitter:card\" content=\"summary_large_image\" \/>\n<meta name=\"twitter:label1\" content=\"Escrito por\" \/>\n\t<meta name=\"twitter:data1\" content=\"admin\" \/>\n\t<meta name=\"twitter:label2\" content=\"Est. tempo de leitura\" \/>\n\t<meta name=\"twitter:data2\" content=\"2 minutos\" \/>\n<script type=\"application\/ld+json\" class=\"yoast-schema-graph\">{\"@context\":\"https:\/\/schema.org\",\"@graph\":[{\"@type\":\"WebSite\",\"@id\":\"https:\/\/franciscanos.org.br\/noticias\/#website\",\"url\":\"https:\/\/franciscanos.org.br\/noticias\/\",\"name\":\"Not\u00edcias - Franciscanos\",\"description\":\"Prov\u00edncia Franciscana da Imaculada Concei\u00e7\u00e3o do Brasil - Ordem dos Frades Menores - OFM\",\"potentialAction\":[{\"@type\":\"SearchAction\",\"target\":{\"@type\":\"EntryPoint\",\"urlTemplate\":\"https:\/\/franciscanos.org.br\/noticias\/?s={search_term_string}\"},\"query-input\":\"required name=search_term_string\"}],\"inLanguage\":\"pt-BR\"},{\"@type\":\"ImageObject\",\"inLanguage\":\"pt-BR\",\"@id\":\"https:\/\/franciscanos.org.br\/noticias\/enfim-o-noviciado-esta-completo.html#primaryimage\",\"url\":\"https:\/\/franciscanos.org.br\/noticias\/wp-content\/uploads\/2012\/04\/novicos.jpg\",\"contentUrl\":\"https:\/\/franciscanos.org.br\/noticias\/wp-content\/uploads\/2012\/04\/novicos.jpg\",\"width\":800,\"height\":600},{\"@type\":\"WebPage\",\"@id\":\"https:\/\/franciscanos.org.br\/noticias\/enfim-o-noviciado-esta-completo.html#webpage\",\"url\":\"https:\/\/franciscanos.org.br\/noticias\/enfim-o-noviciado-esta-completo.html\",\"name\":\"Enfim, o Noviciado est\u00e1 completo! - Not\u00edcias - Franciscanos\",\"isPartOf\":{\"@id\":\"https:\/\/franciscanos.org.br\/noticias\/#website\"},\"primaryImageOfPage\":{\"@id\":\"https:\/\/franciscanos.org.br\/noticias\/enfim-o-noviciado-esta-completo.html#primaryimage\"},\"datePublished\":\"2012-04-02T15:57:39+00:00\",\"dateModified\":\"2020-11-09T18:51:26+00:00\",\"author\":{\"@id\":\"https:\/\/franciscanos.org.br\/noticias\/#\/schema\/person\/b38fbf43118f02820bd932f2e4b14ad3\"},\"breadcrumb\":{\"@id\":\"https:\/\/franciscanos.org.br\/noticias\/enfim-o-noviciado-esta-completo.html#breadcrumb\"},\"inLanguage\":\"pt-BR\",\"potentialAction\":[{\"@type\":\"ReadAction\",\"target\":[\"https:\/\/franciscanos.org.br\/noticias\/enfim-o-noviciado-esta-completo.html\"]}]},{\"@type\":\"BreadcrumbList\",\"@id\":\"https:\/\/franciscanos.org.br\/noticias\/enfim-o-noviciado-esta-completo.html#breadcrumb\",\"itemListElement\":[{\"@type\":\"ListItem\",\"position\":1,\"name\":\"Home\",\"item\":\"https:\/\/franciscanos.org.br\/noticias\"},{\"@type\":\"ListItem\",\"position\":2,\"name\":\"Enfim, o Noviciado est\u00e1 completo!\"}]},{\"@type\":\"Person\",\"@id\":\"https:\/\/franciscanos.org.br\/noticias\/#\/schema\/person\/b38fbf43118f02820bd932f2e4b14ad3\",\"name\":\"admin\",\"image\":{\"@type\":\"ImageObject\",\"inLanguage\":\"pt-BR\",\"@id\":\"https:\/\/franciscanos.org.br\/noticias\/#\/schema\/person\/image\/\",\"url\":\"https:\/\/secure.gravatar.com\/avatar\/e8495742d34d0ba6448ea1c628263b3e?s=96&d=mm&r=g\",\"contentUrl\":\"https:\/\/secure.gravatar.com\/avatar\/e8495742d34d0ba6448ea1c628263b3e?s=96&d=mm&r=g\",\"caption\":\"admin\"},\"url\":\"https:\/\/franciscanos.org.br\/noticias\/author\/admin\"}]}<\/script>\n<!-- \/ Yoast SEO plugin. -->","yoast_head_json":{"title":"Enfim, o Noviciado est\u00e1 completo! - Not\u00edcias - Franciscanos","robots":{"index":"index","follow":"follow","max-snippet":"max-snippet:-1","max-image-preview":"max-image-preview:large","max-video-preview":"max-video-preview:-1"},"canonical":"https:\/\/franciscanos.org.br\/noticias\/enfim-o-noviciado-esta-completo.html","og_locale":"pt_BR","og_type":"article","og_title":"Enfim, o Noviciado est\u00e1 completo! - Not\u00edcias - Franciscanos","og_description":"Forma\u00e7\u00e3o e estudos","og_url":"https:\/\/franciscanos.org.br\/noticias\/enfim-o-noviciado-esta-completo.html","og_site_name":"Not\u00edcias - Franciscanos","article_published_time":"2012-04-02T15:57:39+00:00","article_modified_time":"2020-11-09T18:51:26+00:00","og_image":[{"width":800,"height":600,"url":"https:\/\/franciscanos.org.br\/noticias\/wp-content\/uploads\/2012\/04\/novicos.jpg","type":"image\/jpeg"}],"author":"admin","twitter_card":"summary_large_image","twitter_misc":{"Escrito por":"admin","Est. tempo de leitura":"2 minutos"},"schema":{"@context":"https:\/\/schema.org","@graph":[{"@type":"WebSite","@id":"https:\/\/franciscanos.org.br\/noticias\/#website","url":"https:\/\/franciscanos.org.br\/noticias\/","name":"Not\u00edcias - Franciscanos","description":"Prov\u00edncia Franciscana da Imaculada Concei\u00e7\u00e3o do Brasil - Ordem dos Frades Menores - OFM","potentialAction":[{"@type":"SearchAction","target":{"@type":"EntryPoint","urlTemplate":"https:\/\/franciscanos.org.br\/noticias\/?s={search_term_string}"},"query-input":"required name=search_term_string"}],"inLanguage":"pt-BR"},{"@type":"ImageObject","inLanguage":"pt-BR","@id":"https:\/\/franciscanos.org.br\/noticias\/enfim-o-noviciado-esta-completo.html#primaryimage","url":"https:\/\/franciscanos.org.br\/noticias\/wp-content\/uploads\/2012\/04\/novicos.jpg","contentUrl":"https:\/\/franciscanos.org.br\/noticias\/wp-content\/uploads\/2012\/04\/novicos.jpg","width":800,"height":600},{"@type":"WebPage","@id":"https:\/\/franciscanos.org.br\/noticias\/enfim-o-noviciado-esta-completo.html#webpage","url":"https:\/\/franciscanos.org.br\/noticias\/enfim-o-noviciado-esta-completo.html","name":"Enfim, o Noviciado est\u00e1 completo! - Not\u00edcias - Franciscanos","isPartOf":{"@id":"https:\/\/franciscanos.org.br\/noticias\/#website"},"primaryImageOfPage":{"@id":"https:\/\/franciscanos.org.br\/noticias\/enfim-o-noviciado-esta-completo.html#primaryimage"},"datePublished":"2012-04-02T15:57:39+00:00","dateModified":"2020-11-09T18:51:26+00:00","author":{"@id":"https:\/\/franciscanos.org.br\/noticias\/#\/schema\/person\/b38fbf43118f02820bd932f2e4b14ad3"},"breadcrumb":{"@id":"https:\/\/franciscanos.org.br\/noticias\/enfim-o-noviciado-esta-completo.html#breadcrumb"},"inLanguage":"pt-BR","potentialAction":[{"@type":"ReadAction","target":["https:\/\/franciscanos.org.br\/noticias\/enfim-o-noviciado-esta-completo.html"]}]},{"@type":"BreadcrumbList","@id":"https:\/\/franciscanos.org.br\/noticias\/enfim-o-noviciado-esta-completo.html#breadcrumb","itemListElement":[{"@type":"ListItem","position":1,"name":"Home","item":"https:\/\/franciscanos.org.br\/noticias"},{"@type":"ListItem","position":2,"name":"Enfim, o Noviciado est\u00e1 completo!"}]},{"@type":"Person","@id":"https:\/\/franciscanos.org.br\/noticias\/#\/schema\/person\/b38fbf43118f02820bd932f2e4b14ad3","name":"admin","image":{"@type":"ImageObject","inLanguage":"pt-BR","@id":"https:\/\/franciscanos.org.br\/noticias\/#\/schema\/person\/image\/","url":"https:\/\/secure.gravatar.com\/avatar\/e8495742d34d0ba6448ea1c628263b3e?s=96&d=mm&r=g","contentUrl":"https:\/\/secure.gravatar.com\/avatar\/e8495742d34d0ba6448ea1c628263b3e?s=96&d=mm&r=g","caption":"admin"},"url":"https:\/\/franciscanos.org.br\/noticias\/author\/admin"}]}},"_links":{"self":[{"href":"https:\/\/franciscanos.org.br\/noticias\/wp-json\/wp\/v2\/posts\/14403"}],"collection":[{"href":"https:\/\/franciscanos.org.br\/noticias\/wp-json\/wp\/v2\/posts"}],"about":[{"href":"https:\/\/franciscanos.org.br\/noticias\/wp-json\/wp\/v2\/types\/post"}],"author":[{"embeddable":true,"href":"https:\/\/franciscanos.org.br\/noticias\/wp-json\/wp\/v2\/users\/1"}],"replies":[{"embeddable":true,"href":"https:\/\/franciscanos.org.br\/noticias\/wp-json\/wp\/v2\/comments?post=14403"}],"version-history":[{"count":1,"href":"https:\/\/franciscanos.org.br\/noticias\/wp-json\/wp\/v2\/posts\/14403\/revisions"}],"predecessor-version":[{"id":229106,"href":"https:\/\/franciscanos.org.br\/noticias\/wp-json\/wp\/v2\/posts\/14403\/revisions\/229106"}],"wp:featuredmedia":[{"embeddable":true,"href":"https:\/\/franciscanos.org.br\/noticias\/wp-json\/wp\/v2\/media\/229105"}],"wp:attachment":[{"href":"https:\/\/franciscanos.org.br\/noticias\/wp-json\/wp\/v2\/media?parent=14403"}],"wp:term":[{"taxonomy":"category","embeddable":true,"href":"https:\/\/franciscanos.org.br\/noticias\/wp-json\/wp\/v2\/categories?post=14403"},{"taxonomy":"post_tag","embeddable":true,"href":"https:\/\/franciscanos.org.br\/noticias\/wp-json\/wp\/v2\/tags?post=14403"}],"curies":[{"name":"wp","href":"https:\/\/api.w.org\/{rel}","templated":true}]}}