{"id":143924,"date":"2017-10-11T22:39:15","date_gmt":"2017-10-12T01:39:15","guid":{"rendered":"http:\/\/franciscanos.org.br\/?p=143924"},"modified":"2023-01-10T09:45:49","modified_gmt":"2023-01-10T12:45:49","slug":"comeca-a-festa-a-nossa-senhora-aparecida","status":"publish","type":"post","link":"https:\/\/franciscanos.org.br\/noticias\/comeca-a-festa-a-nossa-senhora-aparecida.html","title":{"rendered":"Come\u00e7a a festa de Nossa Senhora Aparecida"},"content":{"rendered":"<p><strong>Blumenau (SC)<\/strong> &#8211; O Santu\u00e1rio de Nossa Senhora Aparecida, em Blumenau, lotou nesta quarta-feira, 11 de outubro, para celebrar a Padroeira do Brasil, numa mostra da festa que o povo catarinense far\u00e1 neste dia 12 de outubro para M\u00e3e de Deus, exatamente quando se comemora os 300 anos da apari\u00e7\u00e3o da imagem no Rio Para\u00edba.<\/p>\n<p>A Celebra\u00e7\u00e3o Eucar\u00edstica, \u00e0s 19 horas, foi presidida pelo p\u00e1roco e reitor Frei N\u00e9lson Hillesheim e concelebrada por Frei Jos\u00e9 Bertoldi. Todas as quartas-feiras \u00e9 celebrada a Novena Nossa Senhora Aparecida Desata N\u00f3s. Frei N\u00e9lson refletiu sobre o tema &#8220;Maria, M\u00e3e da Solidariedade e do Amor&#8221;, aproveitando para agradecer aos padrinhos, benfeitores e patrocinadores da festa, presentes na Celebra\u00e7\u00e3o.<\/p>\n<p>Segundo o celebrante, a solidariedade e o amor acompanham a vida de Maria, a grande pedagoga do amor generoso e solid\u00e1rio com os necessitados. &#8220;Quantas pessoas nos procuram para nos falar das gra\u00e7as alcan\u00e7adas, porque pediram \u00e0 M\u00e3e da solidariedade e do amor. Estamos aqui, reunidos pela M\u00e3e Maria, que renova sempre em n\u00f3s o compromisso do amor, como ela fez ao se colocar a servi\u00e7o de Deus, por amor e solidariedade, \u00e0 toda a humanidade&#8221;, disse Frei N\u00e9lson.<\/p>\n<p><img loading=\"lazy\" src=\"http:\/\/franciscanos.org.br\/wp-content\/uploads\/2017\/10\/aparecida_111017_3.jpg\" alt=\"aparecida_111017_3\" width=\"830\" height=\"532\" \/><\/p>\n<p>&#8220;O amor \u00e0 humanidade, quando Maria diz: &#8216;Eis a Serva do Senhor, fa\u00e7a-se em mim segundo a vossa Palavra&#8217;, foi, sim, o momento em que ela assumiu a sua grandeza e ao mesmo tempo a sua humildade ao acolher, por n\u00f3s, o seu filho Jesus. Em Maria, somos convidados, queridos irm\u00e3os e irm\u00e3s, a amar mais. Quem ama constr\u00f3i a vida. Quem ama sempre se renova e caminha na solidariedade, na paz e na f\u00e9&#8221;, ressaltou. &#8220;O amor nos leva a sermos fraternos. A solidariedade nos aproxima de Deus e das pessoas. Quanto mais humanos n\u00f3s somos, mais divinos nos tornamos, mais nos aproximamos de Deus. Com Maria, conhecemos esse caminho de solidariedade e de amor&#8221;, acrescentou.<\/p>\n<p>O frade lembrou que, no Evangelho de Lucas, Maria recebe a visita do anjo, pedindo a colabora\u00e7\u00e3o para ser m\u00e3e do Redentor, e fica perturbada quando ouve dele o plano divino. Mas o anjo diz-lhe uma palavra de consola\u00e7\u00e3o: &#8220;N\u00e3o tenhais medo!&#8221;. &#8220;E Maria acreditou. Quem tem f\u00e9 n\u00e3o pode ter medo. O medo na nossa vida crist\u00e3 anula todas as possibilidades de chegarmos \u00e0 plenitude da f\u00e9 e da vida&#8221;, disse.<\/p>\n<p>Nos festejos populares, o dia foi intenso com muito churrasco, past\u00e9is, cachorro quente, tortas, bolos.<\/p>\n<p><img loading=\"lazy\" class=\"alignleft size-full wp-image-143927\" src=\"http:\/\/franciscanos.org.br\/wp-content\/uploads\/2017\/10\/aparecida_111017_2.jpg\" alt=\"aparecida_111017_2\" width=\"830\" height=\"434\" \/><br \/>\n<strong>GRATUIDADE<\/strong><\/p>\n<p><img loading=\"lazy\" class=\"alignright wp-image-143933 \" src=\"http:\/\/franciscanos.org.br\/wp-content\/uploads\/2017\/10\/aparecida_111017_6.jpg\" alt=\"aparecida_111017_6\" width=\"347\" height=\"448\" \/>A dona de casa Conilda Kr\u00fcger \u00e9 um exemplo de amor e dedica\u00e7\u00e3o no servi\u00e7o \u00e0 Igreja, especialmente quando se faz necess\u00e1ria a uni\u00e3o de todos para a realiza\u00e7\u00e3o de uma grande festa, que re\u00fane milhares de pessoas. Segundo o p\u00e1roco, Frei N\u00e9lson Hillesheim, para que tudo funcione bem, mais de 350 pessoas deixam seus afazeres, suas casas, suas fam\u00edlias durante os festejos da Padroeira.<\/p>\n<p>Para Conilda, esse servi\u00e7o comunit\u00e1rio enobrece a alma e \u00e9 recompensador. &#8220;N\u00e3o sei viver sem isso. Pode tirar tudo de mim, mas n\u00e3o me tire a Igreja. A vida sem Deus n\u00e3o \u00e9 nada. Essa f\u00e9 \u00e9 que faz com que a gente se doe&#8221;, revela Conilda, que pontualmente se dedica \u00e0 liturgia na Par\u00f3quia. &#8220;Antes de Blumenau ser Diocese, eu era coordenadora diocesana de liturgia e sempre ia para Joinville, onde estava a C\u00faria&#8221;, diz Conilda, lembrando que seu envolvimento com a comunidade vem bem antes de ela ser Par\u00f3quia, h\u00e1 mais de 40 anos. &#8220;A comunidade ficava num galp\u00e3o do outro lado da rua. Me lembro que meu filho nasceu em 65, quando ela virou Par\u00f3quia&#8221;, contou. A Par\u00f3quia foi criada aos 8 de maio de 1965 e, no dia 12 de outubro de 1997, foi criado e instalado o Santu\u00e1rio Nossa Senhora Aparecida.<\/p>\n<p>&#8220;J\u00e1 estou com 70 anos, a gente est\u00e1 envelhecendo, mas enquanto puder vou continuar trabalhando&#8221;, garante Conilda. &#8220;Minha vida sempre foi muito dif\u00edcil. Me separei com 20 anos de casamento e quando tinha quatro filhos. Criei todos eles na Igreja, no caminho do bem. Encontrei for\u00e7as em Jesus e na comunidade&#8221;, revelou.<\/p>\n<p>Para ela, todo o crist\u00e3o tem o compromisso de dar esse testemunho de f\u00e9. &#8220;As pessoas se espelham muito no testemunho. Ent\u00e3o, o nosso evangelizar deve ser atrav\u00e9s do testemunho. Procuro ser coerente na minha vida estando na Igreja, na minha casa ou me doando a quem precisa de uma ajuda, material ou espiritual&#8221;, diz Conilda, ressalvando: &#8220;O que fa\u00e7o aqui \u00e9 um gr\u00e3ozinho de areia perto do que recebo de Deus&#8221;.<\/p>\n<p>Conilda lamenta que hoje h\u00e1 um esvaziamento da pr\u00e1tica religiosa e o mundo sente falta de espiritualidade. Para ela s\u00f3 resgatando a espiritualidade que vamos ter condi\u00e7\u00f5es de reconhecer que somos pequenos e que precisamos sempre ter uma atitude de gratid\u00e3o a Deus. &#8220;Infelizmente, hoje o mundo est\u00e1 carente de Deus e o que vemos \u00e9 uma grande falta de valores na sociedade. O ser humano est\u00e1 em decad\u00eancia. N\u00e3o sei o que vai ser das futuras gera\u00e7\u00f5es&#8221;, teme Conilda, que perdeu um filho h\u00e1 30 anos num acidente de moto. Ela tems dois casais de filhos, 2 netas, 1 neto e 2 bisnetas. &#8220;Procuro sempre orientar meus netos e bisnetos, mostrando o que \u00e9 certo e o que \u00e9 errado&#8221;, diz apontando para a neta Gabriela, de 17 anos, que est\u00e1 trabalhando na festa. Conilda trabalha na barraca do caf\u00e9, tortas, bolos e doces.<\/p>\n<p><img loading=\"lazy\" src=\"http:\/\/franciscanos.org.br\/wp-content\/uploads\/2017\/10\/aparecida_111017_5.jpg\" alt=\"aparecida_111017_5\" width=\"830\" height=\"419\" \/><\/p>\n<p><strong>DIA DA PADROEIRA<\/strong><\/p>\n<p>Neste dia 12, DIA DA PADROEIRA, a programa\u00e7\u00e3o \u00e9 intensa, a come\u00e7ar com a Carreta que sair\u00e1 da Catedral at\u00e9 o Santu\u00e1rio, \u00e0s 8 horas, carregando a imagem de Nossa Senhora o bispo diocesano Dom Rafael Biernaski e o p\u00e1roco da Catedral S\u00e3o Paulo Ap\u00f3stolo, Pe. Jo\u00e3o Backmann.<\/p>\n<p>Na chegada ao Santu\u00e1rio, prevista para as 9 horas, tem in\u00edcio a Missa Solene, presidida por Dom Rafael. \u00c0s 11 horas, Dom Rafael e Pe. Jo\u00e3o sobrevoar\u00e3o o Santu\u00e1rio de helic\u00f3ptero, aben\u00e7oando os peregrinos e devotos. Est\u00e1 prevista uma \u201cchuva\u201d de mantos de Nossa Senhora e p\u00e9talas de rosa.<\/p>\n<p>\u00c0s 15 horas, Frei Jos\u00e9 Bertoldi preside mais uma Santa Missa e Frei Pascoal encerra a festa religiosa \u00e0s 19 horas, mas os festejos continuam nas barracas.<\/p>\n<hr \/>\n<p><em>Comunica\u00e7\u00e3o da Prov\u00edncia da Imaculada Concei\u00e7\u00e3o<\/em><\/p>\n","protected":false},"excerpt":{"rendered":"<p>Festa de Nossa Senhora Aparecida em Blumenau<\/p>\n","protected":false},"author":1,"featured_media":201147,"comment_status":"open","ping_status":"open","sticky":false,"template":"","format":"standard","meta":[],"categories":[1],"tags":[1239,1243],"acf":[],"yoast_head":"<!-- This site is optimized with the Yoast SEO plugin v19.2 - https:\/\/yoast.com\/wordpress\/plugins\/seo\/ -->\n<title>Come\u00e7a a festa de Nossa Senhora Aparecida - Not\u00edcias - Franciscanos<\/title>\n<meta name=\"robots\" content=\"index, follow, max-snippet:-1, max-image-preview:large, max-video-preview:-1\" \/>\n<link rel=\"canonical\" href=\"https:\/\/franciscanos.org.br\/noticias\/comeca-a-festa-a-nossa-senhora-aparecida.html\" \/>\n<meta property=\"og:locale\" content=\"pt_BR\" \/>\n<meta property=\"og:type\" content=\"article\" \/>\n<meta property=\"og:title\" content=\"Come\u00e7a a festa de Nossa Senhora Aparecida - Not\u00edcias - Franciscanos\" \/>\n<meta property=\"og:description\" content=\"Festa de Nossa Senhora Aparecida em Blumenau\" \/>\n<meta property=\"og:url\" content=\"https:\/\/franciscanos.org.br\/noticias\/comeca-a-festa-a-nossa-senhora-aparecida.html\" \/>\n<meta property=\"og:site_name\" content=\"Not\u00edcias - Franciscanos\" \/>\n<meta property=\"article:published_time\" content=\"2017-10-12T01:39:15+00:00\" \/>\n<meta property=\"article:modified_time\" content=\"2023-01-10T12:45:49+00:00\" \/>\n<meta property=\"og:image\" content=\"https:\/\/franciscanos.org.br\/noticias\/wp-content\/uploads\/2017\/10\/aparecida_111017_3.jpg\" \/>\n\t<meta property=\"og:image:width\" content=\"273\" \/>\n\t<meta property=\"og:image:height\" content=\"181\" \/>\n\t<meta property=\"og:image:type\" content=\"image\/jpeg\" \/>\n<meta name=\"author\" content=\"admin\" \/>\n<meta name=\"twitter:card\" content=\"summary_large_image\" \/>\n<meta name=\"twitter:label1\" content=\"Escrito por\" \/>\n\t<meta name=\"twitter:data1\" content=\"admin\" \/>\n\t<meta name=\"twitter:label2\" content=\"Est. tempo de leitura\" \/>\n\t<meta name=\"twitter:data2\" content=\"5 minutos\" \/>\n<script type=\"application\/ld+json\" class=\"yoast-schema-graph\">{\"@context\":\"https:\/\/schema.org\",\"@graph\":[{\"@type\":\"WebSite\",\"@id\":\"https:\/\/franciscanos.org.br\/noticias\/#website\",\"url\":\"https:\/\/franciscanos.org.br\/noticias\/\",\"name\":\"Not\u00edcias - Franciscanos\",\"description\":\"Prov\u00edncia Franciscana da Imaculada Concei\u00e7\u00e3o do Brasil - Ordem dos Frades Menores - OFM\",\"potentialAction\":[{\"@type\":\"SearchAction\",\"target\":{\"@type\":\"EntryPoint\",\"urlTemplate\":\"https:\/\/franciscanos.org.br\/noticias\/?s={search_term_string}\"},\"query-input\":\"required name=search_term_string\"}],\"inLanguage\":\"pt-BR\"},{\"@type\":\"ImageObject\",\"inLanguage\":\"pt-BR\",\"@id\":\"https:\/\/franciscanos.org.br\/noticias\/comeca-a-festa-a-nossa-senhora-aparecida.html#primaryimage\",\"url\":\"https:\/\/franciscanos.org.br\/noticias\/wp-content\/uploads\/2017\/10\/aparecida_111017_3.jpg\",\"contentUrl\":\"https:\/\/franciscanos.org.br\/noticias\/wp-content\/uploads\/2017\/10\/aparecida_111017_3.jpg\",\"width\":273,\"height\":181},{\"@type\":\"WebPage\",\"@id\":\"https:\/\/franciscanos.org.br\/noticias\/comeca-a-festa-a-nossa-senhora-aparecida.html#webpage\",\"url\":\"https:\/\/franciscanos.org.br\/noticias\/comeca-a-festa-a-nossa-senhora-aparecida.html\",\"name\":\"Come\u00e7a a festa de Nossa Senhora Aparecida - Not\u00edcias - Franciscanos\",\"isPartOf\":{\"@id\":\"https:\/\/franciscanos.org.br\/noticias\/#website\"},\"primaryImageOfPage\":{\"@id\":\"https:\/\/franciscanos.org.br\/noticias\/comeca-a-festa-a-nossa-senhora-aparecida.html#primaryimage\"},\"datePublished\":\"2017-10-12T01:39:15+00:00\",\"dateModified\":\"2023-01-10T12:45:49+00:00\",\"author\":{\"@id\":\"https:\/\/franciscanos.org.br\/noticias\/#\/schema\/person\/b38fbf43118f02820bd932f2e4b14ad3\"},\"breadcrumb\":{\"@id\":\"https:\/\/franciscanos.org.br\/noticias\/comeca-a-festa-a-nossa-senhora-aparecida.html#breadcrumb\"},\"inLanguage\":\"pt-BR\",\"potentialAction\":[{\"@type\":\"ReadAction\",\"target\":[\"https:\/\/franciscanos.org.br\/noticias\/comeca-a-festa-a-nossa-senhora-aparecida.html\"]}]},{\"@type\":\"BreadcrumbList\",\"@id\":\"https:\/\/franciscanos.org.br\/noticias\/comeca-a-festa-a-nossa-senhora-aparecida.html#breadcrumb\",\"itemListElement\":[{\"@type\":\"ListItem\",\"position\":1,\"name\":\"Home\",\"item\":\"https:\/\/franciscanos.org.br\/noticias\"},{\"@type\":\"ListItem\",\"position\":2,\"name\":\"Come\u00e7a a festa de Nossa Senhora Aparecida\"}]},{\"@type\":\"Person\",\"@id\":\"https:\/\/franciscanos.org.br\/noticias\/#\/schema\/person\/b38fbf43118f02820bd932f2e4b14ad3\",\"name\":\"admin\",\"image\":{\"@type\":\"ImageObject\",\"inLanguage\":\"pt-BR\",\"@id\":\"https:\/\/franciscanos.org.br\/noticias\/#\/schema\/person\/image\/\",\"url\":\"https:\/\/secure.gravatar.com\/avatar\/e8495742d34d0ba6448ea1c628263b3e?s=96&d=mm&r=g\",\"contentUrl\":\"https:\/\/secure.gravatar.com\/avatar\/e8495742d34d0ba6448ea1c628263b3e?s=96&d=mm&r=g\",\"caption\":\"admin\"},\"url\":\"https:\/\/franciscanos.org.br\/noticias\/author\/admin\"}]}<\/script>\n<!-- \/ Yoast SEO plugin. -->","yoast_head_json":{"title":"Come\u00e7a a festa de Nossa Senhora Aparecida - Not\u00edcias - Franciscanos","robots":{"index":"index","follow":"follow","max-snippet":"max-snippet:-1","max-image-preview":"max-image-preview:large","max-video-preview":"max-video-preview:-1"},"canonical":"https:\/\/franciscanos.org.br\/noticias\/comeca-a-festa-a-nossa-senhora-aparecida.html","og_locale":"pt_BR","og_type":"article","og_title":"Come\u00e7a a festa de Nossa Senhora Aparecida - Not\u00edcias - Franciscanos","og_description":"Festa de Nossa Senhora Aparecida em Blumenau","og_url":"https:\/\/franciscanos.org.br\/noticias\/comeca-a-festa-a-nossa-senhora-aparecida.html","og_site_name":"Not\u00edcias - Franciscanos","article_published_time":"2017-10-12T01:39:15+00:00","article_modified_time":"2023-01-10T12:45:49+00:00","og_image":[{"width":273,"height":181,"url":"https:\/\/franciscanos.org.br\/noticias\/wp-content\/uploads\/2017\/10\/aparecida_111017_3.jpg","type":"image\/jpeg"}],"author":"admin","twitter_card":"summary_large_image","twitter_misc":{"Escrito por":"admin","Est. tempo de leitura":"5 minutos"},"schema":{"@context":"https:\/\/schema.org","@graph":[{"@type":"WebSite","@id":"https:\/\/franciscanos.org.br\/noticias\/#website","url":"https:\/\/franciscanos.org.br\/noticias\/","name":"Not\u00edcias - Franciscanos","description":"Prov\u00edncia Franciscana da Imaculada Concei\u00e7\u00e3o do Brasil - Ordem dos Frades Menores - OFM","potentialAction":[{"@type":"SearchAction","target":{"@type":"EntryPoint","urlTemplate":"https:\/\/franciscanos.org.br\/noticias\/?s={search_term_string}"},"query-input":"required name=search_term_string"}],"inLanguage":"pt-BR"},{"@type":"ImageObject","inLanguage":"pt-BR","@id":"https:\/\/franciscanos.org.br\/noticias\/comeca-a-festa-a-nossa-senhora-aparecida.html#primaryimage","url":"https:\/\/franciscanos.org.br\/noticias\/wp-content\/uploads\/2017\/10\/aparecida_111017_3.jpg","contentUrl":"https:\/\/franciscanos.org.br\/noticias\/wp-content\/uploads\/2017\/10\/aparecida_111017_3.jpg","width":273,"height":181},{"@type":"WebPage","@id":"https:\/\/franciscanos.org.br\/noticias\/comeca-a-festa-a-nossa-senhora-aparecida.html#webpage","url":"https:\/\/franciscanos.org.br\/noticias\/comeca-a-festa-a-nossa-senhora-aparecida.html","name":"Come\u00e7a a festa de Nossa Senhora Aparecida - Not\u00edcias - Franciscanos","isPartOf":{"@id":"https:\/\/franciscanos.org.br\/noticias\/#website"},"primaryImageOfPage":{"@id":"https:\/\/franciscanos.org.br\/noticias\/comeca-a-festa-a-nossa-senhora-aparecida.html#primaryimage"},"datePublished":"2017-10-12T01:39:15+00:00","dateModified":"2023-01-10T12:45:49+00:00","author":{"@id":"https:\/\/franciscanos.org.br\/noticias\/#\/schema\/person\/b38fbf43118f02820bd932f2e4b14ad3"},"breadcrumb":{"@id":"https:\/\/franciscanos.org.br\/noticias\/comeca-a-festa-a-nossa-senhora-aparecida.html#breadcrumb"},"inLanguage":"pt-BR","potentialAction":[{"@type":"ReadAction","target":["https:\/\/franciscanos.org.br\/noticias\/comeca-a-festa-a-nossa-senhora-aparecida.html"]}]},{"@type":"BreadcrumbList","@id":"https:\/\/franciscanos.org.br\/noticias\/comeca-a-festa-a-nossa-senhora-aparecida.html#breadcrumb","itemListElement":[{"@type":"ListItem","position":1,"name":"Home","item":"https:\/\/franciscanos.org.br\/noticias"},{"@type":"ListItem","position":2,"name":"Come\u00e7a a festa de Nossa Senhora Aparecida"}]},{"@type":"Person","@id":"https:\/\/franciscanos.org.br\/noticias\/#\/schema\/person\/b38fbf43118f02820bd932f2e4b14ad3","name":"admin","image":{"@type":"ImageObject","inLanguage":"pt-BR","@id":"https:\/\/franciscanos.org.br\/noticias\/#\/schema\/person\/image\/","url":"https:\/\/secure.gravatar.com\/avatar\/e8495742d34d0ba6448ea1c628263b3e?s=96&d=mm&r=g","contentUrl":"https:\/\/secure.gravatar.com\/avatar\/e8495742d34d0ba6448ea1c628263b3e?s=96&d=mm&r=g","caption":"admin"},"url":"https:\/\/franciscanos.org.br\/noticias\/author\/admin"}]}},"_links":{"self":[{"href":"https:\/\/franciscanos.org.br\/noticias\/wp-json\/wp\/v2\/posts\/143924"}],"collection":[{"href":"https:\/\/franciscanos.org.br\/noticias\/wp-json\/wp\/v2\/posts"}],"about":[{"href":"https:\/\/franciscanos.org.br\/noticias\/wp-json\/wp\/v2\/types\/post"}],"author":[{"embeddable":true,"href":"https:\/\/franciscanos.org.br\/noticias\/wp-json\/wp\/v2\/users\/1"}],"replies":[{"embeddable":true,"href":"https:\/\/franciscanos.org.br\/noticias\/wp-json\/wp\/v2\/comments?post=143924"}],"version-history":[{"count":1,"href":"https:\/\/franciscanos.org.br\/noticias\/wp-json\/wp\/v2\/posts\/143924\/revisions"}],"predecessor-version":[{"id":241673,"href":"https:\/\/franciscanos.org.br\/noticias\/wp-json\/wp\/v2\/posts\/143924\/revisions\/241673"}],"wp:featuredmedia":[{"embeddable":true,"href":"https:\/\/franciscanos.org.br\/noticias\/wp-json\/wp\/v2\/media\/201147"}],"wp:attachment":[{"href":"https:\/\/franciscanos.org.br\/noticias\/wp-json\/wp\/v2\/media?parent=143924"}],"wp:term":[{"taxonomy":"category","embeddable":true,"href":"https:\/\/franciscanos.org.br\/noticias\/wp-json\/wp\/v2\/categories?post=143924"},{"taxonomy":"post_tag","embeddable":true,"href":"https:\/\/franciscanos.org.br\/noticias\/wp-json\/wp\/v2\/tags?post=143924"}],"curies":[{"name":"wp","href":"https:\/\/api.w.org\/{rel}","templated":true}]}}