{"id":143870,"date":"2017-10-11T11:46:58","date_gmt":"2017-10-11T14:46:58","guid":{"rendered":"http:\/\/franciscanos.org.br\/?p=143870"},"modified":"2019-04-26T10:36:19","modified_gmt":"2019-04-26T13:36:19","slug":"acampamento-da-juventude-o-amargo-se-converteu-em-docura","status":"publish","type":"post","link":"https:\/\/franciscanos.org.br\/noticias\/acampamento-da-juventude-o-amargo-se-converteu-em-docura.html","title":{"rendered":"Acampamento: o \u201camargo se converteu em do\u00e7ura\u201d"},"content":{"rendered":"<p><img loading=\"lazy\" src=\"http:\/\/franciscanos.org.br\/wp-content\/uploads\/2017\/10\/acampamento_111017_G.jpg\" alt=\"acampamento_111017_G\" width=\"830\" height=\"400\" \/><\/p>\n<p><strong>Bauru (SP)<\/strong> &#8211; Para aprofundar o carisma franciscano nos anfitri\u00f5es da pr\u00f3xima Miss\u00e3o Franciscana da Juventude em Agudos e Bauru (SP), que ser\u00e1 em janeiro de 2018, neste \u00faltimo final de semana (06 a 08) aconteceu o primeiro Acampamento Franciscano da Juventude. O local escolhido foi uma ch\u00e1cara em Bauru, que acolheu os 40 jovens que disseram \u201csim\u201d para a iniciativa. Al\u00e9m deles, lideran\u00e7as das par\u00f3quias franciscanas das duas cidades ajudaram a preparar e conduzir o encontro que foi promovido pelo Servi\u00e7o de Anima\u00e7\u00e3o Vocacional. Para encantar ainda mais marcaram presen\u00e7a tamb\u00e9m na organiza\u00e7\u00e3o e na condu\u00e7\u00e3o das ora\u00e7\u00f5es a Irm\u00e3 Isabel Simeoni, da Congrega\u00e7\u00e3o das Irm\u00e3s Franciscanas de Ingolstadt, e as novi\u00e7as Joselma e Dani, das Irm\u00e3s Franciscanas da Terceira Ordem Ser\u00e1fica.<\/p>\n<p>A tem\u00e1tica abordada nas reflex\u00f5es, e que tamb\u00e9m inspirou as atividades durante o acampamento, foi retirada do Testamento de S\u00e3o Francisco de Assis, quando relatando a sua experi\u00eancia em encontrar-se com o leproso, exclamou dizendo que o \u201camargo converteu-se em do\u00e7ura\u201d. A mudan\u00e7a de perspectiva do santo inspirou os campistas a verem alguns valores a partir do olhar da f\u00e9, da supera\u00e7\u00e3o, do encontro consigo mesmo, com a miseric\u00f3rdia de Deus e com o outro. Entretanto, maiores detalhes sobre o que foi vivido neste acampamento permanece no segredo da experi\u00eancia do encontro com o Criador.<\/p>\n<p>O SAV &#8211; Servi\u00e7o de Anima\u00e7\u00e3o Vocacional agradece o apoio das par\u00f3quias envolvidas, dos jovens participantes e das lideran\u00e7as que organizaram o encontro. Abaixo h\u00e1 algumas partilhas feitas pelos jovens nas redes sociais, pois a escrita revela o mais \u00edntimo daquele que, com coragem, conduz as palavras sobre aquilo que quer expressar.<\/p>\n<p>&#8220;Obrigada por esse fim de semana incr\u00edvel. Mudou minha perspectiva de vida. Essas atividades (que pra mim foram mais ensinamentos) me transformaram muito e mudou muito a minha forma de pensar. Posso dizer que o meu f\u00edsico est\u00e1 acabado (e as atividades tamb\u00e9m me fizeram perceber que quando voc\u00ea est\u00e1 muito cansado, que sente que n\u00e3o vai aguentar mais, Deus est\u00e1 do seu lado segurando a sua m\u00e3o e a\u00ed voc\u00ea consegue. Foi o que aconteceu comigo em uma das atividades), mas o espiritual est\u00e1 maravilhoso, est\u00e1 renovado. Eu sinto que eu renasci e eu quero ser uma pessoa melhor de hoje em diante e o que eu puder mudar de melhor eu vou tentar, estou muito feliz. Obrigada de cora\u00e7\u00e3o\u201d.<\/p>\n<p>\u201cA princ\u00edpio meu maior medo era ter meu emocional um tanto abalado. E quando me fizeram enxergar que eu tinha que experimentar participar, eu n\u00e3o tinha no\u00e7\u00e3o alguma de que este final de semana me faria amadurecer tanto. N\u00e3o sabia que voltaria com minha f\u00e9 t\u00e3o renovada. E al\u00e9m de agora ter uma fam\u00edlia de sangue, eu tamb\u00e9m estou tendo a oportunidade de ter uma fam\u00edlia espiritual. Eu n\u00e3o tinha no\u00e7\u00e3o do quanto eu precisava estar neste acampamento este final de semana e agora eu realmente sei que Deus \u00e9 muito maravilhoso e o quanto Seu tempo \u00e9 certo. E hoje eu s\u00f3 rezo para que muitas outras pessoas possam ter essa inesquec\u00edvel experi\u00eancia\u201d (Ana Carolina Leme).<\/p>\n<p>\u201cHoje acordei &#8220;mo\u00edda&#8221;, ainda cansada, trazendo pelo corpo as marcas das picadas que levei, mas com o cora\u00e7\u00e3o tomado de alegria ap\u00f3s um final de semana maravilhoso. Todos que l\u00e1 estavam puderam compartilhar do meu testemunho. Maiores do que as marcas que trago fisicamente s\u00e3o as que trago no meu cora\u00e7\u00e3o. Agrade\u00e7o imensamente a todos que se dedicaram com amor para que o acampamento se realizasse. Por toda correria que fizeram e tudo mais. Citar nomes seria uma injusti\u00e7a minha porque poderia esquecer algu\u00e9m e cada um sabe o qu\u00e3o importante foi a sua parcela de contribui\u00e7\u00e3o. Aos mentores dessa iniciativa, Freis Diego e Gabriel e Irm\u00e3 Isabel, minha eterna gratid\u00e3o pelo convite para ser uma guardi\u00e3 e por tudo o que vivi com meus filhos do cora\u00e7\u00e3o. Essa experi\u00eancia foi, com toda certeza, um divisor de \u00e1guas na minha vida e o quanto o Senhor fez em mim tamb\u00e9m. Como disse ontem, eu n\u00e3o vivi a parte f\u00edsica das provas com eles, mas com toda certeza vivi intensamente toda a espiritualidade. Gratid\u00e3o a todos. Deus aben\u00e7oe a cada um!\u201d (Jaqueline Cardoso).<\/p>\n<p>\u201cVou deixar que alguns jovens falem por mim&#8230; \u2018Boa noite seu Fernando, obrigada por tudo o que o senhor fez por n\u00f3s nesse acampamento, e o que senhor faz pelo grupo de jovens, foi tudo maravilhoso, sai de l\u00e1 outra pessoa, com uma nova perspectiva pra minha vida e com o esp\u00edrito mais Franciscano! Obrigada de cora\u00e7\u00e3o\u2019\u201d (Fernando Ferreira).<\/p>\n","protected":false},"excerpt":{"rendered":"<p>Acampamento Franciscano da Juventude<\/p>\n","protected":false},"author":1,"featured_media":203523,"comment_status":"open","ping_status":"open","sticky":false,"template":"","format":"standard","meta":[],"categories":[1],"tags":[1244,552],"acf":[],"yoast_head":"<!-- This site is optimized with the Yoast SEO plugin v19.2 - https:\/\/yoast.com\/wordpress\/plugins\/seo\/ -->\n<title>Acampamento: o \u201camargo se converteu em do\u00e7ura\u201d - Not\u00edcias - Franciscanos<\/title>\n<meta name=\"robots\" content=\"index, follow, max-snippet:-1, max-image-preview:large, max-video-preview:-1\" \/>\n<link rel=\"canonical\" href=\"https:\/\/franciscanos.org.br\/noticias\/acampamento-da-juventude-o-amargo-se-converteu-em-docura.html\" \/>\n<meta property=\"og:locale\" content=\"pt_BR\" \/>\n<meta property=\"og:type\" content=\"article\" \/>\n<meta property=\"og:title\" content=\"Acampamento: o \u201camargo se converteu em do\u00e7ura\u201d - Not\u00edcias - Franciscanos\" \/>\n<meta property=\"og:description\" content=\"Acampamento Franciscano da Juventude\" \/>\n<meta property=\"og:url\" content=\"https:\/\/franciscanos.org.br\/noticias\/acampamento-da-juventude-o-amargo-se-converteu-em-docura.html\" \/>\n<meta property=\"og:site_name\" content=\"Not\u00edcias - Franciscanos\" \/>\n<meta property=\"article:published_time\" content=\"2017-10-11T14:46:58+00:00\" \/>\n<meta property=\"article:modified_time\" content=\"2019-04-26T13:36:19+00:00\" \/>\n<meta property=\"og:image\" content=\"https:\/\/franciscanos.org.br\/noticias\/wp-content\/uploads\/2017\/10\/acampamento_111017_G.jpg\" \/>\n\t<meta property=\"og:image:width\" content=\"273\" \/>\n\t<meta property=\"og:image:height\" content=\"181\" \/>\n\t<meta property=\"og:image:type\" content=\"image\/jpeg\" \/>\n<meta name=\"author\" content=\"admin\" \/>\n<meta name=\"twitter:card\" content=\"summary_large_image\" \/>\n<meta name=\"twitter:label1\" content=\"Escrito por\" \/>\n\t<meta name=\"twitter:data1\" content=\"admin\" \/>\n\t<meta name=\"twitter:label2\" content=\"Est. tempo de leitura\" \/>\n\t<meta name=\"twitter:data2\" content=\"4 minutos\" \/>\n<script type=\"application\/ld+json\" class=\"yoast-schema-graph\">{\"@context\":\"https:\/\/schema.org\",\"@graph\":[{\"@type\":\"WebSite\",\"@id\":\"https:\/\/franciscanos.org.br\/noticias\/#website\",\"url\":\"https:\/\/franciscanos.org.br\/noticias\/\",\"name\":\"Not\u00edcias - Franciscanos\",\"description\":\"Prov\u00edncia Franciscana da Imaculada Concei\u00e7\u00e3o do Brasil - Ordem dos Frades Menores - OFM\",\"potentialAction\":[{\"@type\":\"SearchAction\",\"target\":{\"@type\":\"EntryPoint\",\"urlTemplate\":\"https:\/\/franciscanos.org.br\/noticias\/?s={search_term_string}\"},\"query-input\":\"required name=search_term_string\"}],\"inLanguage\":\"pt-BR\"},{\"@type\":\"ImageObject\",\"inLanguage\":\"pt-BR\",\"@id\":\"https:\/\/franciscanos.org.br\/noticias\/acampamento-da-juventude-o-amargo-se-converteu-em-docura.html#primaryimage\",\"url\":\"https:\/\/franciscanos.org.br\/noticias\/wp-content\/uploads\/2017\/10\/acampamento_111017_G.jpg\",\"contentUrl\":\"https:\/\/franciscanos.org.br\/noticias\/wp-content\/uploads\/2017\/10\/acampamento_111017_G.jpg\",\"width\":273,\"height\":181},{\"@type\":\"WebPage\",\"@id\":\"https:\/\/franciscanos.org.br\/noticias\/acampamento-da-juventude-o-amargo-se-converteu-em-docura.html#webpage\",\"url\":\"https:\/\/franciscanos.org.br\/noticias\/acampamento-da-juventude-o-amargo-se-converteu-em-docura.html\",\"name\":\"Acampamento: o \u201camargo se converteu em do\u00e7ura\u201d - Not\u00edcias - Franciscanos\",\"isPartOf\":{\"@id\":\"https:\/\/franciscanos.org.br\/noticias\/#website\"},\"primaryImageOfPage\":{\"@id\":\"https:\/\/franciscanos.org.br\/noticias\/acampamento-da-juventude-o-amargo-se-converteu-em-docura.html#primaryimage\"},\"datePublished\":\"2017-10-11T14:46:58+00:00\",\"dateModified\":\"2019-04-26T13:36:19+00:00\",\"author\":{\"@id\":\"https:\/\/franciscanos.org.br\/noticias\/#\/schema\/person\/b38fbf43118f02820bd932f2e4b14ad3\"},\"breadcrumb\":{\"@id\":\"https:\/\/franciscanos.org.br\/noticias\/acampamento-da-juventude-o-amargo-se-converteu-em-docura.html#breadcrumb\"},\"inLanguage\":\"pt-BR\",\"potentialAction\":[{\"@type\":\"ReadAction\",\"target\":[\"https:\/\/franciscanos.org.br\/noticias\/acampamento-da-juventude-o-amargo-se-converteu-em-docura.html\"]}]},{\"@type\":\"BreadcrumbList\",\"@id\":\"https:\/\/franciscanos.org.br\/noticias\/acampamento-da-juventude-o-amargo-se-converteu-em-docura.html#breadcrumb\",\"itemListElement\":[{\"@type\":\"ListItem\",\"position\":1,\"name\":\"Home\",\"item\":\"https:\/\/franciscanos.org.br\/noticias\"},{\"@type\":\"ListItem\",\"position\":2,\"name\":\"Acampamento: o \u201camargo se converteu em do\u00e7ura\u201d\"}]},{\"@type\":\"Person\",\"@id\":\"https:\/\/franciscanos.org.br\/noticias\/#\/schema\/person\/b38fbf43118f02820bd932f2e4b14ad3\",\"name\":\"admin\",\"image\":{\"@type\":\"ImageObject\",\"inLanguage\":\"pt-BR\",\"@id\":\"https:\/\/franciscanos.org.br\/noticias\/#\/schema\/person\/image\/\",\"url\":\"https:\/\/secure.gravatar.com\/avatar\/e8495742d34d0ba6448ea1c628263b3e?s=96&d=mm&r=g\",\"contentUrl\":\"https:\/\/secure.gravatar.com\/avatar\/e8495742d34d0ba6448ea1c628263b3e?s=96&d=mm&r=g\",\"caption\":\"admin\"},\"url\":\"https:\/\/franciscanos.org.br\/noticias\/author\/admin\"}]}<\/script>\n<!-- \/ Yoast SEO plugin. -->","yoast_head_json":{"title":"Acampamento: o \u201camargo se converteu em do\u00e7ura\u201d - Not\u00edcias - Franciscanos","robots":{"index":"index","follow":"follow","max-snippet":"max-snippet:-1","max-image-preview":"max-image-preview:large","max-video-preview":"max-video-preview:-1"},"canonical":"https:\/\/franciscanos.org.br\/noticias\/acampamento-da-juventude-o-amargo-se-converteu-em-docura.html","og_locale":"pt_BR","og_type":"article","og_title":"Acampamento: o \u201camargo se converteu em do\u00e7ura\u201d - Not\u00edcias - Franciscanos","og_description":"Acampamento Franciscano da Juventude","og_url":"https:\/\/franciscanos.org.br\/noticias\/acampamento-da-juventude-o-amargo-se-converteu-em-docura.html","og_site_name":"Not\u00edcias - Franciscanos","article_published_time":"2017-10-11T14:46:58+00:00","article_modified_time":"2019-04-26T13:36:19+00:00","og_image":[{"width":273,"height":181,"url":"https:\/\/franciscanos.org.br\/noticias\/wp-content\/uploads\/2017\/10\/acampamento_111017_G.jpg","type":"image\/jpeg"}],"author":"admin","twitter_card":"summary_large_image","twitter_misc":{"Escrito por":"admin","Est. tempo de leitura":"4 minutos"},"schema":{"@context":"https:\/\/schema.org","@graph":[{"@type":"WebSite","@id":"https:\/\/franciscanos.org.br\/noticias\/#website","url":"https:\/\/franciscanos.org.br\/noticias\/","name":"Not\u00edcias - Franciscanos","description":"Prov\u00edncia Franciscana da Imaculada Concei\u00e7\u00e3o do Brasil - Ordem dos Frades Menores - OFM","potentialAction":[{"@type":"SearchAction","target":{"@type":"EntryPoint","urlTemplate":"https:\/\/franciscanos.org.br\/noticias\/?s={search_term_string}"},"query-input":"required name=search_term_string"}],"inLanguage":"pt-BR"},{"@type":"ImageObject","inLanguage":"pt-BR","@id":"https:\/\/franciscanos.org.br\/noticias\/acampamento-da-juventude-o-amargo-se-converteu-em-docura.html#primaryimage","url":"https:\/\/franciscanos.org.br\/noticias\/wp-content\/uploads\/2017\/10\/acampamento_111017_G.jpg","contentUrl":"https:\/\/franciscanos.org.br\/noticias\/wp-content\/uploads\/2017\/10\/acampamento_111017_G.jpg","width":273,"height":181},{"@type":"WebPage","@id":"https:\/\/franciscanos.org.br\/noticias\/acampamento-da-juventude-o-amargo-se-converteu-em-docura.html#webpage","url":"https:\/\/franciscanos.org.br\/noticias\/acampamento-da-juventude-o-amargo-se-converteu-em-docura.html","name":"Acampamento: o \u201camargo se converteu em do\u00e7ura\u201d - Not\u00edcias - Franciscanos","isPartOf":{"@id":"https:\/\/franciscanos.org.br\/noticias\/#website"},"primaryImageOfPage":{"@id":"https:\/\/franciscanos.org.br\/noticias\/acampamento-da-juventude-o-amargo-se-converteu-em-docura.html#primaryimage"},"datePublished":"2017-10-11T14:46:58+00:00","dateModified":"2019-04-26T13:36:19+00:00","author":{"@id":"https:\/\/franciscanos.org.br\/noticias\/#\/schema\/person\/b38fbf43118f02820bd932f2e4b14ad3"},"breadcrumb":{"@id":"https:\/\/franciscanos.org.br\/noticias\/acampamento-da-juventude-o-amargo-se-converteu-em-docura.html#breadcrumb"},"inLanguage":"pt-BR","potentialAction":[{"@type":"ReadAction","target":["https:\/\/franciscanos.org.br\/noticias\/acampamento-da-juventude-o-amargo-se-converteu-em-docura.html"]}]},{"@type":"BreadcrumbList","@id":"https:\/\/franciscanos.org.br\/noticias\/acampamento-da-juventude-o-amargo-se-converteu-em-docura.html#breadcrumb","itemListElement":[{"@type":"ListItem","position":1,"name":"Home","item":"https:\/\/franciscanos.org.br\/noticias"},{"@type":"ListItem","position":2,"name":"Acampamento: o \u201camargo se converteu em do\u00e7ura\u201d"}]},{"@type":"Person","@id":"https:\/\/franciscanos.org.br\/noticias\/#\/schema\/person\/b38fbf43118f02820bd932f2e4b14ad3","name":"admin","image":{"@type":"ImageObject","inLanguage":"pt-BR","@id":"https:\/\/franciscanos.org.br\/noticias\/#\/schema\/person\/image\/","url":"https:\/\/secure.gravatar.com\/avatar\/e8495742d34d0ba6448ea1c628263b3e?s=96&d=mm&r=g","contentUrl":"https:\/\/secure.gravatar.com\/avatar\/e8495742d34d0ba6448ea1c628263b3e?s=96&d=mm&r=g","caption":"admin"},"url":"https:\/\/franciscanos.org.br\/noticias\/author\/admin"}]}},"_links":{"self":[{"href":"https:\/\/franciscanos.org.br\/noticias\/wp-json\/wp\/v2\/posts\/143870"}],"collection":[{"href":"https:\/\/franciscanos.org.br\/noticias\/wp-json\/wp\/v2\/posts"}],"about":[{"href":"https:\/\/franciscanos.org.br\/noticias\/wp-json\/wp\/v2\/types\/post"}],"author":[{"embeddable":true,"href":"https:\/\/franciscanos.org.br\/noticias\/wp-json\/wp\/v2\/users\/1"}],"replies":[{"embeddable":true,"href":"https:\/\/franciscanos.org.br\/noticias\/wp-json\/wp\/v2\/comments?post=143870"}],"version-history":[{"count":0,"href":"https:\/\/franciscanos.org.br\/noticias\/wp-json\/wp\/v2\/posts\/143870\/revisions"}],"wp:featuredmedia":[{"embeddable":true,"href":"https:\/\/franciscanos.org.br\/noticias\/wp-json\/wp\/v2\/media\/203523"}],"wp:attachment":[{"href":"https:\/\/franciscanos.org.br\/noticias\/wp-json\/wp\/v2\/media?parent=143870"}],"wp:term":[{"taxonomy":"category","embeddable":true,"href":"https:\/\/franciscanos.org.br\/noticias\/wp-json\/wp\/v2\/categories?post=143870"},{"taxonomy":"post_tag","embeddable":true,"href":"https:\/\/franciscanos.org.br\/noticias\/wp-json\/wp\/v2\/tags?post=143870"}],"curies":[{"name":"wp","href":"https:\/\/api.w.org\/{rel}","templated":true}]}}