{"id":143830,"date":"2017-10-11T07:07:21","date_gmt":"2017-10-11T10:07:21","guid":{"rendered":"http:\/\/franciscanos.org.br\/?p=143830"},"modified":"2020-06-08T16:51:25","modified_gmt":"2020-06-08T19:51:25","slug":"papa-quanto-mais-escura-a-noite-mais-proxima-a-aurora","status":"publish","type":"post","link":"https:\/\/franciscanos.org.br\/noticias\/papa-quanto-mais-escura-a-noite-mais-proxima-a-aurora.html","title":{"rendered":"Papa: quanto mais escura a noite, mais pr\u00f3xima a aurora"},"content":{"rendered":"<p><img loading=\"lazy\" src=\"http:\/\/franciscanos.org.br\/wp-content\/uploads\/2017\/10\/papa_111017.jpg\" alt=\"papa_111017\" width=\"830\" height=\"476\" \/><\/p>\n<p><strong>Cidade do Vaticano<\/strong> \u2013 \u201cCada manh\u00e3 \u00e9 uma p\u00e1gina branca que o crist\u00e3o come\u00e7a a escrever com as obras de bem\u201d e \u201cnenhuma noite \u00e9 longa a ponto de fazer esquecer a alegria da aurora\u201d, \u201c a certeza de que no final de nossa hist\u00f3ria est\u00e1 Jesus Misericordioso, \u00e9 suficiente para ter confian\u00e7a e n\u00e3o amaldi\u00e7oar a vida\u201d.\u00a0O Papa dedicou a catequese da Audi\u00eancia Geral desta quarta-feira (11\/10) ao tema da \u201cespera vigilante\u201d. Um tema \u2013 explicou \u2013 que \u201c \u00e9 um dos fios condutores do Novo Testamento\u201d.<\/p>\n<p>Falando aos mais de 20 mil peregrinos presentes na Pra\u00e7a S\u00e3o Pedro, Francisco recordou que o Evangelho nos recomenda a ser \u201ccomo servos que nunca dormem, at\u00e9 que o seu patr\u00e3o volte. Este mundo exige a nossa responsabilidade e n\u00f3s a assumimos inteiramente, com amor. Jesus quer que a nossa exist\u00eancia seja laboriosa, que nunca baixemos a guarda, para colher com gratid\u00e3o e estupor cada novo dia a n\u00f3s doado por Deus. Cada manh\u00e3 \u00e9 uma p\u00e1gina branca que o crist\u00e3o come\u00e7a a escrever com as obras de bem\u201d.<\/p>\n<p>N\u00f3s j\u00e1 fomos salvos pela reden\u00e7\u00e3o de Jesus \u2013 reiterou o Papa \u2013 mas agora \u201cesperamos a plena manifesta\u00e7\u00e3o de seu senhorio\u201d, \u201ce quando este dia chegar, n\u00f3s crist\u00e3os queremos ser como aqueles servos que passaram a noite com as cinturas cingidas e as l\u00e2mpadas acesas: \u00e9 necess\u00e1rio estar prontos para a salva\u00e7\u00e3o que chega, prontos para o encontro\u201d: \u201cO crist\u00e3o n\u00e3o \u00e9 feito para o t\u00e9dio, mas para a paci\u00eancia. Sabe que tamb\u00e9m na monotonia de certos dias sempre iguais, est\u00e1 escondido um mist\u00e9rio de gra\u00e7a.<br \/>\nExistem pessoas que com a perseveran\u00e7a de seu amor se tornam como po\u00e7os que irrigam o deserto. Nada acontece em v\u00e3o, e nenhuma situa\u00e7\u00e3o em que o crist\u00e3o se encontra mergulhado \u00e9 completamente refrat\u00e1ria ao amor. Nenhuma noite \u00e9 longa a ponto de fazer esquecer a alegria da aurora. Se nos mantivermos unidos a Jesus, o frio dos momentos dif\u00edceis n\u00e3o nos paralisa; e mesmo se o mundo inteiro pregasse contra a esperan\u00e7a, se dissesse que o futuro trar\u00e1 somente nuvens escuras, o crist\u00e3o sabe que neste mesmo futuro est\u00e1 a volta de Cristo\u201d.<\/p>\n<p>Ningu\u00e9m sabe quando isto acontecer\u00e1 \u2013 recordou o Papa &#8211; \u201cmas a certeza de que no final de nossa hist\u00f3ria est\u00e1 Jesus Misericordioso, \u00e9 suficiente para ter confian\u00e7a e n\u00e3o amaldi\u00e7oar a vida\u201d.<\/p>\n<p>O fato de termos conhecido Jesus \u2013 sublinhou &#8211; nos faz \u201cperscrutar a hist\u00f3ria com confian\u00e7a e esperan\u00e7a\u201d: \u201cJesus \u00e9 como uma casa, e n\u00f3s estamos dentro, e das janelas desta casa n\u00f3s olhamos o mundo. Por isto, n\u00e3o nos fechemos em n\u00f3s mesmos, n\u00e3o lamentemos com melancolia um passado que se presume dourado, mas olhemos sempre em frente, para um futuro que n\u00e3o \u00e9 somente obras de nossas m\u00e3os, mas que antes de tudo \u00e9 uma preocupa\u00e7\u00e3o constante da provid\u00eancia de Deus. Tudo isto que \u00e9 opaco, um dia se tornar\u00e1 luz\u201d.<\/p>\n<p>\u201cDeus n\u00e3o desmente a si mesmo\u201d, frisou o Santo Padre. \u201cA sua vontade em rela\u00e7\u00e3o a n\u00f3s n\u00e3o \u00e9 nebulosa, mas \u00e9 um projeto de salva\u00e7\u00e3o bem delineado, Deus quer que todos sejam salvos e cheguem ao conhecimento da verdade\u201d: \u201cPor este motivo, n\u00e3o nos abandonemos ao fluir dos eventos com pessimismo, como se a hist\u00f3ria fosse um trem do qual se perdeu o controle. A resigna\u00e7\u00e3o n\u00e3o \u00e9 uma virtude crist\u00e3. Como n\u00e3o crist\u00e3o erguer as costas ou baixar a cabe\u00e7a diante de um destino que nos parece inelut\u00e1vel\u201d.<\/p>\n<p>Quem traz esperan\u00e7a ao mundo nunca \u00e9 uma pessoa submissa, assim como \u201cn\u00e3o existe construtor de paz, que no final das contas, n\u00e3o tenha comprometido a sua paz pessoal, assumindo os problemas dos outros\u201d.<\/p>\n<p>Ao concluir, o Papa convidou a todos para repetir a invoca\u00e7\u00e3o que os primeiros disc\u00edpulos, em aramaico, exprimiam com as palavras Marana tha e que encontramos no \u00faltimo vers\u00edculo da B\u00edblia: \u201cVem Senhor Jesus\u201d, \u201cum refr\u00e3o \u2013 observou &#8211; de cada exist\u00eancia crist\u00e3: no mundo n\u00e3o temos necessidade de outra coisa, sen\u00e3o de um carinho de Cristo\u201d.<\/p>\n<p><strong>NOSSA SENHORA APARECIDA<\/strong><\/p>\n<p>Ao saudar os peregrinos de l\u00edngua portuguesa presentes na Pra\u00e7a S\u00e3o Pedro, o Papa Francisco recordou os 300 anos de Nossa Senhora Aparecida. O Papa interrompeu sua sauda\u00e7\u00e3o para ouvir o c\u00e2ntico e a sauda\u00e7\u00e3o dos brasileiros presentes em grande n\u00famero na Audi\u00eancia Geral desta quarta-feira:<\/p>\n<p>\u201cSa\u00fado todos os peregrinos do Brasil e de outros pa\u00edses de l\u00edngua portuguesa, particularmente os diversos grupos de sacerdotes, religiosos e fi\u00e9is brasileiros residentes em Roma, que vieram a esta Audi\u00eancia para dividir a alegria pelo jubileu dos 300 anos de Nossa Senhora Aparecida, cuja festa se celebra amanh\u00e3. A hist\u00f3ria dos pescadores que encontraram no Rio Para\u00edba do Sul o corpo e depois a cabe\u00e7a da imagem de Nossa Senhora, e que foram em seguida unidos, nos lembra que neste momento dif\u00edcil do Brasil, a Virgem Maria \u00e9 um sinal que impulsiona para a unidade constru\u00edda na solidariedade e na justi\u00e7a. Que Deus lhes aben\u00e7oe\u201d.<\/p>\n<hr \/>\n<p><em>Fonte: Vatican News<\/em><\/p>\n","protected":false},"excerpt":{"rendered":"<p>Audi\u00eancia Geral<\/p>\n","protected":false},"author":1,"featured_media":203521,"comment_status":"open","ping_status":"open","sticky":false,"template":"","format":"standard","meta":[],"categories":[1428],"tags":[487],"acf":[],"yoast_head":"<!-- This site is optimized with the Yoast SEO plugin v19.2 - https:\/\/yoast.com\/wordpress\/plugins\/seo\/ -->\n<title>Papa: quanto mais escura a noite, mais pr\u00f3xima a aurora - Not\u00edcias - Franciscanos<\/title>\n<meta name=\"robots\" content=\"index, follow, max-snippet:-1, max-image-preview:large, max-video-preview:-1\" \/>\n<link rel=\"canonical\" href=\"https:\/\/franciscanos.org.br\/noticias\/papa-quanto-mais-escura-a-noite-mais-proxima-a-aurora.html\" \/>\n<meta property=\"og:locale\" content=\"pt_BR\" \/>\n<meta property=\"og:type\" content=\"article\" \/>\n<meta property=\"og:title\" content=\"Papa: quanto mais escura a noite, mais pr\u00f3xima a aurora - Not\u00edcias - Franciscanos\" \/>\n<meta property=\"og:description\" content=\"Audi\u00eancia Geral\" \/>\n<meta property=\"og:url\" content=\"https:\/\/franciscanos.org.br\/noticias\/papa-quanto-mais-escura-a-noite-mais-proxima-a-aurora.html\" \/>\n<meta property=\"og:site_name\" content=\"Not\u00edcias - Franciscanos\" \/>\n<meta property=\"article:published_time\" content=\"2017-10-11T10:07:21+00:00\" \/>\n<meta property=\"article:modified_time\" content=\"2020-06-08T19:51:25+00:00\" \/>\n<meta property=\"og:image\" content=\"https:\/\/franciscanos.org.br\/noticias\/wp-content\/uploads\/2017\/10\/papa_111017.jpg\" \/>\n\t<meta property=\"og:image:width\" content=\"273\" \/>\n\t<meta property=\"og:image:height\" content=\"181\" \/>\n\t<meta property=\"og:image:type\" content=\"image\/jpeg\" \/>\n<meta name=\"author\" content=\"admin\" \/>\n<meta name=\"twitter:card\" content=\"summary_large_image\" \/>\n<meta name=\"twitter:label1\" content=\"Escrito por\" \/>\n\t<meta name=\"twitter:data1\" content=\"admin\" \/>\n\t<meta name=\"twitter:label2\" content=\"Est. tempo de leitura\" \/>\n\t<meta name=\"twitter:data2\" content=\"4 minutos\" \/>\n<script type=\"application\/ld+json\" class=\"yoast-schema-graph\">{\"@context\":\"https:\/\/schema.org\",\"@graph\":[{\"@type\":\"WebSite\",\"@id\":\"https:\/\/franciscanos.org.br\/noticias\/#website\",\"url\":\"https:\/\/franciscanos.org.br\/noticias\/\",\"name\":\"Not\u00edcias - Franciscanos\",\"description\":\"Prov\u00edncia Franciscana da Imaculada Concei\u00e7\u00e3o do Brasil - Ordem dos Frades Menores - OFM\",\"potentialAction\":[{\"@type\":\"SearchAction\",\"target\":{\"@type\":\"EntryPoint\",\"urlTemplate\":\"https:\/\/franciscanos.org.br\/noticias\/?s={search_term_string}\"},\"query-input\":\"required name=search_term_string\"}],\"inLanguage\":\"pt-BR\"},{\"@type\":\"ImageObject\",\"inLanguage\":\"pt-BR\",\"@id\":\"https:\/\/franciscanos.org.br\/noticias\/papa-quanto-mais-escura-a-noite-mais-proxima-a-aurora.html#primaryimage\",\"url\":\"https:\/\/franciscanos.org.br\/noticias\/wp-content\/uploads\/2017\/10\/papa_111017.jpg\",\"contentUrl\":\"https:\/\/franciscanos.org.br\/noticias\/wp-content\/uploads\/2017\/10\/papa_111017.jpg\",\"width\":273,\"height\":181},{\"@type\":\"WebPage\",\"@id\":\"https:\/\/franciscanos.org.br\/noticias\/papa-quanto-mais-escura-a-noite-mais-proxima-a-aurora.html#webpage\",\"url\":\"https:\/\/franciscanos.org.br\/noticias\/papa-quanto-mais-escura-a-noite-mais-proxima-a-aurora.html\",\"name\":\"Papa: quanto mais escura a noite, mais pr\u00f3xima a aurora - Not\u00edcias - Franciscanos\",\"isPartOf\":{\"@id\":\"https:\/\/franciscanos.org.br\/noticias\/#website\"},\"primaryImageOfPage\":{\"@id\":\"https:\/\/franciscanos.org.br\/noticias\/papa-quanto-mais-escura-a-noite-mais-proxima-a-aurora.html#primaryimage\"},\"datePublished\":\"2017-10-11T10:07:21+00:00\",\"dateModified\":\"2020-06-08T19:51:25+00:00\",\"author\":{\"@id\":\"https:\/\/franciscanos.org.br\/noticias\/#\/schema\/person\/b38fbf43118f02820bd932f2e4b14ad3\"},\"breadcrumb\":{\"@id\":\"https:\/\/franciscanos.org.br\/noticias\/papa-quanto-mais-escura-a-noite-mais-proxima-a-aurora.html#breadcrumb\"},\"inLanguage\":\"pt-BR\",\"potentialAction\":[{\"@type\":\"ReadAction\",\"target\":[\"https:\/\/franciscanos.org.br\/noticias\/papa-quanto-mais-escura-a-noite-mais-proxima-a-aurora.html\"]}]},{\"@type\":\"BreadcrumbList\",\"@id\":\"https:\/\/franciscanos.org.br\/noticias\/papa-quanto-mais-escura-a-noite-mais-proxima-a-aurora.html#breadcrumb\",\"itemListElement\":[{\"@type\":\"ListItem\",\"position\":1,\"name\":\"Home\",\"item\":\"https:\/\/franciscanos.org.br\/noticias\"},{\"@type\":\"ListItem\",\"position\":2,\"name\":\"Papa: quanto mais escura a noite, mais pr\u00f3xima a aurora\"}]},{\"@type\":\"Person\",\"@id\":\"https:\/\/franciscanos.org.br\/noticias\/#\/schema\/person\/b38fbf43118f02820bd932f2e4b14ad3\",\"name\":\"admin\",\"image\":{\"@type\":\"ImageObject\",\"inLanguage\":\"pt-BR\",\"@id\":\"https:\/\/franciscanos.org.br\/noticias\/#\/schema\/person\/image\/\",\"url\":\"https:\/\/secure.gravatar.com\/avatar\/e8495742d34d0ba6448ea1c628263b3e?s=96&d=mm&r=g\",\"contentUrl\":\"https:\/\/secure.gravatar.com\/avatar\/e8495742d34d0ba6448ea1c628263b3e?s=96&d=mm&r=g\",\"caption\":\"admin\"},\"url\":\"https:\/\/franciscanos.org.br\/noticias\/author\/admin\"}]}<\/script>\n<!-- \/ Yoast SEO plugin. -->","yoast_head_json":{"title":"Papa: quanto mais escura a noite, mais pr\u00f3xima a aurora - Not\u00edcias - Franciscanos","robots":{"index":"index","follow":"follow","max-snippet":"max-snippet:-1","max-image-preview":"max-image-preview:large","max-video-preview":"max-video-preview:-1"},"canonical":"https:\/\/franciscanos.org.br\/noticias\/papa-quanto-mais-escura-a-noite-mais-proxima-a-aurora.html","og_locale":"pt_BR","og_type":"article","og_title":"Papa: quanto mais escura a noite, mais pr\u00f3xima a aurora - Not\u00edcias - Franciscanos","og_description":"Audi\u00eancia Geral","og_url":"https:\/\/franciscanos.org.br\/noticias\/papa-quanto-mais-escura-a-noite-mais-proxima-a-aurora.html","og_site_name":"Not\u00edcias - Franciscanos","article_published_time":"2017-10-11T10:07:21+00:00","article_modified_time":"2020-06-08T19:51:25+00:00","og_image":[{"width":273,"height":181,"url":"https:\/\/franciscanos.org.br\/noticias\/wp-content\/uploads\/2017\/10\/papa_111017.jpg","type":"image\/jpeg"}],"author":"admin","twitter_card":"summary_large_image","twitter_misc":{"Escrito por":"admin","Est. tempo de leitura":"4 minutos"},"schema":{"@context":"https:\/\/schema.org","@graph":[{"@type":"WebSite","@id":"https:\/\/franciscanos.org.br\/noticias\/#website","url":"https:\/\/franciscanos.org.br\/noticias\/","name":"Not\u00edcias - Franciscanos","description":"Prov\u00edncia Franciscana da Imaculada Concei\u00e7\u00e3o do Brasil - Ordem dos Frades Menores - OFM","potentialAction":[{"@type":"SearchAction","target":{"@type":"EntryPoint","urlTemplate":"https:\/\/franciscanos.org.br\/noticias\/?s={search_term_string}"},"query-input":"required name=search_term_string"}],"inLanguage":"pt-BR"},{"@type":"ImageObject","inLanguage":"pt-BR","@id":"https:\/\/franciscanos.org.br\/noticias\/papa-quanto-mais-escura-a-noite-mais-proxima-a-aurora.html#primaryimage","url":"https:\/\/franciscanos.org.br\/noticias\/wp-content\/uploads\/2017\/10\/papa_111017.jpg","contentUrl":"https:\/\/franciscanos.org.br\/noticias\/wp-content\/uploads\/2017\/10\/papa_111017.jpg","width":273,"height":181},{"@type":"WebPage","@id":"https:\/\/franciscanos.org.br\/noticias\/papa-quanto-mais-escura-a-noite-mais-proxima-a-aurora.html#webpage","url":"https:\/\/franciscanos.org.br\/noticias\/papa-quanto-mais-escura-a-noite-mais-proxima-a-aurora.html","name":"Papa: quanto mais escura a noite, mais pr\u00f3xima a aurora - Not\u00edcias - Franciscanos","isPartOf":{"@id":"https:\/\/franciscanos.org.br\/noticias\/#website"},"primaryImageOfPage":{"@id":"https:\/\/franciscanos.org.br\/noticias\/papa-quanto-mais-escura-a-noite-mais-proxima-a-aurora.html#primaryimage"},"datePublished":"2017-10-11T10:07:21+00:00","dateModified":"2020-06-08T19:51:25+00:00","author":{"@id":"https:\/\/franciscanos.org.br\/noticias\/#\/schema\/person\/b38fbf43118f02820bd932f2e4b14ad3"},"breadcrumb":{"@id":"https:\/\/franciscanos.org.br\/noticias\/papa-quanto-mais-escura-a-noite-mais-proxima-a-aurora.html#breadcrumb"},"inLanguage":"pt-BR","potentialAction":[{"@type":"ReadAction","target":["https:\/\/franciscanos.org.br\/noticias\/papa-quanto-mais-escura-a-noite-mais-proxima-a-aurora.html"]}]},{"@type":"BreadcrumbList","@id":"https:\/\/franciscanos.org.br\/noticias\/papa-quanto-mais-escura-a-noite-mais-proxima-a-aurora.html#breadcrumb","itemListElement":[{"@type":"ListItem","position":1,"name":"Home","item":"https:\/\/franciscanos.org.br\/noticias"},{"@type":"ListItem","position":2,"name":"Papa: quanto mais escura a noite, mais pr\u00f3xima a aurora"}]},{"@type":"Person","@id":"https:\/\/franciscanos.org.br\/noticias\/#\/schema\/person\/b38fbf43118f02820bd932f2e4b14ad3","name":"admin","image":{"@type":"ImageObject","inLanguage":"pt-BR","@id":"https:\/\/franciscanos.org.br\/noticias\/#\/schema\/person\/image\/","url":"https:\/\/secure.gravatar.com\/avatar\/e8495742d34d0ba6448ea1c628263b3e?s=96&d=mm&r=g","contentUrl":"https:\/\/secure.gravatar.com\/avatar\/e8495742d34d0ba6448ea1c628263b3e?s=96&d=mm&r=g","caption":"admin"},"url":"https:\/\/franciscanos.org.br\/noticias\/author\/admin"}]}},"_links":{"self":[{"href":"https:\/\/franciscanos.org.br\/noticias\/wp-json\/wp\/v2\/posts\/143830"}],"collection":[{"href":"https:\/\/franciscanos.org.br\/noticias\/wp-json\/wp\/v2\/posts"}],"about":[{"href":"https:\/\/franciscanos.org.br\/noticias\/wp-json\/wp\/v2\/types\/post"}],"author":[{"embeddable":true,"href":"https:\/\/franciscanos.org.br\/noticias\/wp-json\/wp\/v2\/users\/1"}],"replies":[{"embeddable":true,"href":"https:\/\/franciscanos.org.br\/noticias\/wp-json\/wp\/v2\/comments?post=143830"}],"version-history":[{"count":1,"href":"https:\/\/franciscanos.org.br\/noticias\/wp-json\/wp\/v2\/posts\/143830\/revisions"}],"predecessor-version":[{"id":225221,"href":"https:\/\/franciscanos.org.br\/noticias\/wp-json\/wp\/v2\/posts\/143830\/revisions\/225221"}],"wp:featuredmedia":[{"embeddable":true,"href":"https:\/\/franciscanos.org.br\/noticias\/wp-json\/wp\/v2\/media\/203521"}],"wp:attachment":[{"href":"https:\/\/franciscanos.org.br\/noticias\/wp-json\/wp\/v2\/media?parent=143830"}],"wp:term":[{"taxonomy":"category","embeddable":true,"href":"https:\/\/franciscanos.org.br\/noticias\/wp-json\/wp\/v2\/categories?post=143830"},{"taxonomy":"post_tag","embeddable":true,"href":"https:\/\/franciscanos.org.br\/noticias\/wp-json\/wp\/v2\/tags?post=143830"}],"curies":[{"name":"wp","href":"https:\/\/api.w.org\/{rel}","templated":true}]}}